{"id":7373,"date":"2018-07-05T19:01:25","date_gmt":"2018-07-05T19:01:25","guid":{"rendered":"http:\/\/revistakuvendi.org\/?p=7373"},"modified":"2018-07-05T19:07:34","modified_gmt":"2018-07-05T19:07:34","slug":"lutje-presidentit-ripublikim","status":"publish","type":"post","link":"https:\/\/revistakuvendi.org\/?p=7373","title":{"rendered":"Lutje Presidentit ( ripublikim )"},"content":{"rendered":"<p><strong>Lutje Presidentit<\/strong><\/p>\n<p>&nbsp;<\/p>\n<p>( Tha\u00e7it )<\/p>\n<p><a href=\"http:\/\/revistakuvendi.org\/wp-content\/uploads\/2018\/07\/VULA-E-SKENDEBEUT.png\"><img loading=\"lazy\" decoding=\"async\" class=\"alignleft size-full wp-image-7374\" src=\"http:\/\/revistakuvendi.org\/wp-content\/uploads\/2018\/07\/VULA-E-SKENDEBEUT.png\" alt=\"\" width=\"160\" height=\"160\" srcset=\"https:\/\/revistakuvendi.org\/wp-content\/uploads\/2018\/07\/VULA-E-SKENDEBEUT.png 160w, https:\/\/revistakuvendi.org\/wp-content\/uploads\/2018\/07\/VULA-E-SKENDEBEUT-150x150.png 150w, https:\/\/revistakuvendi.org\/wp-content\/uploads\/2018\/07\/VULA-E-SKENDEBEUT-50x50.png 50w\" sizes=\"auto, (max-width: 160px) 100vw, 160px\" \/><\/a><\/p>\n<p>I nderuar nj\u00ebri nga Presidentet e vendit tim<br \/>\nDekoroi t\u00eb gjith\u00eb ata q\u00eb duan t\u2019i mburren vetes<br \/>\nMedaljet t\u2019i varin si brek\u00ebt<!--more--><br \/>\nE t\u2019i veshin si thongs Kelvin Klein me emrin t\u00ebnd!<br \/>\nT\u00eb gjith\u00eb b\u00ebj kalor\u00ebs edhe pse gomarit si kan\u00eb hypur kurr\u00eb<br \/>\nT\u00eb lutem b\u00ebj\u00eb k\u00ebt\u00eb p\u00ebr hat\u00ebr t\u00eb shkopit q\u00eb mban flamurin,<br \/>\nhe burr\u00eb!<br \/>\nMos i le t\u00eb vuajn kandil-bishtuk\u00ebt q\u00eb e b\u00ebjn\u00eb drit\u00ebn terr,<br \/>\npatriot\u00ebt frikacak\u00eb, veteran\u00ebve q\u00eb nuk din\u00eb \u00e7\u2019\u00ebsht\u00eb lufta,<br \/>\nmbushua gjoksin me dekorata!<br \/>\nDelirant\u00ebve q\u00eb u duket vetja heronj e besojn\u00eb rrenat e veta<br \/>\nmos t\u00eb dhimben bre burr\u00eb dhe, n\u00ebse jan\u00eb t\u00eb shtrenjta!<br \/>\nPaguan populli fukara i m\u00ebsuar m\u00eb k\u00ebsi heronj\u00ebsh,<br \/>\nMburravec\u00eb t\u00eb pashoq, t\u00eb rrumbullakosur si dor\u00ebza kashte!<br \/>\nVler\u00ebsoje heroizmin e tyre t\u00eb shtrir\u00eb si kaposhat n\u00eb pjata<br \/>\nSidomos, t\u00eb atyre q\u00eb vijn\u00eb nga m\u00ebrgata!<br \/>\nJepjau n\u00eb em\u00ebr t\u00eb statukuos\u00eb sh\u00ebndet\u00ebsore,<br \/>\nt\u00eb vuajtjeve q\u00eb heqin p\u00ebr t\u00eb ardhur deri tek ti,<br \/>\n\u201cBrilantizmit mendor\u201d e n\u00eb em\u00ebr t\u00eb flamurit q\u00eb e mbajn\u00eb<br \/>\nN\u00eb makin\u00eb, sa her\u00eb d\u00ebgjojn\u00eb k\u00ebng\u00ebtar\u00ebt grek\u00eb,<br \/>\nMuziken serbe dhe kushedi \u00e7a dreq bidonash t\u00eb zhurmsh\u00ebm,<br \/>\nJepjau t\u00eb gjitha medaljet e mundshme!<br \/>\nJepjau Urdh\u00ebrin e Skenderbeut e sajoje at\u00eb t\u00eb Sulltan Hamitit,<br \/>\nSe p\u00ebr kombin u digjet dhe terri i shpirtit!<br \/>\nJapjau kalorsin pa frena dhe kuajt e gjith\u00eb kontinentit m\u00eb t\u00eb vjet\u00ebr, jepjau<br \/>\nT\u00eb betohem, n\u00eb em\u00ebr t\u00eb Kryeshoqat\u00ebs s\u00eb Diaspor\u00ebs<br \/>\nQ\u00eb ka mbetur ne tre qyqana<br \/>\nNuk u duhen gj\u00eb pos varjes n\u00eb xhaketa<br \/>\nSa her\u00eb p\u00ebr kombin shtrojn\u00eb darka e dreka,<br \/>\nSa her\u00eb p\u00ebr nderin e japin jet\u00ebn n\u00ebp\u00ebr b\u00ebrxolla e ver\u00ebra!<br \/>\nPo vdesin duke shitur hamburger pa nj\u00eb merit\u00eb p\u00ebr t\u2019u dukur<br \/>\nDuke lyer bodrume e duke b\u00ebr\u00eb heroizma t\u00eb m\u00ebdha p\u00ebr atdheun<br \/>\nJepjau , t\u2019i ken\u00eb t\u00eb pakt\u00ebn p\u00ebr t\u2019u mburrur!<br \/>\nJe bujar v\u00ebrtet\u00eb e b\u00ebje veten dor\u00ebl\u00ebshuar, sa je ende n\u00eb karrige<br \/>\nE , bash kur t\u00eb vij\u00eb fundi, n\u00eb fundin e mbram\u00eb<br \/>\nP\u00ebr hat\u00ebr edhe t\u00eb portofolit tand<br \/>\nJepu dekorata , medalje p\u00ebr festa e dit\u00eblindje, p\u00ebr gjith\u00ebfar\u00eb lloj sebepi<br \/>\nB\u00ebje k\u00ebt\u00eb bre burr\u00eb, mos t\u00eb dhimbet shteti!<!--more--><\/p>\n<p><em>16 Shkurt 2016<\/em><\/p>\n<p><em>\u00a0<\/em><\/p>\n<p><em>Ribotim,05 Korrik 2018 me fare pak ndryshime<\/em><\/p>\n","protected":false},"excerpt":{"rendered":"<p>Lutje Presidentit &nbsp; ( Tha\u00e7it ) I nderuar nj\u00ebri nga Presidentet e vendit tim Dekoroi t\u00eb gjith\u00eb ata q\u00eb duan t\u2019i mburren vetes Medaljet t\u2019i varin si brek\u00ebt<\/p>\n","protected":false},"author":1,"featured_media":7374,"comment_status":"open","ping_status":"open","sticky":false,"template":"","format":"standard","meta":{"footnotes":""},"categories":[1],"tags":[],"class_list":["post-7373","post","type-post","status-publish","format-standard","has-post-thumbnail","hentry","category-intervista"],"_links":{"self":[{"href":"https:\/\/revistakuvendi.org\/index.php?rest_route=\/wp\/v2\/posts\/7373","targetHints":{"allow":["GET"]}}],"collection":[{"href":"https:\/\/revistakuvendi.org\/index.php?rest_route=\/wp\/v2\/posts"}],"about":[{"href":"https:\/\/revistakuvendi.org\/index.php?rest_route=\/wp\/v2\/types\/post"}],"author":[{"embeddable":true,"href":"https:\/\/revistakuvendi.org\/index.php?rest_route=\/wp\/v2\/users\/1"}],"replies":[{"embeddable":true,"href":"https:\/\/revistakuvendi.org\/index.php?rest_route=%2Fwp%2Fv2%2Fcomments&post=7373"}],"version-history":[{"count":4,"href":"https:\/\/revistakuvendi.org\/index.php?rest_route=\/wp\/v2\/posts\/7373\/revisions"}],"predecessor-version":[{"id":7378,"href":"https:\/\/revistakuvendi.org\/index.php?rest_route=\/wp\/v2\/posts\/7373\/revisions\/7378"}],"wp:featuredmedia":[{"embeddable":true,"href":"https:\/\/revistakuvendi.org\/index.php?rest_route=\/wp\/v2\/media\/7374"}],"wp:attachment":[{"href":"https:\/\/revistakuvendi.org\/index.php?rest_route=%2Fwp%2Fv2%2Fmedia&parent=7373"}],"wp:term":[{"taxonomy":"category","embeddable":true,"href":"https:\/\/revistakuvendi.org\/index.php?rest_route=%2Fwp%2Fv2%2Fcategories&post=7373"},{"taxonomy":"post_tag","embeddable":true,"href":"https:\/\/revistakuvendi.org\/index.php?rest_route=%2Fwp%2Fv2%2Ftags&post=7373"}],"curies":[{"name":"wp","href":"https:\/\/api.w.org\/{rel}","templated":true}]}}