{"id":7370,"date":"2018-07-04T13:39:50","date_gmt":"2018-07-04T13:39:50","guid":{"rendered":"http:\/\/revistakuvendi.org\/?p=7370"},"modified":"2018-07-05T19:08:11","modified_gmt":"2018-07-05T19:08:11","slug":"gezuar-diten-e-pavaresise-se-amerikes","status":"publish","type":"post","link":"https:\/\/revistakuvendi.org\/?p=7370","title":{"rendered":"GEZUAR DITEN E PAVARESISE SE AMERIKES!"},"content":{"rendered":"<p><a href=\"http:\/\/revistakuvendi.org\/wp-content\/uploads\/2018\/07\/flamuri-amerikan.jpg\"><img loading=\"lazy\" decoding=\"async\" class=\"alignleft size-full wp-image-7371\" src=\"http:\/\/revistakuvendi.org\/wp-content\/uploads\/2018\/07\/flamuri-amerikan.jpg\" alt=\"\" width=\"160\" height=\"128\" \/><\/a>4 korriku, i njohur edhe si Dita e Pavar\u00ebsis\u00eb, \u00ebsht\u00eb dita n\u00eb vitin 1776 kur delegat\u00ebt nga 13 kolonit\u00eb e Shteteve t\u00eb Bashkuara miratuan\u00a0 Deklarat\u00ebn e Pavar\u00ebsis\u00eb, duke njoftuar shk\u00ebputjen nga Britania.<!--more--><\/p>\n<p>Kjo dit\u00eb \u00ebsht\u00eb fest\u00eb federale n\u00eb Shtetet e Bashkuara q\u00eb nga viti 1941 dhe tradicionalisht \u00ebsht\u00eb nj\u00eb dit\u00eb kur amerikan\u00ebt festojn\u00eb me fishekzjarre, parada, koncerte dhe piknik\u00eb.<\/p>\n<p><strong>Fishekzjarret\u00a0<\/strong><\/p>\n<p>4 korrik \u00ebsht\u00eb i njohur n\u00eb t\u00eb gjith\u00eb vendin si dita e fishekzjarreve. Mij\u00ebra komunitete anemban\u00eb vendit organizojn\u00eb shfaqje me fishekzjarre n\u00eb mbr\u00ebmje, m\u00eb mbres\u00ebl\u00ebn\u00ebsja e t\u00eb cilave zhvillohet n\u00eb Uashington, kryeqyteti i vendit.<\/p>\n<p>Fishekzjarret n\u00eb 4 korrik nuk jan\u00eb di\u00e7ka e re. Kongresi autorizoi p\u00ebrdorimin e fishekzjarreve si pjes\u00eb t\u00eb festimeve t\u00eb Dit\u00ebs s\u00eb Pavar\u00ebsis\u00eb n\u00eb vitin 1777 n\u00eb Filadelfia dhe qysh nga ajo koh\u00eb, ato kan\u00eb qen\u00eb nj\u00eb m\u00ebnyr\u00eb popullore p\u00ebr t\u00eb festuar fest\u00ebn.<\/p>\n<p>Secili shtet n\u00eb Shtetet e Bashkuara ka ligjet e veta p\u00ebr shitjen e fishekzjarreve. Shum\u00eb shtete u lejojn\u00eb banor\u00ebve t\u00eb blejn\u00eb dhe t\u00eb p\u00ebrdorin lloje t\u00eb caktuara t\u00eb fishekzjarreve n\u00eb sht\u00ebpit\u00eb e tyre.<\/p>\n<p><strong>Siguria\u00a0<\/strong><\/p>\n<p>Nd\u00ebrsa miliona amerikan\u00eb festojn\u00eb, zyrtar\u00ebt lokal\u00eb dhe federal\u00eb t\u00eb zbatimit t\u00eb ligjit punojn\u00eb p\u00ebr t\u00eb siguruar q\u00eb festimet t\u00eb zhvillohen pa incidente.<\/p>\n<p>Policia do t\u00eb jet\u00eb kudo e pranishme n\u00eb qytetin e Nju Jorkut, ku do t\u00eb zhvillohet shfaqja m\u00eb e madhe e fishekzjarreve. Vitin e kaluar, rreth 3 milion\u00eb njer\u00ebz u mblodh\u00ebn n\u00eb qytet p\u00ebr t\u00eb festuar fest\u00ebn. Nj\u00eb prani e madhe policore pritet gjithashtu n\u00eb Uashington, ku qindra mij\u00ebra njer\u00ebz do t\u00eb shohin shfaqjen e fishekzjarreve dhe do t\u00eb d\u00ebgjojn\u00eb nj\u00eb koncert pran\u00eb Kongresit.<\/p>\n<p>K\u00ebt\u00eb jav\u00eb, policia n\u00eb Ohajo arrestoi nj\u00eb t\u00eb dyshuar q\u00eb po planifikonte t\u00eb shp\u00ebrthente nj\u00eb bomb\u00eb n\u00eb festimet e 4 korrikut n\u00eb Klivlend. Zyrtar\u00ebt thon\u00eb se Demetrius Pitts, nj\u00eb qytetar i lindur n\u00eb Amerik\u00eb, kishte shprehur besnik\u00ebri ndaj grupit militant t\u00eb al-Kaid\u00ebs dhe kishte synuar gjithashtu t\u00eb vinte n\u00eb sh\u00ebnjest\u00ebr vende t\u00eb tjera n\u00eb Klivlend dhe Filadelfia.<\/p>\n<p><strong>Historia\u00a0<\/strong><\/p>\n<p>M\u00eb 2 korrik 1776, Kongresi Kontinental votoi n\u00eb favor t\u00eb pavar\u00ebsis\u00eb. Dy dit\u00eb m\u00eb von\u00eb, delegat\u00ebt nga 13 kolonit\u00eb amerikane miratuan Deklarat\u00ebn e Pavar\u00ebsis\u00eb, t\u00eb hartuar nga Thomas Jefferson.<\/p>\n<p>Disa studiues konstitucional\u00eb argumentojn\u00eb se amerikan\u00ebt duhet t\u00eb festojn\u00eb n\u00eb t\u00eb v\u00ebrtet\u00eb m\u00eb 2 korrik &#8211; dhe jo 4 korrik &#8211; p\u00ebr shkak t\u00eb votimit historik.<\/p>\n<p>Rebelimi i Shteteve t\u00eb Bashkuara kund\u00ebr britanik\u00ebve kishte filluar nj\u00eb vit m\u00eb par\u00eb, m\u00eb 1775 dhe vazhdoi derisa Shtetet e Bashkuara dhe Britania n\u00ebnshkruan Traktatin e Parisit n\u00eb vitin 1783, i cili zyrtarisht njohu pavar\u00ebsin\u00eb e Shteteve t\u00eb Bashkuara t\u00eb Amerik\u00ebs. \/VOA<\/p>\n<p>&nbsp;<\/p>\n","protected":false},"excerpt":{"rendered":"<p>4 korriku, i njohur edhe si Dita e Pavar\u00ebsis\u00eb, \u00ebsht\u00eb dita n\u00eb vitin 1776 kur delegat\u00ebt nga 13 kolonit\u00eb e Shteteve t\u00eb Bashkuara miratuan\u00a0 Deklarat\u00ebn e Pavar\u00ebsis\u00eb, duke njoftuar shk\u00ebputjen nga Britania.<\/p>\n","protected":false},"author":1,"featured_media":7371,"comment_status":"open","ping_status":"open","sticky":false,"template":"","format":"standard","meta":{"footnotes":""},"categories":[15],"tags":[],"class_list":["post-7370","post","type-post","status-publish","format-standard","has-post-thumbnail","hentry","category-histori-gjeografi"],"_links":{"self":[{"href":"https:\/\/revistakuvendi.org\/index.php?rest_route=\/wp\/v2\/posts\/7370","targetHints":{"allow":["GET"]}}],"collection":[{"href":"https:\/\/revistakuvendi.org\/index.php?rest_route=\/wp\/v2\/posts"}],"about":[{"href":"https:\/\/revistakuvendi.org\/index.php?rest_route=\/wp\/v2\/types\/post"}],"author":[{"embeddable":true,"href":"https:\/\/revistakuvendi.org\/index.php?rest_route=\/wp\/v2\/users\/1"}],"replies":[{"embeddable":true,"href":"https:\/\/revistakuvendi.org\/index.php?rest_route=%2Fwp%2Fv2%2Fcomments&post=7370"}],"version-history":[{"count":2,"href":"https:\/\/revistakuvendi.org\/index.php?rest_route=\/wp\/v2\/posts\/7370\/revisions"}],"predecessor-version":[{"id":7379,"href":"https:\/\/revistakuvendi.org\/index.php?rest_route=\/wp\/v2\/posts\/7370\/revisions\/7379"}],"wp:featuredmedia":[{"embeddable":true,"href":"https:\/\/revistakuvendi.org\/index.php?rest_route=\/wp\/v2\/media\/7371"}],"wp:attachment":[{"href":"https:\/\/revistakuvendi.org\/index.php?rest_route=%2Fwp%2Fv2%2Fmedia&parent=7370"}],"wp:term":[{"taxonomy":"category","embeddable":true,"href":"https:\/\/revistakuvendi.org\/index.php?rest_route=%2Fwp%2Fv2%2Fcategories&post=7370"},{"taxonomy":"post_tag","embeddable":true,"href":"https:\/\/revistakuvendi.org\/index.php?rest_route=%2Fwp%2Fv2%2Ftags&post=7370"}],"curies":[{"name":"wp","href":"https:\/\/api.w.org\/{rel}","templated":true}]}}