{"id":7367,"date":"2018-07-04T13:27:27","date_gmt":"2018-07-04T13:27:27","guid":{"rendered":"http:\/\/revistakuvendi.org\/?p=7367"},"modified":"2018-07-04T13:31:34","modified_gmt":"2018-07-04T13:31:34","slug":"fantazma-e-hamza-kastriotit-ne-parlament","status":"publish","type":"post","link":"https:\/\/revistakuvendi.org\/?p=7367","title":{"rendered":"FANTAZMA E HAMZA KASTRIOTIT N\u00cb PARLAMENT"},"content":{"rendered":"<p><strong><a href=\"http:\/\/revistakuvendi.org\/wp-content\/uploads\/2018\/05\/Dedaj-Ndue-300x226.jpg\"><img loading=\"lazy\" decoding=\"async\" class=\"alignleft size-medium wp-image-7282\" src=\"http:\/\/revistakuvendi.org\/wp-content\/uploads\/2018\/05\/Dedaj-Ndue-300x226-300x226.jpg\" alt=\"\" width=\"300\" height=\"226\" \/><\/a>NDUE DEDAJ<\/strong><\/p>\n<p>&nbsp;<\/p>\n<p>\u00cbsht\u00eb Viti i Sk\u00ebnderbeut dhe n\u00eb vend q\u00eb t\u00eb \u201crikthehet\u201d Heroi Komb\u00ebtar me t\u00eb gjith\u00eb madh\u00ebshtin\u00eb e tij, politika po kthen tradhtar\u00ebt bashk\u00ebkoh\u00ebs, si Hamza Kastrioti, q\u00eb k\u00ebto dit\u00eb \u00ebsht\u00eb b\u00ebr\u00eb protagonist i duelit politik Rama &#8211; Basha. Kryeministri e akuzoi opozit\u00ebn t\u00eb enjt\u00ebn, m\u00eb 28 qershor, n\u00eb Parlament si tradhtare e interesave komb\u00ebtare,<!--more--> duke aluduar se ajo kishte lobuar n\u00eb Bruksel e kancelarit\u00eb e tjera politike e diplomatike per\u00ebndimore kund\u00ebr hapjes s\u00eb negociatave p\u00ebr pranimin e Shqip\u00ebris\u00eb n\u00eb Bashkimin Europian. \u201c\u00c7far\u00eb mund t\u00eb debatojm\u00eb ne me k\u00ebt\u00eb opozit\u00eb, q\u00eb punon dit\u00eb nat\u00eb kund\u00ebr vendit t\u00eb vet?\u201d u shpreh zoti Kryeminist\u00ebr, duke e quajtur opozit\u00ebn nj\u00eb tuf\u00eb efendiler\u00ebsh dhe nxjerr\u00eb nga llumi i historis\u00eb Esad Pash\u00ebn p\u00ebr t\u00eb b\u00ebr\u00eb krahasimin e tij t\u00eb \u00e7al\u00eb. \u201c\u00cbsht\u00eb nj\u00ebsoj si t\u00eb debatosh pse keni r\u00ebn\u00eb n\u00eb prehrin e Esad Pash\u00eb Toptanit?\u201d &#8211; iu drejtua ai deputet\u00ebve opozitar\u00eb. M\u00eb shqip nuk ka, barra e d\u00ebshtimit t\u00eb madh shkarkohet mbi opozit\u00ebn. E nj\u00ebjta gjuh\u00eb dhe n\u00eb kund\u00ebrp\u00ebrgjigj\u00ebn shefit t\u00eb k\u00ebsaj t\u00eb fundit, zotit Basha, madje duke shkuar dhe m\u00eb larg n\u00eb histori, te Hamza Kastrioti e duke i rreshtuar varg sh\u00ebmb\u00eblltyrat tradhtare p\u00ebrgjat\u00eb pes\u00ebqind vjet\u00ebve. \u201cTradhtari i Shqip\u00ebris\u00eb \u00ebsht\u00eb ai q\u00eb solli drog\u00ebn, krimin dhe korrupsionin, q\u00eb zgjodhi aleanc\u00ebn me krimin para hapjes s\u00eb negociatave\u201d, tha Basha p\u00ebr Ram\u00ebn, duke shtuar se prandaj ai \u00ebsht\u00eb Hamaza Kastriot, Haxhi Qamil e Esat Pash\u00eb, artikulim s\u00ebrish p\u00ebrmes nj\u00eb krahasimi t\u00eb \u00e7al\u00eb.<\/p>\n<p>Sigurisht q\u00eb as ata vet\u00eb nuk i besojn\u00eb ato q\u00eb kan\u00eb th\u00ebn\u00eb, por ky \u00ebsht\u00eb silazh politik p\u00ebr konsum publik, shqiptar\u00ebt jan\u00eb m\u00ebsuar me k\u00ebt\u00eb gjuh\u00eb. \u00cbsht\u00eb e kot\u00eb q\u00eb prind\u00ebrit dhe m\u00ebsuesit t\u00eb p\u00ebrpiq\u00ebn t\u2019ua shpjegojn\u00eb f\u00ebmij\u00ebve se \u00e7far\u00eb jan\u00eb n\u00eb t\u00eb v\u00ebrtet\u00eb tradhtar\u00ebt e kombit. Se logjika e do se n\u00eb qoft\u00eb se kemi n\u00eb nj\u00eb an\u00eb Hamza Kastriotin, t\u00eb kemi n\u00eb an\u00ebn tjet\u00ebr Gjergj Kastriotin &#8211; Sk\u00ebnderbeun. Po cili nga k\u00ebta \u00ebsht\u00eb Gjergj Kastrioti ngadhnjimtar e cili i nipi tradh\u00ebtar? Edhe pse dy lider\u00ebt politik\u00eb t\u00eb pozit\u00ebs dhe opozit\u00ebs jan\u00eb t\u00eb nj\u00ebvlefsh\u00ebm (vet\u00ebm rotacioni i pushtetit i ndan), \u00ebsht\u00eb n\u00eb detyrimin e kryetarit t\u00eb qeveris\u00eb q\u00eb ta k\u00ebt\u00eb gjuh\u00ebn m\u00eb t\u00eb matur, t\u00eb mos i hak\u00ebrrehet opozit\u00ebs p\u00ebr at\u00eb q\u00eb nuk u arrit, por n\u00eb radh\u00eb t\u00eb par\u00eb vetes, sepse ka pes\u00eb vite n\u00eb krye t\u00eb pushtetit, n\u00eb mandatin e dyt\u00eb qeveris\u00ebs. Kryeministri ka rastin p\u00ebr t\u2019i k\u00ebrkuar falje opozit\u00ebs dhe gjith\u00eb shqiptar\u00ebve q\u00eb nuk u arrit nj\u00eb tregues i r\u00ebnd\u00ebsish\u00ebm i integrimit t\u00eb vendit n\u00eb bashk\u00ebsin\u00eb europiane, pavar\u00ebsisht se nuk mund t\u00eb jet\u00eb e tija e gjith\u00eb p\u00ebrgjegj\u00ebsia. Nga ana tjet\u00ebr, kjo nuk do t\u00eb thot\u00eb se, meq\u00eb gjuha u zgjidh, opozita t\u00eb mos p\u00ebrdor\u00eb nj\u00eb tjet\u00ebr \u201cmonedh\u00eb\u201d n\u00eb ligj\u00ebrimin politik e publik, lidhur me k\u00ebt\u00eb \u00e7eshtje apo t\u00eb tjera. Gjuha agresive e forcave politike n\u00eb Shqip\u00ebri \u00ebsht\u00eb kalcifikuar n\u00eb t\u00eb nj\u00ebjt\u00ebn terminologji t\u00eb skaduar, ku etiketimeve t\u00eb r\u00ebndomta t\u00eb zhargonit t\u00eb p\u00ebrditsh\u00ebm t\u00eb tipit \u201ckriminel\u201d, \u201ci korruptuar\u201d, \u201chadut\u201d, \u201cbashk\u00ebpun\u00ebtor\u00eb me bandat e trafiqeve t\u00eb drog\u00ebs\u201d e t\u00eb tjer\u00eb u \u00ebsht\u00eb shtuar koh\u00ebt e fundit dhe kjo damka e tradhtarit, dhe jo vet\u00ebm p\u00ebr \u00e7eshtjen e negociatave. Tradh\u00ebtar\u00eb i ka quajtur pozita aktuale n\u00ebnshkruesit e marr\u00ebveshjes s\u00eb detit me Greqin\u00eb, n\u00eb vitin 2009, Sali Berish\u00ebn e ish &#8211; ministrin e Jasht\u00ebm Lulzim Basha, t\u00eb nj\u00ebjtin diskurs po p\u00ebrdor edhe opozita ndaj Kryeministrit Edi Rama dhe ministrit t\u00eb Jasht\u00ebm Ditmir Bushati, n\u00eb pritje t\u00eb n\u00ebnshkrimit t\u00eb marr\u00ebveshjes s\u00eb re me Greqin\u00eb po p\u00ebr detin etj. Merret me mend se dhe n\u00eb k\u00ebt\u00eb rast kemi t\u00eb b\u00ebjm\u00eb me nj\u00eb retorik\u00eb t\u00eb past\u00ebr politike, pasi po t\u00eb kishte me t\u00eb v\u00ebrtet\u00eb tradhtar\u00eb, dihet nd\u00ebshkimi q\u00eb jep p\u00ebr ta drejt\u00ebsia dhe historia.<\/p>\n<p>Por jemi n\u00eb Ballkan dhe askund m\u00eb shum\u00eb se n\u00eb k\u00ebt\u00eb rajon ngat\u00ebrresat, konfliktet dhe luft\u00ebrat ballkanike nuk kan\u00eb prodhuar tradhtar\u00eb t\u00eb qen\u00eb e t\u00eb paqen\u00eb. Nj\u00eb sindrom\u00eb politike-nd\u00ebretnike q\u00eb vazhdon dhe sot e k\u00ebsaj dite nd\u00ebr ballkanasit. Pala greke akuzohet se po tradhton interesat e vendit duke b\u00ebr\u00eb marr\u00ebveshje me Maqedonin\u00eb p\u00ebr \u00e7eshtjen e emrit, aq sa ministrit j\u00eb Jasht\u00ebm Kotzias i jan\u00eb b\u00ebr\u00eb koh\u00eb m\u00eb par\u00eb k\u00ebrc\u00ebnime t\u00eb hapura. Me t\u00eb nj\u00ebjt\u00ebn akuz\u00eb p\u00ebrballet Kryeministri Zaev p\u00ebr t\u00eb nj\u00ebjt\u00ebn marr\u00ebveshje me shtetin fqinj, q\u00eb nuk pranon ta n\u00ebnshkruaj\u00eb as Presidenti i vendit t\u00eb tij. Ashtu si\u00e7 ende \u00ebsht\u00eb e fresk\u00ebt akuza e \u201cVet\u00ebvendosjes\u201d ndaj udh\u00ebheqjes s\u00eb Kosov\u00ebs p\u00ebr n\u00ebnshkrimin e marr\u00ebveshjes s\u00eb kufijve (demarkacionit) m\u00eb Malin e Zi. Psikologjia e tradhtis\u00eb \u00ebsht\u00eb e vjet\u00ebr n\u00eb Europ\u00eb, por n\u00eb Ballkan, edhe pse \u00ebsht\u00eb mplakur, ajo nuk ka vdekur. Pa u shtyr\u00eb n\u00eb shembuj t\u00eb tjer\u00eb, si\u00e7 kemi pasur rast t\u00eb shkruajm\u00eb dhe m\u00eb par\u00eb, muranat e Ballkanit ende nuk kan\u00eb r\u00ebn\u00eb. N\u00ebse ato nuk jan\u00eb m\u00eb murana gjaku, p\u00ebr segmente t\u00eb caktuara politike ato jan\u00eb gjithsesi \u201cmurana\u201d t\u00eb politik\u00ebs s\u00eb mosbesimit e mosmir\u00ebkuptimit q\u00eb nuk e ka tejkaluar vetveten.<\/p>\n<p>N\u00eb rastin ton\u00eb, p\u00ebr t\u00eb b\u00ebr\u00eb tradh\u00ebti ndaj vendit t\u00ebnd nuk \u00ebsht\u00eb e nevojshme, ta k\u00ebrkojm\u00eb at\u00eb vet\u00ebm n\u00eb kontekstin e jasht\u00ebm, n\u00eb pazaret apo flirtimet me t\u00eb tjer\u00ebt kund\u00ebr interesave t\u00eb vendit, por n\u00eb m\u00ebnyr\u00ebn se si qeveriset ky vend n\u00eb k\u00ebto 28 vite kinse demokraci. Nuk ka tradhti m\u00eb t\u00eb madhe se sa t\u00eb shkat\u00ebtrrosh vot\u00ebn e shqiptar\u00ebve, duke e vjedhur e manipuluar at\u00eb si s\u2019ka m\u00eb zi &#8211; se t\u00eb betonizosh bregdetin, qytetet dhe lumenjt\u00eb turistik\u00eb si Valbona apo Vjosa, pa\u00e7ka se ndryshe nga bunker\u00ebt e Enver Hoxh\u00ebs p\u00ebr nga forma e p\u00ebrmbajtja &#8211; se t\u00eb ngresh n\u00eb sistem korrupsionin dhe vendit t\u2019i grabitet \u00e7do pasuri nga pushtetar\u00ebt dhe gjykat\u00ebsit &#8211; se t\u00eb ndryshohet ekologjia dhe habitati bujq\u00ebsor &#8211; blegtoral prej lul\u00ebzimit t\u00eb hashashit n\u00eb \u00e7do shpat mali &#8211; se nga keqqeverisja jote t\u00eb b\u00ebsh t\u00eb ikin sot e nes\u00ebr shqiptar\u00ebt, duke u p\u00ebrgjysmuar popullsia e vendit etj.<\/p>\n<p>Tradhtia nuk \u00ebsht\u00eb m\u00eb nj\u00eb nocion historik, por bashk\u00ebkohor, n\u00eb k\u00ebndv\u00ebshtrimin sa d\u00ebm i sjell Atdheut me m\u00ebnyr\u00ebn se si t\u2019i e administron pushtetin q\u00eb t\u00eb t\u00eb kan\u00eb dh\u00ebn\u00eb qytetar\u00ebt me an\u00eb t\u00eb vot\u00ebs s\u00eb tyre sovrane. Pastaj \u00e7dokush mund ta gjej\u00eb p\u00ebr vet\u00eb, apo p\u00ebr tjetrin, se cili \u201ckostum\u201d i rri p\u00ebr shtat, i&#8230; Gjergjit apo i Hamzait, sepse Kastriot\u00eb jan\u00eb t\u00eb gjith\u00eb.<!--more--><!--more--><\/p>\n","protected":false},"excerpt":{"rendered":"<p>NDUE DEDAJ &nbsp; \u00cbsht\u00eb Viti i Sk\u00ebnderbeut dhe n\u00eb vend q\u00eb t\u00eb \u201crikthehet\u201d Heroi Komb\u00ebtar me t\u00eb gjith\u00eb madh\u00ebshtin\u00eb e tij, politika po kthen tradhtar\u00ebt bashk\u00ebkoh\u00ebs, si Hamza Kastrioti, q\u00eb k\u00ebto dit\u00eb \u00ebsht\u00eb b\u00ebr\u00eb protagonist i duelit politik Rama &#8211; Basha. Kryeministri e akuzoi opozit\u00ebn t\u00eb enjt\u00ebn, m\u00eb 28 qershor, n\u00eb Parlament si tradhtare e&hellip;<\/p>\n","protected":false},"author":1,"featured_media":0,"comment_status":"open","ping_status":"open","sticky":false,"template":"","format":"standard","meta":{"footnotes":""},"categories":[15],"tags":[],"class_list":["post-7367","post","type-post","status-publish","format-standard","hentry","category-histori-gjeografi"],"_links":{"self":[{"href":"https:\/\/revistakuvendi.org\/index.php?rest_route=\/wp\/v2\/posts\/7367","targetHints":{"allow":["GET"]}}],"collection":[{"href":"https:\/\/revistakuvendi.org\/index.php?rest_route=\/wp\/v2\/posts"}],"about":[{"href":"https:\/\/revistakuvendi.org\/index.php?rest_route=\/wp\/v2\/types\/post"}],"author":[{"embeddable":true,"href":"https:\/\/revistakuvendi.org\/index.php?rest_route=\/wp\/v2\/users\/1"}],"replies":[{"embeddable":true,"href":"https:\/\/revistakuvendi.org\/index.php?rest_route=%2Fwp%2Fv2%2Fcomments&post=7367"}],"version-history":[{"count":2,"href":"https:\/\/revistakuvendi.org\/index.php?rest_route=\/wp\/v2\/posts\/7367\/revisions"}],"predecessor-version":[{"id":7369,"href":"https:\/\/revistakuvendi.org\/index.php?rest_route=\/wp\/v2\/posts\/7367\/revisions\/7369"}],"wp:attachment":[{"href":"https:\/\/revistakuvendi.org\/index.php?rest_route=%2Fwp%2Fv2%2Fmedia&parent=7367"}],"wp:term":[{"taxonomy":"category","embeddable":true,"href":"https:\/\/revistakuvendi.org\/index.php?rest_route=%2Fwp%2Fv2%2Fcategories&post=7367"},{"taxonomy":"post_tag","embeddable":true,"href":"https:\/\/revistakuvendi.org\/index.php?rest_route=%2Fwp%2Fv2%2Ftags&post=7367"}],"curies":[{"name":"wp","href":"https:\/\/api.w.org\/{rel}","templated":true}]}}