{"id":7346,"date":"2018-06-23T23:13:24","date_gmt":"2018-06-23T23:13:24","guid":{"rendered":"http:\/\/revistakuvendi.org\/?p=7346"},"modified":"2018-06-23T23:13:24","modified_gmt":"2018-06-23T23:13:24","slug":"iliriana-sulkuqi-te-kuvendi-ne-detroit","status":"publish","type":"post","link":"https:\/\/revistakuvendi.org\/?p=7346","title":{"rendered":"Iliriana Sulkuqi te \u201cKuvendi\u201d n\u00eb Detroit"},"content":{"rendered":"<p><strong><em>Pjeter Jaku<\/em><\/strong><\/p>\n<p>N\u00eb k\u00ebt\u00eb mesqershori, q\u00eb p\u00ebr nga vapa ia kalon dhe korrikut, Ilriana Sulkuqi, poetja e njohur p\u00ebr poezin\u00eb paq\u00ebsore, q\u00eb shkon p\u00ebrher\u00eb krah dhe ngjitur me dashurin\u00eb p\u00ebr njeriun, me t\u00eb drejt\u00eb kritika e ka thirrur \u201c Poetja e dashuris\u00eb\u201d, udh\u00ebtoi p\u00ebr Detroit.<!--more--><a href=\"http:\/\/revistakuvendi.org\/wp-content\/uploads\/2018\/06\/Lili1.png\"><img loading=\"lazy\" decoding=\"async\" class=\"alignleft size-medium wp-image-7348\" src=\"http:\/\/revistakuvendi.org\/wp-content\/uploads\/2018\/06\/Lili1-225x300.png\" alt=\"\" width=\"225\" height=\"300\" srcset=\"https:\/\/revistakuvendi.org\/wp-content\/uploads\/2018\/06\/Lili1-225x300.png 225w, https:\/\/revistakuvendi.org\/wp-content\/uploads\/2018\/06\/Lili1.png 336w\" sizes=\"auto, (max-width: 225px) 100vw, 225px\" \/><\/a><\/p>\n<p>Poetja q\u00eb, edhe kur shkruan p\u00ebr vete, mendon\u00a0 p\u00ebr t\u00eb tjer\u00ebt, poetja q\u00eb nuk e ndan\u00eb njeriun, ( po njeriun ama ), dhe gjith\u00eb shum\u00ebllojshm\u00ebrin\u00eb e tij t\u00eb kompleksuar, nga bota e saj shpirt\u00ebtore dhe krijuese. Gjith\u00eb fokusi i saj \u00ebsht\u00eb njeriu, se si duhet t\u00eb jet\u00eb ai, se si duhet t\u00eb rrezatoj\u00eb vet\u00ebm mir\u00ebsi. Formimi i saj, si nj\u00eb arketip, q\u00eb ka ndikuar e ndikon n\u00eb krijimtari, q\u00eb njeh vet\u00ebm lule e fjal\u00eb t\u00eb mira, metafora dhe krahasime, n\u00ebnkupton dhe \u00e7mon, ve\u00e7an\u00ebrisht\u00a0 universin shpirt\u00ebror dhe ndjesit\u00eb m\u00eb t\u00eb mira, q\u00eb e b\u00ebjn\u00eb njeriun t\u00eb ndjehet komod.<\/p>\n<p>Iliriana nuk mund t\u00eb rrinte pa ia kushtuar dy dit\u00eb \u201c Kuvendit\u201d n\u00eb Michigan, k\u00ebt\u00eb vit, pasi ia kishte\u00a0 premtuar q\u00eb para tri vitesh. Ia kishte premtuar se do t\u00eb merrte pjes\u00eb n\u00eb 15 vjetorin e Revist\u00ebs Kuvendi por, si gjhith\u00ebmon\u00eb, do t\u00eb ishte e z\u00ebn\u00eb me pun\u00ebt p\u00ebr t\u00eb tjer\u00ebt ( p\u00ebr krijuesit ), q\u00eb fizikisht na kan\u00eb l\u00ebn\u00eb, por krijimtaria e tyre jeton. Edhe pse , me mund\u00ebsi t\u00eb kufizuara sh\u00ebndet\u00ebsore dhe monetare,\u00a0 publikon librat e saj dhe b\u00ebn shum\u00eb aktivitete e botime, si t\u00eb ishte nj\u00eb Sht\u00ebpi Botuese, por edhe nj\u00eb axhensi shp\u00ebrndar\u00ebse e krijimtaris\u00eb dhe frym\u00ebs poetike t\u00eb miq\u00ebve tan\u00eb. Ata nuk ishin dhe nuk jan\u00eb vet\u00ebm miqt\u00eb e Ilirian\u00ebs, por ne s\u2019u kujtuam ta ndihmojm\u00eb at\u00eb. Me parat\u00eb e pensionit ( aq sa \u00ebsht\u00eb nj\u00eb pension n\u00eb Shqip\u00ebri ), n\u00eb kolan\u00ebn \u201c KUJTES\u00cb\u201d, i shum\u00ebfishoi krijimet m\u00eb t\u00eb mira t\u00eb Frederik Reshpjes, Ndoc Gjetjes, Betim Mu\u00e7os, Milianov Kallupit dhe Murat Isak, duke pritur edhe liberthat e Martin Camaj, Drita \u00c7omos, Qazim Shemes, Bajazit Cahani, Vasil Dede etj, n\u00eb dit\u00ebt q\u00eb vijn\u00eb. E, me \u00e7anta n\u00eb kurriz, vrapon duke iu marr\u00eb fryma nga dit\u00ebt e nxehta dhe, duke u mbledhur sa nj\u00eb grusht, n\u00eb dimrat e ftoht\u00eb, sa n\u00eb Greqi, sa n\u00eb Kosov\u00eb sa n\u00eb Amerik\u00eb. Pra, Iliriana nuk \u00ebsht\u00eb vet\u00ebm Ilirian\u00eb, por nj\u00eb Institucion rrezatues i poezis\u00eb s\u00eb miqv\u00ebve te saj, n\u00eb gjith\u00eb vendet ku ka shqiptar\u00eb.<a href=\"http:\/\/revistakuvendi.org\/wp-content\/uploads\/2018\/06\/Lili3.png\"><img loading=\"lazy\" decoding=\"async\" class=\"alignleft size-medium wp-image-7349\" src=\"http:\/\/revistakuvendi.org\/wp-content\/uploads\/2018\/06\/Lili3-300x225.png\" alt=\"\" width=\"300\" height=\"225\" srcset=\"https:\/\/revistakuvendi.org\/wp-content\/uploads\/2018\/06\/Lili3-300x225.png 300w, https:\/\/revistakuvendi.org\/wp-content\/uploads\/2018\/06\/Lili3.png 448w\" sizes=\"auto, (max-width: 300px) 100vw, 300px\" \/><\/a><\/p>\n<p><strong>Aktiviteti p\u00ebr Ilirian\u00ebn u kthye n\u00eb nj\u00eb aktivitet p\u00ebr t\u00eb gjith\u00eb<\/strong><\/p>\n<p>Me dat\u00ebn 16 Qershor 2018, poetja Iliriana Sulkuqi arriti n\u00eb Detroit, e pritur nga poeti Gazmend Kishta.\u00a0 Kontaktin e par\u00eb\u00a0 e b\u00ebri n\u00eb Kafe Kuvendi, ku funksionon edhe revista me t\u00eb nj\u00ebjtin em\u00ebr. Nexhip Ejupi , Elinda Marku, Ruzhdi Gurra, Gazmend Kishta e miq t\u00eb tjer\u00eb, shijojn\u00eb kafen me Ilirianen e biseda\u00a0 p\u00ebr librat, si dhe shk\u00ebmbejn\u00eb mendime p\u00ebr pun\u00ebt e tyre. Gjith\u00ebsesi, fjala nuk rrin pa p\u00ebrmendur edhe emra q\u00eb nuk jan\u00eb t\u00eb pranish\u00ebm, dmth\u00a0 krijimtarin\u00eb e tyre. Poet\u00ebt jan\u00eb v\u00ebzhguesit m\u00eb t\u00eb mir\u00eb t\u00eb ngjarjeve. Ata i ndjejn\u00eb gjith\u00eb termetet shoq\u00ebrore dhe politike, e gjith\u00ebsesi flitet edhe p\u00ebr k\u00ebto. Kafja ka nevoj\u00eb p\u00ebr fjal\u00ebn, si sherbimi i par\u00eb p\u00ebr mikun, p\u00ebr njohjen, p\u00ebr diskutimet e\u00a0 veprimtarive tona. N\u00eb dy net\u00ebt e para ishte e ftuar e Gazmendit, ndaj edhe nuk vonojm\u00eb p\u00ebr ta l\u00ebn\u00eb Ilirian\u00ebn t\u00eb qet\u00ebsohet. Mbasdite do t\u00eb vizitonte Festivalin Shqiptar n\u00eb Hard Plaza, Detroit, ku rast\u00ebsisht\u00a0 do t\u00eb takonte poetin Visar Zhiti dhe artist\u00ebt e njohur Merita Halili e Rauf Hyseni, me t\u00eb cil\u00ebt u takuan n\u00eb Aeroportin e Detroitit, edhe pse kishin q\u00ebn\u00eb n\u00eb t\u00eb nj\u00ebjtin avion.<\/p>\n<p><a href=\"http:\/\/revistakuvendi.org\/wp-content\/uploads\/2018\/06\/Lili4.png\"><img loading=\"lazy\" decoding=\"async\" class=\"alignleft size-medium wp-image-7350\" src=\"http:\/\/revistakuvendi.org\/wp-content\/uploads\/2018\/06\/Lili4-300x79.png\" alt=\"\" width=\"300\" height=\"79\" srcset=\"https:\/\/revistakuvendi.org\/wp-content\/uploads\/2018\/06\/Lili4-300x79.png 300w, https:\/\/revistakuvendi.org\/wp-content\/uploads\/2018\/06\/Lili4.png 640w\" sizes=\"auto, (max-width: 300px) 100vw, 300px\" \/><\/a><a href=\"http:\/\/revistakuvendi.org\/wp-content\/uploads\/2018\/06\/Lili5.png\"><img loading=\"lazy\" decoding=\"async\" class=\"alignleft size-medium wp-image-7351\" src=\"http:\/\/revistakuvendi.org\/wp-content\/uploads\/2018\/06\/Lili5-300x169.png\" alt=\"\" width=\"300\" height=\"169\" srcset=\"https:\/\/revistakuvendi.org\/wp-content\/uploads\/2018\/06\/Lili5-300x169.png 300w, https:\/\/revistakuvendi.org\/wp-content\/uploads\/2018\/06\/Lili5.png 448w\" sizes=\"auto, (max-width: 300px) 100vw, 300px\" \/><\/a><\/p>\n<p><strong>Pak rreshta p\u00ebr Ilirian\u00ebn<\/strong><\/p>\n<p>Esht\u00eb lindur n\u00eb qytetin e Elbasanit. Mbasi mbaroi gjimnazin \u201cDhaskal Todri\u201d, n\u00eb qytetin e lindjes, vazhdoi studimet n\u00eb Akademin\u00eb Ushtarake\u00a0 dhe, m\u00eb pas,\u00a0\u00a0 studimet universitare\u00a0 p\u00ebr gjuh\u00eb-let\u00ebrsi dhe filozofi. Ka punuar si gazetare n\u00eb gazet\u00ebn \u201cDrita\u201d, organ i Lidhjes s\u00eb Shkrimtar\u00ebve dhe Artist\u00ebve t\u00eb Shqip\u00ebris\u00eb.<\/p>\n<p>Aktualisht, jeton n\u00eb\u00a0 SHBA-New York (Brooklyn)<\/p>\n<p>-Iliriana Sulkuqi,\u00a0\u00a0 \u00ebsht\u00eb vler\u00ebsuar nga Bashkia e Qytetit t\u00eb Elbasanit,\u00a0 me titullin<strong>: \u201cArtist i Shquar i Qytetit\u201d<\/strong> me motivacionin-\u201cP\u00ebr nj\u00eb kontribut t\u00eb \u00a0shquar e cil\u00ebsor n\u00eb krijimin e promovimin e vlerave artistike n\u00eb fush\u00ebn e poezis\u00eb, duke mbetur nj\u00eb qytetare e denj\u00eb e qytetit t\u00eb Elbasanit\u201d, \u00ebsht\u00eb shpallur <strong>\u201cAMBASADOR I PAQES\u201d<\/strong> nga Federata Bot\u00ebrore p\u00ebr Paqen (tetor 2011), nderuar me Titullin\u00a0 <strong>\u00ab\u00a0MATHER TEREZA \u00bb,<\/strong> me motivacionin \u00ab\u00a0Reflektim i Mir\u00ebsis\u00eb, i Paqes, i Dashuris\u00eb, p\u00ebr nj\u00eb kontribut t\u00eb ve\u00e7ant\u00eb n\u00eb art, Kultur\u00eb dhe Humaniz\u00ebm\u00a0\u00bb, Shkup, 2016<\/p>\n<p>\u00cbsht\u00eb vler\u00ebsuar disa her\u00eb me \u00e7mime\u00a0 Komb\u00ebtare dhe Nd\u00ebrkomb\u00ebtare. Poezit\u00eb e saj jan\u00eb p\u00ebrkthyer n\u00eb disa gjuh\u00eb si : italisht, anglisht, greqisht, suedisht, maqedonisht, bullgarisht dhe arumanisht.<\/p>\n<p>N\u00eb krijimtarin\u00eb e saj t\u00eb pasur mban 17 libra poetik. Gjithashtu \u00ebsht\u00eb vler\u00ebsuar me 9 \u00e7mime t\u00eb ndryshme p\u00ebr krijimatrin\u00eb e sajt\u00eb pasur dhe me larmi tematike.<\/p>\n<p>N\u00eb kolan\u00ebn : \u201cKujtes\u00eb\u201d ka publikuar me shpenzimet e saj, Albumin\u00a0 Poetik \u201cKujto Poetin\u201d, me poet\u00ebt e t\u00eb gjitha trojeve, q\u00eb nuk jetojn\u00eb (bashk\u00ebautore me K. Traboini)<\/p>\n<p>&#8211; Kalendarin\u00a0 krijues: \u201cAutor\u00ebve t\u00eb Fjal\u00ebs s\u00eb Shkruar\u201d\u00a0 ( art, kultur\u00eb, shkenc\u00eb, pedagogji) , t\u00eb qytetit t\u00eb Elbasanit<\/p>\n<p><u>\u00a0<\/u><strong>Vler\u00ebsimet e poezis\u00eb s\u00eb Ilirian\u00ebs<\/strong><\/p>\n<p>Nj\u00eb list\u00eb shum\u00eb e gjat\u00eb krijuesish t\u00eb njohur n\u00eb fush\u00ebmn e letrave e kan\u00eb vler\u00ebsuar m\u00eb nota t\u00eb larta poezin\u00eb e Ilirian\u00ebs, si: Drit\u00ebro Agolli-poet, shkrimtar, akademik; Perikli\u00a0 Jorgoni &#8211; studiues, kritik, p\u00ebrkthyes; Bedri Dedja- shkrimtar p\u00ebr f\u00ebmij\u00eb, akademik; Odhise Grillo- shkrimtar p\u00ebr f\u00ebmij\u00eb; Sk\u00ebnder Hasko- shkrimtar p\u00ebr f\u00ebmij\u00eb, Naum Prifti &#8211; shkrimtar, studiues; Anton \u00c7efa-poet, shkrimtar, gazetar, analist(Amerik\u00eb), P\u00ebllumb Kulla-Mjesht\u00ebr i Madh, Faruk Myrtaj-shkrimtar, p\u00ebrkthyes; Dr.Klara Kodra &#8211; poete, studjuese, p\u00ebrkthyese; Dr.Fatmir Terziu \u2013shkrimtar, gazetar, editor,\u00a0 analist, p\u00ebrkthyes( Lond\u00ebr-Angli ), Nase Jani-poet, shkrimtar, botues, n\u00eb Greqi, Lirim Deda &#8211; poet, publicist; Sokol\u00a0 Jakova-shkrimtar, kritik e disa t\u00eb tjer\u00eb n\u00eb Evrop\u00eb dhe Amerik\u00eb.<\/p>\n<p>Poezit\u00eb e Iliriana Sulkuqit, kan\u00eb hyr\u00eb n\u00eb repertorin e zgjedhur t\u00eb aktor\u00ebve t\u00eb shquar si: Margarita Xhepa, Tinka Kurti, Violeta Manushi, Roza Anagnosti, Besa Imami, Demir Hyskja, Ismail Hodaj, Eduart \u00c7ala, Ilir Borodani, Bujar Asqeriu, Justina Aliaj etj..<\/p>\n<p>P\u00ebr jet\u00ebn dhe veprimtarn\u00eb e Iliriana Sulkuqit \u00ebsht\u00eb realizuar nj\u00eb film dokumentar (shqip \u2013 anglisht ) me autor\u00eb: Skenariste \u2013 Angjelina Xhara, Operator \u2013 Ilia Terpini , Mjesht\u00ebr i Madh, regjisor-Kolec Traboini, Mjesht\u00ebr i Madh.<\/p>\n<p>N\u00eb k\u00ebt\u00eb dokumentar, poezit\u00eb e Ilirianes\u00a0 i ka recituar Margarita Xhepa, Artiste e Popullit.<\/p>\n<p><strong>Mbr\u00ebmja leximeve dhe poezia e Ilirian\u00ebs n\u00eb Kafe \u201cKuvendi\u201d<\/strong><\/p>\n<p>T\u00eb dielen, me 17 Qershor 2018, n\u00eb Kafe \u201c Kuvendi\u201d, K\u00ebshilli Botues\u00a0 i Revistes \u201c Kuvendi\u201d organizoi aktivitetin e njohur\u00a0 <strong>\u201cMbr\u00ebmje leximesh\u201d,<\/strong> nj\u00eb tradit\u00eb kjo e krijuar\u00a0 vitet e fundit. N\u00eb munitorin e k\u00ebsaj kafje, tashm\u00eb\u00a0 nj\u00eb\u00a0 klub kulturor, ishin v\u00ebn\u00eb pjes\u00eb t\u00eb krijimtaris\u00eb s\u00eb autores, recituar ndjesh\u00ebm nga aktorja e njohur, Margarita Xhepa, si dhe fragmente nga biografia e saj krijuese. P\u00ebr aktivitetin krijues t\u00eb Ilirian\u00ebs foli botuesi i Revistes \u201c Kuvendi \u201c poeti, prozatori dhe publicisti Pjet\u00ebr Jaku, i cili theksoi se veprimtaria e\u00a0 saj krijuese mbart me vete edhe nj\u00eb pun\u00eb publikuese, q\u00eb ente t\u00eb mir\u00ebfillta botuese nuk e kan\u00eb realizuar, si\u00e7 \u00ebsht\u00eb kolana \u201c Kujtes\u00eb\u201d, si dhe aktivitete e ndihmesa t\u00eb shumta p\u00ebr let\u00ebrsin\u00eb dhe, disa autor\u00eb q\u00eb meritojn\u00eb v\u00ebmendje t\u00eb ve\u00e7ant\u00eb. Ve\u00e7 k\u00ebsaj, ai i dor\u00ebzoi poet\u00ebs nj\u00eb Mir\u00ebnjohje, q\u00eb Revista \u201c Kuvendi\u201d i ka akorduar q\u00eb n\u00eb vitin 2015, duke theksuar \u00a0ndihm\u00ebn q\u00eb ka dh\u00ebn\u00eb p\u00ebr t\u00eb realizuar nj\u00eb num\u00ebr t\u00eb posa\u00e7\u00ebm kushtuar poetit Ndoc Gjetja, me rastin e ndarjes fizike nga ne. Jaku theksoi, se te Iliriana, nuk ka pse num\u00ebrohen vitet q\u00eb ka t\u00eb regjistruara, se p\u00ebr nga veprimtaria i ka kaluar t\u00eb 100-tat prej koh\u00ebsh. M\u00eb pas poeti i njohur, mjeshtri i fjal\u00ebformimeve q\u00eb i ngjitin aq bukur poezis\u00eb, liriku i\u00a0 shtruar, Nexhip Ejupi, solli shum\u00eb raste nga vitet shkollore me Ilirian\u00ebn dhe pjes\u00eb t\u00eb krijimtaris\u00eb s\u00eb saj, duke u duartrokitur nga t\u00eb pranishmit. Por, intersant ishte fakti q\u00eb e tha vet\u00ebm n\u00eb k\u00ebt\u00eb mbr\u00ebmje, pengun q\u00eb e kishte realizuar n\u00eb dasmen e t\u00eb birit. Me at\u00eb rast, &#8211;\u00a0 thot\u00eb Nexhipi, hapa vallen, duke ftuar Ilirianen t\u00eb m\u00eb ndihmonte, pasi nuk m\u00ebsova t\u00eb kercej, kur Ilriana m\u00eb lutej, ve\u00e7 p\u00ebr t\u00eb q\u00ebn\u00eb i pranish\u00ebm n\u00eb mbr\u00ebmjen e matures, q\u00eb sot e k\u00ebsaj dite m\u00eb dhemb humbja\u00a0 e kujtimit m\u00eb t\u00eb mir\u00eb t\u00eb asaj moshe. Nj\u00ebmb\u00ebdhjet vjet n\u00eb nj\u00eb klas\u00eb me Ilirian\u00ebn, do t\u00eb ishte i denj\u00eb p\u00ebr nj\u00eb titull libri! Pas Nexhipit, Iliriana nd\u00ebrhyri duke k\u00ebrkuar me \u00e7do kusht, q\u00eb n\u00eb k\u00ebt\u00eb mbr\u00ebmj\u00eb leximesh, autor\u00ebt t\u00eb lexonin edhe poezit\u00eb e tyre, por t\u00eb pranishmit k\u00ebrkuan t\u00eb d\u00ebgjonin poezi nga krijimtaria e saj.<\/p>\n<p><a href=\"http:\/\/revistakuvendi.org\/wp-content\/uploads\/2018\/06\/Lili6.png\"><img loading=\"lazy\" decoding=\"async\" class=\"alignleft size-medium wp-image-7352\" src=\"http:\/\/revistakuvendi.org\/wp-content\/uploads\/2018\/06\/Lili6-300x169.png\" alt=\"\" width=\"300\" height=\"169\" srcset=\"https:\/\/revistakuvendi.org\/wp-content\/uploads\/2018\/06\/Lili6-300x169.png 300w, https:\/\/revistakuvendi.org\/wp-content\/uploads\/2018\/06\/Lili6.png 448w\" sizes=\"auto, (max-width: 300px) 100vw, 300px\" \/><\/a><\/p>\n<p>Poetet Arta Simoni, Elinda Marku, Ruzhdi Gurra, poeti dhe publicisti i njohur, Zef Pergega, Gazmend Kishta etj. lexuan poezi nga librat e Ilirian\u00ebs dhe e falenderuan at\u00eb p\u00ebr pjes\u00ebmarrjen n\u00eb Mbr\u00ebmjen e Kuvendit. Nd\u00ebrsa, vet Iliriana, lexoi poezi te Drita \u00c7omos dhe Elinda Markut. Julian \u00c7efa, nj\u00eb nga veprimtar\u00ebt e njohur t\u00eb komunitetit shqiptar\u00eb t\u00eb Amerik\u00ebs, q\u00eb prej disa vitesh ka drejtuar Radion \u201c Zani i shqiponjave\u201d, solli disa kujtime p\u00ebr njohjen me poetet Martin Camaj dhe Ernest Koliqi. Me Martinin, Juliani kishte pas\u00eb korespodenc\u00eb t\u00eb vazhdueshme, duke e pas\u00eb dhe mysafir n\u00eb sht\u00ebpin\u00eb e tij, n\u00eb Detroit. M\u00eb pas,\u00a0 u kalua n\u00eb diskutime t\u00eb lira p\u00ebr eksperiencat krijuese t\u00eb secilit, si dhe u hodhen ide p\u00ebr realizimin e Dit\u00ebve t\u00eb Let\u00ebrsis\u00eb Shqipe t\u00eb k\u00ebti viti. Nd\u00ebr krijuesit e\u00a0 pjes\u00ebmarr\u00ebs, ishte dhe Besa Rexhepi, e cila n\u00eb Mbr\u00ebmjen e Leximeve t\u00eb muajt Shtator do t\u00eb jet\u00eb e pranishme me novelen \u201c Shpresa\u201d, p\u00ebr ta diskutuar me krijuesit e k\u00ebti komuniteti. Mediat nuk u ftuan, pasi poezia, \u00ebsht\u00eb nj\u00eb media e ve\u00e7ant\u00eb, q\u00eb ndjehet m\u00eb shum\u00eb se shihet e shkruhet p\u00ebr t\u00eb. Dhe, p\u00ebr m\u00eb tep\u00ebr, Kuvendi nuk ka b\u00ebr\u00eb asnj\u00ebher\u00eb aktivitete p\u00ebrfituese.<\/p>\n<p><a href=\"http:\/\/revistakuvendi.org\/wp-content\/uploads\/2018\/06\/Lili9.png\"><img loading=\"lazy\" decoding=\"async\" class=\"alignleft size-medium wp-image-7353\" src=\"http:\/\/revistakuvendi.org\/wp-content\/uploads\/2018\/06\/Lili9-300x169.png\" alt=\"\" width=\"300\" height=\"169\" srcset=\"https:\/\/revistakuvendi.org\/wp-content\/uploads\/2018\/06\/Lili9-300x169.png 300w, https:\/\/revistakuvendi.org\/wp-content\/uploads\/2018\/06\/Lili9.png 448w\" sizes=\"auto, (max-width: 300px) 100vw, 300px\" \/><\/a><\/p>\n<p><strong>E h\u00ebna e vizitave<\/strong><\/p>\n<p>Pas nj\u00eb mbr\u00ebmje dhe nj\u00eb dite t\u00eb lodh\u00ebshme, p\u00ebr t\u00eb h\u00ebn\u00ebn Iliriana kishte l\u00ebn\u00eb\u00a0 disa vizita. Nd\u00ebr m\u00eb t\u00eb r\u00ebnd\u00ebsishmet ishte vizita n\u00eb\u00a0 mjediset e Kish\u00ebs s\u00eb Sh\u00ebn Palit, ku gjenden t\u00eb p\u00ebrjet\u00ebsuar dy monumentet historike t\u00eb kombit shqiptar, GJERGJ KASTRIOTI- SKENDERBEU dhe\u00a0 N\u00cbN\u00cb TEREZA, prej t\u00eb cilave nderohet dhe identifikohet \u00e7do shqiptar, kudo n\u00eb bot\u00eb. Pas fotografive me k\u00ebto p\u00ebrmendore, dhe vizit\u00ebs n\u00eb mjediset e brend\u00ebshme t\u00eb k\u00ebsaj qendre, q\u00eb \u00ebsht\u00eb jo vet\u00ebm Kish\u00eb, Iliriana kthehet p\u00ebrs\u00ebri t\u00eb Kuvendi e befasuar, nga ajo Shqip\u00ebri e vog\u00ebl e bashkuar q\u00eb kishte par\u00eb sot. Vetem n\u00eb Amerik\u00eb, Shqip\u00ebria ( shqiptar\u00ebt ) \u00ebsht\u00eb e bashkuar, nga t\u00eb gjitha trojet e saj, ndaj ka t\u00eb drejt\u00eb poetja t\u00eb ket\u00eb emocione.<\/p>\n<p><strong>Dy poezi nga Iliriana Sulkuqi<\/strong><\/p>\n<p><strong>\u00a0<\/strong><\/p>\n<p><strong>S&#8217;KAM AQ FAJ<\/strong><\/p>\n<p>&nbsp;<\/p>\n<p>Falm\u00eb, falm\u00eb trup i huaj,<br \/>\nmbr\u00ebm\u00eb pa leje t\u00eb kam puthur &#8230;<br \/>\ns&#8217;kam aq faj kaq shum\u00eb t\u00eb vuaj (!)<br \/>\nvet\u00eb n\u00eb shtrat m\u00eb ishe futur &#8230;<\/p>\n<p>Kur dhe \u00ebndrra shfaqet djall<br \/>\nun\u00eb jasht\u00eb \u00ebndrr\u00ebs, s&#8217;kam aq faj &#8230;<\/p>\n<p><strong>VETEM PER NJE KTHIM<\/strong><\/p>\n<p>Vet\u00ebm p\u00ebr nj\u00eb kthim do t\u00eb jetoj,<br \/>\np\u00ebr pak smog nga qyteti im,<br \/>\np\u00ebr nj\u00eb n\u00ebn\u00eb q\u00eb \u00ebndrr\u00ebn belb\u00ebzon,<br \/>\np\u00ebr nj\u00eb varr q\u00eb prehet n\u00eb vetmi,<br \/>\np\u00ebr nj\u00eb lule q\u00eb ka z\u00ebn\u00eb t\u00eb thahet.<br \/>\np\u00ebr nj\u00eb zog q\u00eb dimri po e ngrin,<br \/>\np\u00ebr nj\u00eb gjuh\u00ebz l\u00eb\u00e7itur q\u00eb foshnje.<br \/>\np\u00ebr nj\u00eb lot tretur n\u00ebn qerpik.<\/p>\n<p>Vet\u00ebm p\u00ebr nj\u00eb kthim do t\u00eb jetoj !&#8230;<br \/>\nvet\u00ebm p\u00ebr nj\u00eb muzg &#8230;<br \/>\np\u00ebr nj\u00eb agim &#8230;<\/p>\n","protected":false},"excerpt":{"rendered":"<p>Pjeter Jaku N\u00eb k\u00ebt\u00eb mesqershori, q\u00eb p\u00ebr nga vapa ia kalon dhe korrikut, Ilriana Sulkuqi, poetja e njohur p\u00ebr poezin\u00eb paq\u00ebsore, q\u00eb shkon p\u00ebrher\u00eb krah dhe ngjitur me dashurin\u00eb p\u00ebr njeriun, me t\u00eb drejt\u00eb kritika e ka thirrur \u201c Poetja e dashuris\u00eb\u201d, udh\u00ebtoi p\u00ebr Detroit.<\/p>\n","protected":false},"author":1,"featured_media":7347,"comment_status":"open","ping_status":"open","sticky":false,"template":"","format":"standard","meta":{"footnotes":""},"categories":[5],"tags":[],"class_list":["post-7346","post","type-post","status-publish","format-standard","has-post-thumbnail","hentry","category-letersi"],"_links":{"self":[{"href":"https:\/\/revistakuvendi.org\/index.php?rest_route=\/wp\/v2\/posts\/7346","targetHints":{"allow":["GET"]}}],"collection":[{"href":"https:\/\/revistakuvendi.org\/index.php?rest_route=\/wp\/v2\/posts"}],"about":[{"href":"https:\/\/revistakuvendi.org\/index.php?rest_route=\/wp\/v2\/types\/post"}],"author":[{"embeddable":true,"href":"https:\/\/revistakuvendi.org\/index.php?rest_route=\/wp\/v2\/users\/1"}],"replies":[{"embeddable":true,"href":"https:\/\/revistakuvendi.org\/index.php?rest_route=%2Fwp%2Fv2%2Fcomments&post=7346"}],"version-history":[{"count":1,"href":"https:\/\/revistakuvendi.org\/index.php?rest_route=\/wp\/v2\/posts\/7346\/revisions"}],"predecessor-version":[{"id":7354,"href":"https:\/\/revistakuvendi.org\/index.php?rest_route=\/wp\/v2\/posts\/7346\/revisions\/7354"}],"wp:featuredmedia":[{"embeddable":true,"href":"https:\/\/revistakuvendi.org\/index.php?rest_route=\/wp\/v2\/media\/7347"}],"wp:attachment":[{"href":"https:\/\/revistakuvendi.org\/index.php?rest_route=%2Fwp%2Fv2%2Fmedia&parent=7346"}],"wp:term":[{"taxonomy":"category","embeddable":true,"href":"https:\/\/revistakuvendi.org\/index.php?rest_route=%2Fwp%2Fv2%2Fcategories&post=7346"},{"taxonomy":"post_tag","embeddable":true,"href":"https:\/\/revistakuvendi.org\/index.php?rest_route=%2Fwp%2Fv2%2Ftags&post=7346"}],"curies":[{"name":"wp","href":"https:\/\/api.w.org\/{rel}","templated":true}]}}