{"id":7344,"date":"2018-06-18T20:17:41","date_gmt":"2018-06-18T20:17:41","guid":{"rendered":"http:\/\/revistakuvendi.org\/?p=7344"},"modified":"2018-06-18T20:17:41","modified_gmt":"2018-06-18T20:17:41","slug":"taksa-e-rruges-se-kombit-test-per-qeverine","status":"publish","type":"post","link":"https:\/\/revistakuvendi.org\/?p=7344","title":{"rendered":"TAKSA E RRUG\u00cbS S\u00cb KOMBIT,  TEST P\u00cbR QEVERIN\u00cb"},"content":{"rendered":"<p><strong>NDUE DEDAJ<\/strong><\/p>\n<p><a href=\"http:\/\/revistakuvendi.org\/wp-content\/uploads\/2017\/10\/Dedaj-Ndue-300x226.jpg\"><img loading=\"lazy\" decoding=\"async\" class=\"alignleft size-medium wp-image-6861\" src=\"http:\/\/revistakuvendi.org\/wp-content\/uploads\/2017\/10\/Dedaj-Ndue-300x226-300x226.jpg\" alt=\"\" width=\"300\" height=\"226\" \/><\/a><\/p>\n<p>Qeverit\u00eb jan\u00eb gjithnj\u00eb n\u00eb testim, por ka teste e teste. K\u00ebt\u00eb qershor ka nj\u00eb test t\u00eb jasht\u00ebm p\u00ebr qeverin\u00eb shqiptare, q\u00eb \u00ebsht\u00eb hapja e negociatave p\u00ebr pranimin e vendit n\u00eb BE,<!--more--> por ka dhe nj\u00eb test t\u00eb brendsh\u00ebm, q\u00eb \u00ebsht\u00eb m\u00ebnyra e operimit p\u00ebr caktimin e taks\u00ebs s\u00eb Rrug\u00ebs s\u00eb Kombit. N\u00ebse i pari, p\u00ebrpos Ekzekutivit, \u00ebsht\u00eb test p\u00ebr t\u00eb gjitha institucionet e vendit dhe shqiptar\u00ebt n\u00eb t\u00ebr\u00ebsi, tarifa e pap\u00ebrfunduar e kryerrug\u00ebs s\u00eb vendit \u00ebsht\u00eb krejt\u00ebsisht n\u00eb vullnetin e qeveris\u00eb dhe t\u00eb Kryeministrit Rama. Nisur nga ajo q\u00eb ndodhi n\u00eb Kalimash pak koh\u00eb m\u00eb par\u00eb, do t\u00eb kishte qen\u00eb jo vet\u00ebm e udh\u00ebs, por e domosdoshme q\u00eb nj\u00eb nga ato llogaridh\u00ebniet e kreut t\u00eb qeveris\u00eb t\u00eb kishte qen\u00eb n\u00eb sheshin e qytetit t\u00eb Kuk\u00ebsit, me kuksian\u00ebt, t\u00eb cil\u00ebve ai iu k\u00ebrkoi falje publikisht p\u00ebr nxitimin e qeveris\u00eb q\u00eb ai drejton, sa i p\u00ebrket caktimit arbitrar prej pes\u00eb eurosh (vajtje e kthim &#8211; dhjet\u00eb euro) t\u00eb taks\u00ebs s\u00eb autostrad\u00ebs Milot-Morin, pa u konsultuar m\u00eb par\u00eb me ata q\u00eb prekeshin prej saj. Ndoshta takimi llogaridh\u00ebn\u00ebs i Kryeministrit me kuksian\u00ebt mund t\u00eb ndodh\u00eb n\u00eb dit\u00ebt q\u00eb vijn\u00eb, por deri tani thjesht\u00eb kemi par\u00eb t\u00eb riparohet me shpejt\u00ebsi objekti i vjeljes s\u00eb taks\u00ebs, i d\u00ebmtuar nga protesta, por jo ndonj\u00eb zhvillim n\u00eb terren p\u00ebrsa i p\u00ebrket kuvendimit drejp\u00ebrdrejt me banor\u00ebt. Kuk\u00ebsi ka nj\u00eb Bashki dhe ajo nuk mund t\u00eb shp\u00ebrfillet n\u00eb k\u00ebt\u00eb gj\u00eb, p\u00ebr t\u00eb mos th\u00ebn\u00eb se \u00ebsht\u00eb \u201cviolina e par\u00eb\u201d. Rama ka qen\u00eb vet\u00eb kryetar bashkie i kryeqytetit dhe me siguri nuk \u00ebsht\u00eb ndjer\u00eb mir\u00eb kur ka v\u00ebn\u00eb re shp\u00ebrfillje nga qeveria qendrore, e majt\u00eb apo e djatht\u00eb. Apo ende n\u00eb k\u00ebt\u00eb vend ecet sipas psikologjis\u00eb q\u00eb i \u201cmadhi\u201d i b\u00ebn hije t\u00eb \u201cvoglit\u201d, kur ky i \u201cvogli\u201d n\u00eb nj\u00eb sistem demokratik \u00ebsht\u00eb po aq autonom sa dhe vet\u00eb qeveria qendrore dhe me t\u00eb mund t\u00eb sillesh vet\u00ebm si partner. Ashtu si\u00e7 lypet t\u00eb p\u00ebrfillen n\u00eb k\u00ebt\u00eb histori dhe bashkit\u00eb e Hasit, Tropoj\u00ebs e Mirdit\u00ebs, p\u00ebrderisa flitet p\u00ebr \u201cparcelizim\u201d t\u00eb taks\u00ebs, pasi, si\u00e7 kemi shkruar dhe m\u00eb par\u00eb, e mbara do t\u00eb kishte qen\u00eb q\u00eb vendimarrja p\u00ebr t\u00eb t\u00eb kishte qen\u00eb n\u00eb bashk\u00ebveprim t\u00eb plot\u00eb me qeverin\u00eb e Kosov\u00ebs. Sa duket qeveria dhe koncesionari po nxitojn\u00eb q\u00eb t\u00eb mos iu shp\u00ebtoj\u00eb pik\u00ebrisht \u201cushtria\u201d e kosovar\u00ebve q\u00eb dyndet \u00e7do ver\u00eb n\u00eb plazhet e Adriatikut, por kush mund t\u00eb thot\u00eb q\u00eb fluksi i tyre nuk do t\u00eb bjer\u00eb, pik\u00ebrisht se ata nuk mund ta p\u00ebrballojn\u00eb \u201ckufirin te thana\u201d q\u00eb ne k\u00ebndej k\u00ebrkojm\u00eb t\u2019iu v\u00ebm\u00eb, p\u00ebr t\u2019i b\u00ebr\u00eb t\u00eb shkundin xhepat sa her\u00eb t\u00eb kalojn\u00eb tunel-traun e Kalimashit. A thua diferenc\u00eb kaq t\u00eb madhe t\u00eb ardhurash ka mes nj\u00eb lumjani k\u00ebndej Morinit dhe nj\u00eb prizrenasi matan\u00eb, q\u00eb nj\u00ebri p\u00ebr t\u00eb shkuar n\u00eb Sh\u00ebngjin t\u00eb paguaj\u00eb, bie fjala, dy mij\u00eb lek\u00eb t\u00eb vjetra tarif\u00eb e tjetri dhjet\u00eb her\u00eb m\u00eb shum\u00eb!? Apo se ai matan\u00eb nuk \u00ebsht\u00eb \u201cyni\u201d, le t\u00eb b\u00ebj\u00eb dhe pa detin?&#8230;<\/p>\n<p>Problemi n\u00eb vet\u00ebvete \u00ebsht\u00eb kompleks, ndaj qeveria lypet ta peshoj\u00eb mir\u00eb situat\u00ebn, para se ta ket\u00eb ulur s\u00ebrish traun n\u00eb Kalimash, pasi gabimi p\u00ebr her\u00eb t\u00eb dyt\u00eb do t\u00eb ishte i pafalsh\u00ebm. P\u00ebr mendimin ton\u00eb ka qen\u00eb gabim q\u00eb taksa \u00ebsht\u00eb par\u00eb si problemi vet\u00ebm i qarkut t\u00eb Kuk\u00ebsit, p\u00ebr faktin se qeveria vendos p\u00ebr her\u00eb t\u00eb par\u00eb nj\u00eb taks\u00eb rrugore komb\u00ebtare dhe se ky hap nuk mund t\u00eb hidhet leht\u00eb, jo vet\u00ebm se nuk ka nj\u00eb tradit\u00eb, por kryesorja se taksimi nis nga periferia, kur duhej t\u00eb niste n\u00eb aksin Tirana &#8211; Durr\u00ebs, ve\u00e7se jo n\u00eb nj\u00eb autostrad\u00eb jasht\u00eb parametrave t\u00eb siguris\u00eb, q\u00eb p\u00ebrmbytet \u00e7do dim\u00ebr, pa\u00e7ka se ka filluar arnimi me asfalt k\u00ebto dit\u00eb, pa folur p\u00ebr rrug\u00ebn tjet\u00ebr Tiran\u00eb &#8211; Elbasan, mbetur kaq vite peng i shembjeve dhe aferave t\u00eb dyshuara korruptive. N\u00eb periferi varf\u00ebria \u00ebsht\u00eb m\u00eb e madhe se n\u00eb rajonet qendrore t\u00eb vendit. Kuk\u00ebsi, Tropoja, Hasi, Mirdita, Kurbini nuk kan\u00eb as plazhe, as porte, as fabrika, as qendra t\u00eb fuqishme tregtare, \u00e7ka do t\u00eb thot\u00eb se kan\u00eb shum\u00eb m\u00eb pak para se bashkit\u00eb fushore. N\u00ebse ato i p\u00ebrshkon Rruga e Kombit, ajo ende \u00ebsht\u00eb si nj\u00eb \u201cBukuroshe e fjetur\u201d, pasi nuk ka arritur t\u00eb zgjoj\u00eb investime n\u00eb t\u00eb dy an\u00ebt e saj, n\u00eb thell\u00ebsi, n\u00eb kuptimin e zhvillimit t\u00eb agroturizmit etj. Biznesi i karburanteve, dhe ky m\u00eb s\u00eb shumti i kompanis\u00eb kon\u00e7esionare t\u00eb autostrad\u00ebs \u201cKastrati\u201d, nuk \u00ebsht\u00eb tregues i nj\u00eb fluksi investimesh prioritare t\u00eb rajonit verilindor t\u00eb k\u00ebsaj ane. Nj\u00eb mund\u00ebsi do t\u00eb ishin mineralet, por ato m\u00eb shum\u00eb prodhojn\u00eb vdekje dhe pasurim t\u00eb nj\u00eb grushti t\u00eb vog\u00ebl sip\u00ebrmarr\u00ebsish kapitalist\u00eb pa ndikim komunitar. Mendojm\u00eb se k\u00ebshtu duhet lexuar nga qeveria situata para marrjes s\u00eb vendimit p\u00ebr taks\u00ebn, do t\u00eb jet\u00eb dy apo tre lek\u00eb m\u00eb shum\u00eb a m\u00eb pak, n\u00ebse \u00ebsht\u00eb koha tani p\u00ebr ta vendosur apo m\u00eb von\u00eb.<\/p>\n<p>A po b\u00ebn, pra, qeveria m\u00eb t\u00eb mir\u00ebn k\u00ebsaj here? A po hedh ajo hapat e duhur? N\u00eb levizjet e qeveris\u00eb p\u00ebr t\u00eb t\u00eb gjetur nj\u00eb zgjidhje t\u00eb pranueshme, t\u00eb b\u00ebn p\u00ebrshtypje takimi i dy ministrave, i Ekonomis\u00eb Ahmetaj dhe i Infrastruktur\u00ebs Gjiknuri, me p\u00ebrfaq\u00ebsues t\u00eb Od\u00ebs Ekonomike t\u00eb Kosov\u00ebs e jo dhe me ministrit\u00eb p\u00ebrkat\u00ebse atje (!?) Mbase ata e quajn\u00eb t\u00eb ezauruar nj\u00eb bashk\u00ebpunim t\u00eb till\u00eb nd\u00ebrministror me Kosov\u00ebn, kur deklarojn\u00eb se \u201cnuk do t\u00eb krijohet nj\u00eb konkurrenc\u00eb e pandershme p\u00ebr shkak t\u00eb kostove t\u00eb shkurtuara t\u00eb transportit dhe me biznesin praktika do t\u00eb jet\u00eb e nj\u00ebjt\u00eb, si p\u00ebr shqiptar\u00ebt e Shqip\u00ebris\u00eb, ashtu dhe p\u00ebr ata t\u00eb Kosov\u00ebs\u201d, nd\u00ebrkoh\u00eb q\u00eb bizneset nga Kosova k\u00ebrkojn\u00eb shtyrjen e tarif\u00ebs p\u00ebr n\u00eb vjesht\u00eb. Nga ana tjet\u00ebr n\u00eb at\u00eb takim mungonin p\u00ebrfaq\u00ebsuesit e Dhomave t\u00eb Tregtis\u00eb t\u00eb Tiran\u00ebs, a thua se k\u00ebta i \u201cmbulon\u201d vet\u00eb qeveria dhe nuk ka nevoj\u00eb t\u00eb d\u00ebgjohen? Thuhet se qeveria do t\u00eb b\u00ebhet \u201cbabaxhane\u201d e do t\u00eb paguaj\u00eb 50 milion\u00eb euro nga buxheti i shtetit si kompensim p\u00ebr uljen e tarif\u00ebs p\u00ebr kuksian\u00ebt dhe p\u00ebrdoruesit e shpesht\u00eb, por ky nuk \u00ebsht\u00eb nj\u00eb problem i publikut, i cili k\u00ebrkon thjesht\u00eb nj\u00eb rrug\u00eb dyt\u00ebsore pa taks\u00eb, se ato mund\u00ebsi financiare ka.<\/p>\n<p>N\u00ebse her\u00ebn e par\u00eb mungoi krejt\u00ebsisht transparenca e qeveris\u00eb me publikun dhe institucionet e baz\u00ebs, duke p\u00ebrdorur taktik\u00ebn e gabuar t\u00eb faktit t\u00eb kryer, edhe k\u00ebsaj here nuk \u00ebsht\u00eb se ka qart\u00ebsi p\u00ebr \u00e7do z\u00eb t\u00eb kontrat\u00ebs, pasi nuk jan\u00eb vet\u00ebm qytetar\u00ebt e thjesht\u00eb q\u00eb duhet t\u00eb p\u00ebrball\u00ebn me tarf\u00ebn. Ta z\u00ebm\u00eb, si do t\u2019iu rimbursohet bileta\/ tarifa prej 10 eurosh zyrtar\u00ebve q\u00eb jan\u00eb t\u00eb detyruar t\u00eb kalojn\u00eb rregullisht posht\u00eb traut t\u00eb Kalimashit p\u00ebr arsye sh\u00ebrbimi, t\u00eb cil\u00ebt rrall\u00eb e kan\u00eb pag\u00ebn ditore sa tarifa e kalimit. Dit\u00eb p\u00ebr dit\u00eb l\u00ebvizin drejt Tiran\u00ebs drejtues dhe punonj\u00ebs t\u00eb institucioneve t\u00eb ndryshme shtet\u00ebrore, ashtu si\u00e7, nga ana tjet\u00ebr, ka mjek\u00eb, gjykat\u00ebs, oficer\u00eb policie e t\u00eb tjer\u00eb q\u00eb vijn\u00eb nga Tirana e rrethe t\u00eb tjera p\u00ebr t\u00eb punuar n\u00eb k\u00ebt\u00eb qark? Pa harruar misionar\u00ebt humanitar\u00eb, personat e shoqatave jofitimprur\u00ebse etj., q\u00eb veprojn\u00eb n\u00eb kushte t\u00eb v\u00ebshtira sociale t\u00eb popullat\u00ebs, t\u00eb pakrahasueshme me ato t\u00eb vendeve t\u00eb tjera per\u00ebndimore, ku, bie fjala, nj\u00eb murgesh\u00eb nuk ka pse t\u00eb harxhoj\u00eb dhe qindarkat e fundit t\u00eb vetat p\u00ebr t\u00eb varf\u00ebrit p\u00ebrreth saj, si\u00e7 ndodh me murgeshat e Fush\u00eb-Arr\u00ebsit etj. Nuk ka dal\u00eb m\u00eb kot fjala e urt\u00eb, sipas vendit b\u00ebhet kuvendi.<\/p>\n<p>P\u00ebr m\u00eb t\u00eb larg\u00ebtit trau i Kalimashit duket si nj\u00eb kufi i dyt\u00eb. Nj\u00eb tropojan, q\u00eb p\u00ebr shkak t\u00eb infrastruktur\u00ebs m\u00eb t\u00eb mir\u00eb rrugore, i bie nga Kosova p\u00ebr t\u00eb ardhur k\u00ebndej, duhet t\u00eb kaloj\u00eb n\u00ebp\u00ebr disa trar\u00eb. Me t\u00eb drejt\u00eb po p\u00ebrllogarit\u00ebn p\u00ebrqindjet zbrit\u00ebse p\u00ebr p\u00ebrdoruesit e shpesht\u00eb, ama po nuk u zbatua pajisja e tyre me karta elektronike (parapagimi) do t\u00eb krijohen radh\u00eb t\u00eb gjata q\u00eb do nisin n\u00eb Fan e do t\u00eb p\u00ebrfundojn\u00eb n\u00eb an\u00ebn tjet\u00ebr, n\u00eb Fush\u00eb-Dukagjin. Pra, po nuk u krijuan leht\u00ebsira t\u00eb k\u00ebsaj natyre, i bie q\u00eb taksa e shum\u00ebp\u00ebrfolur t\u00eb kthehet q\u00ebllim n\u00eb vet\u00ebvete. Duhet th\u00ebn\u00eb se dhe opozita p\u00ebr k\u00ebt\u00eb problem nuk ka dal\u00eb p\u00ebrtej retorik\u00ebs s\u00eb zakonshme, e cila dhe n\u00eb raste t\u00eb tjera problematikash konkrete n\u00eb terren \u00ebsht\u00eb gjendur pa alternativa dhe aksion opozitar, si n\u00eb rastin e marrshimit disaditor drejt selis\u00eb qeveritare n\u00eb Tiran\u00eb t\u00eb naft\u00ebtar\u00ebve t\u00eb Ballshit, l\u00ebn\u00eb nj\u00eb vit pa pun\u00eb dhe pa u paguar; minator\u00ebve nga i gjith\u00eb vendi q\u00eb vazhdojn\u00eb t\u00eb protestojn\u00eb para Kryeministris\u00eb p\u00ebr statusin e tyre; fermer\u00ebve nga Shishtaveci n\u00eb Devoll q\u00eb iu kalben patatet e qep\u00ebt n\u00eb ara, ngaq\u00eb i mbyt tregu kaotik ushqimor i prodhimeve t\u00eb ardhura nga jasht\u00eb etj.<\/p>\n<p>Ka dhjet\u00eb vite q\u00eb Rruga e Kombit nuk ka gjetur \u201cstabilitet\u201d politik, sa i takon k\u00ebndv\u00ebshtrimit pozit\u00eb-opozit\u00eb lidhur me t\u00eb. \u00cbsht\u00eb ky rasti p\u00ebr t\u2019u marr\u00eb vesh nj\u00ebher\u00eb e mir\u00eb t\u00eb gjith\u00eb aktor\u00ebt q\u00eb lidh\u00ebn me k\u00ebt\u00eb vep\u00ebr madhore, publiku i gjer\u00eb si p\u00ebrdorues i saj, pozita, opozita, bizneset, sip\u00ebrmarr\u00ebsit, qeveritar\u00ebt e Tiran\u00ebs dhe Prishtin\u00ebs. Rruga e Kombit \u00ebsht\u00eb nj\u00eb, nga sheshi \u201cSk\u00ebnderbej\u201d te \u201cNewborn\u201d-i&#8230;<\/p>\n","protected":false},"excerpt":{"rendered":"<p>NDUE DEDAJ Qeverit\u00eb jan\u00eb gjithnj\u00eb n\u00eb testim, por ka teste e teste. K\u00ebt\u00eb qershor ka nj\u00eb test t\u00eb jasht\u00ebm p\u00ebr qeverin\u00eb shqiptare, q\u00eb \u00ebsht\u00eb hapja e negociatave p\u00ebr pranimin e vendit n\u00eb BE,<\/p>\n","protected":false},"author":1,"featured_media":0,"comment_status":"open","ping_status":"open","sticky":false,"template":"","format":"standard","meta":{"footnotes":""},"categories":[3],"tags":[],"class_list":["post-7344","post","type-post","status-publish","format-standard","hentry","category-politike"],"_links":{"self":[{"href":"https:\/\/revistakuvendi.org\/index.php?rest_route=\/wp\/v2\/posts\/7344","targetHints":{"allow":["GET"]}}],"collection":[{"href":"https:\/\/revistakuvendi.org\/index.php?rest_route=\/wp\/v2\/posts"}],"about":[{"href":"https:\/\/revistakuvendi.org\/index.php?rest_route=\/wp\/v2\/types\/post"}],"author":[{"embeddable":true,"href":"https:\/\/revistakuvendi.org\/index.php?rest_route=\/wp\/v2\/users\/1"}],"replies":[{"embeddable":true,"href":"https:\/\/revistakuvendi.org\/index.php?rest_route=%2Fwp%2Fv2%2Fcomments&post=7344"}],"version-history":[{"count":1,"href":"https:\/\/revistakuvendi.org\/index.php?rest_route=\/wp\/v2\/posts\/7344\/revisions"}],"predecessor-version":[{"id":7345,"href":"https:\/\/revistakuvendi.org\/index.php?rest_route=\/wp\/v2\/posts\/7344\/revisions\/7345"}],"wp:attachment":[{"href":"https:\/\/revistakuvendi.org\/index.php?rest_route=%2Fwp%2Fv2%2Fmedia&parent=7344"}],"wp:term":[{"taxonomy":"category","embeddable":true,"href":"https:\/\/revistakuvendi.org\/index.php?rest_route=%2Fwp%2Fv2%2Fcategories&post=7344"},{"taxonomy":"post_tag","embeddable":true,"href":"https:\/\/revistakuvendi.org\/index.php?rest_route=%2Fwp%2Fv2%2Ftags&post=7344"}],"curies":[{"name":"wp","href":"https:\/\/api.w.org\/{rel}","templated":true}]}}