{"id":7337,"date":"2018-06-15T23:41:13","date_gmt":"2018-06-15T23:41:13","guid":{"rendered":"http:\/\/revistakuvendi.org\/?p=7337"},"modified":"2018-06-15T23:41:13","modified_gmt":"2018-06-15T23:41:13","slug":"kurorezimi-i-punes-njevjecare","status":"publish","type":"post","link":"https:\/\/revistakuvendi.org\/?p=7337","title":{"rendered":"KUROR\u00cbZIMI I PUN\u00cbS NJ\u00cbVJE\u00c7ARE"},"content":{"rendered":"<p><strong>T\u00eb m\u00ebsosh gjuh\u00ebn shqipe \u00ebsht\u00eb nj\u00ebsoj si t\u00eb duash atdheun nga kemi ardhur. Sa m\u00eb shum\u00eb vite kalojn\u00eb aq m\u00eb shum\u00eb vlera do t\u00eb mar\u00eb kjo dashuri.<\/strong><\/p>\n<p>&nbsp;<\/p>\n<p><a href=\"http:\/\/revistakuvendi.org\/wp-content\/uploads\/2018\/06\/FILI-VLASH-1.png\"><img loading=\"lazy\" decoding=\"async\" class=\"alignleft size-medium wp-image-7339\" src=\"http:\/\/revistakuvendi.org\/wp-content\/uploads\/2018\/06\/FILI-VLASH-1-300x225.png\" alt=\"\" width=\"300\" height=\"225\" srcset=\"https:\/\/revistakuvendi.org\/wp-content\/uploads\/2018\/06\/FILI-VLASH-1-300x225.png 300w, https:\/\/revistakuvendi.org\/wp-content\/uploads\/2018\/06\/FILI-VLASH-1-768x576.png 768w, https:\/\/revistakuvendi.org\/wp-content\/uploads\/2018\/06\/FILI-VLASH-1.png 960w\" sizes=\"auto, (max-width: 300px) 100vw, 300px\" \/><\/a>\u00a0\u00a0\u00a0\u00a0\u00a0\u00a0Dhe erdhi qershori. \u00cbsht\u00eb muaj i ceremonive t\u00eb shumta n\u00eb mbyllje t\u00eb vitit shkollor; \u00cbsht\u00eb muaj q\u00eb m\u00eb tep\u00ebr se \u00e7do muaj tjet\u00ebr, sjell buz\u00ebqeshje n\u00eb fytyrat e nx\u00ebn\u00ebsve<!--more--> apo student\u00ebve. M\u00eb shum\u00eb e dukshme \u00ebsht\u00eb kjo n\u00eb nx\u00ebn\u00ebsit e viteve fillestare. G\u00ebzojn\u00eb f\u00ebmij\u00ebt se mbyll\u00ebn nj\u00eb vit shkollor, gjat\u00eb t\u00eb cilit shtuan dijet e tyre dhe me d\u00ebftesat n\u00eb duar, mbas pushimeve verore, jan\u00eb t\u00eb gatsh\u00ebm p\u00ebr tu regjistruar dhe vazhduar n\u00eb nj\u00eb nivel m\u00eb t\u00eb lart\u00eb se at\u00eb q\u00eb mbyll\u00ebn; G\u00ebzojn\u00eb m\u00ebsueset se pasioni dhe mundi i tyre nj\u00ebvje\u00e7ar, p\u00ebr t\u00eb transmetuar tek f\u00ebmij\u00ebt dijet, ka dh\u00ebn\u00eb rezultatet q\u00eb prisnin; G\u00ebzojn\u00eb prind\u00ebrit, se mundi i tyre, si investim q\u00eb ata b\u00ebjn\u00eb p\u00ebr f\u00ebmij\u00ebt, nuk shkoi d\u00ebm, por g\u00ebzojn\u00eb edhe drejtuesit apo organizator\u00ebt e shkoll\u00ebs, se rezultatet e f\u00ebmij\u00ebve jan\u00eb m\u00eb se t\u00eb dukshme.<br \/>\nK\u00ebshtu ndodhi edhe n\u00eb shkoll\u00ebn shqipe \u201cGjuha Jon\u00eb\u201d n\u00eb Filadelfia, q\u00eb organizohet dhe p\u00ebrkujdeset nga shoqata \u201cBijt\u00eb e Shqipes\u201d. \u00cbsht\u00eb i kat\u00ebrmb\u00ebdhjeti vit, q\u00eb n\u00eb k\u00ebt\u00eb muaj, festohet mbyllja e vitit shkollor. Ky festim b\u00ebhet me nj\u00eb ceremoni t\u00eb bukur dhe\u00a0\u00a0shum\u00eb kuptimplote.<br \/>\nDita e Diel\u00eb e 10 Qershorit ishte dita e mbylljes s\u00eb vitit shkollor 2017 \u2013 2018. N\u00eb k\u00ebt\u00eb dit\u00eb, f\u00ebmij\u00ebt erdh\u00ebn n\u00eb mjediset e Qendr\u00ebs Kulturore t\u00eb shoqat\u00ebs, ku gjat\u00eb gjith\u00eb vitit shkolla shqipe ka zhvilluar programet m\u00ebsimore sipas klasave, me tufa me lule n\u00eb duar, p\u00ebr m\u00ebsueset e tyre, si dhe me besimin se n\u00eb testimet q\u00eb do t\u00eb b\u00ebnin dhe me ato q\u00eb do t\u00eb tregonin, para m\u00ebsueseve, prind\u00ebrve, drejtuesve t\u00eb shoqat\u00ebs dhe an\u00ebtar\u00ebve t\u00eb tjer\u00eb t\u00eb komunitetit ton\u00eb, kan\u00eb marr\u00eb njohurit\u00eb e duhura n\u00eb m\u00ebsimin e gjuh\u00ebs shqipe.<br \/>\nAshtu filloi kjo dit\u00eb e fundvitit shkollor. Nx\u00ebn\u00ebsit t\u00eb ulur n\u00ebp\u00ebr bangat e klasave, ku u ul\u00ebn gjat\u00eb gjith\u00eb vitit, n\u00ebn\u00eb drejtimin e m\u00ebsueseve, b\u00ebn\u00eb testin p\u00ebrfundimtar. Sipas programit q\u00eb ka kjo shkoll\u00eb, nx\u00ebn\u00ebsit e klasave t\u00eb par\u00eb, t\u00eb dyt\u00eb e t\u00eb tret\u00eb, testohen n\u00eb diktim, kurse ata t\u00eb viteve t\u00eb kat\u00ebrt\u00eb e t\u00eb pest\u00eb, n\u00eb hartim, temat e t\u00eb cilave jan\u00eb t\u00eb lira dhe zgjidhen nga vet nx\u00ebn\u00ebsit.<br \/>\nM\u00ebsueset e k\u00ebsaj shkolle, Irini Zenelaj, Elvana Pone, Shpresa Rama dhe Raimonda Bardhi, si dhe n\u00ebn vrojtimin e an\u00ebtar\u00ebve t\u00eb k\u00ebshillit drejtues t\u00eb shoqat\u00ebs, u kujdes\u00ebn q\u00eb testimet t\u00eb zhvilloheshin sipas rregullave t\u00eb shkoll\u00ebs. Ishin p\u00ebrgatitur flet\u00eb testimet, me vul\u00ebn e shoqat\u00ebs, n\u00eb krye t\u00eb s\u00eb cilave, nx\u00ebn\u00ebsit shkruan emrin dhe mbiemrin, klas\u00ebn, vitin shkollor, dat\u00ebn dhe tem\u00ebn e testit. N\u00eb p\u00ebrfundim t\u00eb testimit, m\u00ebsueset b\u00ebn\u00eb vler\u00ebsimin p\u00ebr secilin nx\u00ebn\u00ebs dhe ato u dor\u00ebzuan n\u00eb sekretarin\u00eb e shoqat\u00ebs p\u00ebr t\u2019u ruajtur n\u00eb arkiv e dokumentave t\u00eb shkoll\u00ebs.<br \/>\nKjo ishte faza e par\u00eb e k\u00ebsaj dite t\u00eb mbylljes s\u00eb shkoll\u00ebs.<br \/>\nFaza e dyt\u00eb ishte ceremonia e mbylljes s\u00eb vitit shkollor.<br \/>\nRreth or\u00ebs 11.00 salla e veprimtarive n\u00eb Qendr\u00ebn Kulturore t\u00eb shoqat\u00ebs, u mbush plot e p\u00ebrplot. Prind\u00ebr, an\u00ebtar\u00eb t\u00eb shoqat\u00ebs \u201cBijt\u00eb e Shqipes\u201d dhe an\u00ebtar\u00eb t\u00eb tjer\u00eb t\u00eb Komunitetit Shqiptar n\u00eb Filadelfia, nj\u00eb pjes\u00eb e t\u00eb cil\u00ebve q\u00ebndruan edhe n\u00eb k\u00ebmb\u00eb, ndoq\u00ebn shfaqen q\u00eb kishin p\u00ebrgatitur f\u00ebmij\u00ebt e shkoll\u00ebs enkas p\u00ebr k\u00ebt\u00eb dit\u00eb, me recitime e k\u00ebng\u00eb t\u00eb zgjedhura, p\u00ebr t\u00eb treguar para tyre se sa kishin p\u00ebrparuar n\u00eb mesimin e gjuh\u00ebs shqipe.<br \/>\nHimni i Flamurit e \u00e7eli k\u00ebt\u00eb ceremoni. F\u00ebmij\u00eb e t\u00eb rritur t\u00eb ngritur n\u00eb k\u00ebmb\u00eb shoq\u00ebronin Himnin ton\u00eb. Pastaj, z. Tajar Domi, kryetar i radh\u00ebs i shoqat\u00ebs, pasi uroi, n\u00eb em\u00ebr t\u00eb k\u00ebshillit drejtues, t\u00eb gjith\u00eb pjesmarr\u00ebsit p\u00ebr mir\u00ebseardhjen n\u00eb k\u00ebt\u00eb ceremoni, falenderoi f\u00ebmij\u00ebt, m\u00ebsueset dhe prind\u00ebrit, p\u00ebr pun\u00ebn e madhe nj\u00ebvje\u00e7are t\u00eb b\u00ebr\u00eb n\u00eb k\u00ebt\u00eb shkoll\u00eb. Midis t\u00eb tjerave ai theksoi:<br \/>\n\u201cKaluan 14 vjet nga jeta e k\u00ebsaj shkolle dhe puna e f\u00ebmij\u00ebve, mesueseve dhe prind\u00ebrve, ka treguar se shkolla shqipe \u201cGjuha Jon\u00eb\u201d po ec\u00ebn n\u00eb rrug\u00eb t\u00eb mbar\u00eb. Vitet q\u00eb kaluan, num\u00ebri i nx\u00ebn\u00ebsve q\u00eb kan\u00eb mbaruar k\u00ebt\u00eb shkoll\u00eb si dhe cil\u00ebsia e t\u00eb p\u00ebrver\u00ebsuarit t\u00eb gjuh\u00ebs shqipe nga nx\u00ebn\u00ebsit, t\u00eb cil\u00ebt ata do e tregojn\u00eb edhe n\u00eb programin q\u00eb kan\u00eb p\u00ebrgatitur, e tregojn\u00eb m\u00eb s\u00eb miri k\u00ebt\u00eb mbar\u00ebsi\u201d<br \/>\nN\u00eb fund ai p\u00ebrfundoi me urimin: \u201cG\u00ebzuar fest\u00ebn e mbylljes s\u00eb vitit shkollor 2017-2018\u201d dhe ia la radh\u00ebn f\u00ebmij\u00ebve.<br \/>\nProgramin e filluan Bora, Danieli, Emma dhe Oria, nx\u00ebn\u00ebs t\u00eb klas\u00ebs s\u00eb par\u00eb. M\u00eb pas vazhduan, sipas programit, edhe kat\u00ebr grupet e tjera, Enisa, Aula, Sophia e Sameti t\u00eb klas\u00ebs s\u00eb dyt\u00eb, Blerimi, Enkela, Gracie, Klavel, Naula, Roeli, Emiliani, Arvini dhe Arti, nx\u00ebn\u00ebs t\u00eb klas\u00ebs s\u00eb tret\u00eb, Alissa, Aiden, Denjol, Elian dhe Vanesa, t\u00eb klas\u00ebs s\u00eb kat\u00ebrt\u00eb, si dhe Selma, Muhamet, Megi, Joana, Emma, Edvin, Arb\u00ebr, Andy, Amalia dhe Alba, t\u00eb klas\u00ebs s\u00eb pest\u00eb. Ata i k\u00ebnduan gjuh\u00ebs shqipe, alfabetit, abetares, shkoll\u00ebs, m\u00ebsueseve, flamurit, atdheut, Shqip\u00ebris\u00eb, prind\u00ebrve, n\u00ebn\u00ebs, gjyshes, zoqve, lul\u00ebkuqes, shqiponj\u00ebs, shokut, etj, etj. \u00c7do interpretim shoq\u00ebrohej me duartrokitje.<br \/>\nNdarjen midis grupeve t\u00eb klasave e b\u00ebnte grupi artistic i shkoll\u00ebs, me soliste Alba Sinani, t\u00eb p\u00ebrgatitur nga pedagogu i muzik\u00ebs Olsi Turtulli.<br \/>\nAlba Sinani, gjat\u00eb pes\u00eb vjet\u00ebve n\u00eb shkoll\u00ebn shqipe ka qen\u00eb vazhdimisht soliste e grupit artistik t\u00eb shkoll\u00ebs. E shoq\u00ebruar nga grupi artistik, n\u00eb k\u00ebng\u00ebn \u201cFluturo shqiponj\u00eb\u201d, tregoi nivel mjaft t\u00eb lart\u00eb. Z\u00ebri i saj bu\u00e7iti n\u00eb sall\u00eb. T\u00eb pranishmit, jo vet\u00ebm q\u00eb e duartrokit\u00ebn shum\u00eb at\u00eb, por edhe e uronin: \u201cBravo Alba\u201d. Ajo ka marr\u00eb pjes\u00eb, e shoq\u00ebruar nga i gjith\u00eb gupi, edhe n\u00eb festivalet e f\u00ebmij\u00ebve n\u00eb Nju Jork, ku ka marr\u00eb vler\u00ebsime nga zhurit\u00eb e k\u00ebtyre festivaleve. Ky grup mbylli edhe programin me k\u00ebng\u00ebn e gjyshes.<br \/>\nPastaj e pat\u00ebn radh\u00ebn dy an\u00ebtar\u00eb t\u00eb k\u00ebshillit drejtues t\u00eb shoqat\u00ebs, t\u00eb cil\u00ebt b\u00ebjn\u00eb \u00e7do vit dhurime, Sadik Elshani, p\u00ebr nx\u00ebn\u00ebsen e hartimit m\u00eb t\u00eb mir\u00eb dhe Petrit Zanaj, p\u00ebr nx\u00ebn\u00ebsen me frekuentim m\u00eb t\u00eb mir\u00eb t\u00eb klas\u00ebs s\u00eb par\u00eb.<br \/>\nNd\u00ebrsa p\u00ebr rastin e dyt\u00eb, zgjedhja ishte m\u00eb e leht\u00eb dhe fituese ishte nx\u00ebn\u00ebsja Bora Vladi, p\u00ebr rastin e par\u00eb ishte m\u00eb e v\u00ebshtir\u00eb, mbasi ishin disa hartime mjaft t\u00eb mira, si ai i Joana Meminaj, i Edvin Qimami apo ai i Megi Billa, q\u00eb dalloheshin shum\u00eb pak nga nj\u00ebri-tjetri. N\u00eb p\u00ebrfundim hartimi m\u00eb i mir\u00eb u zgjodh ai i nx\u00ebn\u00ebses Joana Meminaj. Si shp\u00ebrblim, t\u00eb dy fitueset mor\u00ebn nj\u00eb shp\u00ebrblim prej $50.<br \/>\nHartimi i nx\u00ebn\u00ebses Joana Maminaj t\u00eb emociononte, t\u00eb mbushte me g\u00ebzim qysh n\u00eb pamjen e par\u00eb. Sapo e shihje at\u00eb hartim e m\u00eb pas kur e lexoje nuk kishe si t\u00eb mos ta p\u00ebrg\u00ebzoj\u00eb k\u00ebt\u00eb vajz\u00eb. Tema e hartimit ishte: \u201cPushimet verore\u201d dhe ja si e vler\u00ebsonte m\u00ebsuesja e saj znj. Raimonda Bardhi.<br \/>\n\u201cP\u00ebrshkrimi i hartimit t\u00eb gjall emocione mbasi tregon veprimtarin\u00eb q\u00eb do t\u00eb kryej. Drejt\u00ebshkrimi i fjal\u00ebve dhe lidhja llogjike e tyre, tregojn\u00eb nj\u00eb arritje t\u00eb lart\u00eb n\u00eb nivelin m\u00ebsimor. Asnj\u00eb gabim drejt\u00ebshkrimi, fonetik dhe ortografik. Bukurshkrimi i saj \u00ebsht\u00eb i p\u00ebrsosur\u201d<br \/>\nPastaj u kalua n\u00eb sh\u00ebrndarjen e d\u00ebftesave. Sekretari i shoqat\u00ebs b\u00ebri t\u00eb ditur se \u00e7far\u00eb p\u00ebrmbante zarfi i secilit nx\u00ebn\u00ebs: d\u00ebftesa me rezultatet p\u00ebrfundimtare, nj\u00eb vler\u00ebsim p\u00ebr nx\u00ebn\u00ebsit q\u00eb kan\u00eb p\u00ebrfunduar me nota maksimale n\u00eb t\u00eb gjtha l\u00ebnd\u00ebt, nj\u00eb \u00e7ek, si dhurat\u00eb nga shoqata, p\u00ebr nx\u00ebn\u00ebsin m\u00eb t\u00eb mir\u00eb t\u00eb \u00e7do klase, si dhe d\u00ebshmija e p\u00ebrfundimit t\u00eb ciklit 5vje\u00e7ar n\u00eb k\u00ebt\u00eb shkoll\u00eb, p\u00ebr nx\u00ebn\u00ebsit e vitit t\u00eb pest\u00eb.<br \/>\nEmocione pati edhe shp\u00ebrndarja e d\u00ebftesave, mbasi nx\u00ebnsit, uleshin n\u00eb gjunj\u00eb para flamurit ton\u00eb, e puthnin at\u00eb dhe e vinin n\u00eb ball, mbasandej merrnin d\u00ebftes\u00ebn, veprim ky q\u00eb \u00ebsht\u00eb b\u00ebr\u00eb tashm\u00eb tradicional n\u00eb ceremonin\u00eb e p\u00ebrfundimit t\u00eb vitit shkollor.<br \/>\nN\u00eb p\u00ebrfundim t\u00eb k\u00ebtij festimi urimi: \u201cPushime verore t\u00eb mbara dhe mirupafshim n\u00eb shtator\u201d.<br \/>\nPiza party e mbylli k\u00ebt\u00eb festim.<\/p>\n<p><strong>\u00a0Vlashi Fili\u00a0\u00a0\u00a0\u00a0\u00a0\u00a0<\/strong><br \/>\nFiladelfia, 11 Qershor 2018<\/p>\n","protected":false},"excerpt":{"rendered":"<p>T\u00eb m\u00ebsosh gjuh\u00ebn shqipe \u00ebsht\u00eb nj\u00ebsoj si t\u00eb duash atdheun nga kemi ardhur. Sa m\u00eb shum\u00eb vite kalojn\u00eb aq m\u00eb shum\u00eb vlera do t\u00eb mar\u00eb kjo dashuri. &nbsp; \u00a0\u00a0\u00a0\u00a0\u00a0\u00a0Dhe erdhi qershori. \u00cbsht\u00eb muaj i ceremonive t\u00eb shumta n\u00eb mbyllje t\u00eb vitit shkollor; \u00cbsht\u00eb muaj q\u00eb m\u00eb tep\u00ebr se \u00e7do muaj tjet\u00ebr, sjell buz\u00ebqeshje n\u00eb fytyrat&hellip;<\/p>\n","protected":false},"author":1,"featured_media":7338,"comment_status":"open","ping_status":"open","sticky":false,"template":"","format":"standard","meta":{"footnotes":""},"categories":[12],"tags":[],"class_list":["post-7337","post","type-post","status-publish","format-standard","has-post-thumbnail","hentry","category-jete-komuniteti"],"_links":{"self":[{"href":"https:\/\/revistakuvendi.org\/index.php?rest_route=\/wp\/v2\/posts\/7337","targetHints":{"allow":["GET"]}}],"collection":[{"href":"https:\/\/revistakuvendi.org\/index.php?rest_route=\/wp\/v2\/posts"}],"about":[{"href":"https:\/\/revistakuvendi.org\/index.php?rest_route=\/wp\/v2\/types\/post"}],"author":[{"embeddable":true,"href":"https:\/\/revistakuvendi.org\/index.php?rest_route=\/wp\/v2\/users\/1"}],"replies":[{"embeddable":true,"href":"https:\/\/revistakuvendi.org\/index.php?rest_route=%2Fwp%2Fv2%2Fcomments&post=7337"}],"version-history":[{"count":1,"href":"https:\/\/revistakuvendi.org\/index.php?rest_route=\/wp\/v2\/posts\/7337\/revisions"}],"predecessor-version":[{"id":7340,"href":"https:\/\/revistakuvendi.org\/index.php?rest_route=\/wp\/v2\/posts\/7337\/revisions\/7340"}],"wp:featuredmedia":[{"embeddable":true,"href":"https:\/\/revistakuvendi.org\/index.php?rest_route=\/wp\/v2\/media\/7338"}],"wp:attachment":[{"href":"https:\/\/revistakuvendi.org\/index.php?rest_route=%2Fwp%2Fv2%2Fmedia&parent=7337"}],"wp:term":[{"taxonomy":"category","embeddable":true,"href":"https:\/\/revistakuvendi.org\/index.php?rest_route=%2Fwp%2Fv2%2Fcategories&post=7337"},{"taxonomy":"post_tag","embeddable":true,"href":"https:\/\/revistakuvendi.org\/index.php?rest_route=%2Fwp%2Fv2%2Ftags&post=7337"}],"curies":[{"name":"wp","href":"https:\/\/api.w.org\/{rel}","templated":true}]}}