{"id":7331,"date":"2018-06-14T18:26:42","date_gmt":"2018-06-14T18:26:42","guid":{"rendered":"http:\/\/revistakuvendi.org\/?p=7331"},"modified":"2018-06-14T18:26:42","modified_gmt":"2018-06-14T18:26:42","slug":"pas-63-vjetesh-takohen-ne-kafe-kuvendi","status":"publish","type":"post","link":"https:\/\/revistakuvendi.org\/?p=7331","title":{"rendered":"PAS 63 VJET\u00cbSH TAKOHEN NE KAFE KUVENDI"},"content":{"rendered":"<p><strong>Pjeter Jaku<\/strong><\/p>\n<p><a href=\"http:\/\/revistakuvendi.org\/wp-content\/uploads\/2018\/06\/syziu-ne-fill-te-tex.png\"><img loading=\"lazy\" decoding=\"async\" class=\"alignleft size-medium wp-image-7333\" src=\"http:\/\/revistakuvendi.org\/wp-content\/uploads\/2018\/06\/syziu-ne-fill-te-tex-225x300.png\" alt=\"\" width=\"225\" height=\"300\" srcset=\"https:\/\/revistakuvendi.org\/wp-content\/uploads\/2018\/06\/syziu-ne-fill-te-tex-225x300.png 225w, https:\/\/revistakuvendi.org\/wp-content\/uploads\/2018\/06\/syziu-ne-fill-te-tex.png 336w\" sizes=\"auto, (max-width: 225px) 100vw, 225px\" \/><\/a>Ndue Deda dhe Nikoll\u00eb Syziu takohen pas 63 vjet\u00ebsh te Kafe KUVENDI, nd\u00ebrsa Pjet\u00ebr Toma disa vite ma shum\u00eb pa u pa me Nikoll\u00ebn dhe, krejt papritur<!--more--> e takoj para tre muajsh, po te Kafe KUVENDI, ku Nikolli pi kafen, me fare pak fernet, pothuajse \u00e7do dit\u00eb.<\/p>\n<p>Pjetri, Nikolla dhe Ndoja, t\u00eb tre t\u00eb p\u00ebrsekutuar nga regjimi komunist dhe t\u00eb ndar\u00eb, n\u00ebp\u00ebr burgje e vuajtje, kur prej dekadash nuk dinin asgj\u00eb p\u00ebr nj\u00ebri-tjetrin. Pjetri dhe Nikolla ishin ndar\u00eb nga Jetimorja ( Sht\u00ebpia e f\u00ebmij\u00ebve n\u00eb Shkod\u00ebr), aty rreth vitit 50-t\u00eb shekullit t\u00eb shkuar, kurse Ndoj me Nikollen u ndan\u00eb n\u00eb vitin 1955, nga Konvikti i njohur \u201c Tom\u00eb Kola\u201d i Shkodr\u00ebs. Si me shaka,- thot\u00eb Ndoj, p\u00ebr Nikollin: \u201c Isha tri klas\u00eb pas Nikoll\u00ebs, por m\u00eb dukej m\u00eb i madhi i shkoll\u00ebs dhe e shihja me adhurim, si tip, por dhe nd\u00ebr m\u00eb t\u00eb\u00a0 hijshmit e krejt konviktit.\u201d<\/p>\n<p>Pas konviktit, Nikolla\u00a0 vazhdoi ish Shkoll\u00ebn Teknike Amerikane t\u00eb Tiran\u00ebs \u201c Harri Fultz\u201d, ku partia komuniste i vuri emrin \u201c Politeknikumi 7 N\u00ebndori\u201d, n\u00eb deg\u00ebn elektrike, ku edhe punoi deri n\u00eb pension ( kuptohet pas lirimit nga burgu ), me ndihm\u00ebn q\u00eb i dha Dod\u00eb Gjika, Kryetar i Komitetit Ekzekutiv t\u00eb Lezh\u00ebs, nj\u00eb nga kudarot m\u00eb t\u00eb nderuar t\u00eb k\u00ebtij rrethi.<\/p>\n<p>N\u00eb shkoll\u00ebn teknike , n\u00eb vitin e fundit, pak para s\u00eb t\u00eb diplomohej, arrestohet p\u00ebr \u201cdashuri amerikane\u201d, i paditur nga Abdulla Metani p\u00ebr tentativ\u00eb arratisje, si dhe \u00a0th\u00ebnien \u201c Amerika asht parajsa e bot\u00ebs\u201d, t\u00eb cil\u00ebn Nikolla nuk e mohoi, as n\u00eb gjyq. \u201c Kam than\u00eb dhe ashtu asht.\u201d- kishte deklaruar Nikolla edhe n\u00eb sall\u00ebn e gjyqit, duke marr\u00eb denimin maksimal dhjet\u00eb vjet, edhe pse n\u00eb mosh\u00eb t\u00eb re.<\/p>\n<p>Vitet e burgut, Nikolla i bani n\u00eb Spa\u00e7, Tiran\u00eb dhe n\u00eb k\u00ebneten e T\u00ebrbufit.<\/p>\n<p>Edhe fati i Ndoit nuk qe i mir\u00eb, pasi me martesen e vajz\u00ebs s\u00eb\u00a0 \u201creaksionarit\u201d Gjon Gjinaj, i cili ishte n\u00eb Amerik\u00eb, e heqin nga puna dhe e shohin p\u00ebrher\u00eb me sy t\u00eb keq. Me aft\u00ebsit\u00eb e tij kishte arrit\u00eb t\u00eb bahej officer, por tani, n\u00eb mosh\u00eb t\u00eb re, detyrohet t\u00eb b\u00ebj pun\u00eb t\u00eb r\u00ebndomta.<\/p>\n<p><a href=\"http:\/\/revistakuvendi.org\/wp-content\/uploads\/2018\/06\/syziu-ne-text.png\"><img loading=\"lazy\" decoding=\"async\" class=\"alignleft size-medium wp-image-7334\" src=\"http:\/\/revistakuvendi.org\/wp-content\/uploads\/2018\/06\/syziu-ne-text-225x300.png\" alt=\"\" width=\"225\" height=\"300\" srcset=\"https:\/\/revistakuvendi.org\/wp-content\/uploads\/2018\/06\/syziu-ne-text-225x300.png 225w, https:\/\/revistakuvendi.org\/wp-content\/uploads\/2018\/06\/syziu-ne-text.png 336w\" sizes=\"auto, (max-width: 225px) 100vw, 225px\" \/><\/a><\/p>\n<p>Pjet\u00ebr Toma, i rritur n\u00eb\u00a0 Jetimore, me baban\u00eb e vrar\u00eb n\u00eb Luft\u00ebn Italo Greke, si pjes\u00ebmarr\u00ebs Batalionin \u201c Taraboshi\u201d, me 16 N\u00ebn\u00ebdor 1940, pati nj\u00eb jet\u00eb t\u00eb v\u00ebshtir\u00eb. I p\u00ebrplasur n\u00ebp\u00ebr burgje dhe internime, jeta i m\u00ebsoi shum\u00eb, edhe pse jetim n\u00eb mosh\u00eb t\u00eb re. P\u00ebr nga pamja, duket si m\u00eb i riu nd\u00ebr ta. Duke par\u00eb Nikoll\u00ebn, vjen n\u00eb p\u00ebrfundimin e drejt\u00eb, se <strong><em>nuk jan\u00eb vitet ato q\u00eb t\u00eb plakin, plakja vjen nga vuajtjet!<\/em><\/strong> Tek d\u00ebgjon rr\u00ebfimet e Nikoll\u00ebs, se si ia kan\u00eb \u201cshp\u00ebrblyer\u201d mosbindjen p\u00ebr t\u00eb punuar, n\u00ebp\u00ebr burgjet, ku e vuajti d\u00ebnimin.<\/p>\n<p>S\u2019ishte vet\u00ebm nj\u00eb surpriz\u00eb e kanshme, takimi i sot\u00ebm, por ishte nj\u00eb befasi q\u00eb t\u00eb rikthen kujtimet, si nj\u00eb and\u00ebrr e bukur, e nj\u00eb nate t\u00eb nxeht\u00eb qershori. K\u00ebshtu \u00ebsht\u00eb , kur padrejt\u00ebsia shp\u00ebrblehet me jet\u00ebn e mir\u00eb q\u00eb ata kan\u00eb sot. Familje t\u00eb mira dhe sh\u00ebndet t\u00eb mir\u00eb. \u201cNuk ka m\u00eb mir\u00eb se kaq\u201d,- thot\u00eb Ndoi, tek po ndaheshin p\u00ebr t\u2019u ritakuar prap\u00eb. Sht\u00ebrngimi i duarve sot peshonte sa 63 vite t\u00eb \u201chumbur\u201d.<\/p>\n","protected":false},"excerpt":{"rendered":"<p>Pjeter Jaku Ndue Deda dhe Nikoll\u00eb Syziu takohen pas 63 vjet\u00ebsh te Kafe KUVENDI, nd\u00ebrsa Pjet\u00ebr Toma disa vite ma shum\u00eb pa u pa me Nikoll\u00ebn dhe, krejt papritur<\/p>\n","protected":false},"author":1,"featured_media":7332,"comment_status":"open","ping_status":"open","sticky":false,"template":"","format":"standard","meta":{"footnotes":""},"categories":[11],"tags":[],"class_list":["post-7331","post","type-post","status-publish","format-standard","has-post-thumbnail","hentry","category-publicistike"],"_links":{"self":[{"href":"https:\/\/revistakuvendi.org\/index.php?rest_route=\/wp\/v2\/posts\/7331","targetHints":{"allow":["GET"]}}],"collection":[{"href":"https:\/\/revistakuvendi.org\/index.php?rest_route=\/wp\/v2\/posts"}],"about":[{"href":"https:\/\/revistakuvendi.org\/index.php?rest_route=\/wp\/v2\/types\/post"}],"author":[{"embeddable":true,"href":"https:\/\/revistakuvendi.org\/index.php?rest_route=\/wp\/v2\/users\/1"}],"replies":[{"embeddable":true,"href":"https:\/\/revistakuvendi.org\/index.php?rest_route=%2Fwp%2Fv2%2Fcomments&post=7331"}],"version-history":[{"count":1,"href":"https:\/\/revistakuvendi.org\/index.php?rest_route=\/wp\/v2\/posts\/7331\/revisions"}],"predecessor-version":[{"id":7335,"href":"https:\/\/revistakuvendi.org\/index.php?rest_route=\/wp\/v2\/posts\/7331\/revisions\/7335"}],"wp:featuredmedia":[{"embeddable":true,"href":"https:\/\/revistakuvendi.org\/index.php?rest_route=\/wp\/v2\/media\/7332"}],"wp:attachment":[{"href":"https:\/\/revistakuvendi.org\/index.php?rest_route=%2Fwp%2Fv2%2Fmedia&parent=7331"}],"wp:term":[{"taxonomy":"category","embeddable":true,"href":"https:\/\/revistakuvendi.org\/index.php?rest_route=%2Fwp%2Fv2%2Fcategories&post=7331"},{"taxonomy":"post_tag","embeddable":true,"href":"https:\/\/revistakuvendi.org\/index.php?rest_route=%2Fwp%2Fv2%2Ftags&post=7331"}],"curies":[{"name":"wp","href":"https:\/\/api.w.org\/{rel}","templated":true}]}}