{"id":7320,"date":"2018-06-12T23:45:02","date_gmt":"2018-06-12T23:45:02","guid":{"rendered":"http:\/\/revistakuvendi.org\/?p=7320"},"modified":"2018-06-13T12:21:32","modified_gmt":"2018-06-13T12:21:32","slug":"mbremje-leximesh-te-kuvendi","status":"publish","type":"post","link":"https:\/\/revistakuvendi.org\/?p=7320","title":{"rendered":"Mbremje leximesh te KUVENDI"},"content":{"rendered":"<p>ALBANIAN AMERICAN CENTER \u201c KUVENDI\u201d (AACK ), n\u00eb t\u00eb cilen p\u00ebrfshihet edhe Revista \u201c Kuvendi\u201d , me dat\u00ebn 17 qershor 2018, dit\u00ebn e e diel\u00eb, n\u00eb KAFE \u201cKUVENDI\u201d organizohet Mbr\u00ebmja e leximeve, tashm\u00eb nj\u00eb tradit\u00eb e shtuar n\u00eb veprimtarit\u00eb tona, me poeten e njohur ILIRIANA SULKUQI, n\u00eb qend\u00ebr t\u00eb veprimtaris\u00eb.<!--more--> Poetja do t\u00eb jet\u00eb e pranishme edhe me nj\u00eb triologji poetike t\u00eb poet\u00ebve q\u00eb na kan\u00eb l\u00ebn\u00eb fizikisht, si: Frederik Reshpja, Ndoc Gjetja dhe Betim Mu\u00e7o. N\u00eb programin e k\u00ebsaj Mbr\u00ebmje leximesh, do t\u00eb lexohet e do t\u00eb flitet p\u00ebr krijimtarin\u00eb e Ilirianes, e njohur si \u201cPoetja e dashuris\u00eb\u201d, si dhe krijime nga Univerrsi Krijues i disa poet\u00ebve e shkrimtar\u00ebve q\u00eb, fizikisht na kan\u00eb l\u00ebn\u00eb. P\u00ebr k\u00ebt\u00eb , poetja Iliriana Sulkuqi, ka botuar n\u00eb vazhdim t\u00eb kolan\u00ebs: \u201cKujtes\u00eb\u201d edhe lib\u00ebrthat antologjik\u00eb me krijimtarin\u00eb m\u00eb t\u00eb mir\u00eb nga Frederik Reshpja, Ndoc Gjetja, Betim Mu\u00e7o, Murat Isaku, Milianov Kallupi&#8230;.Ve\u00e7 k\u00ebsaj, poetja do t\u00eb k\u00ebt\u00eb edhe nj\u00eb kalendar Kujtese, me Autor\u00eb t\u00eb Fjal\u00ebs s\u00eb Shkruar, Art, Kultur\u00eb, Shkenc\u00eb, Pedagogji.<\/p>\n<p><a href=\"http:\/\/revistakuvendi.org\/wp-content\/uploads\/2018\/06\/Ilirjana-sulkuqi.jpg\"><img loading=\"lazy\" decoding=\"async\" class=\"alignleft size-medium wp-image-7322\" src=\"http:\/\/revistakuvendi.org\/wp-content\/uploads\/2018\/06\/Ilirjana-sulkuqi-300x225.jpg\" alt=\"\" width=\"300\" height=\"225\" srcset=\"https:\/\/revistakuvendi.org\/wp-content\/uploads\/2018\/06\/Ilirjana-sulkuqi-300x225.jpg 300w, https:\/\/revistakuvendi.org\/wp-content\/uploads\/2018\/06\/Ilirjana-sulkuqi.jpg 640w\" sizes=\"auto, (max-width: 300px) 100vw, 300px\" \/><\/a><\/p>\n<p>Mbremja e leximeve t\u00eb k\u00ebti muaji, fillon n\u00eb or\u00ebn 8:30 Pm.<\/p>\n<p>Ftohen krijuesit dhe dashamir\u00ebsit e poezis\u00eb s\u00eb Ilirianes dhe poet\u00ebve q\u00eb do t\u00eb kujtojm\u00eb, t\u00eb jen\u00eb t\u00eb pranish\u00ebm .<\/p>\n<p><strong><em>K\u00ebshilli Botues i Revistes \u201cKuvendi\u201d<\/em><\/strong><\/p>\n","protected":false},"excerpt":{"rendered":"<p>ALBANIAN AMERICAN CENTER \u201c KUVENDI\u201d (AACK ), n\u00eb t\u00eb cilen p\u00ebrfshihet edhe Revista \u201c Kuvendi\u201d , me dat\u00ebn 17 qershor 2018, dit\u00ebn e e diel\u00eb, n\u00eb KAFE \u201cKUVENDI\u201d organizohet Mbr\u00ebmja e leximeve, tashm\u00eb nj\u00eb tradit\u00eb e shtuar n\u00eb veprimtarit\u00eb tona, me poeten e njohur ILIRIANA SULKUQI, n\u00eb qend\u00ebr t\u00eb veprimtaris\u00eb.<\/p>\n","protected":false},"author":1,"featured_media":7326,"comment_status":"open","ping_status":"open","sticky":false,"template":"","format":"standard","meta":{"footnotes":""},"categories":[5],"tags":[],"class_list":["post-7320","post","type-post","status-publish","format-standard","has-post-thumbnail","hentry","category-letersi"],"_links":{"self":[{"href":"https:\/\/revistakuvendi.org\/index.php?rest_route=\/wp\/v2\/posts\/7320","targetHints":{"allow":["GET"]}}],"collection":[{"href":"https:\/\/revistakuvendi.org\/index.php?rest_route=\/wp\/v2\/posts"}],"about":[{"href":"https:\/\/revistakuvendi.org\/index.php?rest_route=\/wp\/v2\/types\/post"}],"author":[{"embeddable":true,"href":"https:\/\/revistakuvendi.org\/index.php?rest_route=\/wp\/v2\/users\/1"}],"replies":[{"embeddable":true,"href":"https:\/\/revistakuvendi.org\/index.php?rest_route=%2Fwp%2Fv2%2Fcomments&post=7320"}],"version-history":[{"count":3,"href":"https:\/\/revistakuvendi.org\/index.php?rest_route=\/wp\/v2\/posts\/7320\/revisions"}],"predecessor-version":[{"id":7325,"href":"https:\/\/revistakuvendi.org\/index.php?rest_route=\/wp\/v2\/posts\/7320\/revisions\/7325"}],"wp:featuredmedia":[{"embeddable":true,"href":"https:\/\/revistakuvendi.org\/index.php?rest_route=\/wp\/v2\/media\/7326"}],"wp:attachment":[{"href":"https:\/\/revistakuvendi.org\/index.php?rest_route=%2Fwp%2Fv2%2Fmedia&parent=7320"}],"wp:term":[{"taxonomy":"category","embeddable":true,"href":"https:\/\/revistakuvendi.org\/index.php?rest_route=%2Fwp%2Fv2%2Fcategories&post=7320"},{"taxonomy":"post_tag","embeddable":true,"href":"https:\/\/revistakuvendi.org\/index.php?rest_route=%2Fwp%2Fv2%2Ftags&post=7320"}],"curies":[{"name":"wp","href":"https:\/\/api.w.org\/{rel}","templated":true}]}}