{"id":7107,"date":"2018-01-22T20:01:45","date_gmt":"2018-01-22T20:01:45","guid":{"rendered":"http:\/\/revistakuvendi.org\/?p=7107"},"modified":"2018-01-22T20:01:45","modified_gmt":"2018-01-22T20:01:45","slug":"cduhet-te-dime-per-skenderbeun-pas-550-vitesh-mungese","status":"publish","type":"post","link":"https:\/\/revistakuvendi.org\/?p=7107","title":{"rendered":"\u00c7\u2019duhet t\u00eb dim\u00eb p\u00ebr Sk\u00ebnderbeun pas 550 vitesh mungese?"},"content":{"rendered":"<p>Vilhelme Vrana Haxhiraj<\/p>\n<p><strong>\u00a0<\/strong><\/p>\n<p><strong><em>\u00c7\u2019duhet t\u00eb dim\u00eb p\u00ebr Sk\u00ebnderbeun pas 550 vitesh mungese?<\/em><\/strong><\/p>\n<h4>\u00a0\u00a0\u00a0\u00a0\u00a0\u00a0\u00a0\u00a0\u00a0\u00a0\u00a0\u00a0\u00a0\u00a0\u00a0\u00a0\u00a0\u00a0\u00a0\u00a0\u00a0\u00a0\u00a0\u00a0\u00a0\u00a0\u00a0\u00a0 \u00a0\u00a0\u00a0\u00a0\u00a0\u00a0\u00a0\u00a0\u00a0\u00a0\u00a0\u00a0\u00a0\u00a0\u00a0\u00a0\u00a0\u00a0\u00a0\u00a0Fragment nga dor\u00ebshkrimi\u201d Elitat jan\u00eb krenari Komb\u00ebtare\u201d<\/h4>\n<h4><\/h4>\n<h4>\u00a0\u00a0\u00a0\u00a0\u00a0\u00a0\u00a0\u00a0\u00a0\u00a0\u00a0\u00a0\u00a0\u00a0\u00a0\u00a0\u00a0\u00a0\u00a0\u00a0\u00a0\u00a0\u00a0\u00a0\u00a0\u00a0\u00a0\u00a0 \u201cNuk \u00ebsht\u00eb sip\u00ebrfaqja e vendit ajo q\u00eb b\u00ebn nj\u00eb fron t\u00eb respektuesh\u00ebm,<\/h4>\n<h4>\u00a0\u00a0\u00a0\u00a0\u00a0\u00a0\u00a0\u00a0\u00a0\u00a0\u00a0\u00a0\u00a0\u00a0\u00a0\u00a0\u00a0\u00a0\u00a0\u00a0\u00a0\u00a0\u00a0\u00a0\u00a0\u00a0\u00a0\u00a0\u00a0\u00a0\u00a0\u00a0\u00a0\u00a0\u00a0 \u00a0\u00a0\u00a0por aft\u00ebsia e atij q\u00eb ulet mbi t\u00eb<em>.\u201d Gjergj Kastiot Sk\u00ebnderbeu.<\/em><\/h4>\n<p><!--more--><\/p>\n<p><strong><em>\u00a0<\/em><\/strong><\/p>\n<p><em><a href=\"http:\/\/revistakuvendi.org\/wp-content\/uploads\/2016\/11\/vilhelme.png\" rel=\"attachment wp-att-6380\"><img loading=\"lazy\" decoding=\"async\" class=\"alignleft size-medium wp-image-6380\" src=\"http:\/\/revistakuvendi.org\/wp-content\/uploads\/2016\/11\/vilhelme-201x300.png\" alt=\"vilhelme\" width=\"201\" height=\"300\" srcset=\"https:\/\/revistakuvendi.org\/wp-content\/uploads\/2016\/11\/vilhelme-201x300.png 201w, https:\/\/revistakuvendi.org\/wp-content\/uploads\/2016\/11\/vilhelme.png 210w\" sizes=\"auto, (max-width: 201px) 100vw, 201px\" \/><\/a>Vilhelme Vrana Haxhiraj\u201dMjeshtre e Madhe e Pen\u00ebs\u201d<\/em><\/p>\n<p><em>\u00a0<\/em><\/p>\n<p>\u00c7do komb ka nj\u00eb Hero Komb\u00ebtar. Por rrall\u00eb i ndodh nj\u00eb vendi t\u00eb vog\u00ebl si Shqip\u00ebria t\u00eb ket\u00eb p\u00ebr t\u00eb till\u00eb, nj\u00eb figur\u00eb si Gjergj Kastriot Sk\u00ebnderbeu. Gj.Kastrioti lindi n\u00eb Dib\u00ebr, m\u00eb 6 maj 1405. Vdiq n\u00eb qytetin e Lezh\u00ebs, m\u00eb 17 janar1468. M\u00eb 17 Janar 2018 \u00ebsht\u00eb 550 vjetori\u00a0 i vdekjes s\u00eb heroit ton\u00eb komb\u00ebtar, Gj. K. Sk\u00ebnderbeut, t\u00eb cilin e kujtojm\u00eb me veneracion p\u00ebr heroizmin q\u00eb tregoi p\u00ebr kombin dhe m\u00eb gjer\u00eb. N\u00eb m\u00ebsymjen e Perandoris\u00eb Osmane n\u00eb brend\u00ebsi t\u00eb Europ\u00ebs, ishte djali i\u00a0<a href=\"https:\/\/sq.wikipedia.org\/wiki\/Gjon_Kastrioti\">Gjon Kastriotit<\/a> dhe Vojsav\u00ebs,\u00a0Gjergji,f\u00ebmija i fundit midis 4 djemve dhe 5 vajzave. E mor\u00ebn peng pas thyerjes s\u00eb t\u00eb atit nga Sulltan Murati m\u00eb\u00a0<a href=\"https:\/\/sq.wikipedia.org\/wiki\/1421\">1421<\/a>\u00a0dhe u d\u00ebrgua n\u00eb oborrin e tij n\u00eb\u00a0<a href=\"https:\/\/sq.wikipedia.org\/wiki\/Adrianopoj%C3%AB\">Adrianopoj\u00eb<\/a>.N\u00eb Stamboll studioi artin ushtarak. Ishte njoh\u00ebs i gjuh\u00ebs osmane, latine e shqipe dhe shkruante n\u00eb k\u00ebto gjuh\u00eb. Gjithashtu dallohej p\u00ebr nj\u00eb oratori t\u00eb lindur. Zgjuarsia dhe shkatht\u00ebsia e \u00e7uan Gjergjin n\u00eb shkoll\u00ebn e sulltanit (<a href=\"https:\/\/sq.wikipedia.org\/w\/index.php?title=I%C3%A7ogllan%C3%ABve&amp;action=edit&amp;redlink=1\">i\u00e7ogllan\u00ebve<\/a>),e cila p\u00ebrgatiste komandant\u00eb e n\u00ebpun\u00ebs.P\u00ebr dhuntit\u00eb e tij mendore e fizike, mori emrin\u00a0<a href=\"https:\/\/sq.wikipedia.org\/w\/index.php?title=Isk%C3%ABnder&amp;action=edit&amp;redlink=1\">Isk\u00ebnder<\/a>\u00a0(<a href=\"https:\/\/sq.wikipedia.org\/w\/index.php?title=Aleksand%C3%ABr&amp;action=edit&amp;redlink=1\">Aleksand\u00ebr<\/a>).<\/p>\n<p>Sk\u00ebnderbeu \u00ebsht\u00eb figura m\u00eb e shquar n\u00eb historin\u00eb e Shqip\u00ebris\u00eb.<\/p>\n<p>Gjergj Kastrioti u martua me t\u00eb bij\u00ebn e Princ Gjergj Arianitit, Donika Arianitin e cila doli nuse nga Kanina( Vlor\u00eb, martes\u00eb q\u00eb mund\u00ebsoi bashkimin e princ\u00ebrve shqiptar\u00eb t\u00eb p\u00ebr\u00e7ar\u00eb e n\u00eb grindje me nj\u00ebri-tjetrin. Kjo martes\u00eb u arrit fal diplomacis\u00eb s\u00eb Gjergj Arianitit.<\/p>\n<p>Vlera m\u00eb e lart\u00eb e tij ndaj kombit, \u00ebsht\u00eb se p\u00ebr 25 vjet ai mbajti larg Shqip\u00ebris\u00eb ushtrin\u00eb turke, duke e thyer thuajse n\u00eb \u00e7do betej\u00eb<\/p>\n<p>Gjergj Kastriot mban titullin Hero Komb\u00ebtar q\u00eb nga viti 1965, titulli m\u00eb i lart\u00eb dhe i vet\u00ebm q\u00eb mban nj\u00eb shqiptar p\u00ebr vlerat komb\u00ebtare t\u00eb pamohueshme.\u00a0 Historian\u00eb e personalitete t\u00eb huaj, i kan\u00eb ven\u00eb disa epitete si, \u201c<strong>Atlet i Krishtit<\/strong>\u201dose <strong>\u201cIdeatori i Aleanc\u00ebs s\u00eb Par\u00eb Euroatlantike<\/strong>\u201d, q\u00eb e ngren\u00eb n\u00eb piedestal figur\u00ebn e Heroit ton\u00eb Komb\u00ebtar. Por si p\u00ebrgjigje them se,Sk\u00ebnderbeu s\u2019ka qen\u00eb as prift, as hoxh\u00eb, por ka qen\u00eb shqiptar, i cili luftoi kund\u00ebr nj\u00eb fuqie\u00a0<em>t\u00eb huaj<\/em>\u00a0q\u00eb vinte\u00a0<em>t\u00eb<\/em>\u00a0pushtonte tokat\u00a0<em>e<\/em>\u00a0tij. \u00a0Sot n\u00eb bot\u00eb emrin e Gjergj Kastriot Sk\u00ebnderbeut e mbajn\u00eb sheshe t\u00eb shumta n\u00eb kryeqytetet m\u00eb t\u00eb r\u00ebnd\u00ebsish\u00ebm t\u00eb bot\u00ebs, q\u00eb nga <strong>Tirana, Prishtina, Zyrihu, Parisi, Roma, \u00c7ikago, Shkupi,<\/strong> etj. Buste dhe shtatore t\u00eb Sk\u00ebnderbeut ndodhen n\u00eb <strong>Lond\u00ebr, Spanj\u00eb, Buones Aires, New York, Kanada, Kosov\u00eb, Tiran\u00eb<\/strong>, ku n\u00eb secil\u00ebn vep\u00ebr arti, Heroi Komb\u00ebtar paraqitet i hipur mbi kal\u00eb si simbol luft\u00ebtari.<\/p>\n<p>&nbsp;<\/p>\n<p>Heroi ka <strong>adhuruar Pirron e Epirit dhe Aleksandrin e Madh<\/strong> dhe ka deklaruar se, <strong>\u201cun\u00eb jam pasardh\u00ebs i Pirros s\u00eb Epirit\u201d. <\/strong>Ndaj p\u00ebrkrenarja e tij me kok\u00ebn e dhis\u00eb q\u00eb mbante mbi krye ishte nj\u00eb simbol me origjin\u00eb nga legjendat e Pirros s\u00eb Epirit dhe t\u00eb Aleksandrit t\u00eb Madh. <strong>Sipas Barletit<\/strong>: \u201c<em>shpatat dhe kali i Sk\u00ebnderbeut jan\u00eb simbole q\u00eb e kan\u00eb shoq\u00ebruar heroin<\/em>\u201d. Pas vdekjes s\u00eb tij, kali nuk pranoi t\u2019i hipte njeri tjet\u00ebr deri sa ngordbi. Nga 30 beteja, ai ka humbur vet\u00ebm 1(nj\u00eb). Sk\u00ebnderbeu g\u00ebzonte dashurin\u00eb dhe nderim nga bashk\u00ebkomb\u00ebsit e vet, jo vet\u00ebm sa qe gjall\u00eb, por edhe pas vdekjes.<\/p>\n<p>Emri tij kaloi kufijt\u00eb e Gadishullit Ballkan, gj\u00eb q\u00eb i detyroi t\u00eb gjitha koh\u00ebrat t\u00eb flasin p\u00ebr Sk\u00ebnderbeun.<\/p>\n<p>*Historiani dhe shkrimtari francez <strong>Volter(Voltaire<\/strong>) ka th\u00ebn\u00eb se, \u201c<em>sikur Perandoria bizantine t\u00eb kishte pasur njer\u00ebz si Sk\u00ebnderbeu, Perandoria e Lindjes do t\u2019i kishte shp\u00ebtuar pushtimit turk<\/em>\u201d.<\/p>\n<p>*Bashk\u00ebjetesa fetare p\u00ebrher\u00eb ka qen\u00eb toleranc\u00eb e shqiptar\u00ebve n\u00eb harmoni dhe si nj\u00eb vler\u00eb thuajse unikale komb\u00ebtare fetare. Kjo u krijua nd\u00ebr shekuj, paralelisht dhe pazgjidhshm\u00ebrisht me L\u00ebvizjen Komb\u00ebtare Shqiptare, n\u00ebn kujdesin e rilind\u00ebsve tan\u00eb, si dhe n\u00eb kushte ve\u00e7anta e t\u00eb ndryshme nga kombet e tjera t\u00eb Ballkanit.<\/p>\n<p>Ndryshe nga sa e sa shtete q\u00eb n\u00eb ushtri kishin mercenar\u00eb, Sk\u00ebnderbeu u mb\u00ebshtet mbi nj\u00eb ushtri shqiptare, t\u00eb armatosur leht\u00eb, me l\u00ebvizshm\u00ebri t\u00eb madhe e aft\u00ebsi t\u00eb lart\u00eb godit\u00ebse. Sipas strategjis\u00eb dhe taktik\u00ebs s\u00eb tij ushtarake, Ai krijoi iden\u00eb se fitorja nuk varet nga numri i ushtar\u00ebve.<\/p>\n<p>*<strong>Marin Barleti<\/strong> ka v\u00ebn\u00eb n\u00eb goj\u00eb t\u00eb Sk\u00ebnderbeut, se \u201c<em>kush nuk \u00ebsht\u00eb n\u00eb gjendje ta mund\u00eb armikun me nj\u00eb ushtri prej 8 -12 mij\u00eb vetash, nuk do t\u00eb mund ta b\u00ebnte k\u00ebt\u00eb edhe me nj\u00eb ushtri shum\u00eb m\u00eb t\u00eb madhe<\/em>\u201d.<\/p>\n<p>*Lidhur me k\u00ebt\u00eb, <strong>Gjenerali anglez Xhejms Wolfe (heroi i Kuebekut<\/strong> ) kishte deklaruar se \u201c<em>Sk\u00ebnderbeu ua kalon gjith\u00eb oficer\u00ebve, t\u00eb lasht\u00eb e t\u00eb sot\u00ebm, p\u00ebr drejtimin e nj\u00eb ushtrie t\u00eb vog\u00ebl mbrojt\u00ebse\u201d.<\/em><\/p>\n<p><strong>*William Temple,<\/strong> burr\u00eb shteti e shkrimtar anglez i shekullit XVII, n\u00eb vepr\u00ebn e tij mbi &#8220;<strong>Virtytin heroik&#8221;, <\/strong>e v\u00eb Sk\u00ebnderbeun \u201c<em>si nj\u00eb nga shtat\u00eb kapedan\u00ebt e m\u00ebdhenj t\u00eb pakuror\u00ebzuar (jo mbret\u00ebr) t\u00eb Evrop\u00ebs\u201d.<\/em><\/p>\n<p><strong>***<\/strong><\/p>\n<p><strong>\u00a0<\/strong><\/p>\n<p><strong>\u00a0*Sk\u00ebnderbeu \u00ebsht\u00eb njohur si Mbret i Shqip\u00ebris\u00eb dhe Maqedonis\u00eb q\u00eb n\u00eb vitin 1458. Fakte q\u00eb publikohen p\u00ebr her\u00eb t\u00eb par\u00eb&#8230;<\/strong><br \/>\n<strong>*vo<\/strong>:<a href=\"http:\/\/nacionalalbania.com\/\"><strong><em>nacionalalbania.com<\/em><\/strong><\/a><strong><em>\u00a0&#8211;\u00a0<\/em><\/strong><em>22 tetor 2013<\/em><strong><em> \u00a0<\/em><strong>Violeta Murati<\/strong><\/strong><strong>:<\/strong><strong><em>\u00a0 <\/em><\/strong>N\u00eb Vatikan zbulohet nj\u00eb d\u00ebshmi sekrete e historis\u00eb shqiptare. P\u00ebr her\u00eb t\u00eb par\u00eb n\u00eb vitin 2000 del n\u00eb drit\u00eb dokumenti, ku Sk\u00ebnderbeu \u00ebsht\u00eb shpallur mbret. Ekziston nj\u00eb akt diplomatik,mandat, n\u00eb t\u00eb cilin em\u00ebrohet ambasador i Sk\u00ebnderbeut,<strong> Martin Muzaka<\/strong>.<\/p>\n<p><strong>\u00a0<\/strong><\/p>\n<p><strong>\u00a0\u00a0 \u00a0*<\/strong>\u00cbsht\u00eb gjetur e shkruar letra origjinale, n\u00eb pergamen me nj\u00eb vul\u00eb shtet\u00ebrore t\u00eb varur, q\u00eb ruhet n\u00eb <strong>Arkivin Sekret t\u00eb Vatikanit<\/strong> n\u00eb fondin; <strong>Miscellanease,<\/strong> <strong>volumi XXXIX, dokumenti 2398, i vitit 1458<\/strong>.<\/p>\n<p><strong>\u00a0<\/strong><\/p>\n<p><strong>\u00a0<\/strong><em>\u00a0<a href=\"http:\/\/revistakuvendi.org\/wp-content\/uploads\/2018\/01\/VULA-E-SKENDEBEUT.png\" rel=\"attachment wp-att-7109\"><img loading=\"lazy\" decoding=\"async\" class=\"alignleft size-medium wp-image-7109\" src=\"http:\/\/revistakuvendi.org\/wp-content\/uploads\/2018\/01\/VULA-E-SKENDEBEUT-300x300.png\" alt=\"VULA E SKENDEBEUT\" width=\"300\" height=\"300\" srcset=\"https:\/\/revistakuvendi.org\/wp-content\/uploads\/2018\/01\/VULA-E-SKENDEBEUT-300x300.png 300w, https:\/\/revistakuvendi.org\/wp-content\/uploads\/2018\/01\/VULA-E-SKENDEBEUT-150x150.png 150w, https:\/\/revistakuvendi.org\/wp-content\/uploads\/2018\/01\/VULA-E-SKENDEBEUT-50x50.png 50w, https:\/\/revistakuvendi.org\/wp-content\/uploads\/2018\/01\/VULA-E-SKENDEBEUT.png 375w\" sizes=\"auto, (max-width: 300px) 100vw, 300px\" \/><\/a>Vula e S\u00ebnderbeut n\u00eb arkivin sekret Vatikan ,dokumnet i vitit 1458, l\u00ebshuar nga kan\u00e7elaria e tij.<\/em><\/p>\n<p>&nbsp;<\/p>\n<p><strong>Dr.Musa Ahmeti,<\/strong> nj\u00eb studiues i arkivave t\u00eb Vatikanit ka publikuar koh\u00ebt e fundit, mandatin e mbret\u00ebris\u00eb shqiptare.Pik\u00ebrisht sipas k\u00ebtij mandati Sk\u00ebnderbeu quhet \u201c<strong>mbre<\/strong>t\u201d.<\/p>\n<p><strong>\u00a0<\/strong><\/p>\n<p><strong>*Si u gjet vula e mbretit Gjergj Kastrioti? <\/strong><\/p>\n<p>&nbsp;<\/p>\n<p>Hulumtimet e koh\u00ebve t\u00eb fundit n\u00ebp\u00ebr arkiva e biblioteka<\/p>\n<p>kan\u00eb b\u00ebr\u00eb zbulime t\u00eb reja. N\u00eb vitin 2000<strong>, Musa Ahmeti, <\/strong>studiues nga<strong> Zagrebi <\/strong>n\u00eb <strong>Arkivin Sekret t\u00eb Vatikanit<\/strong>, n\u00eb fondin<strong>: Miscellaneae<\/strong>, zbulon nj\u00eb mandat (akt diplomatik) origjinal t\u00eb Sk\u00ebnderbeut q\u00eb i takon vitit 1458, me t\u00eb cilin em\u00ebrohet <strong>Martin Muzaka<\/strong> si p\u00ebrfaq\u00ebsues i tij \u201c<strong>legjitim dhe legal\u201d. <\/strong>Sipas tij, <em>\u201cDokumenti \u00ebsht\u00eb i shkruar n\u00eb pergamen. \u00ebsht\u00eb ruajtur mjaft mir\u00eb\u201ddhe ka p\u00ebrmasa\u00a0 68 x 92.5 cm, ku jan\u00eb\u00a0 varur dy vula origjinale: 1- <strong>vula shtet\u00ebrore e Sk\u00ebnderbeut<\/strong> dhe 2- e noterit <strong>Johannes Borcius de Grillis<\/strong>. \u201cNj\u00eb kopje e k\u00ebtij mandati e sakt\u00eb dhe besnike, pa asnj\u00eb l\u00ebshim nga ana e p\u00ebrshkruesit, ruhet n\u00eb <strong>Arkivin Sekret t\u00eb Vatikanit<\/strong>, n\u00eb<strong>: Diversa Cameralia, v\u00ebll. 30, f. 134- r-v<\/strong>.) .<\/em><\/p>\n<p><strong>\u00a0<\/strong><\/p>\n<p><strong>*Kur u b\u00eb Sk\u00ebnderbeu mbret?&#8230;<\/strong><\/p>\n<p>&nbsp;<\/p>\n<p><em>Vo: Ky zbulim hedh posht\u00eb dat\u00ebn farse t\u00eb hamend\u00ebsuar <\/em><strong>nga studiuesit shqiptar\u00eb, sipas t\u00eb cil\u00ebve Sk\u00ebnderbeu u b\u00eb mbret n\u00eb vitin 1463, e cila nuk vlen m\u00eb.<\/strong><\/p>\n<p>&nbsp;<\/p>\n<p>Studiues\u00ebt shqiptar pa kurrfar\u00eb dokumenti thon\u00eb se Sk\u00ebnderbeu u b\u00eb mbret m\u00eb 1463. Kurse studiuesi Musa Ahmeti, nga Zagrebi, thot\u00eb, se sipas origjinalit, mandati \u00ebsht\u00eb l\u00ebshuar me 28 tetor t\u00eb vitit 1458. I drejtohet <strong>Papa Piut t\u00eb II-t\u00eb,<\/strong> i cili kishte m\u00eb pak se dy muaj q\u00eb ishte Pap\u00eb, nga 3 shtator t\u00eb vitit 1458 dhe vdes m\u00eb 15 gusht 1464. \u201d<em>Papa Piu njihej si luft\u00ebtar i rrept\u00eb p\u00ebr mbrojtjen e fes\u00eb krishtere edhe kur ishte Kardinal<\/em>\u201d. Me vler\u00eb \u00ebsht\u00eb edhe pohimi i noterit publik <strong>Johannes Borcius de Grillis<\/strong> se ai \u201c<strong>me urdh\u00ebr dhe autorizim t\u00eb mbretit<\/strong>\u2026\u201d n\u00eb k\u00ebt\u00eb dokument e quan\u00a0 Sk\u00ebnderbeun\u00a0 \u201cMbret\u201d dhe \u00ebsht\u00eb tep\u00ebr dometh\u00ebn\u00ebs, pasi edhe n\u00eb vul\u00ebn shtet\u00ebrore t\u00eb varur q\u00eb e shoq\u00ebron k\u00ebt\u00eb dokument gjejm\u00eb t\u00eb shkruar tekstin: <strong>\u201cSigil (um)o Regni(ae) o Macedonia(e)o et oAlbania(e)<\/strong>\u201d, q\u00eb n\u00eb gjuh\u00ebn shqipe do t\u00eb thot\u00eb: \u201c<strong>Vula e Mbret\u00ebris\u00eb s\u00eb Shqip\u00ebris\u00eb dhe Maqedonis\u00eb\u201d. <\/strong>Gjithashtu aty shkruhet:<strong> \u201cSk\u00ebnderbeu trash\u00ebgon zyr\u00ebn nga i ati, Gjoni<\/strong>\u201d, e cila i p\u00ebrket shek XIV dhe fillimi i shek. XV<em>. \u201cNatyrisht q\u00eb kancelaria e Sk\u00ebnderbeut ishte shum\u00eb m\u00eb moderne dhe u ishte p\u00ebrshtatur rrethanave dhe koh\u00ebs kur vepronte. Sipas hulumtimeve, kemi nj\u00eb t\u00eb dh\u00ebn\u00eb interesante, se nga zyra e Sk\u00ebnderbeut, ka ndodhur q\u00eb brenda nj\u00eb dite t\u00eb dalin n 13 akte t\u00eb ndryshme diplomatike, t\u00eb shkruara n\u00eb 5 gjuh\u00eb. Kjo tregon komunikimin e Heroit ton\u00eb komb\u00ebtar me shtetet e tjera mjesjetare dhe me fqinj\u00ebt, si dhe rolin e r\u00ebnd\u00ebsish\u00ebm q\u00eb luante kjo diplomaci n\u00eb ruajtjen e pavar\u00ebsis\u00eb shtet\u00ebrore dhe teritoriale\u201d.<\/em><\/p>\n<p><strong>\u00a0<\/strong><\/p>\n<p><strong>*Nj\u00eb vler\u00eb e patjet\u00ebrsueshme e koh\u00ebs s\u00eb Sk\u00ebnderbeut jan\u00eb kancelarit\u00eb shqiptare.<\/strong><\/p>\n<p>&nbsp;<\/p>\n<p>Ky dokument, si pjes\u00eb e historis\u00eb, tregon se n\u00eb mesjet\u00eb, sundimtar\u00ebt dhe princ\u00ebrit shqiptar\u00eb kishin zyrat e tyre t\u00eb kancelarive n\u00eb nivele t\u00eb ndryshme, pajisur me noter\u00eb, sekretar\u00eb apo p\u00ebrkthyes. K\u00ebto zyra ishin mjaft t\u00eb zhvilluara dhe mund t\u00eb renditen n\u00eb radh\u00ebn e kancelarive t\u00eb ngjashme m\u00eb t\u00eb njohura n\u00eb Europ\u00eb. Nga k\u00ebto zyra dol\u00ebn akte, diploma, mandate dhe dokumente nga m\u00eb t\u00eb ndryshmet, n\u00eb disa gjuh\u00eb q\u00eb n\u00eb at\u00eb koh\u00eb ishin n\u00eb p\u00ebrdorim zyrtar. Por p\u00ebr fat deri m\u00eb sot ka pak njohuri rreth dokumentacionit.<\/p>\n<p>Pjesa d\u00ebrmuese e tyre si\u00e7 jan\u00eb zhdukur p\u00ebrgjithmon\u00eb. Ndoshta presin studiuesit q\u00eb t\u2019i nxjerrin n\u00eb drit\u00eb dhe t\u2019i botojn\u00eb. E r\u00ebnd\u00ebsishme \u00ebsht\u00eb se dokumentet e zbuluara deri tani, si akte diplomatike nuk ndryshojn\u00eb nga ato t\u00eb sundimtar\u00ebve t\u00eb tjer\u00eb, fqinj\u00eb apo europian\u00eb. Zakonisht n\u00eb k\u00ebto kan\u00e7elari jan\u00eb p\u00ebrdorur gjuh\u00ebt kulturore t\u00eb koh\u00ebs si: latine, greke, sllave, italiane osmane dhe ndonj\u00eb tjet\u00ebr.<\/p>\n<p>Ky zbulim hedh posht\u00eb dat\u00ebn farse t\u00eb hamend\u00ebsuar <strong>nga studiuesit shqiptar\u00eb, sipas t\u00eb cil\u00ebve Sk\u00ebnderbeu u b\u00eb mbret n\u00eb vitin 1463, e cila nuk vlen m\u00eb. <\/strong>Me daljen e mandatit t\u00eb Sk\u00ebnderbeut nga Vatikani kjo dat\u00eb kalon rreth pes\u00eb vite p\u00ebrpara, pra m\u00eb 28 tetor1458,Sk\u00ebnderbeu u b\u00eb mbret.<\/p>\n<p><strong>***<\/strong><\/p>\n<p>&nbsp;<\/p>\n<p><strong>*Ku konsistojn\u00eb vlerat e k\u00ebtij heroi q\u00eb b\u00ebri epok\u00eb?<\/p>\n<p><\/strong><\/p>\n<p>Pas mbret\u00ebris\u00eb s\u00eb Arb\u00ebrit, Sk\u00ebnderbeu njihet si burri i vendosur q\u00eb krijoi shtetin e par\u00eb dhe bashkoi shqiptar\u00ebt e p\u00ebr\u00e7ar\u00eb.<br \/>\n*Gjat\u00eb sundimit t\u00eb tij u shuan mosmarr\u00ebveshjet dhe p\u00ebr\u00e7arjet e principatave shqiptare. Lidhur me pajtimin mes feudal\u00ebve shqiptar\u00eb nj\u00eb rol t\u00eb madh luajti Gjergj Arianiti, i cili e martoi vajz\u00ebn e madhe Donik\u00ebn me princin Gjergj Kastrioti, q\u00eb ishte gati i nj\u00eb mosh\u00eb me t\u00eb.<br \/>\n*P\u00ebr her\u00eb t\u00eb par\u00eb Shqip\u00ebria si nj\u00eb komb q\u00eb mbrohet u b\u00eb e njohur me luftrat romake, m\u00eb pas me Rugjina Balsh\u00ebn, me Kryengritjet e famshme t\u00eb Gjergj Arianiatit, q\u00eb p\u00ebr fam\u00ebn e tyre e p\u00ebr aft\u00ebsin\u00eb e tij si strateg luftarak,bota e quajti Princi Gjergj Arianit \u201cMadh\u00ebshtori\u201d.<br \/>\n*Fitoret e Sk\u00ebnderbeut treguan se Shqip\u00ebria ka pasur zot dhe p\u00ebrher\u00eb ka mbrojtur t\u00eb drejtat e saj komb\u00ebtare p\u00ebr liri.<br \/>\n<a href=\"http:\/\/revistakuvendi.org\/wp-content\/uploads\/2018\/01\/VILHELME-2.png\" rel=\"attachment wp-att-7110\"><img loading=\"lazy\" decoding=\"async\" class=\"alignleft size-medium wp-image-7110\" src=\"http:\/\/revistakuvendi.org\/wp-content\/uploads\/2018\/01\/VILHELME-2-216x300.png\" alt=\"VILHELME 2\" width=\"216\" height=\"300\" srcset=\"https:\/\/revistakuvendi.org\/wp-content\/uploads\/2018\/01\/VILHELME-2-216x300.png 216w, https:\/\/revistakuvendi.org\/wp-content\/uploads\/2018\/01\/VILHELME-2.png 460w\" sizes=\"auto, (max-width: 216px) 100vw, 216px\" \/><\/a>\u00a0<em>Kali i bardh\u00eb, nj\u00eb simbol i Sk\u00ebnderbeut, q\u00eb nuk lejoi nj\u00ebri t\u2019i hipte, i cili ngordhi pas vdekjes s\u00eb heroit. (Marin Barleti).<\/em><\/p>\n<p>&nbsp;<\/p>\n<h4>\u00a0 Pas mbret\u00ebris\u00eb s\u00eb Arb\u00ebrit, Sk\u00ebnderbeu njihet si burri i vendosur q\u00eb krijoi shtetin e par\u00eb dhe bashkoi shqiptar\u00ebt e p\u00ebr\u00e7ar\u00eb.<br \/>\n*Gjat\u00eb sundimit t\u00eb tij u shuan mosmarr\u00ebveshjet dhe p\u00ebr\u00e7arjet e principatave shqiptare. Lidhur me pajtimin mes feudal\u00ebve shqiptar\u00eb nj\u00eb rol t\u00eb madh luajti Gjergj Arianiti, i cili e martoi vajz\u00ebn e madhe Donik\u00ebn me princin Gjergj Kastrioti, q\u00eb ishte gati i nj\u00eb mosh\u00eb me t\u00eb.<br \/>\n*P\u00ebr her\u00eb t\u00eb par\u00eb Shqip\u00ebria si nj\u00eb komb q\u00eb mbrohet u b\u00eb e njohur me luftrat romake, m\u00eb pas me Rugjina Balsh\u00ebn, me Kryengritjet e famshme t\u00eb Gjergj Arianiatit, q\u00eb p\u00ebr fam\u00ebn e tyre e p\u00ebr aft\u00ebsin\u00eb e tij si strateg luftarak,bota e quajti Princi Gjergj Arianit \u201cMadh\u00ebshtori\u201d.<br \/>\n*Fitoret e Sk\u00ebnderbeut treguan se Shqip\u00ebria ka pasur zot dhe p\u00ebrher\u00eb ka mbrojtur t\u00eb drejtat e saj komb\u00ebtare p\u00ebr liri.<br \/>\n*Nj\u00eb vler\u00eb kontinentale \u00ebsht\u00eb quajtur suksesi i luft\u00ebs s\u00eb Gjergj Kastriotit, pasi ndaloi pushtimin e Europ\u00ebs nga P. Osmane. P\u00ebr trim\u00ebrin\u00eb e tij si ushtarak dhe strateg i zoti, <em>Sulltan Mehmeti \u2013i \u2013II-t\u00eb \u00ebsht\u00eb shprehur: \u201cKurr\u00eb s\u2019ka p\u00ebr t\u00eb dal\u00eb m\u00eb mbi tok\u00eb nj\u00eb luan i till\u00eb si Sk\u00ebnderbeu\u201d.<\/em><\/h4>\n<p>&nbsp;<\/p>\n<p><strong>*Fjalimi i Gjergj Kastriot Sk\u00ebnderbeut para princ\u00ebrve shqiptar\u00eb n\u00eb \u00e7astet e fundit t\u00eb jet\u00ebs<\/strong><strong>.<\/strong><\/p>\n<p><strong>\u00a0<\/strong><\/p>\n<p><strong>\u00a0*vo:Gazeta \u2018Mapo\u2019- 04 August 2016:<\/strong> Studiuesi<strong> Aurenc Bebja (Franc\u00eb), <\/strong>vitin e shkuar ka zbuluar nj\u00eb tekst t\u00eb botuar 238 vite m\u00eb par\u00eb n\u00eb Gjermani me fjal\u00ebt e fundit t\u00eb Gjergj Kastriotit n\u00eb shtratin e vdekjes, q\u00eb \u00ebsht\u00eb marr\u00eb nga libri me 131 fq- <strong>Stephan Zannowich<\/strong>&#8211; \u201c<strong>Le Grand Castriotto d\u2019Albanie<\/strong>, <strong>Histoire<\/strong>\u201d-<strong>Sh.Botuese: J. J.Kesler, Frankfurt-v.1779- fq70-89.<\/strong><\/p>\n<p>Gjergj Kastrioti, para se t\u00eb fillonte fjalimin, urdh\u00ebroi q\u00eb djali i tij i vet\u00ebm, Gjoni, dhjet\u00eb vje\u00e7ar, t\u00eb ndodhej mes t\u00eb ftuarve. Pjes\u00eb nga fjala e tij \u2026<\/p>\n<p>\u201cJam n\u00eb prag t\u00eb varrit. Po ju l\u00eb nj\u00eb mbret\u00ebri me forca t\u00eb afta p\u00ebr ta mbrojtur, por me nj\u00eb pasardh\u00ebs t\u00eb paaft\u00eb nga mosha p\u00ebr ta drejtuar. Megjithat\u00eb, n\u00eb qoft\u00eb se n\u00eb t\u00eb ardhmen ju b\u00ebheni trima dhe t\u00eb virtytsh\u00ebm, ju mund t\u00eb p\u00ebrballoni t\u00eb gjitha sulmet e armiqve tuaj.<\/p>\n<p>*<strong>Nuk \u00ebsht\u00eb sip\u00ebrfaqja e vendit ajo q\u00eb b\u00ebn nj\u00eb fron t\u00eb respektuesh\u00ebm, por aft\u00ebsia e atij q\u00eb ulet mbi t\u00eb<\/strong>. N\u00eb qoft\u00eb se ju jeni t\u00eb djall\u00ebzuar, sh\u00ebrb\u00ebtor t\u00eb ministrave tuaj, dhe naiv t\u00eb lajkave t\u00eb oborrtar\u00ebve tuaj, at\u00ebher\u00eb asgj\u00eb nuk do t\u00eb jet\u00eb m\u00eb e leht\u00eb sesa p\u00ebrmbysja nga maja m\u00eb e lart\u00eb ku ju ndodheni.<\/p>\n<p>*<strong>Duhet t\u00eb jet\u00eb virtyti themel i fronit: <\/strong>Virtyti nuk \u00ebsht\u00eb fantazi. Duke pasur virtytin si udh\u00ebrr\u00ebfyes, lajkatar\u00ebt dhe t\u00eb pabes\u00ebt do t\u00eb largohen prej jush\u2026<\/p>\n<p>*<strong>Krijoni vendshkrime t\u00eb pa\u00e7ensuruara n\u00eb t\u00eb gjith\u00eb sip\u00ebrfaqen e mbret\u00ebris\u00eb, <\/strong>ku mund t\u00eb publikohen t\u00eb gjitha padrejt\u00ebsit\u00eb dhe dhuna q\u00eb mund t\u00eb ushtrohet nga drejtuesit e krahinave tuaja. B\u00ebni k\u00ebt\u00eb edhe p\u00ebr miqt\u00eb apo familjar\u00ebt e tyre q\u00eb jetojn\u00eb n\u00eb oborrin tuaj, t\u00eb cil\u00ebt i fshehin k\u00ebto shkelje apo i p\u00ebrdorin n\u00ebn pretekstin e drejt\u00ebsis\u00eb dhe t\u00eb domosdoshm\u00ebris\u00eb.<\/p>\n<p>*<strong>Shqyrtoni gjith\u00e7ka nga ju vet\u00eb, dhe n\u00ebse magjistrati, ushtari apo kleriku jan\u00eb mashtrues dhe t\u00eb padrejt\u00eb<\/strong>, at\u00ebher\u00eb pa m\u00ebshir\u00eb varini n\u00eb shtyll\u00eb n\u00eb vendin e krimit: ju do t\u00eb vini re se pasardh\u00ebsi i tij do t\u00eb b\u00ebhet i drejt\u00eb dhe i njer\u00ebzish\u00ebm\u2026Kur sapo t\u00eb keni marr\u00eb drejtimin e pushtetit, ju do t\u00eb kujdeseni p\u00ebr Drejt\u00ebsin\u00eb, e cila \u00ebsht\u00eb themeli i t\u00eb gjitha virtyteve.<\/p>\n<p>*<strong>Ju do t\u00eb mbroni artizan\u00ebt, si njer\u00ebzit m\u00eb t\u00eb dobish\u00ebm <\/strong>t\u00eb zonave t\u00eb pushtetit tuaj, dhe do t\u00eb parandaloni shtypjen e tyre nga pasanik\u00ebt. Krenaria dhe luksi i b\u00ebn pasanik\u00ebt t\u00eb pandjesh\u00ebm ndaj fatkeq\u00ebsive t\u00eb t\u00eb varf\u00ebrve, t\u00eb cil\u00ebt nuk kan\u00eb as tituj (grada) e as mb\u00ebshtetje.<\/p>\n<p>*<strong>Duhet t\u00eb jeni t\u00eb but\u00eb dhe t\u00eb dashur me njer\u00ebzit tuaj<\/strong> ; dukuni shpesh mes tyre, bisedoni me ta, pyesni ata n\u00ebse d\u00ebshirat tuaja p\u00ebr drejt\u00ebsi jan\u00eb ekzekutuar nga ministrat tuaj.<\/p>\n<p>Princi q\u00eb q\u00ebndron i mbyllur me oborrtar\u00ebt e tij shikohet nga populli i tij si armik dhe tiran\u2026D\u00ebgjoni ankesat dhe k\u00ebrkesat e popullit tuaj me qet\u00ebsi sa q\u00eb t\u2019i frym\u00ebzoni besim tek ai, q\u00eb t\u2019ju ndihmoj\u00eb t\u00eb korrigjoni abuzimet dhe fatkeq\u00ebsit\u00eb e shtetit.<\/p>\n<p><strong>*Kujdesuni q\u00eb Kombi juaj t\u00eb rritet n\u00ebp\u00ebrmjet fes\u00eb katolike<\/strong>, por mos persekutoni asnjeri q\u00eb ta ndjek\u00eb at\u00eb me detyrim. Dielli, q\u00eb \u00ebsht\u00eb sh\u00ebmb\u00ebllimi i Per\u00ebndis\u00eb, shk\u00eblqen pa dallim p\u00ebr turkun ashtu si p\u00ebr t\u00eb krishterin.<\/p>\n<p>*<strong>Kushdo q\u00eb k\u00ebshillon p\u00ebr t\u00eb luftuar p\u00ebr hir t\u00eb Per\u00ebndis\u00eb, \u00ebsht\u00eb nj\u00eb mashtrues,<\/strong> i cili d\u00ebshiron t\u00eb sakrifikoj\u00eb t\u00eb v\u00ebrtet\u00ebn p\u00ebr interesat e tij. Zoti \u00ebsht\u00eb i fuqish\u00ebm, ai mund t\u00eb b\u00ebj\u00eb gjith\u00e7ka vet\u00eb, pa ndihm\u00ebn e askujt\u2026N\u00eb qoft\u00eb se fati ju b\u00ebn endacak, t\u00eb varf\u00ebr apo nevojtar kurr\u00eb mos e ndryshoni fen\u00eb p\u00ebr interes. Mbyllini q\u00eb n\u00eb origjin\u00eb mosmarr\u00ebveshjet e teolog\u00ebve dhe hipokrit\u00ebve, t\u00eb cilat jan\u00eb m\u00eb t\u00eb rrezikshmet p\u00ebr lumturin\u00eb e nj\u00eb shteti. Kemi par\u00eb perandorit\u00eb m\u00eb t\u00eb lul\u00ebzuara t\u00eb p\u00ebr\u00e7ahen dhe t\u00eb tronditen nga k\u00ebta fanatik\u00eb\u2026<\/p>\n<p><strong>\u00a0*Shihni Perandorin\u00eb e Konstandinit t\u00eb rr\u00ebnuar<\/strong> dhe princin <strong>Gjon Paleologu<\/strong> t\u00eb shkelur nga kuajt e Arab\u00ebve. Ai ishte supersticioz, prift\u00ebrinjt\u00eb e tij ambicioz\u00eb dhe injorant\u00eb, oborrtar\u00ebt e tij t\u00eb rrem\u00eb dhe t\u00eb shthurur nga luksi, dhe tani princi, prift\u00ebrinjt\u00eb dhe oborrtar\u00ebt kan\u00eb vdekur dhe po vdesin n\u00eb skllav\u00ebri.<\/p>\n<p>*<strong>N\u00ebse keni fat t\u00eb mjaftuesh\u00ebm p\u00ebr t\u00eb pasur filozof\u00eb n\u00eb vendqeverisjet tuaja<\/strong>, t\u00eb cil\u00ebt jan\u00eb t\u00eb ndri\u00e7uar nga drita e arsyes dhe jo nga sistemet e rreme, le t\u00eb shkruajn\u00eb n\u00eb paqe dhe t\u00eb reagojn\u00eb ndaj paragjykimeve dhe makinacioneve t\u00eb kujtdo q\u00eb flet n\u00eb em\u00ebr t\u00eb Zotit me q\u00ebllim p\u00ebr t\u00eb heshtur mbretin dhe drejt\u00ebsin\u00eb. Ju do t\u2019i mbroni ata kundra zellit t\u00eb tepruar t\u00eb drejtuesve hipokrit\u00eb duke i shp\u00ebrblyer me vende pune n\u00eb gjykatat dhe oborret tuaja.<\/p>\n<p><strong>*Kur t\u00eb ju flasin keq p\u00ebr dik\u00eb, ju do ta d\u00ebgjoni me gjysm\u00eb veshi\u2026<\/strong> Ju do t\u00eb jeni t\u00eb sjellsh\u00ebm me t\u00eb gjith\u00eb shtresat popullore. Si arsye e dallimit t\u00eb grad\u00ebs q\u00eb do t\u00eb keni s\u00eb shpejti n\u00eb shoq\u00ebri, ju duhet t\u00eb dalloheni nga t\u00eb tjer\u00ebt n\u00ebp\u00ebrmjet bujaris\u00eb, i cili \u00ebsht\u00eb karakteri dallues i princave. Nj\u00eb monark, edhe i varf\u00ebr, duhet t\u00eb jet\u00eb bujar\u2026<\/p>\n<p><strong>*Mbroni merit\u00ebn dhe shp\u00ebrblejeni at\u00eb kudo q\u00eb ajo ndodhet<\/strong>. Mir\u00ebsia duhet t\u00eb shoq\u00ebrohet me nj\u00eb zem\u00ebr bujare. Njeriu nd\u00ebrton tempuj, ngre altar\u00eb p\u00ebr Zotin fal\u00eb mir\u00ebsis\u00eb s\u00eb tij. Evitoni p\u00ebr gjithmon\u00eb shekullit(n\u00eb koh\u00eb), rrethit dhe rac\u00ebs tuaj turpin p\u00ebr t\u00eb pasur njer\u00ebz t\u00eb d\u00ebshp\u00ebruar nga mizoria, krenaria apo injoranca juaj.<\/p>\n<p><strong>Mos<\/strong> <strong>harroni se njeriu lind p\u00ebr lumturin\u00eb e nj\u00ebri-tjetrit\u2026<\/strong><\/p>\n<p><strong>*Armatosuni nga guximi dhe vendosm\u00ebria n\u00eb mjerim<\/strong>, me maturi n\u00eb mir\u00ebqenie. Mos u zhytuni n\u00eb p\u00ebrtaci, ajo \u00ebsht\u00eb n\u00ebna e t\u00eb gjitha veseve\u2026Mos mbyllni syt\u00eb ndaj fqinj\u00ebve dhe traktateve t\u00eb tyre: ata do t\u00eb presin \u00e7astin kur ju do t\u00eb jeni t\u00eb brisht\u00eb p\u00ebr t\u2019ju akuzuar dhe do t\u00eb pohojn\u00eb pretendime t\u00eb rreme mbi trash\u00ebgimin\u00eb q\u00eb po ju l\u00eb. Mos p\u00ebrdorni spiun\u00eb p\u00ebr t\u00eb ditur se \u00e7far\u00eb thon\u00eb njer\u00ebzit n\u00eb lidhje me administrimin tuaj. B\u00ebni pun\u00ebn tuaj ashtu si duhet, njer\u00ebzia le t\u00eb flasin dhe t\u00eb shkruajn\u00eb \u00e7far\u00eb t\u00eb d\u00ebshirojn\u00eb\u2026<\/p>\n<p><strong>*T\u2019i jepet mund\u00ebsia gjithsecilit prej rrethit tuaj<\/strong> q\u00eb t\u2019 ju shkruaj\u00eb. Ju do t\u00eb pun\u00ebsoni sekretar\u00ebt tuaj q\u00eb t\u00eb p\u00ebrgjigjen p\u00ebr \u00e7\u00ebshtje t\u00eb ndryshme ose publike, por sekretet e shtetit duhen t\u00eb mbeten mes jush\u2026<\/p>\n<p><strong>*Mos p\u00ebrbuzni ask\u00ebnd<\/strong>. M\u00eb i vogli dhe m\u00eb i varf\u00ebri mund t\u00eb ju rr\u00ebzoj\u00eb, ashtu si dhe mund t\u00eb ju ndihmoj\u00eb me k\u00ebshillat dhe kurajon e tij.<\/p>\n<p><strong>*Duhet t\u00eb jeni t\u00eb duruesh\u00ebm n\u00eb \u00e7\u00ebshtjet e luft\u00ebs<\/strong>. t\u00eb patrembur n\u00eb rreziqe, t\u00eb but\u00eb e human\u00eb,por kurr\u00eb mizor\u00eb dhe gjaknxeht\u00eb. Fshihni dhimbjen q\u00eb fatkeq\u00ebsit\u00eb tuaja mund t\u00eb ju shkaktojn\u00eb.<\/p>\n<p>*<strong>Armiqt\u00eb tuaj do t\u00eb jen\u00eb gjithmon\u00eb t\u00eb gatsh\u00ebm t\u00eb ju fyejn\u00eb p\u00ebr fatkeq\u00ebsit\u00eb<\/strong>, dhe ministrat t\u2019u tradhtojn\u00eb. Ftoni mes jush t\u00eb huaj t\u00eb arsimuar duke u dh\u00ebn\u00eb nj\u00eb rol k\u00ebshilltari edhe n\u00eb rast kur ata nuk jan\u00eb fisnik\u00eb e t\u00eb pasur. Kompetencat q\u00eb i akordohen fisnik\u00ebris\u00eb jan\u00eb prodhim i politik\u00ebs.<\/p>\n<p>*<strong>Ju mund t\u00eb p\u00ebrdorni fisnik\u00ebt si t\u00eb d\u00ebshironi<\/strong>. Pasanik\u00ebt injorant\u00eb do t\u2019i ledhatoni, k\u00ebshtu do t\u00eb kurseni pasurin\u00eb tuaj p\u00ebr mir\u00ebmbajtjen e ushtris\u00eb, dhe do t\u00eb keni nj\u00eb oborr t\u00eb shk\u00eblqyesh\u00ebm fal\u00eb krenar\u00ebve por dhe budallenjve, q\u00eb nuk kan\u00eb asnj\u00eb lloj virtyti p\u00ebrve\u00e7se floririt.<\/p>\n<p>*<strong>Nuk duhet t\u00eb jeni t\u00eb ndrojtur ndaj ndjenjave tuaja<\/strong>. Deklaroni haptazi oborrtar\u00ebve tuaj, se ai q\u00eb do t\u00eb ju g\u00ebnjej\u00eb dhe do t\u00eb ju d\u00ebrgoj\u00eb n\u00eb rrug\u00ebn e gabuar n\u00eb administrim, pa asnj\u00eb falje do t\u00eb varet n\u00eb shtyll\u00eb.<\/p>\n<p><strong>*Poet\u00ebve q\u00eb do t\u00eb ju thurin vargje, p\u00ebr t\u00eb ju bindur<\/strong> se jeni m\u00eb i madhi, m\u00eb bujari, m\u00eb i mrekullueshmi, luft\u00ebtari m\u00eb i madh nd\u00ebr t\u00eb gjith\u00eb mbret\u00ebrit, u d\u00ebrgoni n\u00eb k\u00ebmbim nj\u00eb cop\u00eb let\u00ebr, boj\u00eb dhe nj\u00eb pend\u00eb nga nj\u00eb oborrtar i panjohur, me urdhrin p\u00ebr t\u00eb d\u00ebshmuar t\u00eb v\u00ebrtet\u00ebn e asaj q\u00eb shkruajn\u00eb, dhe n\u00eb qoft\u00eb se nuk mund t\u00eb b\u00ebjn\u00eb nj\u00eb gj\u00eb t\u00eb till\u00eb, t\u00eb kufizojn\u00eb veten n\u00eb dh\u00ebnien e k\u00ebshillave, duke u l\u00ebn\u00eb t\u00eb kuptohet s\u00eb n\u00ebse vazhdojn\u00eb t\u00eb shkruajn\u00eb marr\u00ebzira t\u00eb tilla t\u00eb rrezikshme, ata do t\u00eb mbyten nga vet\u00eb ju si person i shenjt\u00eb i s\u00eb v\u00ebrtet\u00ebs.<\/p>\n<p><strong>*Kujdesuni q\u00eb t\u00eb keni gjithmon\u00eb ushtar\u00eb t\u00eb mir\u00eb dhe t\u00eb disiplinuar<\/strong>. Q\u00eb ushtar\u00ebt tuaj t\u00eb mos b\u00ebhen p\u00ebrtac\u00eb, t\u2019i st\u00ebrvitni dhe t\u2019i trajtoni jo si skllev\u00ebr por si shok\u00ebt tuaj. Kur t\u00eb jeni n\u00eb luft\u00eb, ju do t\u00eb udh\u00ebhiqni ushtrin\u00eb si gjeneral dhe n\u00eb betej\u00eb do t\u00eb luftoni si ushtar. Emri i mbretit \u00ebsht\u00eb nj\u00eb titull shum\u00eb i nderuar, por ky titull ka pesh\u00eb t\u00eb madhe dhe detyra t\u00eb v\u00ebshtira p\u00ebr t\u00eb realizuar.<\/p>\n<p>*<strong>Kryesorja \u00ebsht\u00eb t\u00eb pranohesh e t\u00eb respektohesh n\u00eb rrethin t\u00ebnd<\/strong>. Zoti s\u2019ka dh\u00ebn\u00eb fuqi supreme q\u00eb t\u00eb zhytemi n\u00eb llum\u00eb, por q\u00eb t\u00eb jemi mbrojt\u00ebs t\u00eb \u00e7\u00ebshtjes publike. P\u00ebr nj\u00eb zem\u00ebr t\u00eb but\u00eb dhe nj\u00eb shpirt t\u00eb virtytsh\u00ebm, mir\u00ebqenia e p\u00ebrgjithshme e popullit t\u00ebnd \u00ebsht\u00eb k\u00ebnaq\u00ebsia m\u00eb e madhe q\u00eb mund t\u00eb p\u00ebrjetohet. Neglizhenca dhe nj\u00eb lloj mir\u00ebsie q\u00eb e th\u00ebrrasim <strong>\u00ab mendjeleht\u00ebsia e nj\u00eb princi<\/strong> \u00bb, u shkaktojn\u00eb d\u00ebme njer\u00ebzve.Ju e dini se roli i mbretit \u00ebsht\u00eb t\u2019i mbroj\u00eb.<\/p>\n<p><strong>*D\u00ebboni larg jush astrolog\u00ebt gjykat\u00ebs dhe kimist\u00eb<\/strong>t prodhues ari dhe diamantesh. Nj\u00eb princ \u00ebsht\u00eb gjithmon\u00eb i pasur, kur ai \u00ebsht\u00eb i men\u00e7ur dhe i lart\u00ebsuar shpirt\u00ebrisht.<\/p>\n<p><strong>\u00a0*Emri juaj do t\u00eb jet\u00eb i shkruar n\u00eb nj\u00eb pllak\u00eb prej mermeri t\u00eb bardh\u00eb me shkronja t\u00eb zeza<\/strong> mbi dyert e k\u00ebshtjellave tuaja t\u00eb destinuara p\u00ebr t\u00eb burgosurit. Mjerim p\u00ebr guvernatorin q\u00eb i fsheh mbretit pafaj\u00ebsin\u00eb, p\u00ebrkeq\u00ebsoi nga koprracia dhe zelli i tij, d\u00ebnimin e fajtor\u00ebve\u2026<\/p>\n<p>*<strong>Mbroni njer\u00ebzit e dashur dhe t\u00eb mir<\/strong>\u00eb, nd\u00ebshkoni shpirtrat e k\u00ebqij. Jeni t\u00eb ndjesh\u00ebm ndaj l\u00ebndimit, por akoma dhe m\u00eb shum\u00eb ndaj sh\u00ebrbimit t\u00eb popullit tuaj dhe miq\u00ebsis\u00eb t\u00eb njer\u00ebzve t\u00eb ngjash\u00ebm me ju.<\/p>\n<p><strong>*Pika kulmore e nj\u00eb lufte \u00ebsht\u00eb \u00e7orientuese<\/strong>, duhet ndjer\u00eb pasiguria (rreziku). At\u00ebher\u00eb kujdesi dhe guximi do t\u00eb ju sh\u00ebrbejn\u00eb m\u00eb mir\u00eb se sa pasuria. Duhet t\u00eb dish t\u00eb fitosh, por mos harroni se edhe mund t\u00eb mposhtesh. Sfidoni veten tuaj!Mos e humbisni toruan nga zem\u00ebrimi, sepse at\u00ebher\u00eb i thjeshti b\u00ebhet i keq dhe mbreti nj\u00eb p\u00ebrbind\u00ebsh\u2026<\/p>\n<p>*<strong>Mos harroni se politika turke \u00ebsht\u00eb p\u00ebr t\u00eb mbjell\u00eb <\/strong>p\u00ebr\u00e7arje mes princave t\u00eb krishter\u00eb. E gjith\u00eb madh\u00ebshtia e tyre gjendet n\u00eb k\u00ebt\u00eb politik\u00eb t\u00eb shk\u00eblqyer, e cila b\u00ebn m\u00eb shum\u00eb pushtime sesa arm\u00ebt e tyre. S\u00eb fundi, n\u00eb qoft\u00eb se jeni xheloz se po ju l\u00eb nj\u00eb trashgimtar q\u00eb ju pengon p\u00ebr t\u00eb marr\u00eb fronin, mos harroni se kam qen\u00eb babai juaj, dhe shpat\u00ebn do e p\u00ebrdorni vet\u00ebm p\u00ebr t\u00eb rr\u00ebzuar armikun.<\/p>\n<p>*<strong>Ju do t\u00eb keni lidhje t\u00eb shumta me oborrin e Rom\u00ebs<\/strong>, q\u00eb un\u00eb kam qen\u00eb deri tani mb\u00ebshtet\u00ebs dhe mbrojt\u00ebs. Interesat e mia m\u00eb kan\u00eb detyruar t\u00eb p\u00ebrshtas politik\u00ebn time me t\u00eb saj\u00ebn. Rrethanat n\u00eb t\u00eb cilat kam gjetur veten, s\u2019m\u00eb kan\u00eb lejuar t\u00eb luftoj uzurpimet turke dhe pretendimet e pap\u00ebs.<\/p>\n<p>*P\u00ebr t\u00eb mir\u00ebn e krahinave t\u00eb mia kam qen\u00eb gjithmon\u00eb i lumtur me veprimet q\u00eb kam nd\u00ebrmarr\u00eb. Roma \u00ebsht\u00eb fodulle vet\u00ebm me princat e d\u00ebshtuar. Roma, duke m\u00eb pasur frik\u00eb, m\u00eb ka b\u00ebr\u00eb gjithmon\u00eb lajka.<\/p>\n<p><strong>\u00a0*Ajo ndryshon maksimat(politikat synuese<\/strong>) dhe pozicionet sipas rasteve, por frika se humb tokat e saj ndaj sulmeve t\u00eb Muhamedit, e ka detyruar at\u00eb t\u00eb q\u00ebndroj\u00eb modeste ndaj meje, duke m\u00eb njohur t\u00eb gjitha t\u00eb drejtat, titujt, dhe zot\u00ebrimet e realizuara gjat\u00eb betejave t\u00eb mia. Pap\u00ebt nuk kan\u00eb arritur kurr\u00eb t\u00eb manipulojn\u00eb nj\u00eb ushtar t\u00eb vjet\u00ebr si un\u00eb, por nuk do t\u00eb hezitojn\u00eb t\u00eb b\u00ebjn\u00eb nj\u00eb gj\u00eb t\u00eb till\u00eb ndaj jush si arsye e mosh\u00ebs s\u00eb re dhe munges\u00ebs s\u00eb eksperienc\u00ebs p\u00ebr t\u00eb qeverisur dhe p\u00ebr t\u00eb sh\u00ebrbyer.<\/p>\n<p>*<strong>Mos harroni, se me praktikat e shumta q\u00eb ata p\u00ebrdorin<\/strong> p\u00ebr t\u00eb arritur q\u00ebllimet e tyre, m\u00eb e forta, \u00ebsht\u00eb <strong>rr\u00ebfimi<\/strong>. Por \u00ebsht\u00eb e leht\u00eb ta kuptoni, kur prifti do t\u00eb doj\u00eb t\u00eb dij\u00eb m\u00eb shum\u00eb sesa m\u00ebkatet tuaja, kthejeni si nj\u00eb mashtrues n\u00eb vendin e tij, dhe d\u00ebnojeni si t\u00eb till\u00eb, q\u00eb t\u00eb sh\u00ebrbej\u00eb si shembull p\u00ebr pasardh\u00ebsin e tij.<\/p>\n<p>*<strong>Megjithat\u00eb, \u00ebsht\u00eb me shum\u00eb e rrezik t\u00eb kund\u00ebrshtosh hapur Pap\u00ebn<\/strong>, k\u00ebt\u00eb idhull t\u00eb madh t\u00eb fes\u00eb son\u00eb. Ai \u00ebsht\u00eb nj\u00eb njeri si t\u00eb tjer\u00ebt, me pasionet dhe dob\u00ebsit\u00eb e tij\u2026 N\u00ebse Papa ju d\u00ebrgon faljet, reliket, bekimet, merrni ato me respekt, dhe i nderoni me njer\u00ebzit tuaj duke e dh\u00ebn\u00eb ju shembullin kryesor\u2026 Por n\u00eb qoft\u00eb se Papa p\u00ebrpiqet t\u00eb rris\u00eb numrin e prift\u00ebrinjve dhe murgjve p\u00ebr t\u00eb nxjerr\u00eb para nga krahinat tuaja\u2026ose ju nxit q\u00eb t\u00eb hapni luft\u00ebra n\u00eb em\u00ebr t\u00eb Zotit, rrufeja hakmarr\u00ebse r\u00ebnt\u00eb mbi ju dhe pasardh\u00ebsit tuaj n\u00eb rast pranimi.<\/p>\n<p><strong>*Zoti hakmerret ndaj fyersve t\u00eb tij<\/strong>, pra nuk ka nevoj\u00eb p\u00ebr ndihm\u00ebn e njeriut. Mos k\u00ebrc\u00ebnoni Rom\u00ebn, kur ajo nuk ju k\u00ebrc\u00ebnon. Por shpallni luft\u00eb ndaj kujtdo q\u00eb mundohet t\u00eb prish\u00eb haren\u00eb e popullit, dhe legjitimitetin e fronit.<\/p>\n<p>*<strong>Ju do t\u00eb ndaloni \u00e7do banor<\/strong> i cili ndodhet n\u00ebn qeverisjen tuaj, q\u00eb t\u00eb mos b\u00ebhet as prift e as murg pa arritur mosh\u00ebn dyzet vje\u00e7are. P\u00ebr t\u2019u ushqyer nga puna e t\u00eb tjer\u00ebve, duhet m\u00eb par\u00eb q\u00eb njeriu (mashkulli) t\u00eb ket\u00eb kontribuar n\u00eb mb\u00ebshtetjen e komunitetit, prej t\u00eb cilit d\u00ebshiron t\u00eb ndahet p\u00ebr t\u00eb shijuar jet\u00ebn e tij\u2026<\/p>\n<p>*<strong>K\u00ebta prift\u00ebrinj dhe murgj duhet t\u00eb ju ndihmojn\u00eb<\/strong> t\u00eb mbroni kombin n\u00eb koh\u00eb lufte, sepse n\u00eb koh\u00eb paqeje \u00ebsht\u00eb po ky komb q\u00eb i ushqen pa i p\u00ebrdorur.<\/p>\n<p><strong>*N\u00ebse Papa kund\u00ebrshton, bindeni at\u00eb me but\u00ebsi<\/strong>, dhe vet\u00ebm n\u00eb qoft\u00eb se \u00ebsht\u00eb e nevojshme p\u00ebrdorni shpat\u00ebn\u2026 Nj\u00eb politik\u00eb e till\u00eb do t\u00eb ju pajtoj\u00eb me dashurin\u00eb at\u00ebrore t\u00eb pasardh\u00ebsve t\u00eb tij, dhe do t\u00eb b\u00ebheni shembull dhe lider p\u00ebr t\u00eb gjith\u00eb mbret\u00ebrit, q\u00eb jan\u00eb frikacak\u00eb, t\u00eb dob\u00ebt, injorant\u00eb, budallenj, uzurpohen nga Papa dhe ministrat e tyre, fuqia q\u00eb Zoti u ka dh\u00ebn\u00eb p\u00ebr t\u00eb p\u00ebrhapur lumturin\u00eb e Kombeve, ku ata duhet t\u00eb jen\u00eb zot\u00ebrit dhe et\u00ebrit.<\/p>\n<ul>\n<li>Heroi Komb\u00ebtar\u00a0<em>Gj.K.Sk\u00ebnderbeu, me amanetin q\u00eb la para vdekjes, tregon se <\/em>\u00ebsht\u00eb modeli i Atit\u00a0<em>t\u00eb<\/em>\u00a0kombit, i nj\u00eb kohe moderne, pa llogaritur se k\u00ebto porosi jan\u00eb th\u00ebn\u00eb para 550 vitesh.<\/li>\n<li>Duke kujtuar me nderim k\u00ebta burra t\u00eb shquar, si Sk\u00ebnderbeun, Ismail Qemal Bej Vlor\u00ebn dhe gra t\u00eb shquara si Mbret\u00ebresha Teuta, Rugjina Balsha, Donika Kastrioti, N\u00ebn\u00eb Tereza etj, politika e sotme shqiptare, e majt\u00eb apo e djatht\u00eb, duhet t\u00eb ket\u00eb parasysh, se bashkimi komb\u00ebtar b\u00ebhet kur i l\u00eb pas m\u00ebrit\u00eb, mllefet dhe hakmarrjet. Kur sajohen pretekste t\u00eb kota, q\u00eb pengojn\u00eb zhvillimin dhe integrimin e vendit n\u00eb familjen e madhe europiane, \u00ebsht\u00eb e kot\u00eb q\u00eb p\u00ebrm\u00ebnden k\u00ebto figura t\u00eb ndritura t\u00eb kombit, pasi u hidhet balt\u00eb dhe n\u00ebp\u00ebrk\u00ebmben vlerat e tyre komb\u00ebtare t\u00eb pallogaritura. Grindjet apo pengesat p\u00ebr t\u00eb ecur p\u00ebrpara kombi yn\u00eb i vuajtur, jan\u00eb turp dhe fyerje p\u00ebr k\u00ebta njer\u00ebz t\u00eb shquar q\u00eb p\u00ebrdor\u00ebn men\u00e7urin\u00eb, forc\u00ebn e gjykimit, madje edhe jet\u00ebn p\u00ebr Shqip\u00ebrin\u00eb, kund\u00ebr t\u00eb huajve.<\/li>\n<li>\u00a0 P\u00ebrderisa ky komb u mbijetoi koh\u00ebrave, tregon se ne kemi forca p\u00ebr t\u00eb qen\u00eb pjes\u00eb e pandashme e familjes s\u00eb madhe europiane me t\u00eb drejta t\u00eb barabarta, gj\u00eb q\u00eb varet nga vullneti i politik\u00ebs shqiptare, synimet dhe bashk\u00ebveprimet nd\u00ebrpartiake, t\u00eb cilat jan\u00eb me boll\u00ebk n\u00eb Shqip\u00ebri (Vivra).<\/li>\n<li><em>Vlor\u00eb 15-1-2018<\/em><\/li>\n<\/ul>\n<table width=\"457\">\n<tbody>\n<tr>\n<td width=\"457\">***<\/p>\n<table width=\"417\">\n<tbody>\n<tr>\n<td>\n<h3><em>Lejla Gorishti<\/em><\/h3>\n<\/td>\n<\/tr>\n<\/tbody>\n<\/table>\n<\/td>\n<\/tr>\n<\/tbody>\n<\/table>\n<p><em>Asnj\u00ebher\u00eb nuk \u00ebsht\u00eb von\u00eb p\u00ebr t\u00eb shkruar p\u00ebr jet\u00ebn dhe vepr\u00ebn e lavdishme t\u00eb heroit ton\u00eb komb\u00ebtar Gjergj Kastrioti Sk\u00ebnderbeut. N\u00eb k\u00ebt\u00eb kuad\u00ebr para nesh, shkrimtarja dhe historiania Vilhelme Vranari( Haxhiraj) nga thell\u00ebsia e shekujve, p\u00ebrcjell fuqish\u00ebm me z\u00ebrin e memorjes historike \u00a0nj\u00eb hap\u00ebsir\u00eb, t\u00eb mbushur plot luftra e lavdi, ku n\u00eb nj\u00eb sfond t\u00eb art\u00eb, n\u00eb altarin\u201d e saj, \u201cbanojn\u00eb\u201d n\u00eb p\u00ebrjet\u00ebsi korifenjt\u00eb e ndritur t\u00eb mendjes, shpat\u00ebs e pen\u00ebs shqiptare. Nj\u00eb nga ata, nga m\u00eb gjigant\u00ebt, \u00ebsht\u00eb Heroi yn\u00eb komb\u00ebtar Gjergj Kastrioti Skenderbeu.\u00a0<\/em><\/p>\n<p><em>\u00a0Ai shk\u00eblqeu si strateg i shquar n\u00eb fush\u00ebn e betejave ushtarake. \u201cTurqit e quajn\u00eb Sk\u00ebnderbeun mjeshtrin m\u00eb t\u00eb talentuar t\u00eb pritave, luft\u00ebtarin m\u00eb t\u00eb madh t\u00eb bot\u00ebs, q\u00eb s\u2019ka kush t\u2019ia heq\u00eb fitoren nga duart. Ai \u00ebsht\u00eb i pathyesh\u00ebm, i pamposhtur n\u00eb arm\u00eb, q\u00eb s\u2019merr plag\u00eb nga hekuri.\u201d&#8230;<\/em><\/p>\n<p><em>\u00a0\u201cP\u00ebr Sk\u00ebnderbeun shpejt\u00ebsia, befasia, njohja e shk\u00eblqyer e terrenit dhe shfryt\u00ebzimi maksimal i koh\u00ebs ishin faktor\u00eb me rend\u00ebsi q\u00eb p\u00ebrcaktonin fatin e luft\u00ebs. N\u00eb k\u00ebt\u00eb kuad\u00ebr kishte nj\u00eb mister. Ai taktiken e b\u00ebnte pasuri t\u00eb t\u00eb gjith\u00ebve.\u00a0<\/em><\/p>\n<p><em>Fakte dhe dekumente t\u00eb patj\u00ebrsueshme gjejm\u00eb ne shkrimin e Vivr\u00ebs, konkrete dhe bind\u00ebse q\u00eb n\u00eb k\u00ebt\u00eb 550- vjetor na pastrojn\u00eb memorjen nga trubullirat e koh\u00ebs,t\u00eb cilat k\u00ebrkojn\u00eb ta l\u00ebn\u00eb n\u00eb hije krenarin\u00eb e kombit ton\u00eb.\u00a0<\/em><\/p>\n<p><em>Urime Vilhelme, si p\u00ebrher\u00eb flamurtare n\u00eb pasqyrimin me vertet\u00ebsi t\u00eb gjith\u00eb problematikave t\u00eb koh\u00ebs!<\/em><\/p>\n<p><em>T\u00eb p\u00ebrqafoj nga larg.\u00a0<strong>Lejla<\/strong><\/em><\/p>\n<p><strong><em>Hong Kong\u00a0-16.01.2018<\/em><\/strong><\/p>\n<p>***<\/p>\n<p><em>\u00a0<\/em><\/p>\n<p><strong><em>15\/01\/2018 19:34, Vilhelme Haxhiraj ha scritto:<\/em><\/strong><\/p>\n<p><em>T\u00eb dashur miq, Prof Italo\u00a0 &amp; \u00a0Z. Domenico!<\/em><\/p>\n<p><em>Ju faleminderit p\u00ebr ftes\u00ebn! Uroj ta kaloni g\u00ebzuar 550 vjetorin e Gj.K.Sk\u00ebnderbeut!\u00a0 Gjithashtu Ju uroj t&#8217;ju prij nj\u00eb vit i mbar\u00eb!\u00a0<\/em><\/p>\n<p><em>Prof. Italo, nuk di n\u00ebse do t\u00eb keni ndonj\u00eb rrug\u00eb p\u00ebr n\u00eb\u00a0 Shqip\u00ebri. D\u00ebshiroja t&#8217;ju dhuroja librat e fundit q\u00eb jan\u00eb: 1- ese-publicistik\u00eb, II- studim : &#8220;Rrug\u00ebtimi filozofik i\u00a0 Prof.Dr.Isuf Luzajtt&#8221;, si dhe studimin &#8220;Tradhtia e madhe ndaj kombit&#8221; q\u00eb doli\u00a0nga botimi\u00a03 dit\u00eb m\u00eb par\u00eb.\u00a0\u00a0<\/em><\/p>\n<p><em>Ju uroj sh\u00ebndet dhe gjith\u00eb t\u00eb mirat ! Prof.Italo, ma p\u00ebrqafoni Katen!\u00a0<\/em><\/p>\n<p><em>I uroj sh\u00ebndet edhe z.Domenico! G\u00ebzohem q\u00eb komunikoi me mua!<\/em><\/p>\n<p><em>Me konsiderat\u00eb t\u00eb ve\u00e7ant\u00eb! Vilhelme Vrana &amp; Fitim \u00a0Haxhiraj<\/em><\/p>\n<p><em>Vlor\u00eb 15-1-2018<\/em><\/p>\n<p><em>***<\/em><\/p>\n<p><em>\u00a0<\/em><\/p>\n<p><strong><em>P\u00ebrsh\u00ebndetje nga Italia<\/em><\/strong><\/p>\n<p><strong><em>\u00a0<\/em><\/strong><\/p>\n<p><em>E dashur Z.Vilhelme,<br \/>\nFaleminderit p\u00ebr artikullin q\u00eb m\u00eb d\u00ebrgoni . E\u00a0 lexova me kujdes dhe\u00a0 <\/em><em>me interes.<\/em> <em>Ishte k\u00ebnaq\u00ebsi q\u00eb u njoh\u00ebm!<\/em><em> Ju uroj gjith\u00eb t\u00eb mirat p\u00ebr sh\u00ebndetin tuaj dhe p\u00ebr pun\u00ebn!<br \/>\nMe respekt ,<br \/>\n<\/em><strong><em>Domenico Morelli<\/em><\/strong><\/p>\n<p>Roma 15-1-2018-Italia<\/p>\n<p>***<\/p>\n<p>&nbsp;<\/p>\n<table width=\"353\">\n<tbody>\n<tr>\n<td width=\"353\">\n<table width=\"412\">\n<tbody>\n<tr>\n<td>\n<h3><em>FUAT MEMELLI<\/em><\/h3>\n<\/td>\n<\/tr>\n<\/tbody>\n<\/table>\n<\/td>\n<\/tr>\n<\/tbody>\n<\/table>\n<p><em>Zonja Vilheme!<\/em><\/p>\n<p><em>T\u00eb falenderoj shum\u00eb qe na dergove kete shkrim kaq\u00a0<\/em><\/p>\n<p><em>interesant.<br \/>\nMe shume respekt<\/em><\/p>\n<p><strong><em>Fuati\u00a0-ShBA<\/em><\/strong><\/p>\n<p><strong><em>***<\/em><\/strong><\/p>\n<p>&nbsp;<\/p>\n<p><em>Koment nga Univ. Mi\u00e7igan-USA<\/em><\/p>\n<p><em>U entusiazmova me artikullin e Zonj\u00ebs Haxhiraj \u2013 Vranari, Vivr\u00ebs son\u00eb p\u00ebr Sk\u00ebnderbeun, jo vet\u00ebm p\u00ebr parqitjen kon\u00e7ize dhe me stil t\u00eb rrjedhsh\u00ebm, por per interpretimin origjinal t\u00eb fakteve t\u00eb reja,ve\u00e7an\u00ebrisht dokumenti q\u00eb e kuror\u00ebzon Sk\u00ebnderbeun Mbret t\u00eb Shqip\u00ebris\u00eb (Epirit) dhe Maqedonis\u00eb n\u00eb vitin 1458.<\/em><\/p>\n<p><em>Ky fakt ka r\u00ebnd\u00ebsi t\u00eb jasht\u00ebzakonshme dhe fshikullon si kamxhik fytyr\u00ebs s\u00eb nja dy-tre Shqiptar\u00ebve q\u00eb i b\u00ebn\u00eb jehon\u00eb shpifjeve t\u00eb pseudohistorianit Shmid, i cili, i kurdisur me mision antishqiptar, mbushi faqe t\u00eb t\u00ebra me interpretime t\u00eb rreme p\u00ebr t\u00eb parashtruar, gjoja \u00e7mitizuar, madh\u00ebshtin\u00eb e Heroit ton\u00eb Komb\u00ebtar\u00a0me p\u00ebrmasa Europiane.<\/em><\/p>\n<p><em>Mrekulli, artikulli i Znj. Vilhelme\u00a0 v\u00ebrteton se Shteti i Shqip\u00ebris\u00eb historikisht \u00ebsht\u00eb themeluar nga Sk\u00ebnderbeu me mbret Sk\u00ebnderbeun, \u00a0gj\u00eb q\u00eb konfirmon Shqip\u00ebrin\u00eb Mbret\u00ebri t\u00eb formuar n\u00eb Shekullin e 15 dhe, nga p\u00ebrpjekjet e rilind\u00ebsve t\u00eb shekullit 19, rilindi n\u00ebp\u00ebrmjet Ismail Qemalit n\u00eb shekullin e 20.<\/em><\/p>\n<p><em>Me konsiderat\u00eb t\u00eb lart\u00eb!<\/em><\/p>\n<p><em>Vedat Shehu<\/em><\/p>\n<p><em>Mi\u00e7igan-16-1-2018<\/em><\/p>\n<p><em>\u00a0***<\/em><\/p>\n<h1><\/h1>\n<h1><em>Nga Athina<\/em><\/h1>\n<h1>Z.Vedat Shehu, keni t\u00eb drejt\u00eb t\u00eb entusiazmoheni dhe aq m\u00eb tep\u00ebr q\u00eb n\u00ebnvizoni interpretimin e fakteve t\u00eb reja, n\u00eb k\u00ebt\u00eb ESSE, q\u00eb n\u00eb fakt do ta quaja STUDIM\u201d, edhe pse I shkurt\u00ebr nga zonja jon\u00eb shkrimtare VIVRA<\/h1>\n<h1>Un\u00eb kujtoj 500 vjetorin e\u00a0 Heroit tone\u00a0 komb\u00ebtar ,Sk\u00ebnderbeut dhe ndonj\u00eb n\u00ebnvizim t\u00eb[ ndonj\u00eb palo pseudohistoriani, q\u00eb equajti si MBRET T\u00cb PAKUROR\u00cbZUAR. Edhe vet\u00ebm ky fakt, jo vet\u00ebm si MBRET, por edhe t\u00eb KUROR\u00cbZUAR t\u00eb shqiptar\u00ebve, e ngre n\u00eb piedestalin e v\u00ebrtet\u00eb historic SK\u00cbNDERBEUN dhe vendin n\u00eb MBRET\u00cbRI. P\u00ebr m\u00eb tep\u00ebr, ky\u00a0 portal ka pena t\u00eb tjera ,me n\u00eb krye drejtuesin Dr. Fatmir Terziu, apo mikun ton\u00eb Prof.Dr.Eshref Ymeri, pa harruar prozatorin Faruk Myrtaj dhe kritikun riosh, Vasil Vasili, para t\u00eb cil\u00ebve druhem t\u00eb shprehem. Urime p\u00ebr kiontributin e zonj\u00ebs son\u00eb shkrimtare V.Vranaj(Haxhiraj),shkurt, bukur dhe \u00ebmb\u00ebl, VIVRA!<\/h1>\n<h1>Me respekt ,<\/h1>\n<h1>Sotir Athanasi Athin\u00eb- 16-1-2018<\/h1>\n<h1>***<\/h1>\n<h1><\/h1>\n<h1><em>Koment Nga Kanadaja<\/em><\/h1>\n<h1><em>Kur flet dhe shkruan Vilhelme Vranari Haxhiraj, t\u00eb mbushet zemra me krebari Komb\u00ebtare. I prift\u00eb e mira me at\u00eb arom\u00eb \u201cV\u00cbRTET\u00cbSIE\u201d n\u00eb k\u00ebt\u00eb 550 vjetor q\u00eb na b\u00ebn KRENAR\u00cb. Gjitahstu e uroj Vedat Shehun p\u00ebr fjal\u00ebt e zgjedhura n\u00eb adres\u00eb t\u00eb Vilhelme Vranarit, VLER\u00cbSUAR\u00a0 dhe jo p\u00ebrk\u00ebdhelur\u2026<\/em><\/h1>\n<h1><em>Urime, jet\u00eb dhe sh\u00ebndet, Vilhelme!<\/em><\/h1>\n<h1><em>GURI I Naimit (Dh.Xhoga)<\/em><\/h1>\n<h1><em>16-1-2018-Kanada<\/em><\/h1>\n","protected":false},"excerpt":{"rendered":"<p>Vilhelme Vrana Haxhiraj \u00a0 \u00c7\u2019duhet t\u00eb dim\u00eb p\u00ebr Sk\u00ebnderbeun pas 550 vitesh mungese? \u00a0\u00a0\u00a0\u00a0\u00a0\u00a0\u00a0\u00a0\u00a0\u00a0\u00a0\u00a0\u00a0\u00a0\u00a0\u00a0\u00a0\u00a0\u00a0\u00a0\u00a0\u00a0\u00a0\u00a0\u00a0\u00a0\u00a0\u00a0 \u00a0\u00a0\u00a0\u00a0\u00a0\u00a0\u00a0\u00a0\u00a0\u00a0\u00a0\u00a0\u00a0\u00a0\u00a0\u00a0\u00a0\u00a0\u00a0\u00a0Fragment nga dor\u00ebshkrimi\u201d Elitat jan\u00eb krenari Komb\u00ebtare\u201d \u00a0\u00a0\u00a0\u00a0\u00a0\u00a0\u00a0\u00a0\u00a0\u00a0\u00a0\u00a0\u00a0\u00a0\u00a0\u00a0\u00a0\u00a0\u00a0\u00a0\u00a0\u00a0\u00a0\u00a0\u00a0\u00a0\u00a0\u00a0 \u201cNuk \u00ebsht\u00eb sip\u00ebrfaqja e vendit ajo q\u00eb b\u00ebn nj\u00eb fron t\u00eb respektuesh\u00ebm, \u00a0\u00a0\u00a0\u00a0\u00a0\u00a0\u00a0\u00a0\u00a0\u00a0\u00a0\u00a0\u00a0\u00a0\u00a0\u00a0\u00a0\u00a0\u00a0\u00a0\u00a0\u00a0\u00a0\u00a0\u00a0\u00a0\u00a0\u00a0\u00a0\u00a0\u00a0\u00a0\u00a0\u00a0\u00a0 \u00a0\u00a0\u00a0por aft\u00ebsia e atij q\u00eb ulet mbi t\u00eb.\u201d Gjergj Kastiot Sk\u00ebnderbeu.<\/p>\n","protected":false},"author":1,"featured_media":7108,"comment_status":"open","ping_status":"open","sticky":false,"template":"","format":"standard","meta":{"footnotes":""},"categories":[15],"tags":[],"class_list":["post-7107","post","type-post","status-publish","format-standard","has-post-thumbnail","hentry","category-histori-gjeografi"],"_links":{"self":[{"href":"https:\/\/revistakuvendi.org\/index.php?rest_route=\/wp\/v2\/posts\/7107","targetHints":{"allow":["GET"]}}],"collection":[{"href":"https:\/\/revistakuvendi.org\/index.php?rest_route=\/wp\/v2\/posts"}],"about":[{"href":"https:\/\/revistakuvendi.org\/index.php?rest_route=\/wp\/v2\/types\/post"}],"author":[{"embeddable":true,"href":"https:\/\/revistakuvendi.org\/index.php?rest_route=\/wp\/v2\/users\/1"}],"replies":[{"embeddable":true,"href":"https:\/\/revistakuvendi.org\/index.php?rest_route=%2Fwp%2Fv2%2Fcomments&post=7107"}],"version-history":[{"count":1,"href":"https:\/\/revistakuvendi.org\/index.php?rest_route=\/wp\/v2\/posts\/7107\/revisions"}],"predecessor-version":[{"id":7111,"href":"https:\/\/revistakuvendi.org\/index.php?rest_route=\/wp\/v2\/posts\/7107\/revisions\/7111"}],"wp:featuredmedia":[{"embeddable":true,"href":"https:\/\/revistakuvendi.org\/index.php?rest_route=\/wp\/v2\/media\/7108"}],"wp:attachment":[{"href":"https:\/\/revistakuvendi.org\/index.php?rest_route=%2Fwp%2Fv2%2Fmedia&parent=7107"}],"wp:term":[{"taxonomy":"category","embeddable":true,"href":"https:\/\/revistakuvendi.org\/index.php?rest_route=%2Fwp%2Fv2%2Fcategories&post=7107"},{"taxonomy":"post_tag","embeddable":true,"href":"https:\/\/revistakuvendi.org\/index.php?rest_route=%2Fwp%2Fv2%2Ftags&post=7107"}],"curies":[{"name":"wp","href":"https:\/\/api.w.org\/{rel}","templated":true}]}}