{"id":7058,"date":"2018-01-17T23:01:12","date_gmt":"2018-01-17T23:01:12","guid":{"rendered":"http:\/\/revistakuvendi.org\/?p=7058"},"modified":"2018-01-17T23:03:49","modified_gmt":"2018-01-17T23:03:49","slug":"gjergj-kastrioti-dhe-mbi-pegas","status":"publish","type":"post","link":"https:\/\/revistakuvendi.org\/?p=7058","title":{"rendered":"GJERGJ KASTRIOTI DHE MBI PEGAS"},"content":{"rendered":"<p><strong>Nga Visar\u00a0 Zhiti<\/strong><\/p>\n<p><strong><em>\u00a0<\/em><\/strong><\/p>\n<p><em>Teksa po nxirrja nga librat e mi baladat p\u00ebr Gjergj Kastrioti Sk\u00ebnderbeun, thash\u00eb me vete se ka mbi 5 shekuj q\u00eb Heroi yn\u00eb enden dhe n\u00ebp\u00ebr k\u00ebng\u00eb si n\u00ebp\u00ebr pllaja e fusha betejash,s\u00eb pari n\u00eb ato t\u00eb popullit t\u00eb tij dhe t\u00eb gjuh\u00ebs s\u00eb tij, por dhe n\u00eb popuj t\u00eb tjer\u00eb e gjuh\u00eb t\u00eb tjera. <\/em><!--more--><\/p>\n<p><em>Shkonte t\u00eb gjith\u00eb fqinj\u00ebt ballkanik\u00eb, q\u00eb nga pasardh\u00ebsit e tjer\u00eb t\u00eb ilir\u00ebve, kroat\u00eb e malazias,\u00a0 te grek\u00ebrit dhe te sllav\u00ebt e jugut, n\u00eb Serbi, Bullgari, etj,\u00a0 te rumun\u00ebt dhe rend triumfator n\u00ebp\u00ebr Itali, jo vet\u00ebm te arb\u00ebresh\u00ebt e tij, shkon n\u00eb Franc\u00eb, Belgjik\u00eb, Gjermani, n\u00eb vendet e Europ\u00ebs Veriore, n\u00eb gjuh\u00ebt anglo-saksone, n\u00eb Poloni e n\u00eb Rusi n\u00eb dy kontinentale, edhe n\u00eb Azi, pse jo dhe n\u00eb Afrik\u00eb, Egjipt dhe kapton tej,n\u00eb Amerik\u00eb ku adhurimi shtohet si p\u00ebr nj\u00eb Kryeluft\u00ebtar t\u00eb liris\u00eb dhe mbrojt\u00ebs t\u00eb qytet\u00ebrimit Per\u00ebndimor..<\/em><\/p>\n<p><em>Kali i tij duket se \u00ebsht\u00eb b\u00ebr\u00eb me flatra, i shnd\u00ebrruar n\u00eb Pegas dhe ai ndali bronzt\u00eb n\u00eb sheshe dhe poema\u2026<\/em><\/p>\n<p><em>\u00a0\u00a0\u00a0\u00a0\u00a0\u00a0\u00a0\u00a0\u00a0 Dua t<\/em>\u00eb <em>risjell disa prej baladave t\u00eb mia,pjes\u00ebza t\u00eb nxjerra nga libra t\u00eb ndrysh\u00ebm, t\u00eb shkruara nd\u00ebr vite, edhe n\u00eb burg, fshatrave, por dhe n\u00eb metropole t\u00eb Europ\u00ebs.<\/em><\/p>\n<p><em>\u00a0\u00a0\u00a0\u00a0\u00a0\u00a0\u00a0\u00a0\u00a0 Se si m\u00eb frushullojn\u00eb tani, si flatrime t\u00eb flatrave t\u00eb Pegasit Sk\u00ebnderbejan.<\/em><\/p>\n<p><em>\u00a0<a href=\"http:\/\/revistakuvendi.org\/wp-content\/uploads\/2018\/01\/visar-zhiti.png\" rel=\"attachment wp-att-7059\"><img loading=\"lazy\" decoding=\"async\" class=\"alignleft size-full wp-image-7059\" src=\"http:\/\/revistakuvendi.org\/wp-content\/uploads\/2018\/01\/visar-zhiti.png\" alt=\"visar zhiti\" width=\"160\" height=\"135\" \/><\/a><\/em><\/p>\n<p>N\u00cb SHT\u00cbPIN\u00cb E VOJSAV\u00cbS<\/p>\n<p>&nbsp;<\/p>\n<p>Nd\u00ebrsa ngjiteshim<\/p>\n<p>n\u00ebp\u00ebr rrug\u00ebn e bardh\u00eb<\/p>\n<p>(me bor\u00ebn si shpirt i hapur)<\/p>\n<p>p\u00ebr t\u00eb shkuar<\/p>\n<p>n\u00eb sht\u00ebpin\u00eb e Vojsav\u00ebs<\/p>\n<p>t\u00eb gjith\u00eb nga pak<\/p>\n<p>u shnd\u00ebrruan<\/p>\n<p>n\u00eb Sk\u00ebnderbej&#8230;<\/p>\n<p>&nbsp;<\/p>\n<p>&nbsp;<\/p>\n<p><em>Gradec, 17. 02. 1993<\/em><em>\u00a0<\/em><\/p>\n<p><em>( nga libri \u201cMbjellja e vet\u00ebtimave\u201d)<\/em><\/p>\n<p><em>\u00a0<\/em><em>\u00a0<\/em><\/p>\n<p><em>\u00a0<\/em><\/p>\n<p><em>SK\u00cbNDERBEU<\/em><\/p>\n<p><em>DHE NJ\u00cb \u00c7\u00cbSHTJE E ERR\u00cbT <\/em><\/p>\n<p><em>N\u00cb JET\u00cbN E MOISI GOLEMIT<\/em><\/p>\n<p><em>\u00a0<\/em><\/p>\n<p>Kur isha f\u00ebmij\u00eb,<\/p>\n<p>Baban\u00eb tim dhe Sk\u00ebnderbeun<\/p>\n<p>kam adhuruar m\u00eb shum\u00eb nga burrat e bot\u00ebs<\/p>\n<p>Dhe t\u00eb gjitha vet\u00ebtimat<\/p>\n<p>m\u00eb dukeshin si vring\u00ebllima t\u00eb shpat\u00ebs s\u00eb heroit.<\/p>\n<p>\u00c7do vit n\u00eb shkoll\u00eb do t\u00eb m\u00ebsonim<\/p>\n<p>p\u00ebr vdekjen e Sk\u00ebnderbeut<\/p>\n<p>dhe do t\u00eb qaja, kur t\u00eb tjer\u00ebt dilnin,<\/p>\n<p>i fshehur tek dera.<\/p>\n<p>Ashtu si kali i tij q\u00eb s\u2019pranoi m\u00eb zot\u00ebri tjet\u00ebr<\/p>\n<p>dhe un\u00eb s\u2019pranoja m\u00eb t\u00eb m\u00ebsoja gj\u00ebra t\u00eb tjera.<\/p>\n<p>E urreja Moisi Golemin q\u00eb iku, na tradhtoi,<\/p>\n<p>tradhtin\u00eb s\u2019do ia falja kurr\u00eb.<\/p>\n<p>Tok\u00eb m\u00ebm\u00eb, at\u00eb q\u00eb n\u00eb nj\u00eb rrug\u00eb t\u00eb till\u00eb do t\u00eb shkoj\u00eb,<\/p>\n<p>L\u00ebre f\u00ebmij\u00eb, mos e rrit,<\/p>\n<p>\u00e7\u2019e b\u00ebn kot burr\u00eb!<\/p>\n<p>Tani von\u00eb, n\u00eb nj\u00eb si legjend\u00eb,<\/p>\n<p>im at\u00eb ma rr\u00ebfeu,<\/p>\n<p>q\u00eb ikja e Gjeneralit pask\u00ebsh qen\u00eb e sajuar: plan, plan!<\/p>\n<p>At\u00eb e kishte nisur vet\u00eb Sk\u00ebnderbeu&#8230;<\/p>\n<p>N\u00eb luft\u00eb duhet t\u00eb jesh her\u00eb me kryet-skile<\/p>\n<p>dhe her\u00eb me trupin-luan.<\/p>\n<p>&nbsp;<\/p>\n<p>\u00c7\u2019mision i r\u00ebnd\u00eb mes t\u00eb huajve&#8230; t\u00eb shtiresh&#8230;<\/p>\n<p>sulltanit dor\u00ebn t\u2019i puth\u00ebsh,<\/p>\n<p>T\u00eb p\u00ebrs\u00ebrit\u00ebsh th\u00ebniet e tij t\u00eb vrazhdai gjoja si men\u00e7urira.<\/p>\n<p>T\u00eb hash me frik\u00eb se mos helmi vdekjeprur\u00ebs<\/p>\n<p>\u00ebsht\u00eb me sherbetin e \u00ebmb\u00ebl<\/p>\n<p>n\u00eb kupat e florinjta.<\/p>\n<p>&nbsp;<\/p>\n<p>T\u00eb kesh frik\u00eb dhe n\u00eb harem, n\u00ebp\u00ebr qejfe,<\/p>\n<p>se femrat raportojn\u00eb dhe m\u00ebnyrat<\/p>\n<p>e shtrirjes mbi pelerin\u00eb&#8230;<\/p>\n<p>Q\u00eb nga \u00e7adra ushtarake deri tek gjysm\u00eb h\u00ebna qiejve<\/p>\n<p>hija jote duhej t\u00ebkomplotonte me gjith\u00eb perandorin\u00eb.<\/p>\n<p>&nbsp;<\/p>\n<p>Dhe t\u00eb mos kuptohesh<\/p>\n<p>si identiteti n\u00ebn p\u00ebrkrenare!<\/p>\n<p>Ti n\u00eb rrezik q\u00eb atdheu sa m\u00eb larg rrezikut t\u00eb jet\u00eb!<\/p>\n<p>Po e ardhmja merret ve\u00e7 me ato q\u00eb duken, si malet,<\/p>\n<p>ku ta gjesh, si ta shpjegosh<\/p>\n<p>nj\u00eb pik\u00ebz loti t\u00eb fsheht\u00eb?<\/p>\n<p>&nbsp;<\/p>\n<p>Eh, sa jet\u00eb q\u00eb humbinkuturu<\/p>\n<p>si dyndje shigjetash n\u00ebp\u00ebr luft\u00ebra&#8230;<\/p>\n<p>Po ai q\u00eb sakrifikoi n\u00eb shekuj di\u00e7ka ende m\u00eb t\u00eb shtrenjt\u00eb:<\/p>\n<p>Emrin e tij.<\/p>\n<p>Jan\u00eb v\u00ebn\u00eb gabim statuja, jan\u00eb hequr statuja,<\/p>\n<p>por t\u00eb lutem, ndreqi gabimet, moj histori!<\/p>\n<p>&nbsp;<\/p>\n<p>Gjeneral, \u00e7\u2019tortur\u00eb dhe p\u00ebr koh\u00ebn<\/p>\n<p>pas vrasjes t\u00ebnde,<\/p>\n<p>e cila \u00ebsht\u00eb pjesa m\u00eb e r\u00ebnd\u00ebsishme p\u00ebr heronjt\u00eb.<\/p>\n<p>Prind\u00ebrit di\u00e7ka biblike rip\u00ebrt\u00ebrijn\u00eb, ja ashtu me hamendje,<\/p>\n<p>q\u00eb emrin \u201cMojsi\u201d v\u00ebn\u00eb tek djemt\u00eb edhe sot.<\/p>\n<p>&nbsp;<\/p>\n<p>&#8212;&#8212;&#8212;&#8212;&#8212;&#8212;&#8212;&#8212;&#8212;&#8212;&#8212;&#8212;&#8212;&#8212;&#8212;&#8212;&#8212;&#8211;<\/p>\n<p><em>Kur u d\u00ebnua autori, n\u00eb aktakuz\u00eb pati dhe k\u00ebt\u00eb poezi <\/em><\/p>\n<p><em>\u201csi shtremb\u00ebrim t\u00eb realitetit historik me q\u00ebllim q\u00eb t\u2019u dal\u00eb n\u00eb mbrojtje <\/em><\/p>\n<p><em>tradhtive q\u00eb zbulonte dhe nd\u00ebshkonte PPSH\u201d (Viti 1979).<\/em><\/p>\n<p><em>Nga libri \u201cMbjellja e vet\u00ebtimave\u201d<\/em><\/p>\n<p><em>\u00a0<\/em><\/p>\n<p><em>\u00a0*\u00a0 *\u00a0 *<\/em><\/p>\n<p>&nbsp;<\/p>\n<p>&#8230; erdh\u00ebn arb\u00ebresh\u00eb<\/p>\n<p>meplisat e bardh\u00eb mbi krye. Vija e zez\u00eb n\u00eb tirq &#8211;<\/p>\n<p>shenj\u00eb zie e p\u00ebrhershme p\u00ebr Vdekjen e Sk\u00ebnderbeut.<\/p>\n<p>&#8230; kambanat nis\u00ebn t\u00eb bien vet\u00eb&#8230;<\/p>\n<p>&nbsp;<\/p>\n<p>&nbsp;<\/p>\n<p><em>*\u00a0 *\u00a0 *<\/em><\/p>\n<p>&nbsp;<\/p>\n<p>&#8230;a e di si p\u00ebrdorej folja <em>b\u00ebrtas <\/em>n\u00eb koh\u00ebn e Gjergj<\/p>\n<p>Kastriotit Sk\u00ebnderbeut? <em>Nkelthas.<\/em>Po <em>qaj<\/em>?<em>Nklaj.<\/em><\/p>\n<p>\u00c7\u2019\u00ebsht\u00eb ajo \u201cn\u201d p\u00ebrpara, shenj\u00ebz e urave t\u00eb p\u00ebrmbysura,<\/p>\n<p>E skeleteve t\u00eb ngrehinave?&#8230;<\/p>\n<p><em>\u00a0 \u00a0 \u00a0 \u00a0 \u00a0\u00a0<\/em><\/p>\n<p><em>Nga libri \u201cSi shkohet n\u00eb Kosov\u00eb<\/em><\/p>\n<p>&nbsp;<\/p>\n<p>MBR\u00cbMJE TETORI, FLET\u00cb E GRISUR DITARI<\/p>\n<p>&nbsp;<\/p>\n<p>Po prisja shiun turk, s\u2019po vinte q\u00eb s\u2019po vinte, si grua edhe shiu,<\/p>\n<p>rruga e panjohur mbeti e that\u00eb, e pandjeshme, gjith\u00eb ato brigje<\/p>\n<p>&nbsp;<\/p>\n<p>p\u00ebrreth, pa sirenat magjeps\u00ebse. Urat mbi Bosfor, aq t\u00eb\u00a0 m\u00ebdha<\/p>\n<p>dhe t\u00eb famshme, nuk arrinin te asnj\u00eb dor\u00eb zonje, te asnj\u00eb puthje,<\/p>\n<p>&nbsp;<\/p>\n<p>kot binin m\u00eb gjunj\u00eb. Ndala te nj\u00eb librari, m\u00eb e af\u00ebrta, po shfletoja<\/p>\n<p>nj\u00eb antologji, k\u00ebrkoja nj\u00eb em\u00ebr gruaje. Ku \u00ebsht\u00eb poezia e saj,<\/p>\n<p>&nbsp;<\/p>\n<p>mes flok\u00ebve dhe shamis\u00eb si nj\u00eb petale e mbetur fluture,<\/p>\n<p>te v\u00ebshtrimi dinak i syve t\u00eb zinj, te buz\u00ebt e enjtura t\u00eb mosfoljes,<\/p>\n<p>&nbsp;<\/p>\n<p>nj\u00eb poezi fem\u00ebr k\u00ebrkoja, t\u00eb vezullonte si manikyr dielli n\u00eb thonjt\u00eb<\/p>\n<p>e gjat\u00eb prej Kostandinopoje, si buqeta me lule n\u00eb dyqanin<\/p>\n<p>&nbsp;<\/p>\n<p>e mbr\u00ebmjes me burra, q\u00eb s\u2019iu dhurua asnj\u00eb dashurie, si abazhuri<\/p>\n<p>i harruar ndezur n\u00eb an\u00eb t\u00eb shtratit t\u00eb zbazur buz\u00eb detit. Dhoma ime<\/p>\n<p>&nbsp;<\/p>\n<p>lundron n\u00eb Stambollin e madh t\u00eb sulltan\u00ebve. \u00c7\u2019m\u00ebporositifshehur<\/p>\n<p>brendamejeSk\u00ebnderbeu? Dera e xhamt\u00eb rrotullohet si gjeratore<\/p>\n<p>&nbsp;<\/p>\n<p>prej uji, del \u00ebndrra e gruas, m\u00ebndafsh dhe h\u00ebn\u00eb dhe premtim. Nj\u00eb \u00e7ad\u00ebr e kot\u00eb n\u00eb dor\u00eb. Shiu \u00ebsht\u00eb dashuri, s\u2019po bie q\u00eb s\u2019po bie.<\/p>\n<p>&nbsp;<\/p>\n<p><em>E shkruar n\u00eb Stamboll,<\/em><\/p>\n<p><em>nga libri \u201cThesaret e frik\u00ebs\u201d<\/em><\/p>\n<p><em>\u00a0<\/em><\/p>\n<p><em>\u00a0<\/em><\/p>\n<p><em>DY VARRE PES\u00cbQIND VJET LARG NJ\u00cbRI-TJETRIT<\/em><\/p>\n<p><em>\u00a0<\/em><\/p>\n<p>P\u00ebrs\u00ebri erdh\u00ebn nga larg, nga shkret\u00ebtirat. Kaluan<\/p>\n<p>malin e fundit. Pan\u00eb detin e madh, t\u00eb huaj.<\/p>\n<p>Si llahtar\u00ed t\u00eb kalt\u00ebr, harbonj\u00ebse shtynte dallg\u00ebt,<\/p>\n<p>si gjokset lakuriqe t\u00eb grave t\u00eb haremeve. Ja \u00e7adra e<\/p>\n<p>tyre si tr\u00ebndafil mes mij\u00ebra \u00e7adrave ushtarake, mes \u00a0\u00a0\u00a0\u00a0\u00a0 topave dhe kuajve n\u00ebn rrap\u00ebllim\u00ebn e daulleve dhe kazan\u00ebve, n\u00ebn emblemat absurde. Pluhur i para pes\u00ebqind vjet\u00ebve. Atje posht\u00eb ishte qyteti i vog\u00ebl, i pushtuar. Kisha dhe varri i Gjergj Kastriotit, i xhindit, q\u00eb xhindosi Sovranin e madh.<\/p>\n<p>Do t\u00eb suleshin ata, gjithmon\u00eb ata, t\u00eb nj\u00ebjt\u00ebt ata,<\/p>\n<p>do t\u00eb shkulnin pllak\u00ebn e r\u00ebnd\u00eb t\u00eb varrit, do t\u00eb nxirrnin eshtrat e heroit si eshtrat e vet\u00eb kombit. Pastaj do t\u2019i thyenin, copa-copa, eshtrat me balt\u00eb, t\u00eb gjata sa shpatat. Do t\u00eb thyenin kafk\u00ebn si kuben\u00eb e qiellit.T\u00eb \u00e7mendur dhe makab\u00ebr. Nga nj\u00eb cop\u00eb kock\u00eb si hajmali do t\u00eb varnin n\u00eb qaf\u00eb ushtar\u00ebt p\u00ebr t\u00eb pasur fat n\u00ebp\u00ebr betejat si armiku i tyre i madh. Pes\u00ebqind vjet m\u00eb par\u00eb, kur dhe varret tani jan\u00eb varrosur n\u00eb harres\u00eb. Ra nata. Nata e kombit. Me heroizma si me g\u00ebrmadha, pa skelete heronjsh.<\/p>\n<p>Nata me britma rob\u00ebrish q\u00eb digjeshin si pishtar\u00eb. Pes\u00ebqind vjet nat\u00eb ballkanike. Frutat e pem\u00ebve ashtu si buka s\u2019kishin shije. Rr\u00ebnj\u00ebt thithnin gjak t\u00eb turbullt, t\u00eb p\u00ebrzier. N\u00ebp\u00ebr tok\u00eb kalbeshin trupa barbar\u00ebsh dhe dezertor\u00ebsh, bejtexhinjsh dhe devesh, spiun\u00ebsh e kuzhinier\u00ebsh t\u00eb paqes m\u00eb t\u00eb kuqe se lufta. Njeriu binte e malet b\u00ebheshin m\u00eb t\u00eb lart\u00eb nga kufomat.Malet u mbush\u00ebn me partizan\u00ebt e luft\u00ebs m\u00eb t\u00eb fundit t\u00ebbot\u00ebs, plot si me pyje. G\u00ebrmadh\u00eb u b\u00eb mishi i historis\u00eb dhe ne kujtuam se erdh\u00ebn dit\u00eb t\u00eb reja.Besuam tek urat. Besuam q\u00eb deti u b\u00eb e dashura e t\u00eb gjith\u00ebve si liria. K\u00ebshtu thoshin k\u00ebng\u00ebt. Pastaj, ah, pastaj kur u hap<\/p>\n<p>tymi i betejave, n\u00ebp\u00ebr pellgje pam\u00eb pasqyrimin<\/p>\n<p>e sundimtar\u00ebve t\u00eb ikur, t\u00eb sundimtar\u00ebve tan\u00eb<\/p>\n<p>q\u00eb na udh\u00ebhoq\u00ebn, u p\u00ebrzjehej pasqyrimi n\u00ebp\u00ebr pellgje, binin si pluhuri i pushtuesve t\u00eb para pes\u00ebqind viteve.Na merreshin mendt\u00eb si k\u00ebmb\u00ebt. Dhe u sul\u00ebm ne, vet\u00eb ne, jo pushtuesit, te kishat tona. Thyem kryqin e megjithat\u00eb nuk shp\u00ebtuam dot nga udh\u00ebkryqi yn\u00eb. N\u00eb nj\u00eb\u00a0 tjet\u00ebr kish\u00eb gjet\u00ebm skeletin e Gjergjit&#8230; jo, jo t\u00eb Kastriotit&#8230; t\u00eb Gjergj Fisht\u00ebs, m\u00eb t\u00eb madhit rapsod t\u00eb shekullit nj\u00ebzet, e fundmja lahut\u00eb e bot\u00ebs. N\u00eb zjarr i kishim hedhur librat e tij. O Zot!<\/p>\n<p>&nbsp;<\/p>\n<p>Jo, jo, nuk do t\u2019ju them q\u00eb pushtuesit anadollak\u00eb<\/p>\n<p>na vodh\u00ebn skeletin e kryetrimit dhe ne, vet\u00eb ne,<\/p>\n<p>me duart tona, dit\u00ebn me diell, humb\u00ebm skeletin e poetit,(s\u2019ua ndam\u00eb letrar\u00ebve t\u00eb rinj si copa hajmalish<\/p>\n<p>kockat e tij), e hodh\u00ebm n\u00eb lum\u00eb. N\u00eb lumin q\u00eb vinte<\/p>\n<p>nga sllav\u00ebt.Me brinj\u00ebt e poetit mund t\u00eb b\u00ebhen lira t\u00eb bukura.<\/p>\n<p><em>\u00a0<\/em><\/p>\n<p><em>E shkruar n<\/em>\u00eb burg, <em>Spa\u00e7, 14 janar 1983<\/em><\/p>\n<p><em>Nga libri \u201cHedh nj\u00eb kafk\u00eb te k\u00ebmb\u00ebt tuaja\u201d\u00a0\u00a0\u00a0\u00a0\u00a0\u00a0\u00a0\u00a0\u00a0\u00a0\u00a0\u00a0\u00a0\u00a0\u00a0\u00a0\u00a0\u00a0\u00a0\u00a0\u00a0\u00a0\u00a0\u00a0\u00a0\u00a0\u00a0\u00a0\u00a0\u00a0\u00a0\u00a0\u00a0\u00a0\u00a0\u00a0\u00a0\u00a0\u00a0\u00a0\u00a0\u00a0\u00a0\u00a0\u00a0\u00a0\u00a0\u00a0\u00a0\u00a0\u00a0\u00a0\u00a0\u00a0\u00a0\u00a0\u00a0\u00a0\u00a0\u00a0\u00a0\u00a0\u00a0 <\/em><\/p>\n<p><em>\u00a0<\/em><\/p>\n<p><em>\u00a0<\/em><em>\u00a0<\/em><\/p>\n<p><em>P\u00cbRKRENARJA E GJERGJ KASTRIOTIT<\/em><\/p>\n<p><em>\u00a0<\/em><\/p>\n<p>Ka m\u00eb shum\u00eb se pes\u00ebqind vjet<\/p>\n<p>q\u00eb udh\u00ebtoj<\/p>\n<p>p\u00ebr t\u00eb mb\u00ebrritur<\/p>\n<p>te kjo p\u00ebrkrenare \u2013<\/p>\n<p>&nbsp;<\/p>\n<p>me nj\u00eb dhi t\u00eb florinjt\u00eb p\u00ebrsip\u00ebr,<\/p>\n<p>fluturuese,<\/p>\n<p>q\u00eb u hidhet qiejve.<\/p>\n<p>Mbi brir\u00eb ka ende cop\u00ebra yjesh,<\/p>\n<p>shirita ylber\u00ebsh.<\/p>\n<p>Posht\u00eb ka di\u00e7ka nga toka e saj e err\u00ebt. Ja,<\/p>\n<p>reliefet e fatit, gunga t\u00eb metalta \u2013 nyje ngjarjesh<\/p>\n<p>dhe prap\u00eb terr.<\/p>\n<p>&nbsp;<\/p>\n<p>Ka m\u00eb shum\u00eb se pes\u00ebqind vjet q\u00eb udh\u00ebtoj,<\/p>\n<p>kalova mes betejave si mbi kufoma. Lash\u00eb pas<\/p>\n<p>k\u00ebshtjellat. \u00c7\u2019male q\u00eb na vodh\u00ebn<\/p>\n<p>si s\u00ebndyqe karvan\u00ebsh n\u00eb Ballkan.<\/p>\n<p>Uj\u00ebvarat rr\u00ebzohen \u2013<\/p>\n<p>valle vajzash<\/p>\n<p>q\u00eb hidheshin humnerave.<\/p>\n<p>Gjithmon\u00eb n\u00eb atdheun tim ulet nata,<\/p>\n<p>ja si kjo p\u00ebrkrenare,<\/p>\n<p>q\u00eb un\u00eb e shoh i magjepsur.<\/p>\n<p>Bie m\u00eb gjunj\u00eb.<\/p>\n<p>Xhamat si koha s\u2019m\u00eb l\u00ebn\u00eb t\u00eb prek.<\/p>\n<p>&nbsp;<\/p>\n<p>Polen fluturash aty \u2013 gjurm\u00ebt<\/p>\n<p>e gishtave t\u00eb poet\u00ebve.<\/p>\n<p>&nbsp;<\/p>\n<p>D\u00ebgjoj k\u00ebng\u00ebn e tyre si kori i burrave<\/p>\n<p>n\u00eb tragjedit\u00eb e lashta.<\/p>\n<p>Dhia e praruar m\u00eb njohu,<\/p>\n<p>m\u00eb ndjell me sy.<\/p>\n<p>Afrohem drejt saj dhe bleg\u00ebrij<\/p>\n<p>si livadhet e atdheut.<\/p>\n<p>&nbsp;<\/p>\n<p>Gjithmon\u00eb kjo dhi kullot brenda meje.<\/p>\n<p>Dhe shpesh her\u00eb<\/p>\n<p>brir\u00ebt e saj kan\u00eb dal\u00eb<\/p>\n<p>mbi kok\u00ebn time.<\/p>\n<p>Hutohem. Flas p\u00ebr\u00e7art.<\/p>\n<p>\u00c7\u2019\u00ebnd\u00ebrron p\u00ebrkrenare<\/p>\n<p>e ikur kaq larg?<\/p>\n<p>Cilin vall\u00eb? P\u00ebrve\u00e7se kryet e popullit!<\/p>\n<p>&nbsp;<\/p>\n<p>Po shpata e t\u00ebt zoti<\/p>\n<p>ku \u00ebsht\u00eb?<\/p>\n<p>Mbase mjaft godit\u00ebm midis nesh. Ti<\/p>\n<p>na duhesh m\u00eb shum\u00eb sot,<\/p>\n<p>o P\u00ebrkrenare,<\/p>\n<p>hijer\u00ebnd\u00eb<\/p>\n<p>dhe sublime,<\/p>\n<p>e bukur si ideja e kombit.<\/p>\n<p>Vezullim yt vazhdimisht<\/p>\n<p>na avitet<\/p>\n<p>&#8230; si m\u00ebngjesi.<\/p>\n<p>&nbsp;<\/p>\n<p>&nbsp;<\/p>\n<p><em>Vjen\u00eb, 30.12.1991<\/em><\/p>\n<p><em>\u00a0\u00a0\u00a0\u00a0\u00a0\u00a0\u00a0\u00a0\u00a0\u00a0\u00a0\u00a0\u00a0\u00a0\u00a0\u00a0\u00a0\u00a0 Nga libri \u201cmbjellja e vet\u00ebtimave\u201d<\/em><\/p>\n","protected":false},"excerpt":{"rendered":"<p>Nga Visar\u00a0 Zhiti \u00a0 Teksa po nxirrja nga librat e mi baladat p\u00ebr Gjergj Kastrioti Sk\u00ebnderbeun, thash\u00eb me vete se ka mbi 5 shekuj q\u00eb Heroi yn\u00eb enden dhe n\u00ebp\u00ebr k\u00ebng\u00eb si n\u00ebp\u00ebr pllaja e fusha betejash,s\u00eb pari n\u00eb ato t\u00eb popullit t\u00eb tij dhe t\u00eb gjuh\u00ebs s\u00eb tij, por dhe n\u00eb popuj t\u00eb tjer\u00eb&hellip;<\/p>\n","protected":false},"author":1,"featured_media":7059,"comment_status":"open","ping_status":"open","sticky":false,"template":"","format":"standard","meta":{"footnotes":""},"categories":[5],"tags":[],"class_list":["post-7058","post","type-post","status-publish","format-standard","has-post-thumbnail","hentry","category-letersi"],"_links":{"self":[{"href":"https:\/\/revistakuvendi.org\/index.php?rest_route=\/wp\/v2\/posts\/7058","targetHints":{"allow":["GET"]}}],"collection":[{"href":"https:\/\/revistakuvendi.org\/index.php?rest_route=\/wp\/v2\/posts"}],"about":[{"href":"https:\/\/revistakuvendi.org\/index.php?rest_route=\/wp\/v2\/types\/post"}],"author":[{"embeddable":true,"href":"https:\/\/revistakuvendi.org\/index.php?rest_route=\/wp\/v2\/users\/1"}],"replies":[{"embeddable":true,"href":"https:\/\/revistakuvendi.org\/index.php?rest_route=%2Fwp%2Fv2%2Fcomments&post=7058"}],"version-history":[{"count":2,"href":"https:\/\/revistakuvendi.org\/index.php?rest_route=\/wp\/v2\/posts\/7058\/revisions"}],"predecessor-version":[{"id":7061,"href":"https:\/\/revistakuvendi.org\/index.php?rest_route=\/wp\/v2\/posts\/7058\/revisions\/7061"}],"wp:featuredmedia":[{"embeddable":true,"href":"https:\/\/revistakuvendi.org\/index.php?rest_route=\/wp\/v2\/media\/7059"}],"wp:attachment":[{"href":"https:\/\/revistakuvendi.org\/index.php?rest_route=%2Fwp%2Fv2%2Fmedia&parent=7058"}],"wp:term":[{"taxonomy":"category","embeddable":true,"href":"https:\/\/revistakuvendi.org\/index.php?rest_route=%2Fwp%2Fv2%2Fcategories&post=7058"},{"taxonomy":"post_tag","embeddable":true,"href":"https:\/\/revistakuvendi.org\/index.php?rest_route=%2Fwp%2Fv2%2Ftags&post=7058"}],"curies":[{"name":"wp","href":"https:\/\/api.w.org\/{rel}","templated":true}]}}