{"id":7006,"date":"2017-12-30T14:56:28","date_gmt":"2017-12-30T14:56:28","guid":{"rendered":"http:\/\/revistakuvendi.org\/?p=7006"},"modified":"2017-12-30T14:56:28","modified_gmt":"2017-12-30T14:56:28","slug":"joni-latifi-protagonist-ne-filmin-buster","status":"publish","type":"post","link":"https:\/\/revistakuvendi.org\/?p=7006","title":{"rendered":"Joni Latifi protagonist n\u00eb filmin &#8220;Buster&#8221;"},"content":{"rendered":"<p class=\"xydpc39b5fc2yiv8931548571ydp1a3262bbmsonormal\" style=\"margin-bottom: .0001pt; text-align: justify; background: white;\"><span style=\"font-family: 'Helvetica','sans-serif'; color: black;\">Joni Latifi \u00ebsht\u00eb nj\u00eb aktor i talentuar shqiptar, lindur n\u00eb Tiran\u00eb m\u00eb 27 qershor 1994. Ka kryer studimet e larta dega \u201cAdministrim Biznesi\u201d n\u00eb Universitetin Europian t\u00eb Tiran\u00ebs. N\u00eb vitin 2016 ka l\u00ebvizur n\u00eb Nju York, p\u00ebr t\u00eb ndjekur \u00ebndrr\u00ebn e tij p\u00ebr t\u2019u b\u00ebr\u00eb aktor i \u201cHollivudit\u201d dhe nj\u00eb yll i suksessh\u00ebm n\u00eb fush\u00ebn e aktrimit.<\/span><!--more--><\/p>\n<p class=\"xydpc39b5fc2yiv8931548571ydp1a3262bbmsonormal\" style=\"margin-bottom: .0001pt; text-align: justify; background: white; font-variant-ligatures: normal; font-variant-caps: normal; orphans: 2; widows: 2; -webkit-text-stroke-width: 0px; text-decoration-style: initial; text-decoration-color: initial; word-spacing: 0px;\"><span style=\"font-family: 'Helvetica','sans-serif'; color: black;\">Ka marr\u00eb pjes\u00eb n\u00eb reklam\u00ebn e Telekom Albania dhe n\u00eb videoklipin \u201cPa Mua\u201d t\u00eb k\u00ebng\u00ebtares s\u00eb njohur Eranda Libohova, fituese e festivalit \u201cK\u00ebnga Magjike\u201d.<\/span><\/p>\n<p class=\"xydpc39b5fc2yiv8931548571ydp1a3262bbmsonormal\" style=\"margin-bottom: .0001pt; text-align: justify; background: white; font-variant-ligatures: normal; font-variant-caps: normal; orphans: 2; widows: 2; -webkit-text-stroke-width: 0px; text-decoration-style: initial; text-decoration-color: initial; word-spacing: 0px;\"><span style=\"font-family: 'Helvetica','sans-serif'; color: black;\"><a href=\"http:\/\/revistakuvendi.org\/wp-content\/uploads\/2017\/12\/BABAMUSTA-JOIN.png\" rel=\"attachment wp-att-7007\"><img loading=\"lazy\" decoding=\"async\" class=\"alignleft size-full wp-image-7007\" src=\"http:\/\/revistakuvendi.org\/wp-content\/uploads\/2017\/12\/BABAMUSTA-JOIN.png\" alt=\"BABAMUSTA JOIN\" width=\"169\" height=\"256\" \/><\/a>Joni Latifi luan rolin \u201cLaki\u201d n\u00eb filmin \u201cAkuariumi\u201d, me regji t\u00eb Dhimit\u00ebr Ismailaj dhe me rol kryesor Florind Belliu. Gjithashtu \u00ebsht\u00eb protagonist i filmit \u201cBuster\u201d me regji nga Leandro Gualdi\u00a0 dhe luan n\u00eb filmin \u201cWinner winner chicken dinner\u201d me regjisor Jun Ren.<\/span><\/p>\n<p class=\"xydpc39b5fc2yiv8931548571ydp1a3262bbmsonormal\" style=\"margin-bottom: .0001pt; text-align: justify; background: white; font-variant-ligatures: normal; font-variant-caps: normal; orphans: 2; widows: 2; -webkit-text-stroke-width: 0px; text-decoration-style: initial; text-decoration-color: initial; word-spacing: 0px;\"><span style=\"font-family: 'Helvetica','sans-serif'; color: black;\">Ndjek studimet n\u00eb akademin\u00eb prestigjioze \u201cStella Adler Studio of Acting\u201d n\u00eb Nju Jork p\u00ebr aktrim, n\u00eb programin me em\u00ebr \u201cProfessional Conservatory\u201d, q\u00eb njihet nga m\u00eb t\u00eb mir\u00ebt n\u00eb Amerik\u00eb p\u00ebr pregaditje n\u00eb industrin\u00eb e filmit t\u00eb Nju Jorkut dhe Hollivudit.<\/span><\/p>\n<p class=\"xydpc39b5fc2yiv8931548571ydp1a3262bbmsonormal\" style=\"margin-bottom: .0001pt; text-align: justify; background: white; font-variant-ligatures: normal; font-variant-caps: normal; orphans: 2; widows: 2; -webkit-text-stroke-width: 0px; text-decoration-style: initial; text-decoration-color: initial; word-spacing: 0px;\"><span style=\"font-family: 'Helvetica','sans-serif'; color: black;\">\u00a0<\/span><\/p>\n<p class=\"xydpc39b5fc2yiv8931548571ydp1a3262bbmsonormal\" style=\"margin-bottom: .0001pt; text-align: justify; background: white; font-variant-ligatures: normal; font-variant-caps: normal; orphans: 2; widows: 2; -webkit-text-stroke-width: 0px; text-decoration-style: initial; text-decoration-color: initial; word-spacing: 0px;\"><b><span style=\"font-family: 'Helvetica','sans-serif'; color: black;\">Intervist\u00eb me aktorin Joni Latifi<\/span><\/b><\/p>\n<p class=\"xydpc39b5fc2yiv8931548571ydp1a3262bbmsonormal\" style=\"margin-bottom: .0001pt; text-align: justify; background: white; font-variant-ligatures: normal; font-variant-caps: normal; orphans: 2; widows: 2; -webkit-text-stroke-width: 0px; text-decoration-style: initial; text-decoration-color: initial; word-spacing: 0px;\"><i><span style=\"font-family: 'Helvetica','sans-serif'; color: black;\">Bisedoi Ermira Babamuta, Nju Jork<\/span><\/i><b><span style=\"font-family: 'Helvetica','sans-serif'; color: black;\">\u00a0<\/span><\/b><\/p>\n<p class=\"xydpc39b5fc2yiv8931548571ydp1a3262bbmsonormal\" style=\"margin-bottom: .0001pt; text-align: justify; background: white; font-variant-ligatures: normal; font-variant-caps: normal; orphans: 2; widows: 2; -webkit-text-stroke-width: 0px; text-decoration-style: initial; text-decoration-color: initial; word-spacing: 0px;\"><b><span style=\"font-family: 'Helvetica','sans-serif'; color: black;\">Na tregoni p\u00ebr fillimet n\u00eb fush\u00ebn e aktrimit?<\/span><\/b><span style=\"font-family: 'Helvetica','sans-serif'; color: black;\">\u00a0<\/span><\/p>\n<p class=\"xydpc39b5fc2yiv8931548571ydp1a3262bbmsonormal\" style=\"margin-bottom: .0001pt; text-align: justify; background: white; font-variant-ligatures: normal; font-variant-caps: normal; orphans: 2; widows: 2; -webkit-text-stroke-width: 0px; text-decoration-style: initial; text-decoration-color: initial; word-spacing: 0px;\"><span style=\"font-family: 'Helvetica','sans-serif'; color: black;\">Fillimet e mia n\u00eb fush\u00ebn e aktrimit kan\u00eb q\u00ebn\u00eb t\u00eb v\u00ebshtira, por s\u2019kam hequr kurr\u00eb dor\u00eb nga pasioni im. \u00c7do p\u00ebrvoj\u00eb n\u00eb audicione m\u00eb ka b\u00ebr\u00eb m\u00eb t\u00eb fort\u00eb dhe m\u00eb ka shtyr\u00eb p\u00ebr t\u00eb punuar shum\u00eb e m\u00eb shum\u00eb. Sidomos n\u00eb Jo\u2019n\u00eb e par\u00eb q\u00eb mora, kam pyetur veten, \u00e7far\u00eb mund t\u00eb jap m\u00eb shum\u00eb nga vetja p\u00ebr t\u00eb qen\u00eb i suksessh\u00ebm n\u00eb q\u00ebllimet e mia. Fillova t\u00eb marr disa klasa aktrimi dhe gjuh\u00eb personale p\u00ebr t\u2019u p\u00ebrgatitur m\u00eb s\u00eb miri n\u00eb nivelin profesional.\u00a0<\/span><\/p>\n<p class=\"xydpc39b5fc2yiv8931548571ydp1a3262bbmsonormal\" style=\"margin-bottom: .0001pt; text-align: justify; background: white; font-variant-ligatures: normal; font-variant-caps: normal; orphans: 2; widows: 2; -webkit-text-stroke-width: 0px; text-decoration-style: initial; text-decoration-color: initial; word-spacing: 0px;\"><span style=\"font-family: 'Helvetica','sans-serif'; color: black;\">Suksesi arrihet me shum\u00eb pun\u00eb, duke punuar fort me or\u00eb t\u00eb vona dhe duke u dashuruar me pun\u00ebn q\u00eb po b\u00ebn. Dhe sa her\u00eb q\u00eb fitoj nj\u00eb audicion m\u00eb b\u00ebn t\u2019a dua m\u00eb shum\u00eb pun\u00ebn dhe m\u00eb rrit besimin n\u00eb aft\u00ebsit\u00eb dhe talentin tim. Nuk i mbaj shpresat te fati, por te puna dhe k\u00ebmb\u00ebngulja ime p\u00ebr t\u00eb arritur aty ku dua un\u00eb t\u00eb arrij.\u00a0<\/span><\/p>\n<p class=\"xydpc39b5fc2yiv8931548571ydp1a3262bbmsonormal\" style=\"margin-bottom: .0001pt; text-align: justify; background: white; font-variant-ligatures: normal; font-variant-caps: normal; orphans: 2; widows: 2; -webkit-text-stroke-width: 0px; text-decoration-style: initial; text-decoration-color: initial; word-spacing: 0px;\"><b><span style=\"font-family: 'Helvetica','sans-serif'; color: black;\">Me cilat projekte po mereni tani?<\/span><\/b><span style=\"font-family: 'Helvetica','sans-serif'; color: black;\">\u00a0<\/span><\/p>\n<p class=\"xydpc39b5fc2yiv8931548571ydp1a3262bbmsonormal\" style=\"margin-bottom: .0001pt; text-align: justify; background: white; font-variant-ligatures: normal; font-variant-caps: normal; orphans: 2; widows: 2; -webkit-text-stroke-width: 0px; text-decoration-style: initial; text-decoration-color: initial; word-spacing: 0px;\"><span style=\"font-family: 'Helvetica','sans-serif'; color: black;\">Momentalisht marr audicione ose rol direkt nga dy agjensit\u00eb m\u00eb t\u00eb m\u00ebdha n\u00eb New York. Tani po merrem me audicione t\u00eb shumta, por konkretisht po punoj p\u00ebr nj\u00eb film, me regjisorin e njohur shqiptar, Dhimit\u00ebr Ismailaj dhe me aktorin e talentuar Florind Belliu. Film \u00ebsht\u00eb me metrazh t\u00eb shkurt\u00ebr i quajtur \u201cAkuariumi\u201d. Shpresojm\u00eb t\u2019a xhirojm\u00eb n\u00eb fillimet e vitit 2018. Do jet\u00eb dram\u00eb \/ romanc\u00eb.<\/span><\/p>\n<p class=\"xydpc39b5fc2yiv8931548571ydp1a3262bbmsonormal\" style=\"margin-bottom: .0001pt; text-align: justify; background: white; font-variant-ligatures: normal; font-variant-caps: normal; orphans: 2; widows: 2; -webkit-text-stroke-width: 0px; text-decoration-style: initial; text-decoration-color: initial; word-spacing: 0px;\"><b><span style=\"font-family: 'Helvetica','sans-serif'; color: black;\">\u00c7far\u00eb ju p\u00eblqen n\u00eb rolin q\u00eb po luani n\u00eb filmin \u201cAkuariumi\u201d? Si lidheni ju me k\u00ebt\u00eb personazh?<\/span><\/b><span style=\"font-family: 'Helvetica','sans-serif'; color: black;\">\u00a0<\/span><\/p>\n<p class=\"xydpc39b5fc2yiv8931548571ydp1a3262bbmsonormal\" style=\"margin-bottom: .0001pt; text-align: justify; background: white; font-variant-ligatures: normal; font-variant-caps: normal; orphans: 2; widows: 2; -webkit-text-stroke-width: 0px; text-decoration-style: initial; text-decoration-color: initial; word-spacing: 0px;\"><span style=\"font-family: 'Helvetica','sans-serif'; color: black;\">Me p\u00eblqen roli shum\u00eb se do jet\u00eb \u2018back in time\u2019 i nj\u00eb djali me emrin \u201cLaki\u201d, humorist, me ambicje dhe feminist. M\u00eb p\u00ebrshtatet shum\u00eb n\u00eb jet\u00ebn reale. Duke par\u00eb se regjisori \u00ebsht\u00eb shqiptar, shum\u00eb i aft\u00eb, ka mbaruar studimet n\u00eb New York p\u00ebr regjisor, po m\u00eb ndihmon shum\u00eb dhe ka goxha besim tek un\u00eb. Filmi do d\u00ebrgohet n\u00eb 50 festivale, shpresojm\u00eb p\u00ebr di\u00e7ka t\u00eb mir\u00eb!<\/span><\/p>\n<p class=\"xydpc39b5fc2yiv8931548571ydp1a3262bbmsonormal\" style=\"margin-bottom: .0001pt; text-align: justify; background: white; font-variant-ligatures: normal; font-variant-caps: normal; orphans: 2; widows: 2; -webkit-text-stroke-width: 0px; text-decoration-style: initial; text-decoration-color: initial; word-spacing: 0px;\"><span style=\"font-family: 'Helvetica','sans-serif'; color: black;\">Gjithashtu jam me mikun tim t\u00eb ngusht\u00eb Florind Belliu, i cili me jep k\u00ebshilla dhe do ket\u00eb rol kryesor n\u00eb k\u00ebt\u00eb film. Ne shpresojm\u00eb filmi \u201cAkuariumi\u201d t\u00eb p\u00eblqehet jasht\u00eb Shqip\u00ebris\u00eb n\u00ebp\u00ebr bot\u00eb dhe brenda gjithashtu.<\/span><\/p>\n<p class=\"xydpc39b5fc2yiv8931548571ydp1a3262bbmsonormal\" style=\"margin-bottom: .0001pt; text-align: justify; background: white; font-variant-ligatures: normal; font-variant-caps: normal; orphans: 2; widows: 2; -webkit-text-stroke-width: 0px; text-decoration-style: initial; text-decoration-color: initial; word-spacing: 0px;\"><b><span style=\"font-family: 'Helvetica','sans-serif'; color: black;\">Cili ka qen\u00eb filmi m\u00eb i bukur ku keni marr\u00eb pjes\u00eb?<\/span><\/b><span style=\"font-family: 'Helvetica','sans-serif'; color: black;\">\u00a0<\/span><\/p>\n<p class=\"xydpc39b5fc2yiv8931548571ydp1a3262bbmsonormal\" style=\"margin-bottom: .0001pt; text-align: justify; background: white; font-variant-ligatures: normal; font-variant-caps: normal; orphans: 2; widows: 2; -webkit-text-stroke-width: 0px; text-decoration-style: initial; text-decoration-color: initial; word-spacing: 0px;\"><span style=\"font-family: 'Helvetica','sans-serif'; color: black;\">Filmi m\u00eb i bukur q\u00eb kam marr pjes\u00eb quhet \u201cBuster\u201d i cili nuk \u00ebsht\u00eb perfunduar ende. Aty luaj rolin kryesor dhe n\u00eb fund t\u0113 k\u00ebti vitit do dali dhe Preview. Do jet\u00eb short movie drama. Kam rolin e \u201cBuster\u201d, nj\u00eb djal\u00eb me trauma, me probleme t\u00eb forta psikologjike. N\u00eb k\u00ebt\u00eb rol, ndjesia ime \u00ebsht\u00eb dhuna dhe \u00e7do dit\u00eb vej n\u00eb dyshim ekszistenc\u00ebn e jet\u00ebs sime. Kam punuar shum\u00eb fort p\u00ebr k\u00ebt\u00eb rol, dhe xhirimet kan vajtur shum\u00eb mir\u00eb.<\/span><\/p>\n<p class=\"xydpc39b5fc2yiv8931548571ydp1a3262bbmsonormal\" style=\"margin-bottom: .0001pt; text-align: justify; background: white; font-variant-ligatures: normal; font-variant-caps: normal; orphans: 2; widows: 2; -webkit-text-stroke-width: 0px; text-decoration-style: initial; text-decoration-color: initial; word-spacing: 0px;\"><span style=\"font-family: 'Helvetica','sans-serif'; color: black;\">Filmi tjet\u00ebr del n\u0113 janar t\u00eb 2018 \u201cWinner winner chicken dinner\u201d short movie i stilit Tarantinos. Kam rolin e \u201cJohn Kumarxhi\u201d dhe mafjoz; i gjith\u00eb filmi ka vet\u00ebm nj\u00eb sken\u00eb n\u00eb tavolin\u00ebn e nj\u00eb Poker game. Kam rol dyt\u00ebsor. T\u00eb dy filmat do \u00e7ohen n\u00eb festivale n\u00eb USA.<\/span><\/p>\n<p class=\"xydpc39b5fc2yiv8931548571ydp1a3262bbmsonormal\" style=\"margin-bottom: .0001pt; text-align: justify; background: white; font-variant-ligatures: normal; font-variant-caps: normal; orphans: 2; widows: 2; -webkit-text-stroke-width: 0px; text-decoration-style: initial; text-decoration-color: initial; word-spacing: 0px;\"><b><span style=\"font-family: 'Helvetica','sans-serif'; color: black;\">\u00c7far\u00eb lloje filmash ju p\u00eblqen t\u00eb jeni pjes\u00eb?<\/span><\/b><span style=\"font-family: 'Helvetica','sans-serif'; color: black;\">\u00a0<\/span><\/p>\n<p class=\"xydpc39b5fc2yiv8931548571ydp1a3262bbmsonormal\" style=\"margin-bottom: .0001pt; text-align: justify; background: white; font-variant-ligatures: normal; font-variant-caps: normal; orphans: 2; widows: 2; -webkit-text-stroke-width: 0px; text-decoration-style: initial; text-decoration-color: initial; word-spacing: 0px;\"><span style=\"font-family: 'Helvetica','sans-serif'; color: black;\">Filmat q\u00eb m\u00eb p\u00eblqejn\u00eb t\u00eb marr pjes jan\u00eb: Drama, Horror, romanc\u00eb, thriller.\u00a0 Kam refuzuar edhe shum role si aktor extra pa dialogue sepse nuk dua t\u00eb jem pjes\u00eb e asaj turme dhe pse i respektoj. I vetmi film q\u00eb kam luajtur si extra \u00ebsht\u00eb film Hollivudian \u201cThe Night Hawks\u201d ku jam pjes\u00eb e nj\u00eb skene!\u00a0<\/span><\/p>\n<p class=\"xydpc39b5fc2yiv8931548571ydp1a3262bbmsonormal\" style=\"margin-bottom: .0001pt; text-align: justify; background: white; font-variant-ligatures: normal; font-variant-caps: normal; orphans: 2; widows: 2; -webkit-text-stroke-width: 0px; text-decoration-style: initial; text-decoration-color: initial; word-spacing: 0px;\"><b><span style=\"font-family: 'Helvetica','sans-serif'; color: black;\">\u00c7far\u00eb mund t\u00eb presim nga ju p\u00ebr vitin 2018?<\/span><\/b><span style=\"font-family: 'Helvetica','sans-serif'; color: black;\">\u00a0<\/span><\/p>\n<p class=\"xydpc39b5fc2yiv8931548571ydp1a3262bbmsonormal\" style=\"margin-bottom: .0001pt; text-align: justify; background: white; font-variant-ligatures: normal; font-variant-caps: normal; orphans: 2; widows: 2; -webkit-text-stroke-width: 0px; text-decoration-style: initial; text-decoration-color: initial; word-spacing: 0px;\"><span style=\"font-family: 'Helvetica','sans-serif'; color: black;\">Viti 2018 m\u00eb pret me studimet n\u00eb shkoll\u00ebn m\u00eb t\u00eb mir\u00eb \u201cStella Adler\u201d t\u00eb cil\u00ebn e kan\u00eb mbaruar yjet e kinematografis\u00eb Marlon Brandon dhe Robert De Niro. Dhe shpresoj nj\u00eb dit\u00eb t\u00eb jem n\u00eb nivelin e aktorit tim t\u00eb preferuar Johnny Depp.\u00a0<\/span><\/p>\n","protected":false},"excerpt":{"rendered":"<p>Joni Latifi \u00ebsht\u00eb nj\u00eb aktor i talentuar shqiptar, lindur n\u00eb Tiran\u00eb m\u00eb 27 qershor 1994. Ka kryer studimet e larta dega \u201cAdministrim Biznesi\u201d n\u00eb Universitetin Europian t\u00eb Tiran\u00ebs. N\u00eb vitin 2016 ka l\u00ebvizur n\u00eb Nju York, p\u00ebr t\u00eb ndjekur \u00ebndrr\u00ebn e tij p\u00ebr t\u2019u b\u00ebr\u00eb aktor i \u201cHollivudit\u201d dhe nj\u00eb yll i suksessh\u00ebm n\u00eb fush\u00ebn&hellip;<\/p>\n","protected":false},"author":1,"featured_media":7007,"comment_status":"open","ping_status":"open","sticky":false,"template":"","format":"standard","meta":{"footnotes":""},"categories":[1],"tags":[],"class_list":["post-7006","post","type-post","status-publish","format-standard","has-post-thumbnail","hentry","category-intervista"],"_links":{"self":[{"href":"https:\/\/revistakuvendi.org\/index.php?rest_route=\/wp\/v2\/posts\/7006","targetHints":{"allow":["GET"]}}],"collection":[{"href":"https:\/\/revistakuvendi.org\/index.php?rest_route=\/wp\/v2\/posts"}],"about":[{"href":"https:\/\/revistakuvendi.org\/index.php?rest_route=\/wp\/v2\/types\/post"}],"author":[{"embeddable":true,"href":"https:\/\/revistakuvendi.org\/index.php?rest_route=\/wp\/v2\/users\/1"}],"replies":[{"embeddable":true,"href":"https:\/\/revistakuvendi.org\/index.php?rest_route=%2Fwp%2Fv2%2Fcomments&post=7006"}],"version-history":[{"count":1,"href":"https:\/\/revistakuvendi.org\/index.php?rest_route=\/wp\/v2\/posts\/7006\/revisions"}],"predecessor-version":[{"id":7008,"href":"https:\/\/revistakuvendi.org\/index.php?rest_route=\/wp\/v2\/posts\/7006\/revisions\/7008"}],"wp:featuredmedia":[{"embeddable":true,"href":"https:\/\/revistakuvendi.org\/index.php?rest_route=\/wp\/v2\/media\/7007"}],"wp:attachment":[{"href":"https:\/\/revistakuvendi.org\/index.php?rest_route=%2Fwp%2Fv2%2Fmedia&parent=7006"}],"wp:term":[{"taxonomy":"category","embeddable":true,"href":"https:\/\/revistakuvendi.org\/index.php?rest_route=%2Fwp%2Fv2%2Fcategories&post=7006"},{"taxonomy":"post_tag","embeddable":true,"href":"https:\/\/revistakuvendi.org\/index.php?rest_route=%2Fwp%2Fv2%2Ftags&post=7006"}],"curies":[{"name":"wp","href":"https:\/\/api.w.org\/{rel}","templated":true}]}}