{"id":7002,"date":"2017-12-27T13:48:25","date_gmt":"2017-12-27T13:48:25","guid":{"rendered":"http:\/\/revistakuvendi.org\/?p=7002"},"modified":"2017-12-27T13:48:25","modified_gmt":"2017-12-27T13:48:25","slug":"nje-tradite-e-bukur","status":"publish","type":"post","link":"https:\/\/revistakuvendi.org\/?p=7002","title":{"rendered":"NJ\u00cb TRADIT\u00cb E BUKUR"},"content":{"rendered":"<p><strong>Programi f\u00ebmij\u00ebve t\u00eb shkoll\u00ebs shqipe \u201cGjuha Jon\u00eb\u201d<\/strong><\/p>\n<p><strong>\u00a0<\/strong><\/p>\n<p><strong><em>Vlash Fili, <\/em><\/strong><strong><em>Filadelfia<\/em><\/strong><\/p>\n<p>&nbsp;<\/p>\n<p>\u00cbsht\u00eb b\u00ebr\u00eb tradit\u00eb tashm\u00eb, n\u00eb shkoll\u00ebn shqipe \u201cGjuha Jon\u00eb\u201d, n\u00eb Filadelfia, q\u00eb dy her\u00eb n\u00eb vit, n\u00eb p\u00ebrfundim t\u00eb gjysm\u00ebs s\u00eb par\u00eb t\u00eb vitit shkollor, n\u00eb prag t\u00eb festive t\u00eb fundvitit, Krishtlindjeve dhe Vitit t\u00eb Ri, <!--more-->si dhe n\u00eb mbyllje t\u00eb \u00e7do viti shkollor, n\u00eb muajin qershor, f\u00ebmij\u00ebt e k\u00ebsaj shkolle t\u00eb japin nj\u00eb program me k\u00ebng\u00eb dhe recitime, para prind\u00ebrve, an\u00ebtar\u00ebve t\u00eb shoqat\u00ebs \u201cBijt\u00eb e Shqipes\u201d si dhe t\u00eb bashkatdhetar\u00ebve t\u00eb Komunitetit Shqiptar n\u00eb Filadelfia.<br \/>\nN\u00ebn drejtimin e m\u00ebsueseve t\u00eb k\u00ebsaj shkolle, f\u00ebmij\u00ebt tregojn\u00eb jo vet\u00ebm se \u00e7far\u00eb kan\u00eb m\u00ebsuar gjat\u00eb muajve n\u00eb k\u00ebt\u00eb shkoll\u00eb, por edhe seriozitetin me t\u00eb cilin ata p\u00ebrgatiten, p\u00ebr t\u2019u paraqitur e treguar para t\u00eb rriturve.<br \/>\nU b\u00ebn\u00eb shum\u00eb vite dhe ky vit \u00ebsht\u00eb i kat\u00ebrmb\u00ebdhjeti, q\u00eb programet, t\u00eb cilat f\u00ebmij\u00ebt e k\u00ebsaj shkolle paraqesin, tregojn\u00eb m\u00eb s\u00eb miri pun\u00ebn e madhe q\u00eb b\u00ebn\u00eb shkolla shqipe \u201cGjuha Jon\u00eb\u201d, p\u00ebr t\u00eb p\u00ebrciell, te f\u00ebmij\u00ebt e Komunitetit Shqiptar n\u00eb Filadelfia, gjuh\u00ebn e bukur shqipe, q\u00eb ajo t\u00eb mos harrohet edhe larg Atdheut, k\u00ebtu n\u00eb kontinentin e larg\u00ebt Amerikan.\u00a0\u00a0\u00a0\u00a0\u00a0\u00a0\u00a0\u00a0\u00a0\u00a0\u00a0\u00a0|<br \/>\nK\u00ebshtu ndodhi edhe m\u00eb 24 Dhjetor 2017, kur kjo shkoll\u00eb mbylli, me sukses, gjysm\u00ebn e par\u00eb t\u00eb vitit shkollor 2017 \u2013 2018.<br \/>\nSipas tradit\u00ebs s\u00eb k\u00ebtyre veprimtarive, ceremonin\u00eb e hapi kryetari i shoqat\u00ebs \u201cBijt\u00eb e Shqipes\u201d, z. Tajar Domi.<br \/>\nN\u00eb fjal\u00ebn e tij, z. Tajar, falenderoi, prind\u00ebrit, p\u00ebr sakrific\u00ebn q\u00eb b\u00ebjn\u00eb, p\u00ebr t\u00eb sjell\u00eb f\u00ebmij\u00ebt n\u00eb shkoll\u00ebn shqipe, \u00e7do t\u00eb diel\u00eb, m\u00ebsueset p\u00ebr p\u00ebrkushtimin maksimal, q\u00eb f\u00ebmij\u00ebt t\u00eb p\u00ebrfitojn\u00eb sa m\u00eb shum\u00eb, si dhe f\u00ebmij\u00ebt, p\u00ebr pun\u00ebn e tyre n\u00eb vazhdim, q\u00eb gjuha shqipe t\u00eb mos harrohet.<\/p>\n<p><a href=\"http:\/\/revistakuvendi.org\/wp-content\/uploads\/2017\/12\/FILI.V1.png\" rel=\"attachment wp-att-7004\"><img loading=\"lazy\" decoding=\"async\" class=\"alignleft size-medium wp-image-7004\" src=\"http:\/\/revistakuvendi.org\/wp-content\/uploads\/2017\/12\/FILI.V1-300x170.png\" alt=\"FILI.V1\" width=\"300\" height=\"170\" srcset=\"https:\/\/revistakuvendi.org\/wp-content\/uploads\/2017\/12\/FILI.V1-300x170.png 300w, https:\/\/revistakuvendi.org\/wp-content\/uploads\/2017\/12\/FILI.V1-220x126.png 220w, https:\/\/revistakuvendi.org\/wp-content\/uploads\/2017\/12\/FILI.V1.png 365w\" sizes=\"auto, (max-width: 300px) 100vw, 300px\" \/><\/a><br \/>\nPastaj radh\u00ebn e pat\u00ebn f\u00ebmij\u00ebt. N\u00ebn dejtimin e m\u00ebsueseve Irini Zenelaj, Elvana Pone, Mereme Mema dhe Raimonda Bardhi, ata dol\u00ebn sipas klasave, para t\u00eb rriturve.<br \/>\nN\u00eb fillim f\u00ebmij\u00ebt e klas\u00ebs s\u00eb par\u00eb, q\u00eb me ato \u00e7ka treguan, muarr\u00ebn duartrokitjet e t\u00eb pranishm\u00ebve n\u00eb sall\u00eb, q\u00eb ishte tejmbushur, sepse u fal\u00ebn atyre shum\u00eb k\u00ebnaq\u00ebsi. Nj\u00eb e papritur e bukur ishte te ky grup se e mbyll\u00ebn programin e tyre, me urimin p\u00ebr t\u00eb pranishmit q\u00eb ishin n\u00eb sall\u00eb, duke u k\u00ebnduar atyre.<br \/>\nPas tyre e pat\u00ebn radh\u00ebn f\u00ebmij\u00ebt e klas\u00ebs s\u00eb dyt\u00eb. Si zakonisht ata treguan gjith\u00e7ka n\u00ebp\u00ebrmjet k\u00ebng\u00ebve dhe recitimeve. Edhe ata kishin nj\u00eb t\u00eb papritur t\u00eb k\u00ebnd\u00ebshme, interpretuan nj\u00eb pjes\u00eb t\u00eb shkurt\u00ebr teatrale, t\u00eb p\u00ebrshtatur p\u00ebr ta. Duartrokitjet e forta dhe p\u00ebrg\u00ebzimet \u201cJu lumt\u00eb\u201d, \u201cBravo, Bravo\u201d, treguan se t\u00eb vegjlit ia arrit\u00ebn shum\u00eb bukur q\u00ebllimit.<br \/>\nMbas tyre, vazhduan f\u00ebmij\u00ebt e vitit t\u00eb tret\u00eb, t\u00eb kat\u00ebrt e t\u00eb pest\u00eb, t\u00eb cil\u00ebt, si m\u00eb t\u00eb vegj\u00eblit, me recitimet e tyre, treguan se kan\u00eb b\u00ebr\u00eb p\u00ebrparime t\u00eb dukshme, n\u00eb m\u00ebsimin e gjuh\u00ebs shqipe.<br \/>\nN\u00eb p\u00ebrfundim t\u00eb programit, t\u00eb gjith\u00eb t\u00eb pranishmit, duartrokit\u00ebn f\u00ebmij\u00ebt edhe nj\u00eb her\u00eb s\u00eb bashku, ashtu si i kishin duartrokitur edhe ve\u00e7 e ve\u00e7, sipas klasave.<br \/>\nN\u00eb tradit\u00ebn e K\u00ebshillit Drejtues t\u00eb Shoqat\u00ebs: \u201cBijt\u00eb e Shqipes\u201d, q\u00eb ka n\u00eb administrim k\u00ebt\u00eb shkoll\u00eb, ka qen\u00eb q\u00eb p\u00ebr k\u00ebto festa, t\u00eb shp\u00ebrendahen edhe dhurata. K\u00ebshtu vazhdoi edhe n\u00eb k\u00ebt\u00eb dit\u00eb. Z. Bujar Gjoka, n\/kryetar i par\u00eb shoqat\u00ebs, i ndihmuar nga z. Dritan Matraku, n\/kryetar i dyt\u00eb, shp\u00ebrndan\u00eb dhurtat p\u00ebr secilin f\u00ebmij\u00eb. Th\u00ebrritej emri i f\u00ebmij\u00ebs, i jepej dhurata, babagjyshit t\u00eb krishtlindjeve, dhe ai ia dhuronte ato f\u00ebmij\u00ebve, mbasi b\u00ebnte nj\u00eb foto me ta.<br \/>\nMe k\u00ebnaq\u00ebsin\u00eb q\u00eb fali kjo paraqitje e f\u00ebmij\u00ebve si dhe g\u00ebzimit t\u00eb dhuratave p\u00ebr secilin, t\u00eb gjith\u00eb f\u00ebmij\u00ebt e shkoll\u00ebs, me m\u00ebsueset e tyre, b\u00ebn\u00eb nj\u00eb foto t\u00eb p\u00ebrbashk\u00ebt, si\u00a0\u00a0nj\u00eb kujtim i bukur i k\u00ebsaj dite.<br \/>\nPastaj z. Bujar Gjoka, komunikoi dat\u00ebn e fillimi t\u00eb m\u00ebsim\u00ebve, mbas pushimeve t\u00eb festave t\u00eb fundvitit, pa harruar t\u00eb uroi f\u00ebmij\u00ebt, m\u00ebsueset dhe prind\u00ebrit, p\u00ebr t\u2019i kaluar sa m\u00eb g\u00ebzush\u00ebm k\u00ebto festa.<br \/>\nKjo ceremoni e bukur festive u mbyll me nj\u00eb pica-party.<br \/>\nEdhe ne i urojm\u00eb f\u00ebmij\u00ebve, m\u00ebsueseve, prind\u00ebrve dhe n\u00ebp\u00ebrmjet tyre t\u00eb gjith\u00eb bashkatdhetar\u00ebve t\u00eb Komunitetit Shqiptar n\u00eb Filadelfia, dhe m\u00eb tej t\u00eb gjith\u00eb bashkatdhetar\u00ebve an\u00eb e k\u00ebnd bot\u00ebs:<br \/>\nG\u00cbZUAR FESTAT E FUNDVITIT: KRISHTLINDJET DHE VITIN E RI 2018. QOFT\u00cb VITI i BEKUAR P\u00cbR T\u00cb GJITH\u00cb BASHKATDHETAR\u00cbT TAN\u00cb\u00a0\u00a0N\u00cb MBAR\u00cb GLOBIN KU JETOJN\u00cb E PUNOJN\u00cb.<\/p>\n<p>&nbsp;<\/p>\n<p>Vlashi Fili<br \/>\nFiladelfia, 25 Dhjetor 2017<\/p>\n","protected":false},"excerpt":{"rendered":"<p>Programi f\u00ebmij\u00ebve t\u00eb shkoll\u00ebs shqipe \u201cGjuha Jon\u00eb\u201d \u00a0 Vlash Fili, Filadelfia &nbsp; \u00cbsht\u00eb b\u00ebr\u00eb tradit\u00eb tashm\u00eb, n\u00eb shkoll\u00ebn shqipe \u201cGjuha Jon\u00eb\u201d, n\u00eb Filadelfia, q\u00eb dy her\u00eb n\u00eb vit, n\u00eb p\u00ebrfundim t\u00eb gjysm\u00ebs s\u00eb par\u00eb t\u00eb vitit shkollor, n\u00eb prag t\u00eb festive t\u00eb fundvitit, Krishtlindjeve dhe Vitit t\u00eb Ri,<\/p>\n","protected":false},"author":1,"featured_media":7003,"comment_status":"open","ping_status":"open","sticky":false,"template":"","format":"standard","meta":{"footnotes":""},"categories":[12],"tags":[],"class_list":["post-7002","post","type-post","status-publish","format-standard","has-post-thumbnail","hentry","category-jete-komuniteti"],"_links":{"self":[{"href":"https:\/\/revistakuvendi.org\/index.php?rest_route=\/wp\/v2\/posts\/7002","targetHints":{"allow":["GET"]}}],"collection":[{"href":"https:\/\/revistakuvendi.org\/index.php?rest_route=\/wp\/v2\/posts"}],"about":[{"href":"https:\/\/revistakuvendi.org\/index.php?rest_route=\/wp\/v2\/types\/post"}],"author":[{"embeddable":true,"href":"https:\/\/revistakuvendi.org\/index.php?rest_route=\/wp\/v2\/users\/1"}],"replies":[{"embeddable":true,"href":"https:\/\/revistakuvendi.org\/index.php?rest_route=%2Fwp%2Fv2%2Fcomments&post=7002"}],"version-history":[{"count":1,"href":"https:\/\/revistakuvendi.org\/index.php?rest_route=\/wp\/v2\/posts\/7002\/revisions"}],"predecessor-version":[{"id":7005,"href":"https:\/\/revistakuvendi.org\/index.php?rest_route=\/wp\/v2\/posts\/7002\/revisions\/7005"}],"wp:featuredmedia":[{"embeddable":true,"href":"https:\/\/revistakuvendi.org\/index.php?rest_route=\/wp\/v2\/media\/7003"}],"wp:attachment":[{"href":"https:\/\/revistakuvendi.org\/index.php?rest_route=%2Fwp%2Fv2%2Fmedia&parent=7002"}],"wp:term":[{"taxonomy":"category","embeddable":true,"href":"https:\/\/revistakuvendi.org\/index.php?rest_route=%2Fwp%2Fv2%2Fcategories&post=7002"},{"taxonomy":"post_tag","embeddable":true,"href":"https:\/\/revistakuvendi.org\/index.php?rest_route=%2Fwp%2Fv2%2Ftags&post=7002"}],"curies":[{"name":"wp","href":"https:\/\/api.w.org\/{rel}","templated":true}]}}