{"id":6954,"date":"2017-12-04T18:47:29","date_gmt":"2017-12-04T18:47:29","guid":{"rendered":"http:\/\/revistakuvendi.org\/?p=6954"},"modified":"2017-12-04T18:47:29","modified_gmt":"2017-12-04T18:47:29","slug":"perkujtohet-dita-e-flamurit-te-athine","status":"publish","type":"post","link":"https:\/\/revistakuvendi.org\/?p=6954","title":{"rendered":"Perkujtohet Dita e Flamurit te Athine"},"content":{"rendered":"<p><em><a href=\"http:\/\/revistakuvendi.org\/wp-content\/uploads\/2017\/12\/ARTA-GURI.png\" rel=\"attachment wp-att-6955\"><img loading=\"lazy\" decoding=\"async\" class=\"alignleft size-full wp-image-6955\" src=\"http:\/\/revistakuvendi.org\/wp-content\/uploads\/2017\/12\/ARTA-GURI.png\" alt=\"ARTA GURI\" width=\"149\" height=\"160\" \/><\/a>Nga <strong>Arta Guri<\/strong>,<\/em><\/p>\n<p><em>Korespodente e Kuvendit ne Greqi<\/em><br \/>\nMe rastin e fest\u00ebs s\u00eb flamurit ton\u00eb komb\u00ebtar, me daten 28 Nentor 2017, ne Novus City Hotel- Athine, \u00a0Ambasada Shqiptare n\u00eb Greqi dhe ambasadorja Znj, Adriana Hobdari shtruan nj\u00eb dark\u00eb, ku mor\u00ebn pjes\u00eb shqiptar\u00eb nga t\u00eb gjitha qytetet e Greqis\u00eb,<!--more--> biznesmen\u00eb, p\u00ebrfaq\u00ebsues t\u00eb shoqatave t\u00eb ndryshme, si dhe artist shqiptar q\u00eb punojn\u00eb dhe jetojn\u00eb n\u00eb Greqi.<\/p>\n<p>Pamvarsisht nga problemet e shumta q\u00eb kalojn\u00eb emigrant\u00ebt shqiptar\u00eb k\u00ebtu n\u00eb Greqi, n\u00eb t\u00eb shumt\u00ebn e rasteve viktima t\u00eb nj\u00eb rracizmi t\u00eb verb\u00ebr, Ambasada Shqiptare \u00ebsht\u00eb p\u00ebrpjekur gjithmon\u00eb t\u00eb jet\u00eb n\u00eb mbrojtje t\u00eb plot\u00eb t\u00eb t\u00eb drejtave t\u00eb bashk\u00ebkombasve t\u00eb vet. Megjith\u00ebse nj\u00eb mbr\u00ebmje festive, ishte nj\u00eb mund\u00ebsi e mir\u00eb p\u00ebr t\u00eb diskutuar pengesa me t\u00eb cilat ndeshen shqiptar\u00ebt n\u00eb tok\u00ebn Helene. Ambasadorja Adriana Hobdari shprehi gadishm\u00ebrin\u00eb e ndihm\u00ebs s\u00eb pa diskutueshme t\u00eb pajisjes me dokumente t\u00eb rregullta p\u00ebr \u00e7&#8217;do emigrant.<\/p>\n<p>Mbr\u00ebmja vazhdoi n\u00ebn ritmin e k\u00ebng\u00ebve dhe valleve t\u00eb bukura Shqipe si dhe poezive t\u00eb autor\u00ebve t\u00eb shquar shqiptar\u00eb, t\u00eb zgjedhura pik\u00ebrisht p\u00ebr k\u00ebt\u00eb fest\u00eb.<\/p>\n<p>&nbsp;<\/p>\n<p><em><a href=\"http:\/\/revistakuvendi.org\/wp-content\/uploads\/2017\/12\/arta-guri-1.png\" rel=\"attachment wp-att-6956\"><img loading=\"lazy\" decoding=\"async\" class=\"alignleft size-medium wp-image-6956\" src=\"http:\/\/revistakuvendi.org\/wp-content\/uploads\/2017\/12\/arta-guri-1-300x300.png\" alt=\"arta guri 1\" width=\"300\" height=\"300\" srcset=\"https:\/\/revistakuvendi.org\/wp-content\/uploads\/2017\/12\/arta-guri-1-300x300.png 300w, https:\/\/revistakuvendi.org\/wp-content\/uploads\/2017\/12\/arta-guri-1-150x150.png 150w, https:\/\/revistakuvendi.org\/wp-content\/uploads\/2017\/12\/arta-guri-1-50x50.png 50w, https:\/\/revistakuvendi.org\/wp-content\/uploads\/2017\/12\/arta-guri-1.png 720w\" sizes=\"auto, (max-width: 300px) 100vw, 300px\" \/><\/a>1)Konsulli i pergjithshem (Basjan Vataj ) 2)N\/kryetar SH E SH G (Vladimir Selamaj ) 3)pergjegjese e kultures Arta Guri ( ne mes ). 4)Sek \/pergjithshme (Majlinda Gjoka ) 5)Ambasadoria, Znj Adriana Hobdari, ( e para djathtas )\u00a0 6) Kryetari A Cani. 7)Arketari Urim Gjoka<\/em><\/p>\n","protected":false},"excerpt":{"rendered":"<p>Nga Arta Guri, Korespodente e Kuvendit ne Greqi Me rastin e fest\u00ebs s\u00eb flamurit ton\u00eb komb\u00ebtar, me daten 28 Nentor 2017, ne Novus City Hotel- Athine, \u00a0Ambasada Shqiptare n\u00eb Greqi dhe ambasadorja Znj, Adriana Hobdari shtruan nj\u00eb dark\u00eb, ku mor\u00ebn pjes\u00eb shqiptar\u00eb nga t\u00eb gjitha qytetet e Greqis\u00eb,<\/p>\n","protected":false},"author":1,"featured_media":6955,"comment_status":"open","ping_status":"open","sticky":false,"template":"","format":"standard","meta":{"footnotes":""},"categories":[12],"tags":[],"class_list":["post-6954","post","type-post","status-publish","format-standard","has-post-thumbnail","hentry","category-jete-komuniteti"],"_links":{"self":[{"href":"https:\/\/revistakuvendi.org\/index.php?rest_route=\/wp\/v2\/posts\/6954","targetHints":{"allow":["GET"]}}],"collection":[{"href":"https:\/\/revistakuvendi.org\/index.php?rest_route=\/wp\/v2\/posts"}],"about":[{"href":"https:\/\/revistakuvendi.org\/index.php?rest_route=\/wp\/v2\/types\/post"}],"author":[{"embeddable":true,"href":"https:\/\/revistakuvendi.org\/index.php?rest_route=\/wp\/v2\/users\/1"}],"replies":[{"embeddable":true,"href":"https:\/\/revistakuvendi.org\/index.php?rest_route=%2Fwp%2Fv2%2Fcomments&post=6954"}],"version-history":[{"count":1,"href":"https:\/\/revistakuvendi.org\/index.php?rest_route=\/wp\/v2\/posts\/6954\/revisions"}],"predecessor-version":[{"id":6957,"href":"https:\/\/revistakuvendi.org\/index.php?rest_route=\/wp\/v2\/posts\/6954\/revisions\/6957"}],"wp:featuredmedia":[{"embeddable":true,"href":"https:\/\/revistakuvendi.org\/index.php?rest_route=\/wp\/v2\/media\/6955"}],"wp:attachment":[{"href":"https:\/\/revistakuvendi.org\/index.php?rest_route=%2Fwp%2Fv2%2Fmedia&parent=6954"}],"wp:term":[{"taxonomy":"category","embeddable":true,"href":"https:\/\/revistakuvendi.org\/index.php?rest_route=%2Fwp%2Fv2%2Fcategories&post=6954"},{"taxonomy":"post_tag","embeddable":true,"href":"https:\/\/revistakuvendi.org\/index.php?rest_route=%2Fwp%2Fv2%2Ftags&post=6954"}],"curies":[{"name":"wp","href":"https:\/\/api.w.org\/{rel}","templated":true}]}}