{"id":6950,"date":"2017-12-01T19:53:09","date_gmt":"2017-12-01T19:53:09","guid":{"rendered":"http:\/\/revistakuvendi.org\/?p=6950"},"modified":"2017-12-01T19:53:09","modified_gmt":"2017-12-01T19:53:09","slug":"rrugetimi-filozofik-i-prof-dr-isuf-luzajt","status":"publish","type":"post","link":"https:\/\/revistakuvendi.org\/?p=6950","title":{"rendered":"RRUG\u00cbTIMI FILOZOFIK I PROF.DR.ISUF LUZAJT"},"content":{"rendered":"<p><strong><em>P\u00cbRURIMI I STUDIMIT \u201cRRUG\u00cbTIMI FILOZOFIK I PROF.DR.ISUF LUZAJT\u201d<\/em><\/strong><\/p>\n<p><strong><em>\u00a0\u00a0\u00a0\u00a0\u00a0\u00a0 \u00a0I\u00a0 AUTORES VILHELME VRANARI HAXHIRAJ \u201cMJESHTRE E MADHE\u201d.<\/em><\/strong><\/p>\n<p><em><a href=\"http:\/\/revistakuvendi.org\/wp-content\/uploads\/2017\/12\/BUTKA.png\" rel=\"attachment wp-att-6951\"><img loading=\"lazy\" decoding=\"async\" class=\"alignleft size-full wp-image-6951\" src=\"http:\/\/revistakuvendi.org\/wp-content\/uploads\/2017\/12\/BUTKA.png\" alt=\"BUTKA\" width=\"183\" height=\"178\" srcset=\"https:\/\/revistakuvendi.org\/wp-content\/uploads\/2017\/12\/BUTKA.png 183w, https:\/\/revistakuvendi.org\/wp-content\/uploads\/2017\/12\/BUTKA-50x50.png 50w\" sizes=\"auto, (max-width: 183px) 100vw, 183px\" \/><\/a>Uran Butka-studiues, historian, drejtor i Institutit t\u00eb studimeve \u201cLumo Sk\u00ebndo\u201d<\/em><\/p>\n<p><strong>Instituti i Studimeve Historike\u201cLumo Sk\u00ebndo<\/strong>\u201d p\u00ebruron sot studimin <strong>\u201cRrug\u00ebtimi filozofik i Isuf Luzajt<\/strong>\u201d, i shkrimtares \u00a0<strong>Vilhelme Vranari \u201d Mjeshtre e Madhe e Pen\u00ebs\u201d<\/strong>botim i Sht\u00ebpis\u00eb Botuese Nacional, 2017. Kjo \u00ebsht\u00eb nj\u00eb dit\u00eb e sh\u00ebnuar, sepse:<br \/>\n<!--more--><\/p>\n<p>1-Kjo vep\u00ebr p\u00ebrurohet n\u00eb institutin, q\u00eb mban emrin <strong>e Mid\u2019hat Frash\u00ebrit<\/strong>, gjeniut dhe sh\u00ebrbestarit t\u00eb kombit.<\/p>\n<p>2- <strong>Prof.Dr<\/strong>.<strong>Isuf Luzaj<\/strong> ishte bashk\u00ebluft\u00ebtari i ngusht\u00eb i <strong>Mid\u2019hat Frash\u00ebrit<\/strong>\u00a0 n\u00eb luft\u00ebn p\u00ebr nj\u00eb Shqip\u00ebri t\u00eb lir\u00eb, demoktatike dhe etnike.<\/p>\n<p>3-Kujtoj se, <strong>Prof. Luzaj<\/strong> arriti t\u00eb b\u00ebhej nj\u00eb personalitet i shquar i kultur\u00ebs dhe shkenc\u00ebs me p\u00ebrmasa komb\u00ebtare dhe nd\u00ebrkomb\u00ebtare, \u201c<strong>Profesor i Merituar i Amerik\u00ebs\u201d<\/strong>, titull i dh\u00ebn\u00eb nga <strong>Presidenti i SHBA Ronald Regan<\/strong>, <strong>\u201cMjesht\u00ebr i Madh<\/strong>\u201d, si dhe \u201c<strong>Nder i Kombit Shqiptar<\/strong>\u201d.<\/p>\n<p>4- Luzaj \u00ebsht\u00eb autor i 120 veprave n\u00eb fush\u00ebn e filozofis\u00eb, let\u00ebrsis\u00eb, historio-grafis\u00eb dhe artit, k\u00ebto t\u00eb vler\u00ebsuara nd\u00ebrkomb\u00ebtarisht.<\/p>\n<p>5- Sepse ky studim p\u00ebr rrug\u00ebtimin filozofik t\u00eb Prof.Dr.Isuf Luzajt <strong>\u00ebsht\u00eb i denj\u00eb dhe i vlefsh\u00ebm, \u00ebsht\u00eb nj\u00eb vler\u00eb e munguar p\u00ebr kultur\u00ebn shqiptare<\/strong>.<\/p>\n<p>6-S\u00eb fundi, sepse, personalisht, kam nderim, vler\u00ebsim dhe ndjesi t\u00eb ve\u00e7anta p\u00ebr Profesor Isuf Luzajn,\u00a0 i cili ka qen\u00eb dhe miku e bashk\u00ebluft\u00ebtari i tim eti, Safet Butk\u00ebs, t\u00eb dy nacinalist\u00eb t\u00eb shkolluar n\u00eb Per\u00ebndim, profesor\u00eb n\u00eb Liceun francez t\u00eb Kor\u00e7\u00ebs dhe n\u00eb Shkoll\u00ebn Tregtare t\u00eb Vlor\u00ebs, lider\u00eb nacionalist\u00eb t\u00eb Ballit Komb\u00ebtar, luft\u00ebtar\u00eb antifashist\u00eb por edhe kund\u00ebrshtar\u00eb t\u00eb komunizmit, t\u00eb internuar nga italian\u00ebt n\u00eb Ventotene, ku edhe Isuf Luzaj krijoi epopene e q\u00ebndres\u00ebs me titull <strong>\u201cProzepopea<\/strong>\u201d, kushtuar Safet Butk\u00ebs.<\/p>\n<p><a href=\"http:\/\/revistakuvendi.org\/wp-content\/uploads\/2017\/12\/BUTKA1.png\" rel=\"attachment wp-att-6952\"><img loading=\"lazy\" decoding=\"async\" class=\"alignleft size-medium wp-image-6952\" src=\"http:\/\/revistakuvendi.org\/wp-content\/uploads\/2017\/12\/BUTKA1-300x168.png\" alt=\"BUTKA1\" width=\"300\" height=\"168\" srcset=\"https:\/\/revistakuvendi.org\/wp-content\/uploads\/2017\/12\/BUTKA1-300x168.png 300w, https:\/\/revistakuvendi.org\/wp-content\/uploads\/2017\/12\/BUTKA1.png 700w\" sizes=\"auto, (max-width: 300px) 100vw, 300px\" \/><\/a>\u00a0\u00a0\u00a0\u00a0\u00a0\u00a0\u00a0\u00a0\u00a0\u00a0\u00a0\u00a0\u00a0\u00a0\u00a0\u00a0\u00a0\u00a0\u00a0\u00a0\u00a0\u00a0\u00a0\u00a0\u00a0\u00a0\u00a0\u00a0 <em>\u00a0<\/em><\/p>\n<p><em>Kopertina e studimit \u201cRrug\u00ebtimi Fiilozofik i Prof.Dr.Isuf Luzaj<\/em>\u201d<\/p>\n<p><em>Studimi\u00a0 <strong>\u201cRrug\u00ebtimi filozofik t\u00eb Prof. Dr. Isuf Luzajt<\/strong>\u201d dhe n\u00eb m\u00ebnyr\u00eb t\u00eb ve\u00e7ant\u00eb analiza e thell\u00eb e librit filozofik <strong>\u201cEkzistenca dhe Bosh\u00ebsia<\/strong>\u201d, p\u00ebrb\u00ebn nj\u00eb risi dhe nj\u00ebher\u00ebsh nj\u00eb vler\u00eb n\u00eb studimet shqiptare, ndaj <strong>Vilhelma<\/strong> meriton nj\u00eb fal\u00ebnderim t\u00eb madh p\u00ebr kurajon, p\u00ebrpjekjen p\u00ebr t\u2019u lart\u00ebsuar edhe vet\u00eb n\u00eb filozofi, zhbirimin e mendimit dhe t\u00eb analiz\u00ebs shkencore t\u00eb saj. P\u00ebr t\u00eb arritur deri k\u00ebtu,edhe asaj, ashtu si kund\u00ebr edhe Isuf Luzajt, i \u00ebsht\u00eb dashur nj\u00eb rrug\u00ebtin i gjat\u00eb dhe i mundimsh\u00ebm jo vet\u00ebm n\u00eb udh\u00ebn e krijimtaris\u00eb letrare, por edhe t\u00eb studimit dhe t\u00eb dijes filozofike, pa t\u00eb cilat s\u2019mund t\u00eb hynte dot n\u00eb bot\u00ebn e mistershme Luziane.<\/em><\/p>\n<p><strong>\u00a0 Le a ndjekim me pak fjal\u00eb rrug\u00ebtimin e Vilhelme Vranarit n\u00eb udh\u00ebtimin filozofik t\u00eb Profesorit me fam\u00eb bot\u00ebrore: <\/strong><\/p>\n<p>Kaniniote, nga\u00a0 familja e shquar shqiptare e <strong>Gjergj Aranitit<\/strong>, ajo trash\u00ebgoi genet e t\u00eb par\u00ebve t\u00eb saj, ndon\u00ebse koha e goditi pam\u00ebshirsh\u00ebm. E damkosur dhe e p\u00ebrndjekur si familje e deklasuar nga regjimi komunist,\u00a0 <strong>duke ngr\u00ebn\u00eb buk\u00ebn e \u00a0hidhur t\u00eb bot\u00ebs<\/strong>, duke i mohuar si profesionin, dhe diplominin, por edhe pun\u00ebsimin. Megjithat\u00eb ajo arriti t\u00eb kompletohej me arsim t\u00eb lart\u00eb p\u00ebr histori-gjeografi, pa t\u00eb drejt\u00ebn e ushtrimit t\u00eb profesionit. Vet\u00ebm pas vitit 1990, ajo rigjeti vetveten e mohuar. Pjes\u00ebmarr\u00ebse aktive n\u00eb l\u00ebvizjen demokratike, kryetare e gruas demokratike t\u00eb Vlor\u00ebs p\u00ebr t\u00eb mbrojtur dhe promovuar te drejtat dhe lirit\u00eb e gruas dhe t\u00eb f\u00ebmij\u00ebve. Vilhelma, nj\u00eb nacionaliste dhe demokrate, \u00ebsht\u00eb n\u00eb udh\u00ebn e Midhat Frash\u00ebrit, Hysni Lepenic\u00ebs, Isuf Luzajt, por duke qen\u00eb edhe vetvetja n\u00eb jet\u00eb, n\u00eb veprimtari dhe n\u00eb botimet.<\/p>\n<p>Vilhelme Vranari \u00ebsht\u00eb nj\u00eb shkrimtare tanim\u00eb e mir\u00ebnjohur, nj\u00eb pen\u00eb e fuqishme dhe shum\u00eb prodhuese e let\u00ebrsis\u00eb shqiptare, n\u00eb mjaft gjini : proz\u00eb, poezi, ese, publicistik\u00eb, studime, fabula, let\u00ebrsi p\u00ebr f\u00ebmij\u00eb etj&#8230;, me mbi 40 v\u00ebllime t\u00eb botuara.\u00a0 Ajo \u00ebsht\u00eb nderuar me \u00e7mime prestigjioze brenda dhe jasht\u00eb\u00a0 vendit, si Mjesht\u00ebr e madhe , \u00e7mimi \u201c Sk\u00ebnderbeg\u201d\u00a0 prej Ministris\u00eb s\u00eb Kultur\u00ebs Italiane , \u201cPena e kristalt\u00eb\u201d Suedi, \u00e7mimi i par\u00eb p\u00ebr poezi n\u00eb Firence, \u00e7mimi i par\u00eb n\u00eb Mal t\u00eb zi, medalje ari, argjendi dhe mir\u00ebnjohje n\u00eb Kosov\u00eb, Maqedoni, Greqi, Rumani, tre \u00e7mime karriere n\u00eb Shqip\u00ebri, si edhe Nderi i Kanin\u00ebs, e cila i shkaktoi dhimbjet e m\u00ebdha dikur, por edhe vler\u00ebsimet e m\u00ebdha sot, Kanina e saj, por edhe Vlora. Si autore shqiptare \u00ebsht\u00eb p\u00ebrkthyer n\u00eb Rumani dhe Greqi. \u00cbsht\u00eb e p\u00ebrfshir\u00eb n\u00eb disa antologji n\u00eb Shqip\u00ebri, n\u00eb Angli, Itali, Suedi, Greqi, Rumani etj.<\/p>\n<p>Sot ajo paraqitet me\u00a0 studimin filozofik \u201cRrug\u00ebtimi filozofik\u00a0 i Prof Dr. Isuf Luzaj\u201d, ku p\u00ebrq\u00ebndrohet sidomos n\u00eb esen\u00eb filozofike \u201c Ekzistenca dhe bosh\u00ebsia\u201d\u00a0 , ku autori trajton marr\u00ebdhenien mes ekzistenc\u00ebs\u00a0 dhe inekzistenc\u00ebs, mendimit racionalist dhe teozofis\u00eb, shkenc\u00ebs dhe besimit.<\/p>\n<p>Veprat shkencore filozofike, letrare\u00a0 dhe memoriale t\u00eb Isuf Luzajt, por edhe kontributi i shquar si pedagog n\u00eb universitetet m\u00eb t\u00eb r\u00ebnd\u00ebsishme t\u00eb <strong>Vatikanit, Argjentin\u00ebs<\/strong> dhe <strong>SHBA<\/strong>, e kan\u00eb b\u00ebr\u00eb t\u00eb njohur n\u00eb t\u00ebr\u00eb bot\u00ebn. Mjafton t\u00eb p\u00ebrmendim vler\u00ebsimin e <strong>Luis Borgesit<\/strong>: \u201c<em>Lexova Ditar\u00ebt tuaj dhe jam i g\u00ebzuar q\u00eb nj\u00eb poet i huaj ka arritur lart\u00ebsi akademike. Ju kini lindur poet!\u201d<\/em><\/p>\n<p>Vler\u00ebsimi \u00a0i <strong>Fan Nolit<\/strong> \u00ebsht\u00eb tejet impresionues: \u201c<em>I dashur Lap! Do t\u00eb vish k\u00ebtu si delegat i filozofis\u00eb nga universiteti i Buones Airesit; kish\u00ebn e Sh\u00ebngjergjit e ke si sht\u00ebpin\u00eb t\u00ebnde dhe t\u00eb pres v\u00ebllaz\u00ebrisht\u201d<\/em><\/p>\n<p>Studimin filozofik t\u00eb vepr\u00ebs s\u00eb Isuf Luzajt n\u00eb Shqip\u00ebri e ka nisur studiuesja Vilhelme Vranari, e cila u pergjiget pyetjeve : \u00c7\u2019\u00ebsht\u00eb ekzistenca? \u00c7\u2019\u00ebsht\u00eb bosh\u00ebsia? A \u00ebsht\u00eb ekzistenca nj\u00eb objekt i v\u00ebrtet\u00eb? Raporti mes unit dhe bot\u00ebs q\u00eb na rrethon? Evolucioni i formave, i mendimit dhe i nd\u00ebrgjegjes. Doktrinat teiste dhe ateiste. Komunizmi nj\u00eb doktrine antinjer\u00ebzore etj.<\/p>\n<p>Ja sesi e p\u00ebrcakton Luzaj sistemindoktrinar\u00a0 komunist:\u201d<strong>Komunizmi \u00ebsht\u00eb nj\u00eb doktrin\u00eb antinatyrore e jet\u00ebs, kund\u00ebr ligjeve t\u00eb natyr\u00ebs, e d\u00ebnuar t\u00eb falimentoj\u00eb, pasi \u00ebsht\u00eb false dhe i mungon arsyetimi logjik, \u00ebsht\u00eb nj\u00eb trill i imagjinat\u00ebs s\u00eb s\u00ebmur\u00eb t\u00eb utopist\u00ebve. Si i till\u00eb \u00ebsht\u00eb i gabuar, pa themel n\u00eb arkitektur\u00ebn e nd\u00ebrtimit t\u00eb ideve t\u00eb asaj ngrehine, q\u00eb quhet jet\u00eb<\/strong>\u201d.<\/p>\n<p>Mendoj q\u00eb vepra filozofike e Isuf Luzajt do t\u00eb jet\u00eb objekt i studiuesve t\u00eb filozofis\u00eb , por edhe i shkencave te tjera. Intelektual\u00ebt, studiuesit, shkenc\u00ebtar\u00ebt, studentet do t\u00eb gjejn\u00eb n\u00eb veprat e tij nj\u00eb nga filozof\u00ebt m\u00eb t\u00eb m\u00ebdhej t\u00eb shekullit XX.<\/p>\n<p>Nd\u00ebrkoh\u00eb <strong>Instituri Histotik \u201cLumo Sk\u00ebndo\u201d merr p\u00ebrsip\u00ebr botimin e plot\u00eb t\u00eb vepr\u00ebs s\u00eb\u00a0 Prof. Dr.Isuf Luzaj n\u00eb nj\u00eb kolan\u00eb disav\u00ebllimshe<\/strong>.<\/p>\n<p>Vler\u00ebsoj botuesin e vepr\u00ebs \u201c<strong>Rug\u00ebtimi filozofik i Prof. Dr.Isuf Luzajt\u201d<\/strong>, z. <strong>Mujo Bu\u00e7papa<\/strong> , poet i mir\u00ebnjohur,\u00a0 i vler\u00ebsuar dhe i p\u00ebrkthyer n\u00eb disa gjuh\u00eb, botues i njohur i gazet\u00ebs Nacional, ku shqiptar\u00ebt nga t\u00ebr\u00eb hap\u00ebsira shqiptare\u00a0 gjejn\u00eb veten me krijimet, kritikat, publicistik\u00ebn\u00a0 dhe\u00a0 studimet e tyre.<\/p>\n","protected":false},"excerpt":{"rendered":"<p>P\u00cbRURIMI I STUDIMIT \u201cRRUG\u00cbTIMI FILOZOFIK I PROF.DR.ISUF LUZAJT\u201d \u00a0\u00a0\u00a0\u00a0\u00a0\u00a0 \u00a0I\u00a0 AUTORES VILHELME VRANARI HAXHIRAJ \u201cMJESHTRE E MADHE\u201d. Uran Butka-studiues, historian, drejtor i Institutit t\u00eb studimeve \u201cLumo Sk\u00ebndo\u201d Instituti i Studimeve Historike\u201cLumo Sk\u00ebndo\u201d p\u00ebruron sot studimin \u201cRrug\u00ebtimi filozofik i Isuf Luzajt\u201d, i shkrimtares \u00a0Vilhelme Vranari \u201d Mjeshtre e Madhe e Pen\u00ebs\u201dbotim i Sht\u00ebpis\u00eb Botuese Nacional, 2017.&hellip;<\/p>\n","protected":false},"author":1,"featured_media":6951,"comment_status":"open","ping_status":"open","sticky":false,"template":"","format":"standard","meta":{"footnotes":""},"categories":[9],"tags":[],"class_list":["post-6950","post","type-post","status-publish","format-standard","has-post-thumbnail","hentry","category-kritike"],"_links":{"self":[{"href":"https:\/\/revistakuvendi.org\/index.php?rest_route=\/wp\/v2\/posts\/6950","targetHints":{"allow":["GET"]}}],"collection":[{"href":"https:\/\/revistakuvendi.org\/index.php?rest_route=\/wp\/v2\/posts"}],"about":[{"href":"https:\/\/revistakuvendi.org\/index.php?rest_route=\/wp\/v2\/types\/post"}],"author":[{"embeddable":true,"href":"https:\/\/revistakuvendi.org\/index.php?rest_route=\/wp\/v2\/users\/1"}],"replies":[{"embeddable":true,"href":"https:\/\/revistakuvendi.org\/index.php?rest_route=%2Fwp%2Fv2%2Fcomments&post=6950"}],"version-history":[{"count":1,"href":"https:\/\/revistakuvendi.org\/index.php?rest_route=\/wp\/v2\/posts\/6950\/revisions"}],"predecessor-version":[{"id":6953,"href":"https:\/\/revistakuvendi.org\/index.php?rest_route=\/wp\/v2\/posts\/6950\/revisions\/6953"}],"wp:featuredmedia":[{"embeddable":true,"href":"https:\/\/revistakuvendi.org\/index.php?rest_route=\/wp\/v2\/media\/6951"}],"wp:attachment":[{"href":"https:\/\/revistakuvendi.org\/index.php?rest_route=%2Fwp%2Fv2%2Fmedia&parent=6950"}],"wp:term":[{"taxonomy":"category","embeddable":true,"href":"https:\/\/revistakuvendi.org\/index.php?rest_route=%2Fwp%2Fv2%2Fcategories&post=6950"},{"taxonomy":"post_tag","embeddable":true,"href":"https:\/\/revistakuvendi.org\/index.php?rest_route=%2Fwp%2Fv2%2Ftags&post=6950"}],"curies":[{"name":"wp","href":"https:\/\/api.w.org\/{rel}","templated":true}]}}