{"id":6928,"date":"2017-11-22T14:05:07","date_gmt":"2017-11-22T14:05:07","guid":{"rendered":"http:\/\/revistakuvendi.org\/?p=6928"},"modified":"2017-11-22T14:05:07","modified_gmt":"2017-11-22T14:05:07","slug":"projekt-programi-i-sesionit-te-xv-shkencor-qe-do-te-mbahet-ne-lezhe-me-28-korrrik-2018-me-teme","status":"publish","type":"post","link":"https:\/\/revistakuvendi.org\/?p=6928","title":{"rendered":"PROJEKT-PROGRAMI I SESIONIT T\u00cb XV SHKENCOR Q\u00cb DO T\u00cb MBAHET N\u00cb LEZH\u00cb M\u00cb 28 KORRRIK 2018 ME TEM\u00cb"},"content":{"rendered":"<p><a href=\"http:\/\/revistakuvendi.org\/wp-content\/uploads\/2017\/11\/GJERGJ-KASTRUOTI.png\" rel=\"attachment wp-att-6929\"><img loading=\"lazy\" decoding=\"async\" class=\"alignleft size-full wp-image-6929\" src=\"http:\/\/revistakuvendi.org\/wp-content\/uploads\/2017\/11\/GJERGJ-KASTRUOTI.png\" alt=\"GJERGJ KASTRUOTI\" width=\"138\" height=\"160\" \/><\/a>SHOQATA \u201cTROJET E ARBRIT\u201d<\/p>\n<p><em>PROJEKT-PROGRAMI I SESIONIT T\u00cb XV SHKENCOR Q\u00cb DO T\u00cb MBAHET N\u00cb LEZH\u00cb M\u00cb 28 KORRRIK 2018 ME TEM\u00cb:<\/em><\/p>\n<p><strong>\u201cGJERGJ KASTRIOTI-SK\u00cbNDERBEU-HEROI KOMB\u00cbTAR I SHQIPTAR\u00cbVE \u201c<\/p>\n<p><\/strong>Shoqata \u201cTROJET E ARBRIT\u201d\u201d, n\u00eb vijim t\u00eb nj\u00eb programi afatgjat\u00eb mb\u00ebshtetur fuqimisht nga miq e dashamir\u00eb nga t\u00eb gjitha Trojet Etnike Shqiptare, <!--more-->por edhe nga studiues e dashamir\u00eb t\u00eb shumt\u00eb nga e gjith\u00eb bota, <strong>me rastin e 550-vjetorit t\u00eb kalimit n\u00eb amshim\/vdekjes s\u00eb Heroit Komb\u00ebtar, <\/strong>kryeheroit shqiptar t\u00eb t\u00eb gjitha koh\u00ebrave<strong> Gjergj Kastriotit-Sk\u00ebnderbeut, organizon m\u00eb 28 korrik 2018 n\u00eb qytetin historik t\u00eb Lezh\u00ebs. <\/strong><strong>Konferenc\u00ebn Mbar\u00ebkomb\u00ebtare n\u00eb kujtim t\u00eb prij\u00ebsit t\u00eb Arb\u00ebrit, Epirit dhe Maqedonis\u00eb. Jan\u00eb t\u00eb mir\u00ebpritur t\u00eb marrrin pjes\u00eb me kontributin e tyre studiues, historian\u00eb, albanolog\u00eb, nga t\u00eb gjitha Trojet Etnike Shqiptare (Shqip\u00ebri, Kosov\u00eb, Maqedoni, Mal t\u00eb Zi, Arb\u00ebresh\u00ebt e Italis\u00eb, <\/strong>Ftohen t\u00eb marrin pjes\u00eb studiues nga t\u00eb gjitha trevat shqiptare, nga institucione t\u00eb specializuara t\u00eb fushave t\u00eb m\u00ebsip\u00ebrme, nga universitetet dhe studiuesit pasuniversitar\u00eb; <strong>shqiptar\u00ebt me banim n\u00eb Itali, Greqi, Gjermani, Zvic\u00ebr, Belgjik\u00eb, Austri, Franc\u00eb e deri n\u00eb Shtetet e Bashkuara t\u00eb Amerik\u00ebs e Kanada), pra kudo ku gjenden n\u00ebp\u00ebr bot\u00eb, si dhe studiues albanolog\u00eb, miq e dashamir\u00ebs t\u00eb kombit shqiptar. <\/strong>Mendimi i Shoqat\u00ebs \u201cTrojet e Arbrit\u201d \u00ebsht\u00eb se do t\u00eb p\u00ebrgatisim nj\u00eb konferenc\u00eb t\u00eb nj\u00eb niveli t\u00eb lart\u00eb shkencor, gj\u00eb q\u00eb pajtohet edhe me k\u00ebrkesat e pjes\u00ebmarr\u00ebsve p\u00ebr nj\u00eb p\u00ebrgjegj\u00ebsi si t\u00eb till\u00eb. Bashk\u00ebngjitur po ju d\u00ebrgojm\u00eb tematik\u00ebn e konferenc\u00ebs, nj\u00eb platform\u00eb n\u00eb t\u00eb cil\u00ebn jan\u00eb identifikuar disa \u00e7\u00ebshtje themelore t\u00eb cilat do t\u00eb d\u00ebshironim t\u00eb trajtoheshin. Pasi t\u00eb njiheni me t\u00eb, ajo do t\u2019ju orientoj\u00eb t\u00eb p\u00ebrcaktoni tem\u00ebn tuaj n\u00eb sh\u00ebrbim t\u00eb ndri\u00e7imit sa m\u00eb t\u00eb plot\u00eb e sa m\u00eb me objektivitet shkencor t\u00eb p\u00ebrmbajtjes dhe q\u00ebllimit t\u00eb k\u00ebtij aktiviteti, tem\u00eb e cila duhet t\u00eb jet\u00eb e panjohur m\u00eb par\u00eb ku t\u00eb jen\u00eb p\u00ebrdorur burime informative autentike.<\/p>\n<p>&nbsp;<\/p>\n<p><strong>Propozimi orientues i disa temave p\u00ebr konferenc\u00ebn:<\/strong><\/p>\n<p><strong>\u00a0<\/strong><\/p>\n<p>1-Shqip\u00ebria n\u00eb prag t\u00eb pushtimit osman.<\/p>\n<p>2-Familja fisnike e Kastriot\u00ebve<\/p>\n<p>3- F\u00ebmij\u00ebria dhe Rinia e Gjergj Kastriotit.<\/p>\n<p>4-Gjergj Kastrioti Sk\u00ebnd\u00ebrbeu ushtarak<\/p>\n<p>5-Gjergj Kastrioti Sk\u00ebnderbeu politikan dhe shtetar.<\/p>\n<p>6-Gjergj Kastrioti Sk\u00ebnd\u00ebrbeu Hero Komb\u00ebtar<\/p>\n<p>7-Gjergj Kastrioti Sk\u00ebnderbeu nd\u00ebr arte (let\u00ebrsin\u00eb gojore, let\u00ebrsi, muzik\u00eb, piktur\u00eb, skulptur\u00eb, kinamatografi)<\/p>\n<p>8.Toponomastika Sk\u00ebnderbejane.<\/p>\n<p>9-Bibliografia p\u00ebr Gjergj Kastriotin Sk\u00ebnderbeun.<\/p>\n<p>&nbsp;<\/p>\n<p>Var\u00ebsisht nga fusha e interesimit tuaj, mund t\u00eb propozoni tem\u00ebn q\u00eb d\u00ebshironi t\u00eb mbani p\u00ebr k\u00ebt\u00eb veprimtari. <strong>Pjesmarr\u00ebsit q\u00eb d\u00ebshirojn\u00eb t\u00eb sjellin kumtesat e tyre, jan\u00eb t\u00eb lutur t\u2019i formulojn\u00eb tekstet n\u00eb gjuh\u00ebn shqipe ose edhe n\u00eb gjuh\u00eb t\u00eb tjera (anglisht, fr\u00ebngjisht, gjermanisht apo italisht). Propozimet p\u00ebr kumtesat s\u00eb bashku me nj\u00eb abstrakt t\u00eb shkurt\u00ebr do t\u00eb pranohen deri me dat\u00ebn 31 Dhjetor 2017 dhe m\u00eb pas do t\u00eb vijohet me sqarimin teknik p\u00ebr formatin dhe koh\u00ebn e leximit t\u00eb tyre n\u00eb konferenc\u00eb. T\u00eb gjith\u00eb ata q\u00eb d\u00ebshirojn\u00eb t\u00eb marrin pjes\u00eb n\u00eb k\u00ebt\u00eb konference duhet t\u00eb konfirmojn\u00eb regjistrimin e tyre deri me dat\u00ebn 31 Dhjetor 2017.<\/strong><\/p>\n<h4><strong>\u00a0<\/strong><\/h4>\n<p>Meqen\u00ebse konferenca mbahet m\u00eb dat\u00ebn 28 KORRIK 2018 n\u00eb Lezh\u00eb, jeni t\u00eb lutur q\u00eb konfirmimin tuaj (duke p\u00ebrfshir\u00eb titullin e kumtes\u00ebs\/ tem\u00ebn tuaj t\u00eb referimit, q\u00eb parashihni ta lexoni, e ta d\u00ebrgoni, deri m\u00eb 15 Maj 2018, n\u00eb adresen e poshtsh\u00ebnuar elektronike:<\/p>\n<p>&nbsp;<\/p>\n<p><strong><a href=\"mailto:nue_oroshi@yahoo.de\">nue_oroshi@yahoo.de<\/a><\/strong><\/p>\n<p>&nbsp;<\/p>\n<p><strong>Kryesia e Shoqat\u00ebs s\u00eb Intelektual\u00ebve Gjith\u00ebshqiptar\u00eb \u201cTrojet e Arbrit\u201d, Ju mir\u00ebpret.<\/strong><\/p>\n","protected":false},"excerpt":{"rendered":"<p>SHOQATA \u201cTROJET E ARBRIT\u201d PROJEKT-PROGRAMI I SESIONIT T\u00cb XV SHKENCOR Q\u00cb DO T\u00cb MBAHET N\u00cb LEZH\u00cb M\u00cb 28 KORRRIK 2018 ME TEM\u00cb: \u201cGJERGJ KASTRIOTI-SK\u00cbNDERBEU-HEROI KOMB\u00cbTAR I SHQIPTAR\u00cbVE \u201c Shoqata \u201cTROJET E ARBRIT\u201d\u201d, n\u00eb vijim t\u00eb nj\u00eb programi afatgjat\u00eb mb\u00ebshtetur fuqimisht nga miq e dashamir\u00eb nga t\u00eb gjitha Trojet Etnike Shqiptare,<\/p>\n","protected":false},"author":1,"featured_media":6929,"comment_status":"open","ping_status":"open","sticky":false,"template":"","format":"standard","meta":{"footnotes":""},"categories":[15],"tags":[],"class_list":["post-6928","post","type-post","status-publish","format-standard","has-post-thumbnail","hentry","category-histori-gjeografi"],"_links":{"self":[{"href":"https:\/\/revistakuvendi.org\/index.php?rest_route=\/wp\/v2\/posts\/6928","targetHints":{"allow":["GET"]}}],"collection":[{"href":"https:\/\/revistakuvendi.org\/index.php?rest_route=\/wp\/v2\/posts"}],"about":[{"href":"https:\/\/revistakuvendi.org\/index.php?rest_route=\/wp\/v2\/types\/post"}],"author":[{"embeddable":true,"href":"https:\/\/revistakuvendi.org\/index.php?rest_route=\/wp\/v2\/users\/1"}],"replies":[{"embeddable":true,"href":"https:\/\/revistakuvendi.org\/index.php?rest_route=%2Fwp%2Fv2%2Fcomments&post=6928"}],"version-history":[{"count":1,"href":"https:\/\/revistakuvendi.org\/index.php?rest_route=\/wp\/v2\/posts\/6928\/revisions"}],"predecessor-version":[{"id":6930,"href":"https:\/\/revistakuvendi.org\/index.php?rest_route=\/wp\/v2\/posts\/6928\/revisions\/6930"}],"wp:featuredmedia":[{"embeddable":true,"href":"https:\/\/revistakuvendi.org\/index.php?rest_route=\/wp\/v2\/media\/6929"}],"wp:attachment":[{"href":"https:\/\/revistakuvendi.org\/index.php?rest_route=%2Fwp%2Fv2%2Fmedia&parent=6928"}],"wp:term":[{"taxonomy":"category","embeddable":true,"href":"https:\/\/revistakuvendi.org\/index.php?rest_route=%2Fwp%2Fv2%2Fcategories&post=6928"},{"taxonomy":"post_tag","embeddable":true,"href":"https:\/\/revistakuvendi.org\/index.php?rest_route=%2Fwp%2Fv2%2Ftags&post=6928"}],"curies":[{"name":"wp","href":"https:\/\/api.w.org\/{rel}","templated":true}]}}