{"id":6879,"date":"2017-11-03T18:40:42","date_gmt":"2017-11-03T18:40:42","guid":{"rendered":"http:\/\/revistakuvendi.org\/?p=6879"},"modified":"2017-11-03T18:56:25","modified_gmt":"2017-11-03T18:56:25","slug":"ilir-shaqiri-shejt-qe-shkon-tuj-knue","status":"publish","type":"post","link":"https:\/\/revistakuvendi.org\/?p=6879","title":{"rendered":"Ilir Shaqiri , \u201d Shejt \u201cq\u00eb shkon tuj knue!"},"content":{"rendered":"<p><strong><em>Elinda Marku<\/em><\/strong><\/p>\n<p>K\u00ebndon Ilir Shaqri; \u00a0t\u2019vjen me\u00a0 besu se sapo u takove me nj\u00eb hero, anipse e din se heroi ka ra\u2019 n\u00eb njanen prej luftrave p\u00ebr liri.<\/p>\n<p><a href=\"http:\/\/revistakuvendi.org\/wp-content\/uploads\/2017\/10\/ILIR-SHAQIRI-.png\" rel=\"attachment wp-att-6851\"><img loading=\"lazy\" decoding=\"async\" class=\"alignleft size-full wp-image-6851\" src=\"http:\/\/revistakuvendi.org\/wp-content\/uploads\/2017\/10\/ILIR-SHAQIRI-.png\" alt=\"ILIR SHAQIRI -\" width=\"194\" height=\"228\" \/><\/a><\/p>\n<p>K\u00ebndon Ilir Shaqiri; \u00a0t\u2019vjen me shiju nj\u00eb udhtim n\u00ebp\u00ebr krejt gjeografin\u00eb e Iliris\u00eb!<\/p>\n<p>Shkruan Ilir Shaqiri, \u00a0t\u2019vjen e t\u2019mbushen\u00a0 syt\u00eb e shpirti me fjal\u00eb t\u00eb lashta\u00a0 e t\u00eb reja q\u00eb i bajn\u00eb bashk\u00eb t\u00eb gjitha moshat e Gjuh\u00ebs Shqipe.<!--more--><\/p>\n<p>Vjen Ilir Shaqirin, \u00a0mrekullohesh prej thjesht\u00ebsis\u00eb e\u00a0 fisnik\u00ebris\u00eb s\u00eb tij t\u00eb\u00a0 urt\u00eb! T\u2019vjen me u krenu q\u00eb e ke nj\u00eb v\u00eblla q\u00eb erdh me t\u2019pa, q\u00eb erdh \u00a0me t\u2019dasht\u00eb, q\u00eb \u00a0erdh me t\u2019nij e me t\u2019fole ilirisht, shpirtnisht , kudo\u2019JE.<\/p>\n<p>\u2026<\/p>\n<p>Ndoshta vet\u00ebm Iliri\u00a0 e\u00a0 mban mend\u00a0 sakt\u00ebsisht se cila ka\u00a0 q\u00ebn\u00eb\u00a0 k\u00ebnga e tij e\u00a0 par\u00eb . Nd\u00ebrsa secili nga admiruesit e tij e\u00a0 mban mend\u00a0 Ilir Shaqirin me kang\u00ebn \u201cMoj Europ\u00eb\u201d . N\u00ebse p\u00ebr t\u00eb gjith\u00eb\u00a0 k\u00ebng\u00ebtar\u00ebt jemi m\u00ebsuar t\u00eb themi , X kang\u00eb i dha fame X k\u00ebng\u00ebtari, \u00a0n\u00eb\u00a0 rastin e Ilir Shaqirit, e dijm\u00eb se,:\u00a0 Ilir Shaqiri e bani t\u00eb famshme kang\u00ebn. Bashk\u00eb me\u00a0 kang\u00ebn\u00a0 e bash n\u00eb kang\u00eb e bani dhimbjen me fol\u00eb, e bani Europ\u00ebn me nij.\u00a0 Askund si n\u00eb knag\u00ebn e Ilir Shaqirit nuk i sheh shqiptar\u00ebt kaq bashk\u00eb. Ilir Shaqiri nuk k\u00ebndon kang\u00eb folklorike t\u00eb veriut, kang\u00eb folklorike t\u00eb jugut, kang\u00eb popullore qytetare, apo kang\u00eb konteporane. Ilir Shaqiri e\u00a0 k\u00ebndon krejt\u00a0 kang\u00ebn shqiptare. T\u00eb\u00a0 gjitha kang\u00ebt e t\u00eb gjitha\u00a0 trevave, e\u00a0 t\u00eb\u00a0 gjitha\u00a0 zhanreve, jan\u00eb\u00a0 t\u00eb\u00a0 unifikuara\u00a0 tek kanga e Ilir Shaqirit. Po t\u00eb mund t\u2019a\u00a0 shtrija\u00a0 kang\u00ebn e\u00a0 Ilir Shaqirit si shtrihet\u00a0 harta, shoh\u00a0 hart\u00ebn e Shqipnis\u00eb etnike! Q\u00eb shqiptaria\u00a0 t\u00eb \u00a0ket\u00eb nj\u00eb kange t\u00eb till\u00eb, etnike , Zoti fali nj\u00eb djal\u00eb, nj\u00eb za, nj\u00eb t\u2019p\u00ebrkushtuem, nj\u00eb dashni, nj\u00eb vullnet, nj\u00eb dhunti,\u00a0 ILIRIN. Ilir Shaqiri \u00a0p\u00ebrpos q\u00eb i \u00a0k\u00ebndon \u00a0vargjet, \u00a0edhe krijon e i \u00a0shkruan ato.\u00a0 Ilir Shaqiri asht Poeti i kang\u00ebve t\u00eb tij. Mbi 600 tekste\u00a0 kang\u00ebsh kan\u00eb firm\u00ebn e tij prej poeti t\u2019mir\u00ebfillt\u00eb!<\/p>\n<p>N\u00ebse shumica k\u00ebng\u00ebtar\u00ebve u b\u00ebn\u00eb k\u00ebngetar\u00eb nga d\u00ebshira p\u00ebr fam\u00eb, nga t\u00eb paturit e nj\u00eb zani t\u00eb nalt, ose nga t\u00eb paturit talent. Ilir Shaqiri asht nd\u00ebr t\u00eb rrall\u00ebt artist\u00eb q\u00eb p\u00ebrvec \u00a0zanit e stilit krejt t\u00eb vecant\u00eb e unik \u00a0e\u00a0 ka zgjedh bash shpirti i dhimbjes e i dashnis\u00eb me u dhane za\u2019, jehon\u00eb, kujtes\u00eb e p\u00ebrjet\u00ebsi.<\/p>\n<p>Ilir SHAQIRI ndoshta jo rast\u00ebsisht ka lindur n\u00eb Drenic\u00eb, aty ku gjaku, loti e vaji duheshin shnd\u00ebrru n\u00eb kang\u00eb. Q\u00eb t\u00eb mund ta m\u00ebsosh \u00a0ku ka lindur Ilir Shaqiri, duhet me pyet, duhet me k\u00ebrku . P\u00ebrndryshe vendlindja e Ilir Shaqirit asht n\u00eb secil\u00ebn trev\u00eb shqiptare, n\u00eb\u00a0 secil\u00ebn kull\u00eb. Degjojm\u00eb Ilir Shaqirin dhe, e\u00a0 gjejm\u00eb arsyen pse\u00a0 kullat shqiptare kan\u00eb\u00a0 lindur\u00a0 ma shum\u00eb\u00a0 se\u00a0 nj\u00eb djal\u00eb sall p\u00ebr\u00a0 vedi, nj\u00eb djal\u00eb sall p\u00ebr kull\u00ebn. Kullave tona u asht dasht\u00eb\u00a0 nj\u00eb djal\u00eb p\u00ebr\u00a0 pushk\u00ebn\u00a0 e p\u00ebr\u00a0 lirin\u00eb e, nj\u00eb djal\u00eb\u00a0 p\u00ebr\u00a0 kang\u00ebn e p\u00ebr\u00a0 vazhdim\u00ebsin\u00eb.<\/p>\n<p><a href=\"http:\/\/revistakuvendi.org\/wp-content\/uploads\/2017\/11\/DIT-E-LET-17-8.png\" rel=\"attachment wp-att-6869\"><img loading=\"lazy\" decoding=\"async\" class=\"alignleft size-medium wp-image-6869\" src=\"http:\/\/revistakuvendi.org\/wp-content\/uploads\/2017\/11\/DIT-E-LET-17-8-271x300.png\" alt=\"DIT E LET 17 8\" width=\"271\" height=\"300\" srcset=\"https:\/\/revistakuvendi.org\/wp-content\/uploads\/2017\/11\/DIT-E-LET-17-8-271x300.png 271w, https:\/\/revistakuvendi.org\/wp-content\/uploads\/2017\/11\/DIT-E-LET-17-8-768x850.png 768w, https:\/\/revistakuvendi.org\/wp-content\/uploads\/2017\/11\/DIT-E-LET-17-8.png 867w\" sizes=\"auto, (max-width: 271px) 100vw, 271px\" \/><\/a><\/p>\n<p><em><strong>Nga e majta ne te djathte: Ilir Shaqiri, Elinda Marku dhe Fran Gjoka<\/strong><\/em><\/p>\n<p>Falesh me Ilir Shaqirin e t\u2019bahet se e ke\u00a0 nij, se e ke pa\u2019 e\u00a0 njohur tash\u00a0 nj\u00ebqind a dyqind vjet ma par\u00eb. \u00a0Teksa ke qysh nj\u00ebqinq a dyqind vjet q\u00eb e pr\u00eat me e pa e me u\u00a0 cmall\u00eb prap\u00eb!<\/p>\n<p>Erdh Iliri,<\/p>\n<p>krejt shjtnit\u00eb\u00a0 shqiptare<\/p>\n<p>I pru\u2019 nd\u00ebr Ne,<\/p>\n<p>Dhe pse kaq t\u2019ikun,<\/p>\n<p>kujtohemi se prap<\/p>\n<p>e gjith\u2019here<\/p>\n<p>Jem\u2019 e Kem\u2019 Atdhe<\/p>\n<p>N\u00eb Tetor t\u00eb Vitit 2017, Ilir Shaqiri u ftua dhe u prezantua n\u00eb \u00a0\u201cDit\u00ebt e Let\u00ebrsis\u00eb Shqipe\u201d ne SHBA, si Shkrimtar, me romanin e \u201cLemza e Dheut\u201d. Q\u00eb n\u00eb fakt asht vazhdim i nj\u00eb\u00a0 kange q\u00eb s\u2019mbaron, dhe filli i \u00a0filozofis\u00eb, mendimit e ndjenj\u00ebs pa rim\u00eb e metrik\u00eb, pa za e melodi. \u201cLemza e Dheut\u201dasht nj\u00eb tjet\u00ebr kryevep\u00ebr e Ilir Shaqirit, q\u00eb i ofrohet\u00a0 bujarisht lexuesit. \u201cLemza e Dheut \u201c asht nj\u00eb \u00a0komunikim i drejt\u00ebp\u00ebrdrejt\u00eb \u00a0e ma intensive.\u00a0 N\u00eb romanin \u201cLemza e Dheut\u201doutori me\u00a0 nj\u00eb\u00a0 mjeshtri e nj\u00eb\u00a0 gjuhe q\u00eb pasurohet prajsh\u00ebm prej\u00a0 fjal\u00ebve t\u00eb rralla dhe fjal\u00ebformimeve t\u00eb reja, i p\u00ebrshkon e i\u00a0 ban bashk\u00eb\u00a0 t\u00eb kat\u00ebr an\u00ebt e atdheut, duke krijuar nj\u00eb kulm t\u00eb vepr\u00ebs tuj e prue\u00a0 n\u00eb\u00a0 t\u00eb tashmen \u201cDiellin \u00a0e Rilindjes\u201d . \u00a0N\u00eb romanin \u201c Lemza e Dheut\u201d nuk asht\u00a0 vet\u00ebm\u00a0 subjekti ai q\u00eb t\u00eb merr me vete , nuk jan\u00eb vet\u00ebm p\u00ebrsonazhet dhe karakteret, vendet e peisazhet prej nga ku k\u00ebto p\u00ebrsonazhe shkojn\u00eb e vijn\u00eb, nuk asht vet\u00ebm nd\u00ebrthurja\u00a0 e t\u00eb tashmes me t\u00eb dy an\u00ebt e veta, djeshmes prej n\u00eb lasht\u00ebsi, t\u00eb nes\u00ebrmes deri n\u00eb p\u00ebrjet\u00ebsi. Asht sidomos nd\u00ebrtimi i k\u00ebsaj vepre me nj\u00eb\u00a0 estetike,stil e\u00a0 mjesht\u00ebri t\u00eb lakmueshme edhe prej prozator\u00ebve me p\u00ebrvoj\u00eb\u00a0 t\u00eb njohur n\u00eb fush\u00ebn e let\u00ebrsis\u00eb<\/p>\n<p>Romani \u201cLemza e Dheut\u201d asht nj\u00eb\u00a0 tjet\u00ebr d\u00ebshmi q\u00eb Artisti i Madh nuk shterron, \u00a0p\u00ebrkundrazi gjen shtigje e hap\u00ebsira t\u00eb\u00a0 reja p\u00ebr\u00a0 t\u00eb dhan\u00eb ende nga vetja.<\/p>\n<p>\u2026<\/p>\n<p>Heronjt\u00eb \u00a0bien dhe e japin jet\u00ebn p\u00ebr atdhe, teksa artisti i \u201cshpeton\u201d t\u00eb r\u00ebn\u00ebt! \u00a0Me dhane jet\u00ebn asht gj\u00ebja ma asublime q\u00eb njeriu ban p\u00ebr vendin e\u00a0 kombin e tij. Nd\u00ebrsa arti na meson se, po kaq sublime asht edhe t\u00eb jetosh e kendosh, d\u00ebshmosh e shkruash p\u00ebr t\u00eb rennet,\u00a0 p\u00ebr brezat, p\u00ebr Lirin\u00eb!<\/p>\n<p>Nganj\u00ebher\u00eb, shpesh, ende historian\u00ebt e shkruajn\u00eb historine e shqiptar\u00ebve me gbime jot \u00eb vogla, k\u00ebshtu q\u00eb kombit shqiptar\u00eb i asht dasht\u00eb me lind\u00eb e me rrit\u00eb artitst\u00eb si Ilir Shaqirin, me e k\u00ebndue, sh\u00ebnue, p\u00ebrcjell\u00eb historin\u00eb. E n\u00ebse historia nuk mbahet mend, kanga e arti nuk shkojn\u00eb pa ra n\u2019sy, pa u mbajt\u00eb mend!<\/p>\n<p>Tek arti dhe vepra e Ilir Shaqirit, bashkejetojne\u00a0 brezat e \u00a0kombit ILIRE!<\/p>\n<p>Tek arti dhe vepra e Ilir Shaqirit, mbijeton Shqipnia Etnike, \u00a0ILIRIA!<\/p>\n<p>&nbsp;<\/p>\n<p>Michigan, 3 Nandor 2017<\/p>\n","protected":false},"excerpt":{"rendered":"<p>Elinda Marku K\u00ebndon Ilir Shaqri; \u00a0t\u2019vjen me\u00a0 besu se sapo u takove me nj\u00eb hero, anipse e din se heroi ka ra\u2019 n\u00eb njanen prej luftrave p\u00ebr liri. K\u00ebndon Ilir Shaqiri; \u00a0t\u2019vjen me shiju nj\u00eb udhtim n\u00ebp\u00ebr krejt gjeografin\u00eb e Iliris\u00eb! Shkruan Ilir Shaqiri, \u00a0t\u2019vjen e t\u2019mbushen\u00a0 syt\u00eb e shpirti me fjal\u00eb t\u00eb lashta\u00a0 e&hellip;<\/p>\n","protected":false},"author":1,"featured_media":6851,"comment_status":"open","ping_status":"open","sticky":false,"template":"","format":"standard","meta":{"footnotes":""},"categories":[5],"tags":[],"class_list":["post-6879","post","type-post","status-publish","format-standard","has-post-thumbnail","hentry","category-letersi"],"_links":{"self":[{"href":"https:\/\/revistakuvendi.org\/index.php?rest_route=\/wp\/v2\/posts\/6879","targetHints":{"allow":["GET"]}}],"collection":[{"href":"https:\/\/revistakuvendi.org\/index.php?rest_route=\/wp\/v2\/posts"}],"about":[{"href":"https:\/\/revistakuvendi.org\/index.php?rest_route=\/wp\/v2\/types\/post"}],"author":[{"embeddable":true,"href":"https:\/\/revistakuvendi.org\/index.php?rest_route=\/wp\/v2\/users\/1"}],"replies":[{"embeddable":true,"href":"https:\/\/revistakuvendi.org\/index.php?rest_route=%2Fwp%2Fv2%2Fcomments&post=6879"}],"version-history":[{"count":2,"href":"https:\/\/revistakuvendi.org\/index.php?rest_route=\/wp\/v2\/posts\/6879\/revisions"}],"predecessor-version":[{"id":6881,"href":"https:\/\/revistakuvendi.org\/index.php?rest_route=\/wp\/v2\/posts\/6879\/revisions\/6881"}],"wp:featuredmedia":[{"embeddable":true,"href":"https:\/\/revistakuvendi.org\/index.php?rest_route=\/wp\/v2\/media\/6851"}],"wp:attachment":[{"href":"https:\/\/revistakuvendi.org\/index.php?rest_route=%2Fwp%2Fv2%2Fmedia&parent=6879"}],"wp:term":[{"taxonomy":"category","embeddable":true,"href":"https:\/\/revistakuvendi.org\/index.php?rest_route=%2Fwp%2Fv2%2Fcategories&post=6879"},{"taxonomy":"post_tag","embeddable":true,"href":"https:\/\/revistakuvendi.org\/index.php?rest_route=%2Fwp%2Fv2%2Ftags&post=6879"}],"curies":[{"name":"wp","href":"https:\/\/api.w.org\/{rel}","templated":true}]}}