{"id":6867,"date":"2017-11-01T21:43:18","date_gmt":"2017-11-01T21:43:18","guid":{"rendered":"http:\/\/revistakuvendi.org\/?p=6867"},"modified":"2017-11-01T21:43:18","modified_gmt":"2017-11-01T21:43:18","slug":"ditet-e-letersise-shqipe-2017-ne-shtetet-e-bashkuara","status":"publish","type":"post","link":"https:\/\/revistakuvendi.org\/?p=6867","title":{"rendered":"\u201cDit\u00ebt e Let\u00ebrsis\u00eb Shqipe &#8211; 2017\u201d n\u00eb Shtetet e Bashkuara"},"content":{"rendered":"<p><a href=\"http:\/\/revistakuvendi.org\/wp-content\/uploads\/2017\/11\/DIT-E-LET-17-1.png\" rel=\"attachment wp-att-6868\"><img loading=\"lazy\" decoding=\"async\" class=\"alignleft size-medium wp-image-6868\" src=\"http:\/\/revistakuvendi.org\/wp-content\/uploads\/2017\/11\/DIT-E-LET-17-1-300x169.png\" alt=\"DIT E LET 17 1\" width=\"300\" height=\"169\" srcset=\"https:\/\/revistakuvendi.org\/wp-content\/uploads\/2017\/11\/DIT-E-LET-17-1-300x169.png 300w, https:\/\/revistakuvendi.org\/wp-content\/uploads\/2017\/11\/DIT-E-LET-17-1.png 314w\" sizes=\"auto, (max-width: 300px) 100vw, 300px\" \/><\/a>Edhe k\u00ebt\u00eb vit n\u00ebn p\u00ebrkujdesjen p\u00ebrsonale t\u00ebe Autorit dhe Botuesit t\u00eb Revistes Kuvendi, zotit Pjeter Jaku u b\u00eb e mundur e nuk u prish Tradita q\u00eb p\u00ebr t\u00eb 16-ten vit radhazi te realizoheshin \u201cDit\u00ebt e Let\u00ebrsis\u00eb Shqipe\u201d n\u00eb<!--more--> Michigan te Shteteve te Bashkuara, q\u00eb zhvillohen tradicionalisht ne jav\u00ebn e fundit t\u00eb Tetorit, qe nga viti 2001.<\/p>\n<p>Fillimet q\u00eb p\u00ebrkuan n\u00eb p\u00ebrkujtim t\u00eb 130 vjetorit t\u00eb Lindjes s\u00eb Homerit shqiptar At Gjergj Fisht\u00ebs dhe vazhduan e do t\u00eb vazhdojn\u00eb, si nj\u00eb fest\u00eb \u00a0letrare dhe kulturore e krijuesve, n\u00eb t\u00eb cil\u00ebn, n\u00eb mos me pranin\u00eb fizike, me krijimtarin\u00eb e tyre marrin pjes\u00eb krijues nga gjitha trojet shqiptare e shqipfolese, Shqip\u00ebri, Kosov\u00eb, Mal\u00ebsia n\u00ebn Mal e Zi, dhe gjith\u00eb trevat shqiptare ne bot\u00eb, por, m\u00eb s\u00eb shumti nga Diaspora Amerikane, t\u00eb cil\u00ebt e vler\u00ebsojn\u00eb si aktivitetin e tyre m\u00eb jet\u00ebgjat\u00eb e me t\u00eb realizuar jasht\u00eb Atdheut.<\/p>\n<p>N\u00eb k\u00ebto festa kan\u00eb q\u00ebn\u00eb t\u00eb pranish\u00ebm Autor\u00ebt e letrave m\u00eb t\u00eb mir\u00eb shqiptar\u00eb, por pa p\u00ebrjashtuar Artist\u00eb e Autore t\u00eb arteve e zhanreve te tjera, si: Agim Shehu,\u00a0 Fatos Kongoli (disa edicione), Agron Tufa,\u00a0 Naum Prifti (disa edicione), Ilir Shaqiri, Anton Gjurashaj, Enkelejda Kondi, P\u00ebllumb Kulla, Fran Camaj, Dr. Medi Hyseni, At Pashko Goj\u00e7aj (botues dhe poet),\u00a0 Bahri Beci, Justina Aliaj, Bora Balaj, Pandi Syku, Xhevat Limani, Fran Gjoka, Erim Vladi, Hana e Kol\u00eb Nikprelaj,\u00a0 Gjergji Paparisto, Muamer Malo, Sander Ruci &#8211; Artist i Madh, Paul Palushi &#8211; Urdh\u00ebri Naim Frash\u00ebri t\u00eb Klasit t\u00eb Par\u00eb, dhe bashk\u00ebshortja e tij Albina Palushi,\u00a0 Arben Dervishi, Ndue Gjekaj, Agim Lumani, Artistet e ndjer\u00eb Sali Mani e Zef Lleshi, etj etj\u2026<\/p>\n<p>Aktiviteti \u00ebsht\u00eb vlersuar pozitivisht edhe nga dy Ambasadat Shqiptare, ajo e Republikes s\u00eb Shqiperis\u00eb dhe e Republikes s\u00eb Kosoves, n\u00eb\u00a0 Washington D.C., me pjesmarrje e vleresim, si: Ambasadori shqiptar dhe miku i Revistes \u201cKuvendi\u201d Gilbert Galanxhi, Zv. Ambasadori Kreshnik \u00c7ollaku, nga Ambasada e Kosoves, Jetish Jashari etj. e p\u00ebrsonalitete politike t\u00eb rangjeve t\u00eb ndryshme,\u00a0 nga Republika e Shqip\u00ebrise dhe Republika e Kosoves i kan\u00eb derguar mesazhe falenderimi aktiviteteve te \u201cDiteve te Letersise\u201d dhe organizatoreve t\u00eb k\u00ebtij aktiviteti, tashm\u00eb t\u00eb kthyer n\u00eb Institucion.<\/p>\n<p>Nga krijuesit q\u00eb jetojn\u00eb e krijojn\u00eb n\u00eb Shtetet e Bashkuara, pothuajse t\u00eb gjith\u00eb kan\u00eb marr\u00eb pjes\u00eb p\u00ebr vite me radh\u00eb, vet\u00ebm n\u00eb ndonj\u00eb rast kur kan\u00eb q\u00eblluar n\u00eb Atdhe, si: Ramiz Gjini, Iliriana Sulkuqi, Gezim Basha, Nexhip Ejupi, Dalan Luzaj, Bardhyl Mezini, Gjek\u00eb\u00a0 Marinaj, Sami Milloshi, Raimonda Moisiu, Alfons Grishaj, Gjovalin Lumaj, Nevrus Nazarko, Ekrem Bardha, edhe si autor , Mehill Velaj, Zef Pergega, Vahid Hyzoti, Lulash Palushaj, Rush Dragu, Pierre- Pandeli Simsia, Merita Bajraktari, Mensur Spahiu, Elida Lumaj, Ruzhdi Gurra, Rakip Babqorri, Agim Deshnica, Ymer Velagoshti,\u00a0 Diana Gell\u00e7i, Qendres\u00eb Halili, Mimoza Daj\u00e7i,\u00a0 Redin Hafizi, Vlash Fili, ing. Mergim Kor\u00e7a, Petraq Pali, Aida Dismondy, Rita Saliu, Gjeto Turmalaj, Gani Vila, Rafael Floqi, Fejzulla Abdullai, Vasel Ujkaj,\u00a0 Elinda Marku, Pjet\u00ebr Jaku etj\u2026<\/p>\n<p>Meritojn\u00eb t\u00eb p\u00ebrmenden dhe t\u00eb falenderohen edhe disa aktivist\u00eb q\u00eb kan\u00eb kontribuar dhe ndihmuar aktivitetin nd\u00ebr vite por q\u00eb, edhe e kan\u00eb shijuar fjal\u00ebn artistike duke q\u00ebn\u00eb pjes\u00ebmarr\u00ebs si: Ekrem Bardha, Gjevalin Gega, Gjergj Ivezaj, Prek\u00eb Gjokaj, Julian \u00c7efa, Paul Berisha, Kujtim Qafa, Mondi Rakaj,\u00a0 V\u00ebllezrit Luigj e Pashko Gjokaj, Rush Dragu, Klement Bardhi, Ruzhdi Gurra, Malot Ivezaj, Gjeto Ivezaj, Kanto Dushaj, Franz Grishaj, Petrit Doda, Nikoll\u00eb Hysaj, Nikoll\u00eb Vneshtaj, Sako Satko etj\u2026(ndjes\u00eb nga P.J. n\u00ebse \u00ebsht\u00eb harruar ndonj\u00eb!)<\/p>\n<p><strong>Nata e Pare: Darka e Mirseardhjes<\/strong><\/p>\n<p>Me iniciativen e Sponsorit total te \u201cDiteve te Letersise\u201d, Bisnesmenit dhe Artistit, zotit Fran Gjoka, Nata e Par\u00eb e k\u00ebtij viti, ose \u201c Darka e pritjes\u201d\u00a0 u realizua n\u00eb Restorantin, Wiglies, Frank\u2019s Meat &amp; Grill n\u00eb Eastern Market, n\u00eb Detroit. Ne nje atmosfer\u00eb pothuajse familjare, Aktivitetin e deklaroi t\u00eb hapur poeti Pjet\u00ebr Jaku, e vazhdoi i \u201cZoti i Shtepise\u201d Fran Gjoka, q\u00eb b\u00ebri nj\u00eb prezantim t\u00eb t\u00eb gjith\u00eb t\u00eb pranishmeve me shum\u00eb finesen e nje Sho\u00ebman-i. N\u00eb nj\u00eb atmosfer\u00eb tejet familjare, gazmore dhe arg\u00ebtuese p\u00ebrshendeten Ekrem Bardha, Ilir Shaqiri,\u00a0 Fran Gjokaj, Marash Nucullaj, Raimonda Moisiu, Pierre-Pandeli Simsia, Elinda Marku, Ruzhdi Gurra, etj\u2026 Pjet\u00ebr Jaku k\u00ebmb\u00ebnguli n\u00eb\u00a0 pyetjen e\u00a0 vitit t\u00eb kaluar, n\u00ebse ka apo jo shkrimtar\u00eb diaspora, pasi asnj\u00ebri prej tyre, qoft\u00eb edhe me nj\u00eb sentenc\u00eb t\u00eb vetme, nuk p\u00ebrfshihen n\u00eb asnj\u00eb tekst shkollor dhe, se \u00e7far\u00eb duhet b\u00ebr\u00eb n\u00eb t\u00eb ardhmen q\u00eb edhe n\u00eb komisionet e teksteve t\u00eb ket\u00eb autor\u00eb t\u00eb njohur nga diaspora. P\u00ebr k\u00ebt\u00eb u ra dakort q\u00eb t\u2019i d\u00ebrgohet nj\u00eb \u201cNot\u00eb Informuese\u201d Ministris\u00eb s\u00eb Arsimit dhe \u00a0Kultures te Republikes se Shqiperise p\u00ebr mosv\u00ebmendje t\u00eb theksuar ndaj Krijuesve dhe Krijimtarise ne Diaspore.<\/p>\n<p>M\u00eb pas, pa shoq\u00ebrim\u00a0 muzikor, k\u00ebng\u00ebtar\u00ebt e njohur Ilir Shaqiri, Fran Gjoka, Erim Vladi dhe Hana e Kol\u00eb Nikprelaj arg\u00ebtuan t\u00eb pranishmit deri n\u00eb or\u00ebt e vona.<\/p>\n<p>Duhet theksuar se nje dite me pare, t\u00eb enjten me 26 tetor 2017 Kengetari dhe Autori Ilir Shaqiri mb\u00ebrriti n\u00eb Kafe \u201c Kuvendi\u201d, po k\u00ebsaj here me cil\u00ebsin\u00eb e shkrimtarit me vepren e tij t\u00eb njohur \u201cLemza e dheut\u201d, Roman, si dhe dy botimet e tjer\u00eb \u201cTan Temali\u201d- Roman, dhe Studimin \u201cEstetika dhe semiotika n\u00eb krijimtarin\u00eb artistike p\u00ebr n\u00ebn\u00ebn\u201d publikuar n\u00eb vitin 2014.<\/p>\n<p>Ve\u00e7 sherbimit si kafe, Iliri u njoh dhe me k\u00ebndin\u00a0 e librit dhe t\u00eb revist\u00ebs \u201cKuvendi\u201d n\u00eb k\u00ebt\u00eb kafe, si dhe mikrostudion e piktorit dhe skulptorit t\u00eb njohur Pjeter Frroku-Lala, q\u00eb po ashtu\u00a0 \u00ebsht\u00eb n\u00eb mjediset e k\u00ebsaj Kafeje. N\u00eb k\u00ebt\u00eb mbr\u00ebmje u lexua nga organizatori Pjet\u00ebr Jaku p\u00ebrshendetja tejet miq\u00ebsore dhe dashamir\u00ebse e poetit dhe shkrimtarit Visar Zhiti, i cili tashm\u00eb ndodhet me sherbim Dipllomatik ne \u00cbashinton D.C. si Atashe Kulturor n\u00eb Ambasaden Republikes se Shqiperise. N\u00eb k\u00ebt\u00eb mbr\u00ebmje miq\u00ebsore dhe kulturore, u kujtuan dhe shum\u00eb miq t\u00eb Kuvendit q\u00eb kan\u00eb q\u00ebn\u00eb t\u00eb pranish\u00ebm n\u00eb darka t\u00eb tilla nd\u00ebr vite.<\/p>\n<p>&nbsp;<\/p>\n<p><strong>Dita e Dyt\u00eb dhe Mbr\u00ebmja e \u201cDiteve te Letersise\u201d<\/strong><\/p>\n<p>&nbsp;<\/p>\n<p>M\u00ebngjesi i s\u00eb shtun\u00ebs qe tep\u00ebr i ftoht\u00eb p\u00ebr tetorin e t\u00eb vjelave dhe r\u00ebnies paq\u00ebsore t\u00eb gjetheve, nj\u00eb stin\u00eb tejet frym\u00ebzuese p\u00ebr letrar\u00ebt.<\/p>\n<p>Q\u00eb her\u00ebt n\u00eb m\u00ebngjes, do vinin te \u201cKuvendi\u201d poet\u00ebt Nexhip Ejupi dhe Ruzhdi Gurra (Omer Kajamasit sic i quaj une per liriken teper te sufistikuar qe perdorin ne krijimet e tyre), pak m\u00eb von\u00eb edhe dashamiresi i artit Gazmend Kishta, p\u00ebr t\u00eb pritur Raimonden dhe Pierren, Ilir dhe Franin. G\u00ebzim Basha dhe Mb\u00ebhill Velaj lajm\u00ebronin mosmud\u00ebsin\u00eb e pjes\u00ebmarrjes, edhe pse deri dy dit\u00eb m\u00eb par\u00eb kishin shpresuar, nd\u00ebrkoh\u00eb q\u00eb Anton Gjurashaj e konfirmonte pjes\u00ebmarrjen, bashk\u00eb me romanin e tij t\u00eb fundit \u201cNata n\u00eb Sion\u201d.<\/p>\n<p>N\u00eb Bibloteken gjigande Macomb-Clinton Public Library ne Clinton Township kishin mb\u00ebrritur q\u00eb vjet disa tituj librash n\u00eb shqip nga pjes\u00ebmarrsit n\u00eb k\u00ebt\u00eb aktivitet, Agron Tufa, Ramiz Gjini, Irma Kurti, Raimonda Moisiu, Pierre-Pandeli Simsia, Pjet\u00ebr Jaku, Elinda Marku, Nexhip Ejupi etj\u2026 Nj\u00eb drek\u00eb modeste dhe mbasditja qet\u00ebsuese qe do ti paraprinte aktivitetin kryesor t\u00eb k\u00ebtyre dit\u00ebve festive.<\/p>\n<p>Kafe \u201c KUVENDI\u201d ku do t\u00eb b\u00ebh\u00ebj ky aktivitet, e kishte mbyllur pun\u00ebn e saj q\u00eb n\u00eb or\u00ebn 4:00 mbasdite p\u00ebr t\u00eb pregaditur per ardhjen e miqve te Letersise. N\u00eb ekranin e madh t\u00eb saj shkruhej \u201cEdicioni i 16-te i Dit\u00ebve t\u00eb Let\u00ebrsis\u00eb Shqipe\u201d. Zbukuruar me lule dhe libra, ishte p\u00ebrshtatur mjaft mir\u00eb p\u00ebr nj\u00eb fest\u00eb t\u00eb till\u00eb.<\/p>\n<p>N\u00eb k\u00ebt\u00eb mbr\u00ebmje v\u00ebrtet\u00eb t\u00eb bukur dhe festive merrnin pjes\u00eb krijuesit vendas: Pjeter Jaku, Elinda Marku, Nexhip Ejupi, Mensur Spahiu, Arta Simoni, Ruzhdi Gurra, Rakip Babqorri, Vasel Ujkaj, Rafael Floqi, Fran Gjeloshaj, Mark Gjokaj,\u00a0 Gazmend Kishta, ndersa Lulash Palushaj dhe Rush Dragu ndodheshin n\u00eb Shqip\u00ebri. Kurse Diana Gell\u00e7it i kishte ndodhur nj\u00eb fatkeq\u00ebsi familjare. Sipas botuesit Pjet\u00ebr Jaku, edhe ndonj\u00eb krijues tjet\u00ebr q\u00eb kishte mbetur jasht\u00eb aktivitetit ishte thirrur, por p\u00ebr arsyet q\u00eb i din\u00eb ve\u00e7 ata, nuk ishin paraqitur.<\/p>\n<p>Mbr\u00ebmjen do ta nderonin edhe artist\u00ebt\u00a0 e komunitetit, Arben Dervishi, Erim Vladi, Fran Gjoka, Hana e Kol\u00eb Nikprelaj, Jola Paparisto, Pjeter Frroku-Lala,\u00a0 si dhe orkestra, ku spikati klarinetisti Ben Taho.<\/p>\n<p>T\u00eb ardhur nga Atdheu, Kosova dhe Mal\u00ebsia ishin legjenda e kang\u00ebs shqiptare, shkrimtari Ilir Shaqiri dhe Anton Gjurashaj, ndersa nga Franca, poetja Enkelejda Kondi. Fatos Kongoli do t\u00eb b\u00ebnte nj\u00eb let\u00ebr t\u00eb bukur falenderuese, ku edhe t\u00eb kerkonte ndjes\u00eb p\u00ebr pamund\u00ebsin\u00eb e ketij viti, pasi po merrej me\u00a0 Panairin, q\u00eb do t\u00eb b\u00ebh\u00ebj s\u00eb shpejti n\u00eb Tiran\u00eb. Mbr\u00ebmja u moderua nga zj. Albina Palushi, ndersa aktivitetin e ndoqen Media e Komunitetit \u201cAlbanian Television of America\u201d e zotit Gani Vila.<\/p>\n<p>N\u00eb k\u00ebt\u00eb mbr\u00ebmje u recituan poezi t\u00eb zgjedhura nga Arben Dervishi, Aida Gjergji, Ruzhdi Gurra, Arta Simoni, Elinda Marku, Pierre-Pandeli Simsia, Nexhip Ejupi, Albina Palushi etj\u2026<\/p>\n<p>Para kalimit n\u00eb programin defryes, u ndan\u00eb \u00e7mimet e dh\u00ebna nga K\u00ebshilli Botues i Revistes \u201c Kuvendi\u201d nga Kryetari Komisionit , Poeti Ruzhdi Gurra, nd\u00ebrsa Mir\u00ebnjohjet nga Pjet\u00ebr Jaku, si m\u00eb posht\u00eb:<\/p>\n<p><strong>Vleresimet e Jurise se Revistes \u201cKuvendi\u201d per Konkursin e vitit 2017 <\/strong><\/p>\n<p><strong>\u00a0<u>Me \u201cMirenjohje\u201d nderohen:<\/u><\/strong><\/p>\n<p>Ilir Shaqiri<\/p>\n<p>Raimonda Moisiu<\/p>\n<p>Gezim Basha<\/p>\n<p>Albina Palushi<\/p>\n<p><strong><u>\u00c7mimet per krijimtarine dhe bashk\u00ebpunimin me Revisten \u201cKuvendi\u201d<\/u><\/strong><\/p>\n<p>\u00c7mim Special i jepet\u00a0 Enkelejda Kondi, Franc\u00eb<\/p>\n<p>\u00c7mimi i par\u00eb n\u00eb poezi i jepet Irma Kurti, Itali<\/p>\n<p>\u00c7mimi \u201c Gjergj Fishta\u201d i jepet poetit nga Kosova, Xhevat Latifi<\/p>\n<p>\u00c7mimi \u201c Migjeni\u201d, poetes nga New Yorku, Adelina Dardha<\/p>\n<p>\u00c7mimi i par\u00eb n\u00eb publicistik\u00eb i jepet Inxhi Ali\u00e7kaj, Tiran\u00eb<\/p>\n<p>\u00c7mimi \u201c Faik Konica\u201d, n\u00eb publicistik\u00eb, i jepet\u00a0 Armela Hysi, Greqi<\/p>\n<p>\u00c7mimi \u201c Arshi Pipa\u201d i jepet Ermira Babamusta, Boston<\/p>\n<p>\u00c7mimi \u201cBetim Mu\u00e7o\u201d , n\u00eb proz\u00eb, Vlash Filit, Filadelfia<\/p>\n<p>&nbsp;<\/p>\n<p>Pierre-Pandeli Simsia do ta nderonte Pjeter Jakun, me Mir\u00ebnjohje n\u00eb em\u00ebr t\u00eb disa miqve t\u00eb Kuvendit!<\/p>\n<p><strong>Nata e tret\u00eb dhe e fundit e k\u00ebti edicioni<\/strong><\/p>\n<p>Pas dy dit\u00ebsh t\u00eb lodhshme e diela e k\u00ebti edicioni, qe pushuese me disa vizita tek n jeri-tjetri dhe shkembime librash. N\u00eb dark\u00eb, sipas tradites se tre viteve te shkuara, krijuesit u ftuan ne restorantin \u201cJohnny\u2019s\u00a0 Grill\u201d ne Belleville te Michiganit, ne pronesi t\u00eb Aktivistit t\u00eb njohur zotit Marash Nucullaj, i cili gjith\u00ebmon\u00eb ishte gjendur i gatsh\u00ebm p\u00ebr t\u00eb ndihmuar kulturen n\u00eb Diaspor\u00eb. Solemniteti pushtoi sallen kur Zoti Nucullaj edhe ne si Perfaqesues per Michigan-in \u201cAlbanian-American League\u201d i cili solli nj\u00eb ndjesi t\u00eb ve\u00e7ant\u00eb p\u00ebr kujtimin me nj\u00eb minut heshtje p\u00ebr Albanologun e njohur Robert Elsie, q\u00eb para pak koh\u00ebsh u nda nga jeta, si dhe me propozimin p\u00ebr t\u00eb ngritur nj\u00eb p\u00ebrmendore t\u00eb tij n\u00eb Tiran\u00eb.<\/p>\n<p>Darka shum\u00eb cil\u00ebsore dhe tradicionale, me t\u00eb gjitha llojet e pijeve kaloj n\u00eb nj\u00eb atmosfer\u00eb shum\u00eb miq\u00ebsore. Pjet\u00ebr Jaku i p\u00ebrshendeti t\u00eb gjith\u00eb pjes\u00ebmarrsit n\u00eb k\u00ebt\u00eb edicion letrar, duke vler\u00ebsuar , n\u00eb m\u00ebnyr\u00eb t\u00eb ve\u00e7ant\u00eb Fran Gjok\u00ebn dhe Marash Nucullajn, q\u00eb kishin mund\u00ebsuar realizimin e k\u00ebtij aktiviteti me kushtet m\u00eb t\u00eb mira t\u00eb mund\u00ebshme, duke hedhur iden\u00eb se si mund t\u00eb b\u00ebh\u00ebj edicioni i ardhsh\u00ebm, disi ndryshe, ndoshta n\u00eb nj\u00eb harmonizim t\u00eb plot\u00eb me artet e tjera, duke e kthyer v\u00ebrtet\u00eb n\u00eb nj\u00eb fest\u00eb artistike\u00a0 p\u00ebr t\u00eb gjith\u00eb artist\u00ebt, jo vet\u00ebm t\u00eb komunitetit.<\/p>\n<p>Ne emer te Redaksise se \u201cKuvendit\u201d kerkojme ndjese per mungesen e paqellimshme te ndonje emri, listat e te cilave u muaren nga arshiva e botuesit.<\/p>\n<p><strong>Pregaditi Paul Palushi<\/strong><\/p>\n<p><strong>Michigan, 30 Tetor 2017<\/strong><\/p>\n<p>&nbsp;<\/p>\n<p><em><span style=\"text-decoration: underline;\"><strong>Foto nga aktiviteti:<\/strong><\/span><\/em><\/p>\n<p><em><a href=\"http:\/\/revistakuvendi.org\/wp-content\/uploads\/2017\/11\/DIT-E-LET-17.png\" rel=\"attachment wp-att-6877\"><img loading=\"lazy\" decoding=\"async\" class=\"alignleft size-medium wp-image-6877\" src=\"http:\/\/revistakuvendi.org\/wp-content\/uploads\/2017\/11\/DIT-E-LET-17-300x225.png\" alt=\"DIT E LET 17\" width=\"300\" height=\"225\" srcset=\"https:\/\/revistakuvendi.org\/wp-content\/uploads\/2017\/11\/DIT-E-LET-17-300x225.png 300w, https:\/\/revistakuvendi.org\/wp-content\/uploads\/2017\/11\/DIT-E-LET-17-768x576.png 768w, https:\/\/revistakuvendi.org\/wp-content\/uploads\/2017\/11\/DIT-E-LET-17.png 960w\" sizes=\"auto, (max-width: 300px) 100vw, 300px\" \/><\/a>Mberrin tek &#8221; KUVENDI&#8221; kengetari i legjendave e i lirikave me te bukura shqiptare, Krijuesi dhe Intelektuali ILIR SHAQIRI!Keshtu shpallim fillimin e &#8220;Diteve te Letersise &#8221; per vitin 2017!<br \/>\nFisniku dhe Artisti Fran Gjoka bashke Botuesin Pjeter Jaku do te perkushtohen qe ky aktivitet te kete ne qender te vemendjes njerezit me modest te shoqerise, krijuesit dhe dashamiret e letersise ne vecanti dhe te artit ne pergjithesi!!<\/p>\n<p><\/em><\/p>\n<p><em><a href=\"http:\/\/revistakuvendi.org\/wp-content\/uploads\/2017\/11\/DIT-E-LET-17-1-1.png\" rel=\"attachment wp-att-6876\"><img loading=\"lazy\" decoding=\"async\" class=\"alignleft size-medium wp-image-6876\" src=\"http:\/\/revistakuvendi.org\/wp-content\/uploads\/2017\/11\/DIT-E-LET-17-1-1-300x225.png\" alt=\"DIT E LET 17 1\" width=\"300\" height=\"225\" srcset=\"https:\/\/revistakuvendi.org\/wp-content\/uploads\/2017\/11\/DIT-E-LET-17-1-1-300x225.png 300w, https:\/\/revistakuvendi.org\/wp-content\/uploads\/2017\/11\/DIT-E-LET-17-1-1-768x576.png 768w, https:\/\/revistakuvendi.org\/wp-content\/uploads\/2017\/11\/DIT-E-LET-17-1-1.png 960w\" sizes=\"auto, (max-width: 300px) 100vw, 300px\" \/><\/a>Te Kafe Kuvendi ne ministudion e Pjeter Frrokut-Lala<\/em><\/p>\n<p><em>Foto kujtimi nga mbr\u00ebmja e tret\u00eb e mbylljes s\u00eb Aktivitetit t\u00eb r\u00ebnd\u00ebsish\u00ebm Kulturor Letrar:<\/em><em><br \/>\n&#8220;Dit\u00ebt e Let\u00ebrsis\u00eb Shqipe n\u00eb SH. B. A.&#8221; Edicioni i 16-t\u00eb. Detroit, Michigan, Tetor 2017<br \/>\nMbr\u00ebmja e mbylljes s\u00eb aktivitetit u mbajt n\u00eb Restorantin luksoz buz\u00eb liqenit: &#8220;Johnny&#8217;s Grill&#8221;,\u00a0\u00a0\u00a0\u00a0\u00a0\u00a0\u00a0\u00a0\u00a0\u00a0\u00a0\u00a0\u00a0\u00a0\u00a0\u00a0\u00a0\u00a0\u00a0\u00a0\u00a0\u00a0\u00a0\u00a0\u00a0\u00a0\u00a0\u00a0\u00a0\u00a0\u00a0\u00a0\u00a0\u00a0\u00a0\u00a0\u00a0\u00a0\u00a0\u00a0\u00a0\u00a0\u00a0\u00a0\u00a0\u00a0\u00a0\u00a0\u00a0\u00a0\u00a0\u00a0\u00a0\u00a0\u00a0\u00a0\u00a0\u00a0\u00a0\u00a0\u00a0\u00a0\u00a0\u00a0\u00a0\u00a0\u00a0\u00a0\u00a0\u00a0\u00a0\u00a0\u00a0\u00a0\u00a0\u00a0\u00a0\u00a0\u00a0\u00a0\u00a0\u00a0\u00a0\u00a0\u00a0\u00a0\u00a0\u00a0\u00a0\u00a0\u00a0 me pronarin mikprit\u00ebs, Marash Nucullaj, ne Belleville, Michigan<\/em><a href=\"http:\/\/revistakuvendi.org\/wp-content\/uploads\/2017\/11\/DIT-E-LET-17-2.png\" rel=\"attachment wp-att-6875\"><img loading=\"lazy\" decoding=\"async\" class=\"alignleft size-medium wp-image-6875\" src=\"http:\/\/revistakuvendi.org\/wp-content\/uploads\/2017\/11\/DIT-E-LET-17-2-300x156.png\" alt=\"DIT E LET 17 2\" width=\"300\" height=\"156\" srcset=\"https:\/\/revistakuvendi.org\/wp-content\/uploads\/2017\/11\/DIT-E-LET-17-2-300x156.png 300w, https:\/\/revistakuvendi.org\/wp-content\/uploads\/2017\/11\/DIT-E-LET-17-2-768x398.png 768w, https:\/\/revistakuvendi.org\/wp-content\/uploads\/2017\/11\/DIT-E-LET-17-2-1024x531.png 1024w, https:\/\/revistakuvendi.org\/wp-content\/uploads\/2017\/11\/DIT-E-LET-17-2.png 1440w\" sizes=\"auto, (max-width: 300px) 100vw, 300px\" \/><\/a><\/p>\n<p><em><a href=\"http:\/\/revistakuvendi.org\/wp-content\/uploads\/2017\/11\/DIT-E-LET-17-3.png\" rel=\"attachment wp-att-6874\"><img loading=\"lazy\" decoding=\"async\" class=\"alignleft size-medium wp-image-6874\" src=\"http:\/\/revistakuvendi.org\/wp-content\/uploads\/2017\/11\/DIT-E-LET-17-3-225x300.png\" alt=\"DIT E LET 17-3\" width=\"225\" height=\"300\" srcset=\"https:\/\/revistakuvendi.org\/wp-content\/uploads\/2017\/11\/DIT-E-LET-17-3-225x300.png 225w, https:\/\/revistakuvendi.org\/wp-content\/uploads\/2017\/11\/DIT-E-LET-17-3.png 720w\" sizes=\"auto, (max-width: 225px) 100vw, 225px\" \/><\/a>Vleresim dinjitoz nga Keshilli botues i revistes Kuvendi ne Ditet e Letersise Shqipe 2017, Detroit Michigan SHBA, \u00a0\u00a0\u00a0\u00a0\u00a0\u00a0\u00a0\u00a0\u00a0\u00a0\u00a0\u00a0\u00a0\u00a0\u00a0\u00a0\u00a0\u00a0\u00a0\u00a0\u00a0\u00a0\u00a0\u00a0\u00a0\u00a0\u00a0\u00a0\u00a0\u00a0\u00a0\u00a0\u00a0\u00a0\u00a0\u00a0\u00a0\u00a0\u00a0\u00a0\u00a0\u00a0\u00a0\u00a0\u00a0\u00a0\u00a0\u00a0\u00a0\u00a0\u00a0\u00a0\u00a0\u00a0\u00a0\u00a0me Certefikate\u00a0Mirenjohje &#8211; per Artistin e Shquar, kengetarin dhe shkrimtarin nga Prishtina Ilir Shaqiri \u00a0\u00a0\u00a0\u00a0\u00a0\u00a0\u00a0\u00a0\u00a0\u00a0\u00a0\u00a0\u00a0\u00a0\u00a0\u00a0\u00a0\u00a0\u00a0\u00a0\u00a0\u00a0\u00a0\u00a0\u00a0\u00a0\u00a0\u00a0\u00a0\u00a0\u00a0\u00a0\u00a0\u00a0\u00a0\u00a0\u00a0\u00a0\u00a0\u00a0\u00a0\u00a0\u00a0\u00a0\u00a0\u00a0\u00a0\u00a0\u00a0\u00a0\u00a0\u00a0\u00a0\u00a0\u00a0\u00a0\u00a0\u00a0\u00a0\u00a0\u00a0\u00a0\u00a0\u00a0\u00a0\u00a0\u00a0\u00a0\u00a0\u00a0\u00a0\u00a0\u00a0\u00a0dhe shkrimtaren e publicisten Raimonda Moisiu!<\/em><\/p>\n<p><em><a href=\"http:\/\/revistakuvendi.org\/wp-content\/uploads\/2017\/11\/DIT-E-LET-17-4.png\" rel=\"attachment wp-att-6873\"><img loading=\"lazy\" decoding=\"async\" class=\"alignleft size-medium wp-image-6873\" src=\"http:\/\/revistakuvendi.org\/wp-content\/uploads\/2017\/11\/DIT-E-LET-17-4-300x225.png\" alt=\"DIT E LET 17-4\" width=\"300\" height=\"225\" srcset=\"https:\/\/revistakuvendi.org\/wp-content\/uploads\/2017\/11\/DIT-E-LET-17-4-300x225.png 300w, https:\/\/revistakuvendi.org\/wp-content\/uploads\/2017\/11\/DIT-E-LET-17-4-768x576.png 768w, https:\/\/revistakuvendi.org\/wp-content\/uploads\/2017\/11\/DIT-E-LET-17-4-1024x768.png 1024w, https:\/\/revistakuvendi.org\/wp-content\/uploads\/2017\/11\/DIT-E-LET-17-4.png 2048w\" sizes=\"auto, (max-width: 300px) 100vw, 300px\" \/><\/a>Ditet e Letersise Shqipe, Michigan 2017, per te 16-in vit me radhe filluan dje ne ambientet e Restorantit Wiglies Frank\u2019s Meat &amp; Grill, ne Easter Market dhe vazhdojne ne ambientet e Kuvendi. Marrin pjese shkrimtare, poete, publiciste, historiane ,kengetare artiste te nderuar e te mirenjohur, bisnesmene dhe filantropiste, qe jetojne e punojne ne Metro-Detroit, Michigan, e ne shtete te tjera te Shteteve te Bashkuara, dhe nga Toka Meme Shqiperia, Kosova e Malesia.<br \/>\nOrganizatori, botuesi i \u201cRevistaKuvendi\u201d Detroit, shkrimtari e publicisti Pjeter Jaku dhe stafi qe ai drejton me inteligjence e profesionalizem te perkushtuar ne mbarevajtjen dhe organizimin e aktivitetit, qe nen Diten e Pare e Festes amerikane te Letersise Shqipe, Michigan 2017 dhe ne vazhdim sot ne diten e dyte. Me interes te vecante respect, nderim e dashuru eshte pjesemarrja ne kete even e Artistit te Shquar kengetarit dhe shkrimtarit Ilir Shaqiri nga Kosova<\/em><\/p>\n<p><em><a href=\"http:\/\/revistakuvendi.org\/wp-content\/uploads\/2017\/11\/DIT-E-LET-17-5.png\" rel=\"attachment wp-att-6872\"><img loading=\"lazy\" decoding=\"async\" class=\"alignleft size-medium wp-image-6872\" src=\"http:\/\/revistakuvendi.org\/wp-content\/uploads\/2017\/11\/DIT-E-LET-17-5-300x276.png\" alt=\"DIT E LET 17 5\" width=\"300\" height=\"276\" srcset=\"https:\/\/revistakuvendi.org\/wp-content\/uploads\/2017\/11\/DIT-E-LET-17-5-300x276.png 300w, https:\/\/revistakuvendi.org\/wp-content\/uploads\/2017\/11\/DIT-E-LET-17-5-768x706.png 768w, https:\/\/revistakuvendi.org\/wp-content\/uploads\/2017\/11\/DIT-E-LET-17-5.png 960w\" sizes=\"auto, (max-width: 300px) 100vw, 300px\" \/><\/a>Certefikata per Autoren Irma Kurti, Itali Per Poezi Cmimi \u201cMigjeni\u201d<\/em><\/p>\n<p><em><a href=\"http:\/\/revistakuvendi.org\/wp-content\/uploads\/2017\/11\/DIT-E-LET-17-6.png\" rel=\"attachment wp-att-6871\"><img loading=\"lazy\" decoding=\"async\" class=\"alignleft size-medium wp-image-6871\" src=\"http:\/\/revistakuvendi.org\/wp-content\/uploads\/2017\/11\/DIT-E-LET-17-6-225x300.png\" alt=\"DIT E LET 17 6\" width=\"225\" height=\"300\" srcset=\"https:\/\/revistakuvendi.org\/wp-content\/uploads\/2017\/11\/DIT-E-LET-17-6-225x300.png 225w, https:\/\/revistakuvendi.org\/wp-content\/uploads\/2017\/11\/DIT-E-LET-17-6.png 720w\" sizes=\"auto, (max-width: 225px) 100vw, 225px\" \/><\/a>Shqiptaria kot krenohet se ka ndonje poet, disa poet, a plot poet! Kur ne fakt shqiptaret jane i vetmi komb, po po komb, qe asht komb poetesh! Mjafton t&#8217;i nigjosh me vemendje, qe jo vetem ta besosh nje gje te tille, por bash te trandesh e te t&#8217;vije me u krenu deri ne qiell!<\/em><em><br \/>\nPo citoj nje POEZi, pse jo nje nder ma te bukurat qe percolli Malsori i mrekullueshem Marash Nucullaj:<br \/>\n&#8230;<br \/>\nShqiptarit ,<br \/>\nI ndodh e vazhdon .<br \/>\nNe dasma e gezime<br \/>\nprap jemi la n&#8217;lot!<br \/>\nPrejse ne dasem perhere ka mungue<br \/>\nNjai vlla qe s&#8217;mujti me u kthye!<br \/>\nNe gjame e ne humbje,<br \/>\nkemi qesh e jena gezue<br \/>\nprej se iu dasht me ardhe,<br \/>\nani se ne mort,<br \/>\nNjatij djalit<br \/>\nprej mergimit t&#8217;larget e te gjate!<br \/>\n&#8230;<br \/>\nM&#8217;erdh marre per vargjet e mija!<\/em><\/p>\n<p><em>Postuar nga Elinda Marku<\/em><\/p>\n<p>&nbsp;<\/p>\n<p><a href=\"http:\/\/revistakuvendi.org\/wp-content\/uploads\/2017\/11\/DIT-E-LET-17-7.png\" rel=\"attachment wp-att-6870\"><img loading=\"lazy\" decoding=\"async\" class=\"alignleft size-medium wp-image-6870\" src=\"http:\/\/revistakuvendi.org\/wp-content\/uploads\/2017\/11\/DIT-E-LET-17-7-225x300.png\" alt=\"DIT E LET 17 7\" width=\"225\" height=\"300\" srcset=\"https:\/\/revistakuvendi.org\/wp-content\/uploads\/2017\/11\/DIT-E-LET-17-7-225x300.png 225w, https:\/\/revistakuvendi.org\/wp-content\/uploads\/2017\/11\/DIT-E-LET-17-7.png 720w\" sizes=\"auto, (max-width: 225px) 100vw, 225px\" \/><\/a>Marash Nucullaj, Ilir Shaqiri dhe Ded Nucullaj<\/p>\n<p>&nbsp;<\/p>\n<p><a href=\"http:\/\/revistakuvendi.org\/wp-content\/uploads\/2017\/11\/DIT-E-LET-17-8.png\" rel=\"attachment wp-att-6869\"><img loading=\"lazy\" decoding=\"async\" class=\"alignleft size-medium wp-image-6869\" src=\"http:\/\/revistakuvendi.org\/wp-content\/uploads\/2017\/11\/DIT-E-LET-17-8-271x300.png\" alt=\"DIT E LET 17 8\" width=\"271\" height=\"300\" srcset=\"https:\/\/revistakuvendi.org\/wp-content\/uploads\/2017\/11\/DIT-E-LET-17-8-271x300.png 271w, https:\/\/revistakuvendi.org\/wp-content\/uploads\/2017\/11\/DIT-E-LET-17-8-768x850.png 768w, https:\/\/revistakuvendi.org\/wp-content\/uploads\/2017\/11\/DIT-E-LET-17-8.png 867w\" sizes=\"auto, (max-width: 271px) 100vw, 271px\" \/><\/a><\/p>\n<p>Ilir Shaqiri, Elinda marku dhe fran Gjoka<\/p>\n","protected":false},"excerpt":{"rendered":"<p>Edhe k\u00ebt\u00eb vit n\u00ebn p\u00ebrkujdesjen p\u00ebrsonale t\u00ebe Autorit dhe Botuesit t\u00eb Revistes Kuvendi, zotit Pjeter Jaku u b\u00eb e mundur e nuk u prish Tradita q\u00eb p\u00ebr t\u00eb 16-ten vit radhazi te realizoheshin \u201cDit\u00ebt e Let\u00ebrsis\u00eb Shqipe\u201d n\u00eb<\/p>\n","protected":false},"author":1,"featured_media":6868,"comment_status":"open","ping_status":"open","sticky":false,"template":"","format":"standard","meta":{"footnotes":""},"categories":[5],"tags":[],"class_list":["post-6867","post","type-post","status-publish","format-standard","has-post-thumbnail","hentry","category-letersi"],"_links":{"self":[{"href":"https:\/\/revistakuvendi.org\/index.php?rest_route=\/wp\/v2\/posts\/6867","targetHints":{"allow":["GET"]}}],"collection":[{"href":"https:\/\/revistakuvendi.org\/index.php?rest_route=\/wp\/v2\/posts"}],"about":[{"href":"https:\/\/revistakuvendi.org\/index.php?rest_route=\/wp\/v2\/types\/post"}],"author":[{"embeddable":true,"href":"https:\/\/revistakuvendi.org\/index.php?rest_route=\/wp\/v2\/users\/1"}],"replies":[{"embeddable":true,"href":"https:\/\/revistakuvendi.org\/index.php?rest_route=%2Fwp%2Fv2%2Fcomments&post=6867"}],"version-history":[{"count":1,"href":"https:\/\/revistakuvendi.org\/index.php?rest_route=\/wp\/v2\/posts\/6867\/revisions"}],"predecessor-version":[{"id":6878,"href":"https:\/\/revistakuvendi.org\/index.php?rest_route=\/wp\/v2\/posts\/6867\/revisions\/6878"}],"wp:featuredmedia":[{"embeddable":true,"href":"https:\/\/revistakuvendi.org\/index.php?rest_route=\/wp\/v2\/media\/6868"}],"wp:attachment":[{"href":"https:\/\/revistakuvendi.org\/index.php?rest_route=%2Fwp%2Fv2%2Fmedia&parent=6867"}],"wp:term":[{"taxonomy":"category","embeddable":true,"href":"https:\/\/revistakuvendi.org\/index.php?rest_route=%2Fwp%2Fv2%2Fcategories&post=6867"},{"taxonomy":"post_tag","embeddable":true,"href":"https:\/\/revistakuvendi.org\/index.php?rest_route=%2Fwp%2Fv2%2Ftags&post=6867"}],"curies":[{"name":"wp","href":"https:\/\/api.w.org\/{rel}","templated":true}]}}