{"id":6864,"date":"2017-10-30T13:04:24","date_gmt":"2017-10-30T13:04:24","guid":{"rendered":"http:\/\/revistakuvendi.org\/?p=6864"},"modified":"2017-10-30T13:04:24","modified_gmt":"2017-10-30T13:04:24","slug":"vleresimet-e-jurise-se-revistes-kuvendi-per-konkursin-e-vitit-2017","status":"publish","type":"post","link":"https:\/\/revistakuvendi.org\/?p=6864","title":{"rendered":"Vleresimet e Jurise se Revistes \u201cKuvendi\u201d per Konkursin e vitit 2017"},"content":{"rendered":"<p><strong><a href=\"http:\/\/revistakuvendi.org\/wp-content\/uploads\/2017\/10\/pena-tregon.jpg\" rel=\"attachment wp-att-6865\"><img loading=\"lazy\" decoding=\"async\" class=\"alignleft size-medium wp-image-6865\" src=\"http:\/\/revistakuvendi.org\/wp-content\/uploads\/2017\/10\/pena-tregon-233x300.jpg\" alt=\"pena-tregon\" width=\"233\" height=\"300\" \/><\/a>Vleresimet e Jurise se Revistes \u201cKuvendi\u201d per Konkursin e vitit 2017 \u00a0<\/strong><\/p>\n<p><strong>\u00a0<\/strong><\/p>\n<p><strong><u>Me \u201cMirenjohje\u201d nderohen:<\/u><\/strong><\/p>\n<p><strong>Ilir Shaqiri<\/strong><\/p>\n<p><strong>Raimonda Moisiu<\/strong><\/p>\n<p><strong>Gezim Basha<\/strong><\/p>\n<p><strong>Albina Palushi<\/strong><!--more--><\/p>\n<p><strong>\u00a0<\/strong><\/p>\n<p><strong><u>\u00c7mimet per krijimtarine dhe bashk\u00ebpunimin me Revisten \u201cKuvendi\u201d<\/u><\/strong><\/p>\n<p><strong>\u00a0<\/strong><\/p>\n<p><strong>\u00c7mim Special i jepet\u00a0 Enkelejda Kondi, Franc\u00eb<\/strong><\/p>\n<p><strong>\u00c7mimi i par\u00eb n\u00eb poezi i jepet Irma Kurti, Itali<\/strong><\/p>\n<p><strong>\u00c7mimi \u201c Gjergj Fishta\u201d i jepet poetit nga Kosova, Xhevat Latifi<\/strong><\/p>\n<p><strong>\u00c7mimi \u201c Migjeni\u201d, poetes nga New Yorku, Adelina Dardha<\/strong><\/p>\n<p><strong>\u00c7mimi i par\u00eb n\u00eb publicistik\u00eb i jepet Inxhi Ali\u00e7kaj, Tiran\u00eb<\/strong><\/p>\n<p><strong>\u00c7mimi \u201c Faik Konica\u201d, n\u00eb publicistik\u00eb, i jepet \u00a0Armela Hysi, Greqi<\/strong><\/p>\n<p><strong>\u00c7mimi \u201c Arshi Pipa\u201d i jepet Ermira Babamusta, Boston<\/strong><\/p>\n<p><strong>\u00c7mimi \u201cBetim Mu\u00e7o\u201d , n\u00eb proz\u00eb, Vlash Filit, Filadelfia<\/strong><\/p>\n","protected":false},"excerpt":{"rendered":"<p>Vleresimet e Jurise se Revistes \u201cKuvendi\u201d per Konkursin e vitit 2017 \u00a0 \u00a0 Me \u201cMirenjohje\u201d nderohen: Ilir Shaqiri Raimonda Moisiu Gezim Basha Albina Palushi<\/p>\n","protected":false},"author":1,"featured_media":3015,"comment_status":"open","ping_status":"open","sticky":false,"template":"","format":"standard","meta":{"footnotes":""},"categories":[12],"tags":[],"class_list":["post-6864","post","type-post","status-publish","format-standard","has-post-thumbnail","hentry","category-jete-komuniteti"],"_links":{"self":[{"href":"https:\/\/revistakuvendi.org\/index.php?rest_route=\/wp\/v2\/posts\/6864","targetHints":{"allow":["GET"]}}],"collection":[{"href":"https:\/\/revistakuvendi.org\/index.php?rest_route=\/wp\/v2\/posts"}],"about":[{"href":"https:\/\/revistakuvendi.org\/index.php?rest_route=\/wp\/v2\/types\/post"}],"author":[{"embeddable":true,"href":"https:\/\/revistakuvendi.org\/index.php?rest_route=\/wp\/v2\/users\/1"}],"replies":[{"embeddable":true,"href":"https:\/\/revistakuvendi.org\/index.php?rest_route=%2Fwp%2Fv2%2Fcomments&post=6864"}],"version-history":[{"count":1,"href":"https:\/\/revistakuvendi.org\/index.php?rest_route=\/wp\/v2\/posts\/6864\/revisions"}],"predecessor-version":[{"id":6866,"href":"https:\/\/revistakuvendi.org\/index.php?rest_route=\/wp\/v2\/posts\/6864\/revisions\/6866"}],"wp:featuredmedia":[{"embeddable":true,"href":"https:\/\/revistakuvendi.org\/index.php?rest_route=\/wp\/v2\/media\/3015"}],"wp:attachment":[{"href":"https:\/\/revistakuvendi.org\/index.php?rest_route=%2Fwp%2Fv2%2Fmedia&parent=6864"}],"wp:term":[{"taxonomy":"category","embeddable":true,"href":"https:\/\/revistakuvendi.org\/index.php?rest_route=%2Fwp%2Fv2%2Fcategories&post=6864"},{"taxonomy":"post_tag","embeddable":true,"href":"https:\/\/revistakuvendi.org\/index.php?rest_route=%2Fwp%2Fv2%2Ftags&post=6864"}],"curies":[{"name":"wp","href":"https:\/\/api.w.org\/{rel}","templated":true}]}}