{"id":6812,"date":"2017-09-16T15:16:30","date_gmt":"2017-09-16T15:16:30","guid":{"rendered":"http:\/\/revistakuvendi.org\/?p=6812"},"modified":"2017-09-16T15:20:00","modified_gmt":"2017-09-16T15:20:00","slug":"vermoshi-i-turizmit-si-nje-kenge-e-re-majekrahu","status":"publish","type":"post","link":"https:\/\/revistakuvendi.org\/?p=6812","title":{"rendered":"VERMOSHI I TURIZMIT, SI NJ\u00cb K\u00cbNG\u00cb E RE MAJEKRAHU&#8230;"},"content":{"rendered":"<p><strong><a href=\"http:\/\/revistakuvendi.org\/wp-content\/uploads\/2017\/09\/VERMOSH.png\" rel=\"attachment wp-att-6813\"><img loading=\"lazy\" decoding=\"async\" class=\"alignleft size-medium wp-image-6813\" src=\"http:\/\/revistakuvendi.org\/wp-content\/uploads\/2017\/09\/VERMOSH-300x164.png\" alt=\"VERMOSH\" width=\"300\" height=\"164\" srcset=\"https:\/\/revistakuvendi.org\/wp-content\/uploads\/2017\/09\/VERMOSH-300x164.png 300w, https:\/\/revistakuvendi.org\/wp-content\/uploads\/2017\/09\/VERMOSH.png 322w\" sizes=\"auto, (max-width: 300px) 100vw, 300px\" \/><\/a>Reportazh \/ NDUE DEDAJ<\/strong><\/p>\n<p>&nbsp;<\/p>\n<p>Nga skaji m\u00eb i larg\u00ebt veriper\u00ebndimor i Shqip\u00ebris\u00eb lajmi \u00ebsht\u00eb se Vermoshi tashm\u00eb \u00ebsht\u00eb nj\u00ebri nga destinacionet e reja turistike alpine q\u00eb iu shtua q\u00eb k\u00ebt\u00eb vit Valbon\u00ebs, <!--more-->Thethit, Razm\u00ebs dhe Gryk\u00ebs s\u00eb Rugov\u00ebs, t\u00eb gjitha porta hyr\u00ebse p\u00ebr n\u00eb Alpe. Me rrug\u00ebn e re Vermoshi nuk \u00ebsht\u00eb si n\u00eb legjenda n\u00ebnt\u00eb dit\u00eb e net larg nga Shkodra, por m\u00eb pak se dy or\u00eb me makin\u00eb nga Rozafa. Dikur autobusi q\u00eb vinte dy her\u00eb n\u00eb jav\u00eb e b\u00ebnte gjith\u00eb dit\u00ebn nj\u00ebr\u00ebn fille rrug\u00eb, bregut shk\u00ebmbor t\u00eb Cemit e Gropave t\u00eb Selc\u00ebs. Rruga e re i ka sjell\u00eb dhe Plav\u00ebn e Gucin\u00eb m\u00eb pran\u00eb. Ato do t\u00eb jen\u00eb dhe m\u00eb shum\u00eb \u201cshqiptare\u201d se deri tash, pasi asfalti do t\u00eb \u00e7oj\u00eb atje grupe kulturore, abetare, koncerte, ekspozita, panaire, investime n\u00eb infrastruktur\u00eb, turiz\u00ebm etj.<\/p>\n<p><a href=\"http:\/\/revistakuvendi.org\/wp-content\/uploads\/2017\/09\/VERMOSH1.png\" rel=\"attachment wp-att-6814\"><img loading=\"lazy\" decoding=\"async\" class=\"alignleft size-medium wp-image-6814\" src=\"http:\/\/revistakuvendi.org\/wp-content\/uploads\/2017\/09\/VERMOSH1-300x181.png\" alt=\"VERMOSH1\" width=\"300\" height=\"181\" srcset=\"https:\/\/revistakuvendi.org\/wp-content\/uploads\/2017\/09\/VERMOSH1-300x181.png 300w, https:\/\/revistakuvendi.org\/wp-content\/uploads\/2017\/09\/VERMOSH1.png 427w\" sizes=\"auto, (max-width: 300px) 100vw, 300px\" \/><\/a><\/p>\n<p>Vermoshi 1060 metra mbi nivelin e detit \u00ebsht\u00eb si nj\u00eb paradhom\u00eb p\u00ebr t\u2019u ngjitur n\u00eb majat e larta t\u00eb Alpeve. Maja e Marlul\u00ebs \u00ebsht\u00eb kuota m\u00eb e lart\u00eb e Vermoshit bashk\u00eb me Skrobotush\u00ebn e djeshme t\u00eb sharr\u00ebtar\u00ebve. Ende jan\u00eb n\u00eb k\u00ebmb\u00eb, pa dyer e dritare, godinat e sekorit t\u00eb shfryt\u00ebzimit pyjor. Aty ku pylli nuk ka qen\u00eb prer\u00eb, shpalos nj\u00eb pamje fantastike plot bim\u00ebsi e gjelb\u00ebrim, duke t\u00eb shkaktuar nj\u00eb si ndjesi hyjnore. Nj\u00ebri nga banor\u00ebt na tregon se faqja e malit tej lumit \u00ebsht\u00eb me dru \u00e7etine, q\u00eb e hasim qysh n\u00eb Eposin e Krshnik\u00ebve, teksa k\u00ebndej ka dhe vajza me emrin e bukur \u00c7etin\u00eb. Na t\u00ebrheq gjithashtu v\u00ebmendjen nj\u00eb toponim i \u00e7uditsh\u00ebm, \u201cKulla e Mbretit\u201d n\u00eb nj\u00eb shpatnaj\u00eb t\u00eb veshur me drur\u00eb n\u00eb brezin kufitar me Malin e Zi, n\u00eb t\u00eb v\u00ebrtet\u00eb me vise shqiptare p\u00ebrtej kufirit shtet\u00ebror. Nuk e dim\u00eb se cili nga mbret\u00ebrit pati veruar atje? Ndoshta aty jan\u00eb dhe rr\u00ebnojat e asaj kulle, q\u00eb me siguri kan\u00eb p\u00ebr ta zbuluar turist\u00ebt e nes\u00ebrm.<\/p>\n<p>Lugina e Vermoshit \u00ebsht\u00eb dhjet\u00eb kilometra e gjat\u00eb dhe lumi q\u00eb rrjedh n\u00eb krah t\u00eb kund\u00ebrt e derdhet n\u00eb liqenin e Plav\u00ebs, gjat\u00eb ver\u00ebs i ngjet nj\u00eb p\u00ebrroi t\u00eb that\u00eb. Vermoshi p\u00ebrb\u00ebhet nga pes\u00eb lagje, Velipoj\u00eb, Maliaj, Pjetraj (qendra), Bashkim dhe Velan. Ai ka \u201chumbur\u201d jo pak banor\u00ebt, por jo tradit\u00ebn e vet. Njer\u00ebzit k\u00ebtu nuk e kan\u00eb vdar\u00eb virtytin e mikpritjes q\u00eb shihet q\u00eb nga p\u00ebrsh\u00ebndetja gjith\u00eb stim\u00eb e vendasve si t\u00eb jesh i njohur i tyre. Ky \u00ebsht\u00eb dhe nj\u00eb tregues se bujtinat e para q\u00eb kan\u00eb nisur t\u00eb marrin jet\u00eb do t\u00eb jen\u00eb t\u00eb frekuentuara dhe nga mir\u00ebsia e atyre q\u00eb sh\u00ebrbejn\u00eb. Jan\u00eb ngritur pes\u00eb bujtina deri tani dhe po hedh shtat nj\u00eb hotel turistik 5-6 kat\u00ebsh. Bujtinat kan\u00eb filluar t\u00eb ken\u00eb pun\u00eb q\u00eb tani dhe vendasit po ia marrin dor\u00ebn k\u00ebsaj \u201czeje\u201d t\u00eb re mes pishash, ahesh e meshteknash mrekulluese.<\/p>\n<p>N\u00eb qend\u00ebr t\u00eb Vermoshit takojm\u00eb nj\u00eb grup grash nga Tirana. Nj\u00ebra prej tyre, m\u00ebsuese n\u00eb pension, thot\u00eb se kam ardhur k\u00ebtu nga Durr\u00ebsi n\u00eb vitin 1968 si gjimnaziste vullnetare, kur po hapej me aksion rruga e Mal\u00ebsis\u00eb s\u00eb Madhe dhe at\u00ebher\u00eb m\u2019u duk se kisha dal\u00eb jasht\u00eb shtetit.<\/p>\n<p><a href=\"http:\/\/revistakuvendi.org\/wp-content\/uploads\/2017\/09\/VERMOSH3.png\" rel=\"attachment wp-att-6815\"><img loading=\"lazy\" decoding=\"async\" class=\"alignleft size-medium wp-image-6815\" src=\"http:\/\/revistakuvendi.org\/wp-content\/uploads\/2017\/09\/VERMOSH3-300x182.png\" alt=\"VERMOSH3\" width=\"300\" height=\"182\" srcset=\"https:\/\/revistakuvendi.org\/wp-content\/uploads\/2017\/09\/VERMOSH3-300x182.png 300w, https:\/\/revistakuvendi.org\/wp-content\/uploads\/2017\/09\/VERMOSH3.png 403w\" sizes=\"auto, (max-width: 300px) 100vw, 300px\" \/><\/a><\/p>\n<p>Nuk mund t\u00eb shkosh n\u00eb Vermosh e t\u00eb mos ndalesh te sht\u00ebpia e Prek\u00eb Calit diku n\u00eb zall. N\u00eb mediumet e Tiran\u00ebs flitet sot e gjith\u00eb dit\u00ebt p\u00ebr b\u00ebmat e t\u00eb gjall\u00ebve, por pak kush e di se cili ka qen\u00eb ky burr\u00eb, me plot goj\u00ebn legjendar, n\u00eb dash krahasoje me Gjeto Basho Mujin, n\u00eb dash me Oso Kuk\u00ebn, n\u00eb dash me Ali Pash\u00eb Gucin\u00eb. Ishte ai me luft\u00ebtar\u00ebt e tij, pa kufiri serbo-malazes u ndal pa zbritur n\u00eb Tamar\u00eb a Koplik. Dhe si \u201cshp\u00ebrblim\u201d, ky atdhetar i madh u pushkatua pas Luft\u00ebs s\u00eb Dyt\u00eb dhe iu p\u00ebrdhos sht\u00ebpia, n\u00eb vij\u00ebn e par\u00eb t\u00eb kufirit. Nj\u00eb histori ende e pashkruar dhe e l\u00ebn\u00eb n\u00eb harres\u00eb dhe nga historiografita zyrtare e k\u00ebsaj kohe. Gjomarkajt, Previz\u00ebt, Kalosh\u00ebt, Muharrem Bajraktari, Prek Cali nuk mund t\u00eb ishin komunist\u00eb, por ishin komb\u00ebtar\u00eb, bij\u00eb t\u00eb flamurit. Duheshin shformuar nga regjimi komunist ato kulla t\u00eb q\u00ebndres\u00ebs shqiptare dhe zhb\u00ebr\u00eb \u201cmiti\u201d i tyre i gjall\u00eb q\u00eb kishte frymuar atyre kreshtave epike. Kulla e Calit ka filluar t\u00eb rind\u00ebtohet si muze, fal\u00eb kontributit t\u00eb nj\u00eb fondacioni t\u00eb ngritur n\u00eb emrin e tij nga emigrant\u00ebt e Mal\u00ebsis\u00eb s\u00eb Madhe n\u00eb Amerik\u00eb.<\/p>\n<p>Duke folur me vermoshasit, befas kujtohemi p\u00ebr nj\u00eb telefonat\u00eb, por mos u lodh, n\u00eb Vermosh nuk ka val\u00eb. Asnj\u00eb operator telefonik nuk e ka zgjatur \u201cdor\u00ebn\u201d deri atje. Dhe ky \u00ebsht\u00eb nj\u00eb problem si p\u00ebr vend\u00ebsit, ashtu dhe p\u00ebr turist\u00ebt, q\u00eb nuk ven\u00eb deri atje p\u00ebr t\u2019u izoluar. Nd\u00ebrkoh\u00eb q\u00eb t\u00eb thon\u00eb se cil\u00ebt nga udh\u00ebheq\u00ebsit nuk i kan\u00eb kaluar Leqet e Hotit, duke i p\u00ebrsh\u00ebndetur ve\u00e7 me dor\u00eb malet e Kelmendit e cil\u00ebt tash s\u00eb voni jan\u00eb ngjitur deri lart n\u00eb Vermosh. Mark Na\u00e7aj, nj\u00eb djalosh i qeshur, student p\u00ebr let\u00ebrsi n\u00eb Shkod\u00ebr, por dhe poet i ri, gjat\u00eb ver\u00ebs sh\u00ebrben n\u00eb dyqan. Kur ne e pyesim p\u00ebr holl\u00ebsi t\u00eb Vermoshit, ai sheh nga nj\u00eb grua q\u00eb \u00ebsht\u00eb ulur n\u00eb lokal dy tavolina m\u00eb tej. \u00cbsht\u00eb Gjyste Mitaj \u201cdoktoresha\u201d n\u00eb pension, q\u00eb ende vazhdon t\u2019iu sh\u00ebrbej\u00eb banor\u00ebve, me nj\u00eb pages\u00eb t\u00eb vog\u00ebl shtes\u00eb. \u201cQysh pes\u00eb vje\u00e7e m\u00eb ka lindur mendimi p\u00ebr t\u2019u b\u00ebr\u00eb mjeke\u201d, thot\u00eb gruaja q\u00eb i njeh me emra banor\u00ebt e Vermoshit prej dyzet vitesh. Kan\u00eb qen\u00eb mbi 1300 vet\u00eb n\u00eb 92-in dhe tani jan\u00eb 400, m\u00eb pak se nj\u00eb e treta. Nga 320 sht\u00ebpi gjith\u00ebsej, n\u00eb 100 nuk banon asnj\u00eb shpirt. Njer\u00ebzit kan\u00eb ikur n\u00eb Amerik\u00eb, Itali dhe m\u00eb pak n\u00eb Greqi. Nd\u00ebr t\u00eb ikurit jan\u00eb dhe f\u00ebmij\u00ebt e saj, tre djem e dy vajza. Vendi shum\u00eb i bukur, por njer\u00ebzit e braktis\u00ebn gjat\u00eb tranzicionit p\u00ebr munges\u00eb infrastrukture. Shkolla e Vermoshit ka mbetur sa nj\u00eb klas\u00eb. Nj\u00eb problem ky gjithandej n\u00eb mal\u00ebsit\u00eb shqiptare k\u00ebto dit\u00eb q\u00eb ka rifilluar shkolla.<\/p>\n<p><a href=\"http:\/\/revistakuvendi.org\/wp-content\/uploads\/2017\/09\/VERMOSH4.png\" rel=\"attachment wp-att-6816\"><img loading=\"lazy\" decoding=\"async\" class=\"alignleft size-medium wp-image-6816\" src=\"http:\/\/revistakuvendi.org\/wp-content\/uploads\/2017\/09\/VERMOSH4-300x182.png\" alt=\"VERMOSH4\" width=\"300\" height=\"182\" srcset=\"https:\/\/revistakuvendi.org\/wp-content\/uploads\/2017\/09\/VERMOSH4-300x182.png 300w, https:\/\/revistakuvendi.org\/wp-content\/uploads\/2017\/09\/VERMOSH4.png 403w\" sizes=\"auto, (max-width: 300px) 100vw, 300px\" \/><\/a><\/p>\n<p>Jan\u00eb disa shenja t\u00eb nj\u00eb vendi q\u00eb duhet t\u2019i prek\u00ebsh p\u00ebr ta kuptuar at\u00eb s\u00eb brendshmi. Gjystja thot\u00eb se e ka veshur xhublet\u00ebn n\u00ebp\u00ebr ceremoni dhe se e ka dhe sot n\u00eb sht\u00ebpi si relike. \u201cVajzat dilnin nuse me xhublet\u00eb. Duheshin 6 muaj me e p\u00ebrgatit, aq shum\u00eb pun\u00eb donte, se b\u00ebhej e gjitha me dor\u00eb n\u00eb m\u00ebnyr\u00eb artizanale\u201d. Turizmi do ta rikthej\u00eb xhublet\u00ebn dhe m\u00eb shum\u00eb n\u00eb mjediset mikprit\u00ebse apo etnokluturore. Ashtu si\u00e7 ka p\u00ebr t\u00eb gjall\u00ebruar shum\u00eb perla autentike t\u00eb folkut, si k\u00ebnga majekrahu e Mal\u00ebsis\u00eb s\u00eb Madhe, me origjin\u00eb t\u00eb hershme pagane. Nd\u00ebr studiuesit e k\u00ebsaj trash\u00ebgimie dhe zhvillimeve bashk\u00ebkohore kelmendasit, nd\u00ebr t\u00eb tjer\u00eb, p\u00ebrmendin dhe Rush Dragun, q\u00eb ka qen\u00eb kryetar i Komun\u00ebs e tash rron n\u00eb Amerik\u00eb.<\/p>\n<p>***<\/p>\n<p>Nj\u00eb kafe, nj\u00eb drek\u00eb a nj\u00eb dark\u00eb n\u00eb Tamar\u00eb, o n\u00eb vajtje o n\u00eb kthim, \u00ebsht\u00eb si nj\u00eb lloji kushti p\u00ebr t\u00eb shijuar prodhimet e Kelmendit, k\u00ebtij emri t\u00eb vjet\u00ebr q\u00eb e hasim si mbiem\u00ebr q\u00eb nga Papa Klementi i XI, te shkrimtari Ramiz Kelmendi n\u00eb Kosov\u00eb e dy Majlindat, nj\u00ebra piktore e talentuar e tjetra rekordmene nd\u00ebrkomb\u00ebtare e xhudios. Vet\u00eb Tamara \u00ebsht\u00eb nj\u00eb em\u00ebr njeriu. Ajo ishte bija e Vezirit t\u00eb Shkodr\u00ebs q\u00eb nd\u00ebrtoi nj\u00eb ur\u00eb mbi lumin dy krah\u00ebsh q\u00eb rrjedh nga Alpet. Tamara turistike \u00ebsht\u00eb nj\u00eb qend\u00ebr e urbanizuar koh\u00ebt e fundit, me pak banor\u00eb, por jo me pak turist\u00eb. Nd\u00ebrtesat e saj jan\u00eb t\u00eb veshura me gur\u00eb dekorativ\u00eb dhe tregtohen prodhimet bio t\u00eb zon\u00ebs. N\u00eb nj\u00eb dyqan shiten disa lloje rakie: molle, kumbulle, thane, rrushi, tr\u00ebndafili t\u00eb eg\u00ebr, sanze (nj\u00eb bim\u00eb rr\u00ebnjore), apo vet\u00ebm nga boronica \u00ebsht\u00eb prodhuar liker, l\u00ebng, shurup, re\u00e7el, \u00e7aji mali, sherbele, liker arre, djath i stazhionuar etj. Pa folur p\u00ebr troft\u00ebn e Cemit, mishin e qingjit dhe t\u00eb kecit q\u00eb piqet sipas tradit\u00ebs dhe \u00ebsht\u00eb tep\u00ebr i shijsh\u00ebm. Dikush ka sjell\u00eb aty p\u00ebr treg dhe disa \u201cfytyra\u201d humoristike t\u00eb gdhendura n\u00eb dru, nj\u00eb tradit\u00eb e vjet\u00ebr kjo, si dhe gdhendjet n\u00eb gur. Shkurt kelmendasi ka filluar t\u00eb mendoj\u00eb q\u00eb t\u00eb b\u00ebj\u00eb t\u00eb tregtueshme gjith\u00e7ka q\u00eb ofron natyra, gjer te manaferrat.<\/p>\n<p>Stacion tjet\u00ebr turistik \u00ebsht\u00eb Qafa e Perdelecit, ku zhvillohet prej 9 vitesh festa popullore e Logut t\u00eb Bjeshk\u00ebs dhe shpallet Mis Bjeshka, t\u00eb shtun\u00ebn e dyt\u00eb t\u00eb gushtit, nj\u00eb tradit\u00eb emancipuese q\u00eb vjen nga koh\u00ebt e hershme. \u00cbsht\u00eb rasti kur vijn\u00eb bijt\u00eb e emigruar prej shum\u00eb koh\u00ebsh n\u00eb Amerik\u00eb etj. Por ka dhe festa t\u00eb tjera lokale t\u00eb zon\u00ebs s\u00eb Alpeve q\u00eb i mbledhin bashk\u00eb her\u00eb pas here shqiptar\u00ebt e trojeve dhe t\u00eb diaspor\u00ebs. T\u00eb gjith\u00eb t\u00eb thon\u00eb se q\u00eb kur \u00ebsht\u00eb hapur rruga kan\u00eb v\u00ebrshuar turist\u00ebt. Nj\u00eb varg me turist\u00eb \u00e7ek p\u00ebrshkoninte k\u00ebt\u00eb gusht me bi\u00e7ikleta gjat\u00ebsin\u00eb e rrug\u00ebs nga L\u00ebpusha n\u00eb Hanin e Hotit. Koh\u00ebt e fundit, duke p\u00ebrshkuar k\u00ebt\u00eb rrug\u00eb, b\u00ebri nj\u00eb vizit\u00eb n\u00eb Plav\u00eb e Guci dhe ambasadori i Austris\u00eb n\u00eb Tiran\u00eb me nj\u00eb grup miqsh shkodran\u00eb. Rruga e re \u00ebsht\u00eb n\u00eb standarde, por p\u00ebr ndok\u00ebnd pjesa nga Tamara n\u00eb Vermosh vende-vende \u00ebsht\u00eb e ngusht\u00eb dhe me shum\u00eb kthesa, kur \u00ebsht\u00eb fjala p\u00ebr autobus\u00ebt turistik\u00eb.<\/p>\n<p>Gjithsesi, Vermoshi nuk \u00ebsht\u00eb m\u00eb nj\u00eb \u00ebnd\u00ebrr ekzotike, por nj\u00eb realitet i ri zhvillimor. P\u00ebr gjysm\u00eb shekulli ajo gruaja tiranase kishte ndejtur me p\u00ebrshtypjen se \u201ckishte qen\u00eb jasht\u00eb shtetit\u201d dhe n\u00eb nj\u00eb kuptim nuk e kishte patur keq, pasi Vermoshi nuk ishte i vizituesh\u00ebm, ai thjesht\u00eb iu p\u00ebrkiste kufitar\u00ebve, piramidave, krismave t\u00eb arm\u00ebve q\u00eb p\u00ebrshkonin klonin&#8230; edhe kur mbi t\u00eb kalonte ndonj\u00eb ari, ujk a dhelp\u00ebr.<\/p>\n<p>Tungjatjeta Vermosh! Atje na ke dhe vitin tjet\u00ebr&#8230; e p\u00ebrher\u00eb!<\/p>\n","protected":false},"excerpt":{"rendered":"<p>Reportazh \/ NDUE DEDAJ &nbsp; Nga skaji m\u00eb i larg\u00ebt veriper\u00ebndimor i Shqip\u00ebris\u00eb lajmi \u00ebsht\u00eb se Vermoshi tashm\u00eb \u00ebsht\u00eb nj\u00ebri nga destinacionet e reja turistike alpine q\u00eb iu shtua q\u00eb k\u00ebt\u00eb vit Valbon\u00ebs,<\/p>\n","protected":false},"author":1,"featured_media":6813,"comment_status":"open","ping_status":"open","sticky":false,"template":"","format":"standard","meta":{"footnotes":""},"categories":[12],"tags":[],"class_list":["post-6812","post","type-post","status-publish","format-standard","has-post-thumbnail","hentry","category-jete-komuniteti"],"_links":{"self":[{"href":"https:\/\/revistakuvendi.org\/index.php?rest_route=\/wp\/v2\/posts\/6812","targetHints":{"allow":["GET"]}}],"collection":[{"href":"https:\/\/revistakuvendi.org\/index.php?rest_route=\/wp\/v2\/posts"}],"about":[{"href":"https:\/\/revistakuvendi.org\/index.php?rest_route=\/wp\/v2\/types\/post"}],"author":[{"embeddable":true,"href":"https:\/\/revistakuvendi.org\/index.php?rest_route=\/wp\/v2\/users\/1"}],"replies":[{"embeddable":true,"href":"https:\/\/revistakuvendi.org\/index.php?rest_route=%2Fwp%2Fv2%2Fcomments&post=6812"}],"version-history":[{"count":2,"href":"https:\/\/revistakuvendi.org\/index.php?rest_route=\/wp\/v2\/posts\/6812\/revisions"}],"predecessor-version":[{"id":6818,"href":"https:\/\/revistakuvendi.org\/index.php?rest_route=\/wp\/v2\/posts\/6812\/revisions\/6818"}],"wp:featuredmedia":[{"embeddable":true,"href":"https:\/\/revistakuvendi.org\/index.php?rest_route=\/wp\/v2\/media\/6813"}],"wp:attachment":[{"href":"https:\/\/revistakuvendi.org\/index.php?rest_route=%2Fwp%2Fv2%2Fmedia&parent=6812"}],"wp:term":[{"taxonomy":"category","embeddable":true,"href":"https:\/\/revistakuvendi.org\/index.php?rest_route=%2Fwp%2Fv2%2Fcategories&post=6812"},{"taxonomy":"post_tag","embeddable":true,"href":"https:\/\/revistakuvendi.org\/index.php?rest_route=%2Fwp%2Fv2%2Ftags&post=6812"}],"curies":[{"name":"wp","href":"https:\/\/api.w.org\/{rel}","templated":true}]}}