{"id":6803,"date":"2017-09-13T13:32:26","date_gmt":"2017-09-13T13:32:26","guid":{"rendered":"http:\/\/revistakuvendi.org\/?p=6803"},"modified":"2017-09-13T13:32:40","modified_gmt":"2017-09-13T13:32:40","slug":"ermira-babamusta-merr-cmimin-inaugural-per-vitin-2017","status":"publish","type":"post","link":"https:\/\/revistakuvendi.org\/?p=6803","title":{"rendered":"ERMIRA BABAMUSTA MERR \u00c7MIMIN INAUGURAL P\u00cbR VITIN 2017"},"content":{"rendered":"<p class=\"xydpd8ea74fayiv3649731234msonospacing\" style=\"margin: 0in; margin-bottom: .0001pt; text-align: justify; background: white;\"><b><i><span style=\"font-size: 14.0pt; font-family: 'Helvetica','sans-serif'; color: black;\"><a href=\"http:\/\/revistakuvendi.org\/wp-content\/uploads\/2017\/09\/BABAMUSTA8.png\" rel=\"attachment wp-att-6804\"><img loading=\"lazy\" decoding=\"async\" class=\"alignleft size-full wp-image-6804\" src=\"http:\/\/revistakuvendi.org\/wp-content\/uploads\/2017\/09\/BABAMUSTA8.png\" alt=\"BABAMUSTA8\" width=\"255\" height=\"283\" \/><\/a>Bised\u00eb me intelektualen e njohur dhe e vler\u00ebsuar lart, n\u00eb diaspor\u00ebn shqiptare<\/span><\/i><\/b><\/p>\n<p class=\"xydpd8ea74fayiv3649731234msonospacing\" style=\"margin: 0in; margin-bottom: .0001pt; text-align: justify; background: white; font-variant-ligatures: normal; font-variant-caps: normal; orphans: 2; widows: 2; -webkit-text-stroke-width: 0px; text-decoration-style: initial; text-decoration-color: initial; word-spacing: 0px;\"><b><span style=\"font-size: 14.0pt; font-family: 'Helvetica','sans-serif'; color: black;\">\u00a0<\/span><\/b><\/p>\n<p class=\"xydpd8ea74fayiv3649731234msonospacing\" style=\"margin: 0in; margin-bottom: .0001pt; text-align: justify; background: white; font-variant-ligatures: normal; font-variant-caps: normal; orphans: 2; widows: 2; -webkit-text-stroke-width: 0px; text-decoration-style: initial; text-decoration-color: initial; word-spacing: 0px;\"><b><span style=\"font-size: 14.0pt; font-family: 'Helvetica','sans-serif'; color: black;\">Nga: Prof. Murat Gecaj<\/span><\/b><\/p>\n<p class=\"xydpd8ea74fayiv3649731234msonospacing\" style=\"margin: 0in; margin-bottom: .0001pt; text-align: justify; background: white; font-variant-ligatures: normal; font-variant-caps: normal; orphans: 2; widows: 2; -webkit-text-stroke-width: 0px; text-decoration-style: initial; text-decoration-color: initial; word-spacing: 0px;\"><b><span style=\"font-size: 14.0pt; font-family: 'Helvetica','sans-serif'; color: black;\">\u00a0\u00a0\u00a0\u00a0\u00a0\u00a0\u00a0\u00a0 publicist e studiues<\/span><\/b><\/p>\n<p class=\"xydpd8ea74fayiv3649731234msonospacing\" style=\"margin: 0in; margin-bottom: .0001pt; text-align: justify; background: white; font-variant-ligatures: normal; font-variant-caps: normal; orphans: 2; widows: 2; -webkit-text-stroke-width: 0px; text-decoration-style: initial; text-decoration-color: initial; word-spacing: 0px;\"><span style=\"font-size: 14.0pt; font-family: 'Helvetica','sans-serif'; color: black;\">\u00a0<\/span><\/p>\n<p class=\"xydpd8ea74fayiv3649731234msonospacing\" style=\"margin: 0in; margin-bottom: .0001pt; text-align: justify; background: white; font-variant-ligatures: normal; font-variant-caps: normal; orphans: 2; widows: 2; -webkit-text-stroke-width: 0px; text-decoration-style: initial; text-decoration-color: initial; word-spacing: 0px;\"><span style=\"font-size: 14.0pt; font-family: 'Helvetica','sans-serif'; color: black;\">\u00a0<\/span><\/p>\n<p class=\"xydpd8ea74fayiv3649731234msonospacing\" style=\"margin: 0in; margin-bottom: .0001pt; text-align: justify; background: white; font-variant-ligatures: normal; font-variant-caps: normal; orphans: 2; widows: 2; -webkit-text-stroke-width: 0px; text-decoration-style: initial; text-decoration-color: initial; word-spacing: 0px;\"><span style=\"font-size: 14.0pt; font-family: 'Helvetica','sans-serif'; color: black;\">Ermira Babamusta ka fituar \u00c7mimin Inaugural p\u00ebr vitin 2017. N\u00eb qershor 2017, Ermira Babamusta u nderua nga bordi amerikan i LIU, si nd\u00ebr 10 personat m\u00eb t\u00eb suksessh\u00ebm t\u00eb Nju Jorkut, p\u00ebr arritje t\u00eb jasht\u00ebzakonshme. Ajo \u00ebsht\u00eb shpallur \u201cGruaja e Vitit\u201d, \u201cGruaja Nd\u00ebrkomb\u00ebtare e Kurajos\u201d, nga Instituti i Paqes Kessel dhe \u201cGruaja Humanitare Nd\u00ebrkomb\u00ebtare\u201d, nga Kryetari i Mazhoranc\u00ebs s\u00eb Senatit Amerikan, Harry Reid, Kongresi Amerikan. Ka punuar drejtoresh\u00eb p\u00ebr fushat\u00ebn presidenciale t\u00eb Presidentit Obama, n\u00eb zgjedhjet e viteve 2008 e 2012; n\u00eb Departamentin e Paqes t\u00eb OKB-s\u00eb, n\u00eb Nju Jork dhe n\u00eb Kongresin Amerikan, n\u00eb Washington DC.<\/span><!--more--><\/p>\n<p class=\"xydpd8ea74fayiv3649731234msonospacing\" style=\"margin: 0in; margin-bottom: .0001pt; text-align: justify; background: white; font-variant-ligatures: normal; font-variant-caps: normal; orphans: 2; widows: 2; -webkit-text-stroke-width: 0px; text-decoration-style: initial; text-decoration-color: initial; word-spacing: 0px;\"><span style=\"font-size: 14.0pt; font-family: 'Helvetica','sans-serif'; color: black;\">\u00a0<\/span><\/p>\n<p class=\"xydpd8ea74fayiv3649731234msonospacing\" style=\"margin: 0in; margin-bottom: .0001pt; text-align: justify; background: white; font-variant-ligatures: normal; font-variant-caps: normal; orphans: 2; widows: 2; -webkit-text-stroke-width: 0px; text-decoration-style: initial; text-decoration-color: initial; word-spacing: 0px;\"><span style=\"font-size: 14.0pt; font-family: 'Helvetica','sans-serif'; color: black;\">Ermira Babamusta \u00ebsht\u00eb shqiptarja e par\u00eb, q\u00eb u nderua nga Presidenti Obama, p\u00ebr pun\u00ebn e saj t\u00eb \u00e7muar humanitare. M\u00eb 2014, ajo sh\u00ebrbeu n\u00eb programin e Sh\u00ebrbimit Komb\u00ebtar, t\u00eb Zyr\u00ebs s\u00eb Presidentit t\u00eb SHBA. Sht\u00ebpia e Bardh\u00eb e nderoi Ermira Babamust\u00ebn me vler\u00ebsimin m\u00eb t\u00eb lart\u00eb, me Medalje Ari dhe \u00c7mimin, \u201cPresident\u2019s Volunteer Service Award&#8221;.<\/span><\/p>\n<p class=\"xydpd8ea74fayiv3649731234msonospacing\" style=\"margin: 0in; margin-bottom: .0001pt; text-align: justify; background: white; font-variant-ligatures: normal; font-variant-caps: normal; orphans: 2; widows: 2; -webkit-text-stroke-width: 0px; text-decoration-style: initial; text-decoration-color: initial; word-spacing: 0px;\"><i><span style=\"font-size: 14.0pt; font-family: 'Helvetica','sans-serif'; color: black;\">\u00a0<\/span><\/i><\/p>\n<p class=\"xydpd8ea74fayiv3649731234msonospacing\" style=\"margin: 0in; margin-bottom: .0001pt; text-align: justify; background: white; font-variant-ligatures: normal; font-variant-caps: normal; orphans: 2; widows: 2; -webkit-text-stroke-width: 0px; text-decoration-style: initial; text-decoration-color: initial; word-spacing: 0px;\"><b><span style=\"font-size: 14.0pt; font-family: 'Helvetica','sans-serif'; color: black;\">\u00a0\u00a0\u00a0\u00a0\u00a0\u00a0\u00a0\u00a0\u00a0\u00a0\u00a0\u00a0\u00a0\u00a0\u00a0\u00a0\u00a0\u00a0\u00a0\u00a0\u00a0\u00a0\u00a0\u00a0\u00a0\u00a0\u00a0\u00a0\u00a0\u00a0\u00a0\u00a0\u00a0\u00a0\u00a0\u00a0\u00a0\u00a0\u00a0\u00a0\u00a0\u00a0\u00a0\u00a0\u00a0\u00a0\u00a0\u00a0\u00a0\u00a0\u00a0\u00a0 x\u00a0\u00a0 x\u00a0 x<\/span><\/b><\/p>\n<p class=\"xydpd8ea74fayiv3649731234msonospacing\" style=\"margin: 0in; margin-bottom: .0001pt; text-align: justify; background: white; font-variant-ligatures: normal; font-variant-caps: normal; orphans: 2; widows: 2; -webkit-text-stroke-width: 0px; text-decoration-style: initial; text-decoration-color: initial; word-spacing: 0px;\"><span style=\"font-size: 14.0pt; font-family: 'Helvetica','sans-serif'; color: black;\">\u00a0<\/span><\/p>\n<p class=\"xydpd8ea74fayiv3649731234msonospacing\" style=\"margin: 0in; margin-bottom: .0001pt; text-align: justify; background: white; font-variant-ligatures: normal; font-variant-caps: normal; orphans: 2; widows: 2; -webkit-text-stroke-width: 0px; text-decoration-style: initial; text-decoration-color: initial; word-spacing: 0px;\"><b><span style=\"font-size: 14.0pt; font-family: 'Helvetica','sans-serif'; color: black;\">1.\u00a0<i>P\u00ebrsh\u00ebndetje, mike Ermira dhe \u00ebsht\u00eb k\u00ebnaq\u00ebsi, q\u00eb e zhvillojm\u00eb\u00a0bashk\u00eb k\u00ebt\u00eb Bised\u00eb\u2026Me k\u00ebt\u00eb rast, sjell n\u00eb kujtes\u00eb nj\u00eb takim shum\u00eb t\u00eb bukur e mbres\u00ebl\u00ebn\u00ebs, pak vite m\u00eb par\u00eb, n\u00eb Tiran\u00eb, me prind\u00ebrit tu t\u00eb dashur e miqt\u00eb tan\u00eb t\u00eb nderuar, Neki e Suzana Babamusta. Aty, un\u00eb isha bashk\u00eb me koleg\u00ebt e mi, arsimtar\u00eb, publicist\u00eb e shkrimtar\u00eb: Viron Kona, me origjin\u00eb nga Vlora dhe Ibrahim Hajdarmataj, nga fshati i bukur Zogaj, n\u00eb Mal\u00ebsin\u00eb e Gjakov\u00ebs (Tropoj\u00eb)\u2026Nuk dua q\u00eb t\u2019i shkruaj k\u00ebtu mbresat e atij takimi t\u00eb paharruar, por gjej\u00a0rastin q\u00eb t\u2019i fal\u00ebnderoj p\u00ebr mikpritjen bujare dhe t\u2019i p\u00ebrsh\u00ebndes\u00a0p\u00ebrzem\u00ebrisht, prind\u00ebrit tu aq t\u00eb mir\u00eb dhe t\u2019u urojm\u00ebnga zemra: Sh\u00ebndet t\u00eb plot\u00eb, jet\u00ebgjat\u00ebsi, g\u00ebzime e lumturi, bashk\u00eb me ty!<\/i><\/span><\/b><\/p>\n<p class=\"xydpd8ea74fayiv3649731234msonospacing\" style=\"margin: 0in; margin-bottom: .0001pt; text-align: justify; background: white; font-variant-ligatures: normal; font-variant-caps: normal; orphans: 2; widows: 2; -webkit-text-stroke-width: 0px; text-decoration-style: initial; text-decoration-color: initial; word-spacing: 0px;\"><b><i><span style=\"font-size: 14.0pt; font-family: 'Helvetica','sans-serif'; color: black;\">\u00a0<\/span><\/i><\/b><\/p>\n<p class=\"xydpd8ea74fayiv3649731234msonospacing\" style=\"margin: 0in; margin-bottom: .0001pt; text-align: justify; background: white; font-variant-ligatures: normal; font-variant-caps: normal; orphans: 2; widows: 2; -webkit-text-stroke-width: 0px; text-decoration-style: initial; text-decoration-color: initial; word-spacing: 0px;\"><b><i><span style=\"font-size: 14.0pt; font-family: 'Helvetica','sans-serif'; color: black;\">Tani, a mund t\u00eb na tregosh di\u00e7ka p\u00ebr prejardhjen, p\u00ebr traditat atdhetare t\u00eb familjes suaj?<\/span><\/i><\/b><\/p>\n<p class=\"xydpd8ea74fayiv3649731234msonospacing\" style=\"margin: 0in; margin-bottom: .0001pt; text-align: justify; background: white; font-variant-ligatures: normal; font-variant-caps: normal; orphans: 2; widows: 2; -webkit-text-stroke-width: 0px; text-decoration-style: initial; text-decoration-color: initial; word-spacing: 0px;\"><b><i><span style=\"font-size: 14.0pt; font-family: 'Helvetica','sans-serif'; color: black;\">\u00a0<\/span><\/i><\/b><\/p>\n<p class=\"xydpd8ea74fayiv3649731234msonospacing\" style=\"margin: 0in; margin-bottom: .0001pt; text-align: justify; background: white; font-variant-ligatures: normal; font-variant-caps: normal; orphans: 2; widows: 2; -webkit-text-stroke-width: 0px; text-decoration-style: initial; text-decoration-color: initial; word-spacing: 0px;\"><b><i><span style=\"font-size: 14.0pt; font-family: 'Helvetica','sans-serif'; color: black;\">Ermira Babamusta:<\/span><\/i><\/b><span style=\"font-size: 14.0pt; font-family: 'Helvetica','sans-serif'; color: black;\">\u00a0Familja ime jan\u00eb me origjin\u00eb nga Shqip\u00ebria dhe Kosova. Si familje, kemi ruajtur lidhje diplomatike 100-vje\u00e7are, nd\u00ebrmjet Shqip\u00ebri-Amerik\u00eb-Angli, me nj\u00eb politike proamerikane dhe proangleze, p\u00ebr t\u00eb siguruar e njohur pavar\u00ebsin\u00eb e Kosov\u00ebs, p\u00ebr demokartizimin e Shqip\u00ebris\u00eb dhe p\u00ebr ta \u00e7uar sa m\u00eb p\u00ebrpara, historin\u00eb dhe kultur\u00ebn shqiptare. Bashk\u00ebpunimi i familjes Babamusta, me Amerik\u00ebn, fillon n\u00eb 1920, me hapjen e shkoll\u00ebs s\u00eb par\u00eb amerikane, n\u00eb Golem-Kavaj\u00eb. Kjo lidhje vazhdoi me pritjen madh\u00ebshtore, m\u00eb 15 mars 1992, q\u00eb familja Babamusta i b\u00ebri t\u00eb d\u00ebrguarit t\u00eb par\u00eb t\u00eb SHBA, ambasadorit amerikan William Ryerson, me t\u00eb shoqen e tij. Familja Babamusta i dhuroi ambasadorit Ryerson historikun e shkoll\u00ebs amerikane.<\/span><\/p>\n<p class=\"xydpd8ea74fayiv3649731234msonospacing\" style=\"margin: 0in; margin-bottom: .0001pt; text-align: justify; background: white; font-variant-ligatures: normal; font-variant-caps: normal; orphans: 2; widows: 2; -webkit-text-stroke-width: 0px; text-decoration-style: initial; text-decoration-color: initial; word-spacing: 0px;\"><span style=\"font-size: 14.0pt; font-family: 'Helvetica','sans-serif'; color: black;\">\u00a0<\/span><\/p>\n<p class=\"xydpd8ea74fayiv3649731234msonospacing\" style=\"margin: 0in; margin-bottom: .0001pt; text-align: justify; background: white; font-variant-ligatures: normal; font-variant-caps: normal; orphans: 2; widows: 2; -webkit-text-stroke-width: 0px; text-decoration-style: initial; text-decoration-color: initial; word-spacing: 0px;\"><span style=\"font-size: 14.0pt; font-family: 'Helvetica','sans-serif'; color: black;\">N\u00eb dhomat e miq\u00ebve t\u00eb dy fiseve, Babamusta dhe Cani, kan\u00eb pritur me bujari dhe krenari patriot\u00ebt e Kombit Shqiptar: Ismail Qemali, Bajram Curri, Avdi Bej Toptani, Aqif Pasha Elbasani, v\u00ebllez\u00ebrit Myslim dhe Shqyqyri Peza, v\u00ebllez\u00ebrit Bi\u00e7aku, Avni Rustemi, Mustafa Gjinishi, Dr. Must Cara, Hamdi Frash\u00ebri, v\u00ebllez\u00ebrit Bajram e Qamil Xhani.<\/span><\/p>\n<p class=\"xydpd8ea74fayiv3649731234msonospacing\" style=\"margin: 0in; margin-bottom: .0001pt; text-align: justify; background: white; font-variant-ligatures: normal; font-variant-caps: normal; orphans: 2; widows: 2; -webkit-text-stroke-width: 0px; text-decoration-style: initial; text-decoration-color: initial; word-spacing: 0px;\"><span style=\"font-size: 14.0pt; font-family: 'Helvetica','sans-serif'; color: black;\">\u00a0<\/span><\/p>\n<p class=\"xydpd8ea74fayiv3649731234msonospacing\" style=\"margin: 0in; margin-bottom: .0001pt; text-align: justify; background: white; font-variant-ligatures: normal; font-variant-caps: normal; orphans: 2; widows: 2; -webkit-text-stroke-width: 0px; text-decoration-style: initial; text-decoration-color: initial; word-spacing: 0px;\"><span style=\"font-size: 14.0pt; font-family: 'Helvetica','sans-serif'; color: black;\">Veprimtaria e familjes Babamusta vazhdoi me krijimin e shoqat\u00ebs Patriotike Komb\u00ebtare \u201cBajram Xhani\u201d (1992-2004), p\u00ebr t\u00eb forcuar miq\u00ebsin\u00eb shqiptare, me SHBA e Per\u00ebndimin, p\u00ebr t\u00eb mbrojtuar vlerat demokratike dhe t\u00eb persekutuarve.<\/span><\/p>\n<p class=\"xydpd8ea74fayiv3649731234msonospacing\" style=\"margin: 0in; margin-bottom: .0001pt; text-align: justify; background: white; font-variant-ligatures: normal; font-variant-caps: normal; orphans: 2; widows: 2; -webkit-text-stroke-width: 0px; text-decoration-style: initial; text-decoration-color: initial; word-spacing: 0px;\"><span style=\"font-size: 14.0pt; font-family: 'Helvetica','sans-serif'; color: black;\">\u00a0<\/span><\/p>\n<p class=\"xydpd8ea74fayiv3649731234msonospacing\" style=\"margin: 0in; margin-bottom: .0001pt; text-align: justify; background: white; font-variant-ligatures: normal; font-variant-caps: normal; orphans: 2; widows: 2; -webkit-text-stroke-width: 0px; text-decoration-style: initial; text-decoration-color: initial; word-spacing: 0px;\"><span style=\"font-size: 14.0pt; font-family: 'Helvetica','sans-serif'; color: black;\">Gjat\u00eb Luft\u00ebs \u00c7lirimtare, n\u00eb shtator 1943, prind\u00ebrit e Neki Babamust\u00ebs (Beqiri dhe Rabihane Babamusta) shp\u00ebtuan nga gestapo hitleriane 6 ushtar\u00eb dezertor\u00eb italian\u00eb dhe nj\u00eb familje rrobaqep\u00ebsish izraelite, prej 4 vet\u00ebsh. N\u00eb Kavaj\u00eb, ish-sekretari i gjyqit, Mehmet Babamusta (D\u00ebshmor i Kombit), n\u00eb bashk\u00ebpunim me p\u00ebrmbaruesin, m\u00ebsuesin patriot Mihal Lekatari (tani \u201cM\u00ebsues i merituar\u201d), arrit\u00ebn t\u00eb pajisin me pasaporta shqiptare, n\u00eb faz\u00ebn e par\u00eb 178 hebrenj.<\/span><\/p>\n<p class=\"xydpd8ea74fayiv3649731234msonospacing\" style=\"margin: 0in; margin-bottom: .0001pt; text-align: justify; background: white; font-variant-ligatures: normal; font-variant-caps: normal; orphans: 2; widows: 2; -webkit-text-stroke-width: 0px; text-decoration-style: initial; text-decoration-color: initial; word-spacing: 0px;\"><span style=\"font-size: 14.0pt; font-family: 'Helvetica','sans-serif'; color: black;\">\u00a0<\/span><\/p>\n<p class=\"xydpd8ea74fayiv3649731234msonospacing\" style=\"margin: 0in; margin-bottom: .0001pt; text-align: justify; background: white; font-variant-ligatures: normal; font-variant-caps: normal; orphans: 2; widows: 2; -webkit-text-stroke-width: 0px; text-decoration-style: initial; text-decoration-color: initial; word-spacing: 0px;\"><span style=\"font-size: 14.0pt; font-family: 'Helvetica','sans-serif'; color: black;\">Babai im, Neki Babamusta, \u201cM\u00ebsues i merituar\u201d, ka zhvilluar l\u00ebvizjen arsimore n\u00eb Shqip\u00ebrin\u00eb e Mesme dhe Kosov\u00eb. Ai u em\u00ebrua \u201cMbrojt\u00ebs Nd\u00ebrkomb\u00ebtar i Demokracis\u00eb\u201d, nga Kongresi Amerikan, p\u00ebr forcimin e lidhjeve shqiptaro-amerikane. Nd\u00ebrsa gjyshi i mamit, Kastriot Cani- \u201cHero i Popullit\u201d, u nderua nga Kongresi Amerikan, p\u00ebr bashk\u00ebpunimin me Amerik\u00ebn, p\u00ebr vendosjen e Demokracis\u00eb, n\u00ebp\u00ebrmjet \u2018Frontit t\u00eb Rezistenc\u00ebs\u201d. N\u00eb kujtim t\u00eb tij, senator\u00ebt e Kongresit Amerikan mbajt\u00ebn nj\u00eb minut\u00eb heshtje, m\u00eb 2 gusht 2004, n\u00eb Senatin Amerikan, n\u00eb Washington DC.<\/span><\/p>\n<p class=\"xydpd8ea74fayiv3649731234msonospacing\" style=\"margin: 0in; margin-bottom: .0001pt; text-align: justify; background: white; font-variant-ligatures: normal; font-variant-caps: normal; orphans: 2; widows: 2; -webkit-text-stroke-width: 0px; text-decoration-style: initial; text-decoration-color: initial; word-spacing: 0px;\"><span style=\"font-size: 14.0pt; font-family: 'Helvetica','sans-serif'; color: black;\">\u00a0<\/span><\/p>\n<p class=\"xydpd8ea74fayiv3649731234msonospacing\" style=\"margin: 0in; margin-bottom: .0001pt; text-align: justify; background: white; font-variant-ligatures: normal; font-variant-caps: normal; orphans: 2; widows: 2; -webkit-text-stroke-width: 0px; text-decoration-style: initial; text-decoration-color: initial; word-spacing: 0px;\"><b><span style=\"font-size: 14.0pt; font-family: 'Helvetica','sans-serif'; color: black;\">2.\u00a0<i>Si u p\u00ebrshtate me jet\u00ebn n\u00eb Amerik\u00eb? \u00c7far\u00eb i nevojitet njeriut, p\u00ebr t\u00eb qen\u00eb i suksessh\u00ebm n\u00eb jet\u00eb?<\/i><\/span><\/b><\/p>\n<p class=\"xydpd8ea74fayiv3649731234msonospacing\" style=\"margin: 0in; margin-bottom: .0001pt; text-align: justify; background: white; font-variant-ligatures: normal; font-variant-caps: normal; orphans: 2; widows: 2; -webkit-text-stroke-width: 0px; text-decoration-style: initial; text-decoration-color: initial; word-spacing: 0px;\"><b><i><span style=\"font-size: 14.0pt; font-family: 'Helvetica','sans-serif'; color: black;\">\u00a0<\/span><\/i><\/b><\/p>\n<p class=\"xydpd8ea74fayiv3649731234msonospacing\" style=\"margin: 0in; margin-bottom: .0001pt; text-align: justify; background: white; font-variant-ligatures: normal; font-variant-caps: normal; orphans: 2; widows: 2; -webkit-text-stroke-width: 0px; text-decoration-style: initial; text-decoration-color: initial; word-spacing: 0px;\"><b><i><span style=\"font-size: 14.0pt; font-family: 'Helvetica','sans-serif'; color: black;\">Ermira Babamusta:<\/span><\/i><\/b><span style=\"font-size: 14.0pt; font-family: 'Helvetica','sans-serif'; color: black;\">\u00a0Kjo \u00ebsht\u00eb nj\u00eb pyetje shum\u00eb interesante, sepse n\u00eb thelb trajton pyetjen, se si i p\u00ebrballon njeriu rrethanat e jet\u00ebs. N\u00eb aspektin filozofiko-psikologjik, instikti, personaliteti dhe p\u00ebrvojat e njeriut diktojn\u00eb suksesin ose humbjen. Instinkti na m\u00ebson t\u2019i shfryt\u00ebzojm\u00eb rastet e duhura n\u00eb jet\u00eb. Por, pa vullnet, k\u00ebmb\u00ebngulje dhe besim n\u00eb vet\u00ebvete, kjo mbetet vet\u00ebm nj\u00eb d\u00ebshir\u00eb. Realizimi i d\u00ebshir\u00ebs varet dhe nga personaliteti ose identiteti i njeriut. Nuk mjafton vet\u00ebm zgjedhja n\u00eb rrug\u00ebn e drejt\u00eb ose caktimi i nj\u00eb q\u00ebllimi, por duhet t\u00eb dish t\u00eb jesh i q\u00ebndruesh\u00ebm dhe i vendosur, deri n\u00eb fund. Dhe, p\u00ebrvoja n\u00eb sprova t\u00eb tilla, na jep maturi dhe forcon besimin n\u00eb vet\u00ebvete.<\/span><\/p>\n<p class=\"xydpd8ea74fayiv3649731234msonospacing\" style=\"margin: 0in; margin-bottom: .0001pt; text-align: justify; background: white; font-variant-ligatures: normal; font-variant-caps: normal; orphans: 2; widows: 2; -webkit-text-stroke-width: 0px; text-decoration-style: initial; text-decoration-color: initial; word-spacing: 0px;\"><a href=\"http:\/\/revistakuvendi.org\/wp-content\/uploads\/2017\/09\/BABAMUSTA10.png\" rel=\"attachment wp-att-6805\"><img loading=\"lazy\" decoding=\"async\" class=\"alignleft size-full wp-image-6805\" src=\"http:\/\/revistakuvendi.org\/wp-content\/uploads\/2017\/09\/BABAMUSTA10.png\" alt=\"BABAMUSTA10\" width=\"215\" height=\"258\" \/><\/a><\/p>\n<p class=\"xydpd8ea74fayiv3649731234msonospacing\" style=\"margin: 0in; margin-bottom: .0001pt; text-align: justify; background: white; font-variant-ligatures: normal; font-variant-caps: normal; orphans: 2; widows: 2; -webkit-text-stroke-width: 0px; text-decoration-style: initial; text-decoration-color: initial; word-spacing: 0px;\"><span style=\"font-size: 14.0pt; font-family: 'Helvetica','sans-serif'; color: black;\">\u00a0<\/span><\/p>\n<p class=\"xydpd8ea74fayiv3649731234msonospacing\" style=\"margin: 0in; margin-bottom: .0001pt; text-align: justify; background: white; font-variant-ligatures: normal; font-variant-caps: normal; orphans: 2; widows: 2; -webkit-text-stroke-width: 0px; text-decoration-style: initial; text-decoration-color: initial; word-spacing: 0px;\"><span style=\"font-size: 14.0pt; font-family: 'Helvetica','sans-serif'; color: black;\">Shpesh her\u00eb, ndodh q\u00eb njeriu b\u00ebhet vet\u00eb penges\u00eb e vet\u00ebvetes dhe, madje, armiku i vetes, duke dekurajuar veten, me mendime negative ose duke imagjinuar d\u00ebshtimin, n\u00eb vend t\u00eb arritjes. Kur njeriu i bazon vendimet, nga frika e di\u00e7kaje dhe jo nga mund\u00ebsia, \u201cpo n\u00ebse?\u201d (what if?), at\u00ebher\u00eb i kufizon arritjet, sipas p\u00ebrcaktimeve t\u00eb kufijve t\u00eb frik\u00ebs. Mendja \u00ebsht\u00eb forca dhe fuqia m\u00eb e madhe e njeriut, sepse aty \u00ebsht\u00eb gjeneza e konceptimit t\u00eb nj\u00eb ideali ose q\u00ebllimi. M\u00ebnyra se si e merr me mend njeriu nj\u00eb pro\u00e7es t\u00eb nj\u00eb ideje, reflekton realizimin aktual t\u00eb saj.<\/span><\/p>\n<p class=\"xydpd8ea74fayiv3649731234msonospacing\" style=\"margin: 0in; margin-bottom: .0001pt; text-align: justify; background: white; font-variant-ligatures: normal; font-variant-caps: normal; orphans: 2; widows: 2; -webkit-text-stroke-width: 0px; text-decoration-style: initial; text-decoration-color: initial; word-spacing: 0px;\"><span style=\"font-size: 14.0pt; font-family: 'Helvetica','sans-serif'; color: black;\">\u00a0<\/span><\/p>\n<p class=\"xydpd8ea74fayiv3649731234msonospacing\" style=\"margin: 0in; margin-bottom: .0001pt; text-align: justify; background: white; font-variant-ligatures: normal; font-variant-caps: normal; orphans: 2; widows: 2; -webkit-text-stroke-width: 0px; text-decoration-style: initial; text-decoration-color: initial; word-spacing: 0px;\"><span style=\"font-size: 14.0pt; font-family: 'Helvetica','sans-serif'; color: black;\">Jeta n\u00eb Amerik\u00eb \u00ebsht\u00eb e till\u00eb, q\u00eb i jep liri dhe mund\u00ebsi individit, n\u00eb m\u00ebnyr\u00eb t\u00eb barabart\u00eb q\u00eb ai t\u00eb eci p\u00ebrpara. K\u00ebshtu, mbetet n\u00eb dor\u00eb t\u00eb individit q\u00eb t\u00eb punoj\u00eb dhe t\u00eb p\u00ebrdor\u00eb mund\u00ebsit\u00eb q\u00eb i ofrohen. Shoq\u00ebria amerikane t\u00eb p\u00ebrgatit n\u00ebp\u00ebrmjet edukimit dhe pun\u00ebs, q\u00eb t\u00eb marr\u00ebsh kompetencat e duhura, n\u00eb nj\u00eb specializim, i cili t\u00eb intereson. Dhe, n\u00ebp\u00ebrmjet konkurrenc\u00ebs, nxit\u00eb dhe individin, q\u00eb t\u00eb synoj\u00eb m\u00eb lart n\u00eb vet\u00ebvete.<\/span><\/p>\n<p class=\"xydpd8ea74fayiv3649731234msonospacing\" style=\"margin: 0in; margin-bottom: .0001pt; text-align: justify; background: white; font-variant-ligatures: normal; font-variant-caps: normal; orphans: 2; widows: 2; -webkit-text-stroke-width: 0px; text-decoration-style: initial; text-decoration-color: initial; word-spacing: 0px;\"><span style=\"font-size: 14.0pt; font-family: 'Helvetica','sans-serif'; color: black;\">\u00a0<\/span><\/p>\n<p class=\"xydpd8ea74fayiv3649731234msonospacing\" style=\"margin: 0in; margin-bottom: .0001pt; text-align: justify; background: white; font-variant-ligatures: normal; font-variant-caps: normal; orphans: 2; widows: 2; -webkit-text-stroke-width: 0px; text-decoration-style: initial; text-decoration-color: initial; word-spacing: 0px;\"><span style=\"font-size: 14.0pt; font-family: 'Helvetica','sans-serif'; color: black;\">Fal\u00ebnderoj mentor\u00ebt e mi, Senatorin Tom Harkin, Kongresmenin Mark Kennedy dhe Presidentin Barack Obama, q\u00eb m\u00eb dhan\u00eb p\u00ebrvoj\u00ebn e paharruar n\u00eb diplomacin\u00eb dhe politik\u00ebn amerikane, t\u00eb cil\u00ebs un\u00eb i sh\u00ebrbej dhe e kam profesion.<\/span><\/p>\n<p class=\"xydpd8ea74fayiv3649731234msonospacing\" style=\"margin: 0in; margin-bottom: .0001pt; text-align: justify; background: white; font-variant-ligatures: normal; font-variant-caps: normal; orphans: 2; widows: 2; -webkit-text-stroke-width: 0px; text-decoration-style: initial; text-decoration-color: initial; word-spacing: 0px;\"><span style=\"font-size: 14.0pt; font-family: 'Helvetica','sans-serif'; color: black;\">\u00a0<\/span><\/p>\n<p class=\"xydpd8ea74fayiv3649731234msonospacing\" style=\"margin: 0in; margin-bottom: .0001pt; text-align: justify; background: white; font-variant-ligatures: normal; font-variant-caps: normal; orphans: 2; widows: 2; -webkit-text-stroke-width: 0px; text-decoration-style: initial; text-decoration-color: initial; word-spacing: 0px;\"><b><span style=\"font-size: 14.0pt; font-family: 'Helvetica','sans-serif'; color: black;\">3.\u00a0<i>Si i ke mbajtur lidhjet me vendlindjen e Shqip\u00ebrin\u00eb, me Kosov\u00ebn, por edhe me bashk\u00ebsin\u00eb shqiptare n\u00eb ShBA?<\/i><\/span><\/b><\/p>\n<p class=\"xydpd8ea74fayiv3649731234msonospacing\" style=\"margin: 0in; margin-bottom: .0001pt; text-align: justify; background: white; font-variant-ligatures: normal; font-variant-caps: normal; orphans: 2; widows: 2; -webkit-text-stroke-width: 0px; text-decoration-style: initial; text-decoration-color: initial; word-spacing: 0px;\"><b><i><span style=\"font-size: 14.0pt; font-family: 'Helvetica','sans-serif'; color: black;\">\u00a0<\/span><\/i><\/b><\/p>\n<p class=\"xydpd8ea74fayiv3649731234msonospacing\" style=\"margin: 0in; margin-bottom: .0001pt; text-align: justify; background: white; font-variant-ligatures: normal; font-variant-caps: normal; orphans: 2; widows: 2; -webkit-text-stroke-width: 0px; text-decoration-style: initial; text-decoration-color: initial; word-spacing: 0px;\"><b><i><span style=\"font-size: 14.0pt; font-family: 'Helvetica','sans-serif'; color: black;\">Ermira Babamusta:<\/span><\/i><\/b><span style=\"font-size: 14.0pt; font-family: 'Helvetica','sans-serif'; color: black;\">\u00a0Bashk\u00ebsia shqiptare e Nju Jorkut ruan kultur\u00ebn dhe traditat shqiptare, me pun\u00ebn e palodhur t\u00eb intelektual\u00ebve dhe shoqatave t\u00eb ndryshme si \u201cVatra\u201d dhe\u00a0\u201cZ\u00ebri i Amerik\u00ebs\u201d. Shqip\u00ebrin\u00eb e kam vizituar me rastin e 100-vjetorit t\u00eb Pavar\u00ebsis\u00eb dhe fal\u00ebnderoj Ministrin\u00eb e Kultur\u00ebs, Qendr\u00ebn Komb\u00ebtare Kinematografike n\u00eb Tiran\u00eb, t\u00eb ndjerin Artan Minarolli dhe Majlinda Tafa, p\u00ebr ftes\u00ebn dhe mikpritjen e ngroht\u00eb!<\/span><\/p>\n<p class=\"xydpd8ea74fayiv3649731234msonospacing\" style=\"margin: 0in; margin-bottom: .0001pt; text-align: justify; background: white; font-variant-ligatures: normal; font-variant-caps: normal; orphans: 2; widows: 2; -webkit-text-stroke-width: 0px; text-decoration-style: initial; text-decoration-color: initial; word-spacing: 0px;\"><span style=\"font-size: 14.0pt; font-family: 'Helvetica','sans-serif'; color: black;\">\u00a0<\/span><\/p>\n<p class=\"xydpd8ea74fayiv3649731234msonospacing\" style=\"margin: 0in; margin-bottom: .0001pt; text-align: justify; background: white; font-variant-ligatures: normal; font-variant-caps: normal; orphans: 2; widows: 2; -webkit-text-stroke-width: 0px; text-decoration-style: initial; text-decoration-color: initial; word-spacing: 0px;\"><span style=\"font-size: 14.0pt; font-family: 'Helvetica','sans-serif'; color: black;\">N\u00eb Kosov\u00eb, kam jetuar dhe punuar n\u00eb vitet 2008 dhe 2012, p\u00ebr hulumtimet shkencore t\u00eb masterit e doktoratur\u00ebs dhe misionet e OKB-s\u00eb, q\u00eb kam kryer n\u00eb Prishtin\u00eb, Mitrovic\u00eb, Pej\u00eb dhe Gjakov\u00eb.<\/span><\/p>\n<p class=\"xydpd8ea74fayiv3649731234msonospacing\" style=\"margin: 0in; margin-bottom: .0001pt; text-align: justify; background: white; font-variant-ligatures: normal; font-variant-caps: normal; orphans: 2; widows: 2; -webkit-text-stroke-width: 0px; text-decoration-style: initial; text-decoration-color: initial; word-spacing: 0px;\"><span style=\"font-size: 14.0pt; font-family: 'Helvetica','sans-serif'; color: black;\">\u00a0<\/span><\/p>\n<p class=\"xydpd8ea74fayiv3649731234msonospacing\" style=\"margin: 0in; margin-bottom: .0001pt; text-align: justify; background: white; font-variant-ligatures: normal; font-variant-caps: normal; orphans: 2; widows: 2; -webkit-text-stroke-width: 0px; text-decoration-style: initial; text-decoration-color: initial; word-spacing: 0px;\"><span style=\"font-size: 14.0pt; font-family: 'Helvetica','sans-serif'; color: black;\">Lidhjet me vendlindjen dhe origjin\u00ebn kosovare i ruaj n\u00ebp\u00ebrmjet tre platformave, q\u00eb kam zgjedhur. S\u00eb pari, n\u00eb aspektin intelektual, duke zgjedhur lidhjet shqiptaro-amerikane dhe t\u00eb drejtat e njeriut, n\u00eb fush\u00ebn e marr\u00ebdh\u00ebnieve nd\u00ebrkomb\u00ebtare dhe shkrimeve t\u00eb mia shkencore. S\u00eb dyti, n\u00eb aspektin politik, duke u p\u00ebrfshir\u00eb n\u00eb misione diplomatike-kulturore me OKB-n\u00eb dhe projekte t\u00eb tjera humanitare. Dhe, s\u00eb treti, n\u00ebp\u00ebrmjet diplomacis\u00eb kulturore n\u00eb diaspor\u00eb, me dy platformat e mia, \u201cPrishtina Press\u201d dhe \u201cNY Elite Magazine\u201d (<a href=\"http:\/\/www.nyelitemagazine.org\/\" target=\"_blank\"><span style=\"color: #196ad4;\">www.nyelitemagazine.org<\/span><\/a>), si dhe duke bashk\u00ebpunuar me komunitetin shqiptar dhe amerikan t\u00eb Nju Jorkut, n\u00eb projekte t\u00eb ndryshme artistike-kulturore.<\/span><\/p>\n<p class=\"xydpd8ea74fayiv3649731234msonospacing\" style=\"margin: 0in; margin-bottom: .0001pt; text-align: justify; background: white; font-variant-ligatures: normal; font-variant-caps: normal; orphans: 2; widows: 2; -webkit-text-stroke-width: 0px; text-decoration-style: initial; text-decoration-color: initial; word-spacing: 0px;\"><span style=\"font-size: 14.0pt; font-family: 'Helvetica','sans-serif'; color: black;\">\u00a0<\/span><\/p>\n<p class=\"xydpd8ea74fayiv3649731234msonospacing\" style=\"margin: 0in; margin-bottom: .0001pt; text-align: justify; background: white; font-variant-ligatures: normal; font-variant-caps: normal; orphans: 2; widows: 2; -webkit-text-stroke-width: 0px; text-decoration-style: initial; text-decoration-color: initial; word-spacing: 0px;\"><b><span style=\"font-size: 14.0pt; font-family: 'Helvetica','sans-serif'; color: black;\">4.\u00a0<i>Si i vazhdove studimet e specializimet, n\u00eb Amerik\u00eb a gjetk\u00eb dhe n\u00eb cil\u00ebt drejtime?<\/i><\/span><\/b><\/p>\n<p class=\"xydpd8ea74fayiv3649731234msonospacing\" style=\"margin: 0in; margin-bottom: .0001pt; text-align: justify; background: white; font-variant-ligatures: normal; font-variant-caps: normal; orphans: 2; widows: 2; -webkit-text-stroke-width: 0px; text-decoration-style: initial; text-decoration-color: initial; word-spacing: 0px;\"><b><i><span style=\"font-size: 14.0pt; font-family: 'Helvetica','sans-serif'; color: black;\">\u00a0<\/span><\/i><\/b><\/p>\n<p class=\"xydpd8ea74fayiv3649731234msonospacing\" style=\"margin: 0in; margin-bottom: .0001pt; text-align: justify; background: white; font-variant-ligatures: normal; font-variant-caps: normal; orphans: 2; widows: 2; -webkit-text-stroke-width: 0px; text-decoration-style: initial; text-decoration-color: initial; word-spacing: 0px;\"><b><i><span style=\"font-size: 14.0pt; font-family: 'Helvetica','sans-serif'; color: black;\">Ermira Babamusta:<\/span><\/i><\/b><span style=\"font-size: 14.0pt; font-family: 'Helvetica','sans-serif'; color: black;\">\u00a0Pasi mbarova vitin e tret\u00eb, te Gjuh\u00ebt e Huaja, n\u00eb Tiran\u00eb, m\u00eb doli bursa p\u00ebr studim jasht\u00eb shtetit duke fituar pik\u00ebt m\u00eb t\u00eb larta t\u00eb provimit kualifikues. Specializimet i kam kryer n\u00eb Amerik\u00eb dhe Franc\u00eb, n\u00eb deg\u00ebn Shkenca Politike dhe Marr\u00ebdh\u00ebnie Nd\u00ebrkomb\u00ebtare. T\u00eb drejt\u00ebn e studimit, n\u00eb t\u00eb gjitha gradat, e kam marr\u00eb duke fituar burs\u00ebn nga universiteti, duke qen\u00eb studente e dalluar, n\u00eb Dean\u2019s list (Lista e nderit e rektorit t\u00eb Universitetit).<\/span><\/p>\n<p class=\"xydpd8ea74fayiv3649731234msonospacing\" style=\"margin: 0in; margin-bottom: .0001pt; text-align: justify; background: white; font-variant-ligatures: normal; font-variant-caps: normal; orphans: 2; widows: 2; -webkit-text-stroke-width: 0px; text-decoration-style: initial; text-decoration-color: initial; word-spacing: 0px;\"><span style=\"font-size: 14.0pt; font-family: 'Helvetica','sans-serif'; color: black;\">\u00a0<\/span><\/p>\n<p class=\"xydpd8ea74fayiv3649731234msonospacing\" style=\"margin: 0in; margin-bottom: .0001pt; text-align: justify; background: white; font-variant-ligatures: normal; font-variant-caps: normal; orphans: 2; widows: 2; -webkit-text-stroke-width: 0px; text-decoration-style: initial; text-decoration-color: initial; word-spacing: 0px;\"><span style=\"font-size: 14.0pt; font-family: 'Helvetica','sans-serif'; color: black;\">\u00a0<b>5<i>.Tashm\u00eb, \u00ebsht\u00eb e njohur publikisht veprimtaria jote humanitare, sidomos n\u00eb mbrojtje t\u00eb femrave shqiptare, n\u00eb Shqip\u00ebri e Kosov\u00eb dhe kudo, q\u00eb ato ndodhen\u2026Cilat kan\u00eb qen\u00eb arritjet tua\u00a0m\u00eb t\u00eb dukshme, n\u00eb k\u00ebt\u00eb fush\u00eb kaq me r\u00ebnd\u00ebsi p\u00ebr Kombin ton\u00eb?<\/i><\/b><\/span><\/p>\n<p class=\"xydpd8ea74fayiv3649731234msonospacing\" style=\"margin: 0in; margin-bottom: .0001pt; text-align: justify; background: white; font-variant-ligatures: normal; font-variant-caps: normal; orphans: 2; widows: 2; -webkit-text-stroke-width: 0px; text-decoration-style: initial; text-decoration-color: initial; word-spacing: 0px;\"><i><span style=\"font-size: 14.0pt; font-family: 'Helvetica','sans-serif'; color: black;\">\u00a0<\/span><\/i><\/p>\n<p class=\"xydpd8ea74fayiv3649731234msonospacing\" style=\"margin: 0in; margin-bottom: .0001pt; text-align: justify; background: white; font-variant-ligatures: normal; font-variant-caps: normal; orphans: 2; widows: 2; -webkit-text-stroke-width: 0px; text-decoration-style: initial; text-decoration-color: initial; word-spacing: 0px;\"><b><i><span style=\"font-size: 14.0pt; font-family: 'Helvetica','sans-serif'; color: black;\">Ermira Babamusta:<\/span><\/i><\/b><span style=\"font-size: 14.0pt; font-family: 'Helvetica','sans-serif'; color: black;\">\u00a0Ish-sekretarja e Shtetit Amerikan, Hillary Clinton, me shum\u00eb t\u00eb drejt\u00eb, thot\u00eb q\u00eb t\u00eb drejtat e gruas jan\u00eb t\u00eb drejtat e njeriut. Mbrojtja e femrave n\u00ebnkupton q\u00eb strukturat shoq\u00ebrore sigurojn\u00eb barazi n\u00eb familje, n\u00eb dinamikat ekonomike, n\u00eb ligj dhe politik\u00eb. Mendoj se femrat, me intuit\u00ebn e tyre dhe shkatht\u00ebsin\u00eb e brendshme, jan\u00eb t\u00eb predisponuara p\u00ebr t\u00eb arritur sukses, n\u00eb biznes. N\u00eb politik\u00eb, roli i femr\u00ebs ka qen\u00eb kryesor n\u00eb situata konflikti, n\u00eb tematik\u00eb paqeje dhe sigurie. Kosova \u00ebsht\u00eb nj\u00eb shembull shum\u00eb i mir\u00eb, n\u00eb k\u00ebt\u00eb rast, ku grat\u00eb shqiptare kan\u00eb rritur mir\u00ebq\u00ebnien ekonomike, duke krijuar biznese n\u00eb komunitet dhe deri n\u00eb krijimin e rrjeteve nd\u00ebrkomb\u00ebtare dhe p\u00ebrfaq\u00ebsimin n\u00eb tryezat e negociatave. Gjat\u00eb pun\u00ebs time n\u00eb OKB, n\u00eb Departamentin e Paqes n\u00eb Nju Jork, kam patur rastin t\u2019i ndjek nga af\u00ebr dhe t\u00eb marr pjes\u00eb n\u00eb k\u00ebto zhvillime diplomatike.<\/span><\/p>\n<p class=\"xydpd8ea74fayiv3649731234msonospacing\" style=\"margin: 0in; margin-bottom: .0001pt; text-align: justify; background: white; font-variant-ligatures: normal; font-variant-caps: normal; orphans: 2; widows: 2; -webkit-text-stroke-width: 0px; text-decoration-style: initial; text-decoration-color: initial; word-spacing: 0px;\"><span style=\"font-size: 14.0pt; font-family: 'Helvetica','sans-serif'; color: black;\">\u00a0<\/span><\/p>\n<p class=\"xydpd8ea74fayiv3649731234msonospacing\" style=\"margin: 0in; margin-bottom: .0001pt; text-align: justify; background: white; font-variant-ligatures: normal; font-variant-caps: normal; orphans: 2; widows: 2; -webkit-text-stroke-width: 0px; text-decoration-style: initial; text-decoration-color: initial; word-spacing: 0px;\"><span style=\"font-size: 14.0pt; font-family: 'Helvetica','sans-serif'; color: black;\">M\u00eb 2016, pata nderim t\u00eb jem pjes\u00eb e librit \u201cZonjat Shqiptare n\u00eb Nju Jork\u201d, projekt i \u201cAlbanian Excellence\u201d, i cili u zhvillua n\u00ebn kujdesin e ish-Presidentit t\u00eb Republik\u00ebs, Bujar Nishani. Fal\u00ebnderoj Flora Nikoll\u00ebn, Andis Gjonin dhe \u201cAlbanian Excellence\u201d, p\u00ebr organizimin e mrekulluesh\u00ebm t\u00eb Mbr\u00ebmjes Gala, \u201cZonjat shqiptare, n\u00eb shekullin XXI\u201d, n\u00eb Nju Jork, m\u00eb 24 shtator 2016. Aty u paraqit\u00ebn histori suksesi, kushtuar zonjave shqiptare. Pata nderin dhe un\u00eb t\u00eb nderohem me \u201cTrofeun e Ekselenc\u00ebs\u201d, si nj\u00eb nga femrat e suksesshme shqiptaro-amerikane, n\u00eb diaspor\u00eb. Nd\u00ebrsa, n\u00eb qershor 2017, u nderova nga Bordi Amerikan i LIU, me \u00c7mimin Inagural \u201c10 Under 10\u201d, nj\u00eb nga femrat e Nju Jorkut me arritje t\u00eb jasht\u00ebzakonshme profesionale.<\/span><\/p>\n<p class=\"xydpd8ea74fayiv3649731234msonospacing\" style=\"margin: 0in; margin-bottom: .0001pt; text-align: justify; background: white; font-variant-ligatures: normal; font-variant-caps: normal; orphans: 2; widows: 2; -webkit-text-stroke-width: 0px; text-decoration-style: initial; text-decoration-color: initial; word-spacing: 0px;\"><span style=\"font-size: 14.0pt; font-family: 'Helvetica','sans-serif'; color: black;\">\u00a0<\/span><\/p>\n<p class=\"xydpd8ea74fayiv3649731234msonospacing\" style=\"margin: 0in; margin-bottom: .0001pt; text-align: justify; background: white; font-variant-ligatures: normal; font-variant-caps: normal; orphans: 2; widows: 2; -webkit-text-stroke-width: 0px; text-decoration-style: initial; text-decoration-color: initial; word-spacing: 0px;\"><span style=\"font-size: 14.0pt; font-family: 'Helvetica','sans-serif'; color: black;\">Nj\u00eb nga shoqatat bamir\u00ebse, q\u00eb p\u00ebrkrah n\u00eb Shqip\u00ebri, \u00ebsht\u00eb Shoqata \u201cIdeart\u00eb\u201d (<a href=\"http:\/\/www.unejamdiearte.com\/\" target=\"_blank\"><span style=\"color: #196ad4;\">www.unejamdiearte.com<\/span><\/a>), konceptuar nga Ermir Cani. Ky \u00ebsht\u00eb brezi i ri i Shqip\u00ebris\u00eb, q\u00eb ruan vlerat historike t\u00eb qytetit t\u00eb tyre t\u00eb Peqinit dhe mobilizojn\u00eb forcat vullnetare, p\u00ebr t\u00eb zhvilluar organizime humanitare, sociale dhe kulturore,\u00a0n\u00eb sh\u00ebrbim t\u00eb banor\u00ebve, qytetit dhe Shqip\u00ebris\u00eb. Disa nga veprimtarit\u00eb p\u00ebrfshij\u00eb: \u201cMaratona me bi\u00e7ikleta\u201d, \u201cBamir\u00ebsia nuk t\u00eb b\u00ebn t\u00eb varf\u00ebr\u201d, Konkursi letrar \u201cFrymoj n\u00eb let\u00ebr\u201d etj.<\/span><\/p>\n<p class=\"xydpd8ea74fayiv3649731234msonospacing\" style=\"margin: 0in; margin-bottom: .0001pt; text-align: justify; background: white; font-variant-ligatures: normal; font-variant-caps: normal; orphans: 2; widows: 2; -webkit-text-stroke-width: 0px; text-decoration-style: initial; text-decoration-color: initial; word-spacing: 0px;\"><span style=\"font-size: 14.0pt; font-family: 'Helvetica','sans-serif'; color: black;\">\u00a0<\/span><\/p>\n<p class=\"xydpd8ea74fayiv3649731234msonospacing\" style=\"margin: 0in; margin-bottom: .0001pt; text-align: justify; background: white; font-variant-ligatures: normal; font-variant-caps: normal; orphans: 2; widows: 2; -webkit-text-stroke-width: 0px; text-decoration-style: initial; text-decoration-color: initial; word-spacing: 0px;\"><b><span style=\"font-size: 14.0pt; font-family: 'Helvetica','sans-serif'; color: black;\">6.\u00a0<i>Natyrsh\u00ebm, t\u00ebr\u00eb puna jote e palodhur, atdhetare e njer\u00ebzore, \u00ebsht\u00eb nderuar dhe \u00e7muar lart\u2026Pra, cilat jan\u00eb vler\u00ebsimet kryesore, q\u00eb t\u00eb jan\u00eb b\u00ebr\u00eb, deri sot?<\/i><\/span><\/b><\/p>\n<p class=\"xydpd8ea74fayiv3649731234msonospacing\" style=\"margin: 0in; margin-bottom: .0001pt; text-align: justify; background: white; font-variant-ligatures: normal; font-variant-caps: normal; orphans: 2; widows: 2; -webkit-text-stroke-width: 0px; text-decoration-style: initial; text-decoration-color: initial; word-spacing: 0px;\"><b><i><span style=\"font-size: 14.0pt; font-family: 'Helvetica','sans-serif'; color: black;\">\u00a0<\/span><\/i><\/b><\/p>\n<p class=\"xydpd8ea74fayiv3649731234msonospacing\" style=\"margin: 0in; margin-bottom: .0001pt; text-align: justify; background: white; font-variant-ligatures: normal; font-variant-caps: normal; orphans: 2; widows: 2; -webkit-text-stroke-width: 0px; text-decoration-style: initial; text-decoration-color: initial; word-spacing: 0px;\"><b><i><span style=\"font-size: 14.0pt; font-family: 'Helvetica','sans-serif'; color: black;\">Ermira Babamusta:<\/span><\/i><\/b><span style=\"font-size: 14.0pt; font-family: 'Helvetica','sans-serif'; color: black;\">\u00a0Babai m\u00eb ka edukuar t\u00eb kuptoj se, vler\u00ebsimi m\u00eb i madh, t\u00eb cilin mund ta marr\u00ebsh n\u00eb jet\u00eb, \u00ebsht\u00eb t\u00eb qenurit Njeri. T\u00eb jesh njeri, n\u00ebnkupton t\u00eb jesh human, i vet\u00ebdijsh\u00ebm p\u00ebr p\u00ebrgjegj\u00ebsin\u00eb e madhe, q\u00eb ke ndaj nj\u00eb njeriu tjet\u00ebr, ndaj shoq\u00ebris\u00eb, ndaj mjedisit, e kafsh\u00ebve, \u00e7do gj\u00ebje p\u00ebrreth nesh. Se si e trajton veten dhe t\u00eb tjer\u00ebt \u2013 t\u00eb arrish nj\u00eb harmoni paq\u00ebsore brenda vendes, duke e reflektuar dhe me lidhjet me t\u00eb tjer\u00ebt, p\u00ebr mua, \u00ebsht\u00eb arritja m\u00eb e madhe.<\/span><\/p>\n<p class=\"xydpd8ea74fayiv3649731234msonospacing\" style=\"margin: 0in; margin-bottom: .0001pt; text-align: justify; background: white; font-variant-ligatures: normal; font-variant-caps: normal; orphans: 2; widows: 2; -webkit-text-stroke-width: 0px; text-decoration-style: initial; text-decoration-color: initial; word-spacing: 0px;\"><span style=\"font-size: 14.0pt; font-family: 'Helvetica','sans-serif'; color: black;\">\u00a0<\/span><\/p>\n<p class=\"xydpd8ea74fayiv3649731234msonospacing\" style=\"margin: 0in; margin-bottom: .0001pt; text-align: justify; background: white; font-variant-ligatures: normal; font-variant-caps: normal; orphans: 2; widows: 2; -webkit-text-stroke-width: 0px; text-decoration-style: initial; text-decoration-color: initial; word-spacing: 0px;\"><span style=\"font-size: 14.0pt; font-family: 'Helvetica','sans-serif'; color: black;\">Mbi t\u00eb gjitha, vler\u00ebsoj lidhjet njer\u00ebzore dhe fuqia e vet\u00eb njeriut, q\u00eb t\u00eb nxit\u00eb p\u00ebr t\u00eb provuar nj\u00eb ide t\u00eb re. Shpeshher\u00eb, njer\u00ebzit ankohen se nuk kan\u00eb ose nuk kan\u00eb mund\u00ebsi. Mua, m\u00eb p\u00eblqen t\u2019i krijoj vet\u00eb mund\u00ebsit\u00eb, t\u00eb provoj nj\u00eb ide dhe nuk dua t\u00eb pres nga t\u00eb tjer\u00ebt. Zoti na ka dh\u00ebn\u00eb t\u00eb gjith\u00ebve mend, dhe secili nga ne ka mund\u00ebsi p\u00ebr t\u00eb realizuar at\u00eb \u00e7ka duam, sado hap i vog\u00ebl ose i madh t\u00eb marrim. Nuk mendoj se dikush tjet\u00ebr \u00ebsht\u00eb m\u00eb i mir\u00eb se ti. Secili prej nesh ka dhuntit\u00eb e veta, p\u00ebr t\u00eb ofruar. Secili rrezaton drit\u00ebn e vet\u00eb.<\/span><\/p>\n<p class=\"xydpd8ea74fayiv3649731234msonospacing\" style=\"margin: 0in; margin-bottom: .0001pt; text-align: justify; background: white; font-variant-ligatures: normal; font-variant-caps: normal; orphans: 2; widows: 2; -webkit-text-stroke-width: 0px; text-decoration-style: initial; text-decoration-color: initial; word-spacing: 0px;\"><span style=\"font-size: 14.0pt; font-family: 'Helvetica','sans-serif'; color: black;\">\u00a0<\/span><\/p>\n<p class=\"xydpd8ea74fayiv3649731234msonospacing\" style=\"margin: 0in; margin-bottom: .0001pt; text-align: justify; background: white; font-variant-ligatures: normal; font-variant-caps: normal; orphans: 2; widows: 2; -webkit-text-stroke-width: 0px; text-decoration-style: initial; text-decoration-color: initial; word-spacing: 0px;\"><span style=\"font-size: 14.0pt; font-family: 'Helvetica','sans-serif'; color: black;\">Arritjet n\u00eb profesion, si nga Kongresi Amerikan dhe nga Sht\u00ebpia e Bardh\u00eb, tregojn\u00eb q\u00eb kam punuar shum\u00eb dhe ende m\u00eb mir\u00eb, kur vler\u00ebsohesh p\u00ebr pasionet dhe ambiciet, q\u00eb ke n\u00eb jet\u00eb, sidomos nga elita diplomatike amerikane, q\u00eb un\u00eb e \u00e7moj shum\u00eb dhe i sh\u00ebrbej.<\/span><\/p>\n<p class=\"xydpd8ea74fayiv3649731234msonospacing\" style=\"margin: 0in; margin-bottom: .0001pt; text-align: justify; background: white; font-variant-ligatures: normal; font-variant-caps: normal; orphans: 2; widows: 2; -webkit-text-stroke-width: 0px; text-decoration-style: initial; text-decoration-color: initial; word-spacing: 0px;\"><b><span style=\"font-size: 14.0pt; font-family: 'Helvetica','sans-serif'; color: black;\">\u00a0<\/span><\/b><\/p>\n<p class=\"xydpd8ea74fayiv3649731234msonospacing\" style=\"margin: 0in; margin-bottom: .0001pt; text-align: justify; background: white; font-variant-ligatures: normal; font-variant-caps: normal; orphans: 2; widows: 2; -webkit-text-stroke-width: 0px; text-decoration-style: initial; text-decoration-color: initial; word-spacing: 0px;\"><b><span style=\"font-size: 14.0pt; font-family: 'Helvetica','sans-serif'; color: black;\">7.\u00a0<i>Tani, le t\u00eb kthehemi te nj\u00eb tem\u00eb tjet\u00ebr, q\u00eb m\u00eb intereson\u2026Sa lexon Ermira dhe a ka provuar t\u00eb krijoj\u00eb<\/i>,\u00a0<i>n\u00eb poezi ose proz\u00eb dhe t\u00eb botoj\u00eb?<\/i><\/span><\/b><\/p>\n<p class=\"xydpd8ea74fayiv3649731234msonospacing\" style=\"margin: 0in; margin-bottom: .0001pt; text-align: justify; background: white; font-variant-ligatures: normal; font-variant-caps: normal; orphans: 2; widows: 2; -webkit-text-stroke-width: 0px; text-decoration-style: initial; text-decoration-color: initial; word-spacing: 0px;\"><b><span style=\"font-size: 14.0pt; font-family: 'Helvetica','sans-serif'; color: black;\">\u00a0<\/span><\/b><\/p>\n<p class=\"xydpd8ea74fayiv3649731234msonospacing\" style=\"margin: 0in; margin-bottom: .0001pt; text-align: justify; background: white; font-variant-ligatures: normal; font-variant-caps: normal; orphans: 2; widows: 2; -webkit-text-stroke-width: 0px; text-decoration-style: initial; text-decoration-color: initial; word-spacing: 0px;\"><b><i><span style=\"font-size: 14.0pt; font-family: 'Helvetica','sans-serif'; color: black;\">Ermira Babamusta<\/span><\/i><\/b><b><span style=\"font-size: 14.0pt; font-family: 'Helvetica','sans-serif'; color: black;\">:<\/span><\/b><span style=\"font-size: 14.0pt; font-family: 'Helvetica','sans-serif'; color: black;\">\u00a0Kam dy botime akademike shkencore dhe tani po merem me t\u00eb tretin. Me krjimimtari poetike jam marr\u00eb deri n\u00eb mosh\u00ebn 22-vje\u00e7are dhe m\u00eb kan\u00eb b\u00ebr\u00eb disa vler\u00ebsime p\u00ebr poezit\u00eb. M\u00eb p\u00eblqejn\u00eb m\u00eb shum\u00eb librat historik\u00eb dhe shkencor\u00eb.<\/span><\/p>\n<p class=\"xydpd8ea74fayiv3649731234msonospacing\" style=\"margin: 0in; margin-bottom: .0001pt; text-align: justify; background: white; font-variant-ligatures: normal; font-variant-caps: normal; orphans: 2; widows: 2; -webkit-text-stroke-width: 0px; text-decoration-style: initial; text-decoration-color: initial; word-spacing: 0px;\"><span style=\"font-size: 14.0pt; font-family: 'Helvetica','sans-serif'; color: black;\">\u00a0<\/span><\/p>\n<p class=\"xydpd8ea74fayiv3649731234msonospacing\" style=\"margin: 0in; margin-bottom: .0001pt; text-align: justify; background: white; font-variant-ligatures: normal; font-variant-caps: normal; orphans: 2; widows: 2; -webkit-text-stroke-width: 0px; text-decoration-style: initial; text-decoration-color: initial; word-spacing: 0px;\"><span style=\"font-size: 14.0pt; font-family: 'Helvetica','sans-serif'; color: black;\">M\u00eb ka p\u00eblqyer shum\u00eb matematika dhe kam fituar disa kampionate n\u00eb shkall\u00eb komb\u00ebtare. M\u00eb intereson historia dhe jeta e njeriut dhe m\u00eb p\u00eblqen t\u00eb shkruaj biografi. M\u00eb von\u00eb, dua t\u00eb m\u00ebsoj se si t\u00eb shkruaj skenar\u00eb filmash. N\u00eb t\u00eb ardhmen, do vazhdoj t\u00eb jem e p\u00ebrfshir\u00eb n\u00eb fusha artistike dhe kulturore, p\u00ebrve\u00e7 fush\u00ebs sime, diplomacis\u00eb, sepse mendoj q\u00eb jan\u00eb t\u00eb nd\u00ebrthurura dhe n\u00eb sh\u00ebrbim t\u00eb nj\u00ebra-tjetr\u00ebs.<\/span><\/p>\n<p class=\"xydpd8ea74fayiv3649731234msonospacing\" style=\"margin: 0in; margin-bottom: .0001pt; text-align: justify; background: white; font-variant-ligatures: normal; font-variant-caps: normal; orphans: 2; widows: 2; -webkit-text-stroke-width: 0px; text-decoration-style: initial; text-decoration-color: initial; word-spacing: 0px;\"><span style=\"font-size: 14.0pt; font-family: 'Helvetica','sans-serif'; color: black;\">\u00a0<\/span><\/p>\n<p class=\"xydpd8ea74fayiv3649731234msonospacing\" style=\"margin: 0in; margin-bottom: .0001pt; text-align: justify; background: white; font-variant-ligatures: normal; font-variant-caps: normal; orphans: 2; widows: 2; -webkit-text-stroke-width: 0px; text-decoration-style: initial; text-decoration-color: initial; word-spacing: 0px;\"><b><span style=\"font-size: 14.0pt; font-family: 'Helvetica','sans-serif'; color: black;\">8.\u00a0<i>Po me studime t\u00eb mir\u00ebfillta a merresh dhe n\u00eb cilat fusha?<\/i><\/span><\/b><\/p>\n<p class=\"xydpd8ea74fayiv3649731234msonospacing\" style=\"margin: 0in; margin-bottom: .0001pt; text-align: justify; background: white; font-variant-ligatures: normal; font-variant-caps: normal; orphans: 2; widows: 2; -webkit-text-stroke-width: 0px; text-decoration-style: initial; text-decoration-color: initial; word-spacing: 0px;\"><b><i><span style=\"font-size: 14.0pt; font-family: 'Helvetica','sans-serif'; color: black;\">\u00a0<\/span><\/i><\/b><\/p>\n<p class=\"xydpd8ea74fayiv3649731234msonospacing\" style=\"margin: 0in; margin-bottom: .0001pt; text-align: justify; background: white; font-variant-ligatures: normal; font-variant-caps: normal; orphans: 2; widows: 2; -webkit-text-stroke-width: 0px; text-decoration-style: initial; text-decoration-color: initial; word-spacing: 0px;\"><b><i><span style=\"font-size: 14.0pt; font-family: 'Helvetica','sans-serif'; color: black;\">Ermira Babamusta:<\/span><\/i><\/b><span style=\"font-size: 14.0pt; font-family: 'Helvetica','sans-serif'; color: black;\">\u00a0Gjat\u00eb kandidatur\u00ebs s\u00eb doktoratur\u00ebs, p\u00ebr Shkenca Politike e Marr\u00ebdh\u00ebnie Nd\u00ebrkomb\u00ebtare, jam marr\u00eb me hulumtimin e \u00e7\u00ebshtjes s\u00eb Kosov\u00ebs. Nj\u00ebkoh\u00ebsisht, p\u00ebrfundova programin e Harvardit, \u201cStrategjia dhe Sigurimi Komb\u00ebtar Amerikan\u201d. Kam mbaruar shk\u00eblqyesh\u00ebm, me burs\u00eb, dy mastera n\u00eb Shkenca Politike dhe Administrim Publik, si dhe kam kryer programin e p\u00ebrparuar, niveli graduate, n\u00eb Manhattan, p\u00ebr \u201cDiplomaci t\u00eb OKB-s\u00eb\u201d. M\u00eb 2010, kreva studimet n\u00eb Strasburg t\u00eb Franc\u00ebs, n\u00eb deg\u00ebn \u201cLigji Europian dhe Institucionet e BE-s\u00eb\u201d, duke fituar burs\u00eb nga Universiteti WVU, si nj\u00eb nga studentet fem\u00ebr, q\u00eb ka arritur ekselenc\u00eb akademike.<\/span><\/p>\n<p class=\"xydpd8ea74fayiv3649731234msonospacing\" style=\"margin: 0in; margin-bottom: .0001pt; text-align: justify; background: white; font-variant-ligatures: normal; font-variant-caps: normal; orphans: 2; widows: 2; -webkit-text-stroke-width: 0px; text-decoration-style: initial; text-decoration-color: initial; word-spacing: 0px;\"><b><span style=\"font-size: 14.0pt; font-family: 'Helvetica','sans-serif'; color: black;\">\u00a0<\/span><\/b><\/p>\n<p class=\"xydpd8ea74fayiv3649731234msonospacing\" style=\"margin: 0in; margin-bottom: .0001pt; text-align: justify; background: white; font-variant-ligatures: normal; font-variant-caps: normal; orphans: 2; widows: 2; -webkit-text-stroke-width: 0px; text-decoration-style: initial; text-decoration-color: initial; word-spacing: 0px;\"><b><span style=\"font-size: 14.0pt; font-family: 'Helvetica','sans-serif'; color: black;\">9.\u00a0<i>Ti drejton \u201cGazet\u00ebn Prishtina Press\u201d, ku bashk\u00ebpunoj me k\u00ebnaq\u00ebsi edhe un\u00eb\u2026Si t\u00eb ka ecur puna dhe cili\u00a0\u00ebsht\u00eb rrjeti i njer\u00ebzve, q\u00eb publikojn\u00eb aty dhe n\u00eb \u00e7far\u00eb tematikash kryesore?<\/i><\/span><\/b><\/p>\n<p class=\"xydpd8ea74fayiv3649731234msonospacing\" style=\"margin: 0in; margin-bottom: .0001pt; text-align: justify; background: white; font-variant-ligatures: normal; font-variant-caps: normal; orphans: 2; widows: 2; -webkit-text-stroke-width: 0px; text-decoration-style: initial; text-decoration-color: initial; word-spacing: 0px;\"><b><span style=\"font-size: 14.0pt; font-family: 'Helvetica','sans-serif'; color: black;\">\u00a0<\/span><\/b><\/p>\n<p class=\"xydpd8ea74fayiv3649731234msonospacing\" style=\"margin: 0in; margin-bottom: .0001pt; text-align: justify; background: white; font-variant-ligatures: normal; font-variant-caps: normal; orphans: 2; widows: 2; -webkit-text-stroke-width: 0px; text-decoration-style: initial; text-decoration-color: initial; word-spacing: 0px;\"><b><i><span style=\"font-size: 14.0pt; font-family: 'Helvetica','sans-serif'; color: black;\">Ermira Babamusta:<\/span><\/i><\/b><span style=\"font-size: 14.0pt; font-family: 'Helvetica','sans-serif'; color: black;\">\u00a0<b>\u201c<\/b>Gazeta Prishtina Press\u201d \u00ebsht\u00eb n\u00eb funksion dhe ekzistim, q\u00eb nga muaji maj 2008, e realizuar me rastin e shpalljes s\u00eb pavar\u00ebsis\u00eb t\u00eb Kosov\u00ebs. Kjo \u00ebsht\u00eb e para gazet\u00eb e pavarur, publikuar nga un\u00eb, n\u00eb bashk\u00ebpunim me Adem Ramadanin e \u201cNESMEDIA\u201d (Prishtin\u00eb), n\u00eb Kosov\u00eb pas shpalljes s\u00eb Pavar\u00ebsis\u00eb, m\u00eb 2008, n\u00eb shqip dhe anglisht. Nga viti 2008-2010, gazeta ka shtypur 3,500 kopje, p\u00ebr \u00e7do publikim javor, n\u00eb Prishtin\u00eb dhe, m\u00eb pas, e ka vazhduar veprimtarin\u00eb online (<a href=\"http:\/\/www.gazetaprishtinapress.com\/\" target=\"_blank\"><span style=\"color: #196ad4;\">www.gazetaprishtinapress.com<\/span><\/a>).<\/span><\/p>\n<p class=\"xydpd8ea74fayiv3649731234msonospacing\" style=\"margin: 0in; margin-bottom: .0001pt; text-align: justify; background: white; font-variant-ligatures: normal; font-variant-caps: normal; orphans: 2; widows: 2; -webkit-text-stroke-width: 0px; text-decoration-style: initial; text-decoration-color: initial; word-spacing: 0px;\"><span style=\"font-size: 14.0pt; font-family: 'Helvetica','sans-serif'; color: black;\">\u00a0<\/span><\/p>\n<p class=\"xydpd8ea74fayiv3649731234msonospacing\" style=\"margin: 0in; margin-bottom: .0001pt; text-align: justify; background: white; font-variant-ligatures: normal; font-variant-caps: normal; orphans: 2; widows: 2; -webkit-text-stroke-width: 0px; text-decoration-style: initial; text-decoration-color: initial; word-spacing: 0px;\"><span style=\"font-size: 14.0pt; font-family: 'Helvetica','sans-serif'; color: black;\">\u201cPrishtina Press\u201d p\u00ebruron kultur\u00ebn shqiptare, p\u00ebr t\u00eb forcuar imazhin pozitiv t\u00eb tradit\u00ebs, historis\u00eb dhe kultur\u00ebs shqiptare, n\u00eb vend dhe n\u00ebp\u00ebr bot\u00eb. Gjithashtu, p\u00ebrkrahen talentet, shkrimtar\u00ebt dhe artist\u00ebt shqiptar\u00eb: n\u00eb Amerik\u00eb, Kosov\u00eb, Shqip\u00ebri dhe diaspor\u00eb. Fal\u00ebnderoj t\u00eb gjith\u00eb intelektual\u00ebt nga vendi dhe diaspora p\u00ebr bashk\u00ebpunimin dhe p\u00ebr p\u00ebrkrahjen e vazhdueshme, p\u00ebr 10 vjet s\u00eb bashku!<\/span><\/p>\n<p class=\"xydpd8ea74fayiv3649731234msonospacing\" style=\"margin: 0in; margin-bottom: .0001pt; text-align: justify; background: white; font-variant-ligatures: normal; font-variant-caps: normal; orphans: 2; widows: 2; -webkit-text-stroke-width: 0px; text-decoration-style: initial; text-decoration-color: initial; word-spacing: 0px;\"><span style=\"font-size: 14.0pt; font-family: 'Helvetica','sans-serif'; color: black;\">\u00a0<\/span><\/p>\n<p class=\"xydpd8ea74fayiv3649731234msonospacing\" style=\"margin: 0in; margin-bottom: .0001pt; text-align: justify; background: white; font-variant-ligatures: normal; font-variant-caps: normal; orphans: 2; widows: 2; -webkit-text-stroke-width: 0px; text-decoration-style: initial; text-decoration-color: initial; word-spacing: 0px;\"><b><span style=\"font-size: 14.0pt; font-family: 'Helvetica','sans-serif'; color: black;\">10.\u00a0<i>A mos harruam ndonj\u00eb gj\u00eb t\u00eb r\u00ebnd\u00ebsishme, gjat\u00eb k\u00ebsaj bisede, p\u00ebr t\u00eb cil\u00ebn t\u00eb fal\u00ebnderoj nga zemra! Gjithashtu, gjej rastin t\u00eb uroj: Sh\u00ebndet, mbar\u00ebsi dhe plot\u00ebsim t\u00eb \u00e7do d\u00ebshir\u00eb, q\u00eb ti ke n\u00eb jet\u00eb!<\/i><\/span><\/b><\/p>\n<p class=\"xydpd8ea74fayiv3649731234msonospacing\" style=\"margin: 0in; margin-bottom: .0001pt; text-align: justify; background: white; font-variant-ligatures: normal; font-variant-caps: normal; orphans: 2; widows: 2; -webkit-text-stroke-width: 0px; text-decoration-style: initial; text-decoration-color: initial; word-spacing: 0px;\"><b><i><span style=\"font-size: 14.0pt; font-family: 'Helvetica','sans-serif'; color: black;\">\u00a0<\/span><\/i><\/b><\/p>\n<p class=\"xydpd8ea74fayiv3649731234msonospacing\" style=\"margin: 0in; margin-bottom: .0001pt; text-align: justify; background: white; font-variant-ligatures: normal; font-variant-caps: normal; orphans: 2; widows: 2; -webkit-text-stroke-width: 0px; text-decoration-style: initial; text-decoration-color: initial; word-spacing: 0px;\"><b><i><span style=\"font-size: 14.0pt; font-family: 'Helvetica','sans-serif'; color: black;\">Ermira Babamusta:<\/span><\/i><\/b><span style=\"font-size: 14.0pt; font-family: 'Helvetica','sans-serif'; color: black;\">\u00a0Ju faleminderit Profesor Murat Gecaj,\u00a0p\u00ebr nderin dhe p\u00ebr bised\u00ebn ton\u00eb t\u00eb p\u00ebrbashk\u00ebt! \u00cbsht\u00eb me t\u00eb v\u00ebrtet\u00eb k\u00ebnaq\u00ebsi dhe nder t\u00eb bisedoj me nj\u00eb mendjeart\u00eb, si ju dhe vler\u00ebsoj shum\u00eb pun\u00ebn tuaj fisnike, nd\u00ebr vite dhe bashk\u00ebpunimin ton\u00eb 10- vje\u00e7ar.<\/span><\/p>\n<p class=\"xydpd8ea74fayiv3649731234msonospacing\" style=\"margin: 0in; margin-bottom: .0001pt; text-align: justify; background: white; font-variant-ligatures: normal; font-variant-caps: normal; orphans: 2; widows: 2; -webkit-text-stroke-width: 0px; text-decoration-style: initial; text-decoration-color: initial; word-spacing: 0px;\"><b><i><span style=\"font-size: 14.0pt; font-family: 'Helvetica','sans-serif'; color: black;\">\u00a0<\/span><\/i><\/b><\/p>\n<p class=\"xydpd8ea74fayiv3649731234msonospacing\" style=\"margin: 0in; margin-bottom: .0001pt; text-align: justify; background: white; font-variant-ligatures: normal; font-variant-caps: normal; orphans: 2; widows: 2; -webkit-text-stroke-width: 0px; text-decoration-style: initial; text-decoration-color: initial; word-spacing: 0px;\"><span style=\"font-size: 14.0pt; font-family: 'Helvetica','sans-serif'; color: black;\">Nj\u00eb nga veprimtarit\u00eb kulturore, q\u00eb kam nisur m\u00eb 2017, \u00ebsht\u00eb p\u00ebrkrahja e nj\u00eb grupi muzikor rock, nga Australia, q\u00eb quhet \u201cCynation\u201d (<a href=\"http:\/\/www.cynationband.com\/\" target=\"_blank\"><span style=\"color: #196ad4;\">www.cynationband.com<\/span><\/a>). Cynation p\u00ebrb\u00ebhet nga Josh Mak (vokalist, kitar\u00eb), Simon Lai (kitarist), Andrew Teo (bass) dhe Shah (kitar\u00eb). Grupi ka n\u00eb plan, n\u00eb vitin 2019, t\u00eb b\u00ebj\u00eb nj\u00eb turne n\u00eb Nju Jork dhe Shqip\u00ebri. Me k\u00ebt\u00eb rast, do vij dhe un\u00eb, q\u00eb ta vizitoj vendlindjen.<\/span><\/p>\n<p class=\"xydpd8ea74fayiv3649731234msonospacing\" style=\"margin: 0in; margin-bottom: .0001pt; text-align: justify; background: white; font-variant-ligatures: normal; font-variant-caps: normal; orphans: 2; widows: 2; -webkit-text-stroke-width: 0px; text-decoration-style: initial; text-decoration-color: initial; word-spacing: 0px;\"><span style=\"font-size: 14.0pt; font-family: 'Helvetica','sans-serif'; color: black;\">\u00a0<\/span><\/p>\n<p class=\"xydpd8ea74fayiv3649731234msonospacing\" style=\"margin: 0in; margin-bottom: .0001pt; text-align: justify; background: white; font-variant-ligatures: normal; font-variant-caps: normal; orphans: 2; widows: 2; -webkit-text-stroke-width: 0px; text-decoration-style: initial; text-decoration-color: initial; word-spacing: 0px;\"><b><i><span style=\"font-size: 14.0pt; font-family: 'Helvetica','sans-serif'; color: black;\">Tiran\u00eb-Nju Jork, shtator 2017<\/span><\/i><\/b><\/p>\n","protected":false},"excerpt":{"rendered":"<p>Bised\u00eb me intelektualen e njohur dhe e vler\u00ebsuar lart, n\u00eb diaspor\u00ebn shqiptare \u00a0 Nga: Prof. Murat Gecaj \u00a0\u00a0\u00a0\u00a0\u00a0\u00a0\u00a0\u00a0 publicist e studiues \u00a0 \u00a0 Ermira Babamusta ka fituar \u00c7mimin Inaugural p\u00ebr vitin 2017. N\u00eb qershor 2017, Ermira Babamusta u nderua nga bordi amerikan i LIU, si nd\u00ebr 10 personat m\u00eb t\u00eb suksessh\u00ebm t\u00eb Nju Jorkut, p\u00ebr&hellip;<\/p>\n","protected":false},"author":1,"featured_media":5718,"comment_status":"open","ping_status":"open","sticky":false,"template":"","format":"standard","meta":{"footnotes":""},"categories":[1],"tags":[],"class_list":["post-6803","post","type-post","status-publish","format-standard","has-post-thumbnail","hentry","category-intervista"],"_links":{"self":[{"href":"https:\/\/revistakuvendi.org\/index.php?rest_route=\/wp\/v2\/posts\/6803","targetHints":{"allow":["GET"]}}],"collection":[{"href":"https:\/\/revistakuvendi.org\/index.php?rest_route=\/wp\/v2\/posts"}],"about":[{"href":"https:\/\/revistakuvendi.org\/index.php?rest_route=\/wp\/v2\/types\/post"}],"author":[{"embeddable":true,"href":"https:\/\/revistakuvendi.org\/index.php?rest_route=\/wp\/v2\/users\/1"}],"replies":[{"embeddable":true,"href":"https:\/\/revistakuvendi.org\/index.php?rest_route=%2Fwp%2Fv2%2Fcomments&post=6803"}],"version-history":[{"count":1,"href":"https:\/\/revistakuvendi.org\/index.php?rest_route=\/wp\/v2\/posts\/6803\/revisions"}],"predecessor-version":[{"id":6806,"href":"https:\/\/revistakuvendi.org\/index.php?rest_route=\/wp\/v2\/posts\/6803\/revisions\/6806"}],"wp:featuredmedia":[{"embeddable":true,"href":"https:\/\/revistakuvendi.org\/index.php?rest_route=\/wp\/v2\/media\/5718"}],"wp:attachment":[{"href":"https:\/\/revistakuvendi.org\/index.php?rest_route=%2Fwp%2Fv2%2Fmedia&parent=6803"}],"wp:term":[{"taxonomy":"category","embeddable":true,"href":"https:\/\/revistakuvendi.org\/index.php?rest_route=%2Fwp%2Fv2%2Fcategories&post=6803"},{"taxonomy":"post_tag","embeddable":true,"href":"https:\/\/revistakuvendi.org\/index.php?rest_route=%2Fwp%2Fv2%2Ftags&post=6803"}],"curies":[{"name":"wp","href":"https:\/\/api.w.org\/{rel}","templated":true}]}}