{"id":6723,"date":"2017-07-24T14:06:39","date_gmt":"2017-07-24T14:06:39","guid":{"rendered":"http:\/\/revistakuvendi.org\/?p=6723"},"modified":"2017-07-24T14:06:39","modified_gmt":"2017-07-24T14:06:39","slug":"20-vjetori-i-festivalit-alpet-shqipetare","status":"publish","type":"post","link":"https:\/\/revistakuvendi.org\/?p=6723","title":{"rendered":"20 VJETORI I Festivalit \u201cALPET SHQIPETARE\u201d"},"content":{"rendered":"<p><a href=\"http:\/\/revistakuvendi.org\/wp-content\/uploads\/2017\/07\/vuthaj3.jpg\" rel=\"attachment wp-att-6727\"><img loading=\"lazy\" decoding=\"async\" class=\"alignleft size-medium wp-image-6727\" src=\"http:\/\/revistakuvendi.org\/wp-content\/uploads\/2017\/07\/vuthaj3-300x242.jpg\" alt=\"vuthaj3\" width=\"300\" height=\"242\" srcset=\"https:\/\/revistakuvendi.org\/wp-content\/uploads\/2017\/07\/vuthaj3-300x242.jpg 300w, https:\/\/revistakuvendi.org\/wp-content\/uploads\/2017\/07\/vuthaj3.jpg 417w\" sizes=\"auto, (max-width: 300px) 100vw, 300px\" \/><\/a>MERGATA NDERTON DY SHTEPIA per familje ne nevoj\u00eb<\/p>\n<p>PROMOVOHET EMISIONI KULTUROR<\/p>\n<p>PROMOVOHET SHTEPIJA KULTURORE NDERTUAR NGA MERGATA<!--more--><\/p>\n<p>&nbsp;<\/p>\n<p>Tashme\u00a0\u00a0\u00ebshte\u00a0\u00a0b\u00ebre tradit\u00eb njezetvje\u00e7are qe te\u00a0\u00a0mbahet Festivali\u00a0\u00a0folklorik \u201cAlpet\u00a0\u00a0\u00a0Shqiptare\u201d ne fshatin\u00a0\u00a0\u00a0Vuthaj, Plav\u00eb-Guci me 1\u00a0\u00a0Gusht.\u00a0\u00a0Ket\u00eb\u00a0\u00a0vit\u00a0\u00a0kemi zhvillime te reja ku festivali do te zgjase tri dit\u00eb.\u00a0\u00a0Gjithashtu, do te perurohen dy\u00a0\u00a0shtepi\u00a0\u00a0te\u00a0\u00a0reja\u00a0\u00a0te\u00a0\u00a0ndertuar\u00a0\u00a0nga Fondacioni &#8220;Plav\u00eb &#8211;\u00a0Guci&#8221; me selin\u00eb\u00a0ne New York per familje ne\u00a0\u00a0nevoje.\u00a0\u00a0Do te\u00a0\u00a0perurohet\u00a0\u00a0edhe\u00a0\u00a0emisioni\u00a0\u00a0\u00a0kulturor\u00a0\u00a0i\u00a0\u00a0sapoincizuar\u00a0\u00a0&#8220;Bukurit\u00eb\u00a0\u00a0natyrore\u00a0\u00a0dhe\u00a0\u00a0\u00a0vlerat kombetare\u00a0\u00a0shqipetare ne Plav\u00eb-Guci&#8221; dhe ndertimi i ri i Shtepis\u00eb\u00a0Kulturore ne Vuthaj.<\/p>\n<p>Aktivitetet vijojne :<\/p>\n<p><strong>30.07.2017\u00a0<\/strong><\/p>\n<ul>\n<li>Do te keni mundesin\u00eb te merrni pjes\u00eb ne dor\u00ebzimin e dy shtepive te reja qe i kemi dhuruar\u00a0\u00a0familjeve ne nevoje.\u00a0\u00a0Fondacioni &#8220;Plav\u00eb-Guci&#8221;\u00a0\u00a0ka financuar dhe ndertuar shtepi per bashkatdhtaret Haxhi\u00a0\u00a0Go\u00e7aj, Vuthaj dhe Zef\u00a0\u00a0Vukaj, Ger\u00e7ar.\u00a0\u00a0Pranim dhe dorezimi i\u00a0\u00e7elsave te shtepive te reja te ndertuara per\u00a0\u00a0familjet Qosaj dhe Vukaj.<\/li>\n<li>Emisioni\u00a0\u00a0Kulturor:\u00a0\u00a0prezantimi i projektit &#8220;Bukurite natyrore dhe\u00a0\u00a0vlerat kombetare shqiptare ne &#8220;Plave-Guci&#8221;.<a href=\"https:\/\/www.facebook.com\/plavegucifoundation\/posts\/1573955162675142\">https:\/\/www.facebook.com\/plavegucifoundation\/posts\/1573955162675142<\/a>\n<p>Promovimi i emisionit dhe perurimi i shtepive do te mbahen\u00a0\u00a0me date 30.07.2017 ne pallatin e kultures ne Guci duke filluar nga ora 17:00.<\/li>\n<li>Fillon festivali mbarekombetare\u00a0\u00a0&#8220;Kenga dhe vallja na bashkon&#8221; i cili\u00a0\u00a0zgjat 2 dit\u00eb,\u00a0deri me daten 31. 07.2017\u00a0.<\/li>\n<\/ul>\n<p><strong>31.07.2017\u00a0<\/strong><\/p>\n<ul>\n<li>Vazhdon\u00a0\u00a0\u00a0festivali\u00a0\u00a0\u00a0mbar\u00ebkombetar\u00eb\u00a0\u00a0&#8220;Kenga dhe vallja na bashkon&#8221; i\u00a0\u00a0cili\u00a0\u00a0zgjat 2 dit\u00eb\u00a0\u00a0deri me daten 31. 07.2017<\/li>\n<\/ul>\n<p><strong>1.08.2017<\/strong><\/p>\n<ul>\n<li>Tubimi\u00a0\u00a0\u00a0madh\u00ebshtor tradicional\u00a0\u00a0&#8220;Mire se\u00a0\u00a0vini ne\u00a0\u00a0Alpet\u00a0\u00a0Shqiptare Vuthaj\u00a0\u00a02017\u201d, kenge\u00a0dhe valle\u00a0\u00a0folklori\u00a0\u00a0nga\u00a0\u00a0zona Plav\u00eb-Guci\u00a0\u00a0dhe nga gjithe Shqiptaria.\u00a0\u00a0Ky manifestim organizohet nga shoqata &#8220;Alpet Shqipetare&#8221; dhe marrin pjes\u00eb\u00a0grupe folklorike nga Shqiperia, Kosova dhe gjithe trojet\u00a0\u00a0shqiptare.\u00a0\u00a0Diaspora do\u00a0\u00a0te marr\u00ebpjes\u00eb\u00a0\u00a0masivisht ashtu si\u00a0\u00a0ne vitet e kaluara.<\/li>\n<\/ul>\n<p><strong>2.08.2017<\/strong><\/p>\n<ul>\n<li>Do te\u00a0\u00a0perurohet\u00a0\u00a0edhe\u00a0\u00a0ndertimi i ri i Shtepis\u00eb\u00a0Kulturore ne Vuthaj. Ky objekt esht financuar nga bashkat\u00ebdhetaret nga New Yok dhe Europe<\/li>\n<\/ul>\n<p>Ju\u00a0\u00a0ftojme\u00a0\u00a0te\u00a0\u00a0merrni\u00a0\u00a0pjes\u00eb\u00a0\u00a0dhe\u00a0\u00a0te\u00a0\u00a0raportoni\u00a0\u00a0\u00a0\u00a0Festivalin &#8220;AlpetShqipetare&#8221; ,dhe\u00a0\u00a0\u00a0perurimin\u00a0\u00a0e shtepive\u00a0\u00a0si dhe\u00a0\u00a0\u00a0emisionin\u00a0\u00a0\u00a0kulturor.<\/p>\n<p>Do te\u00a0\u00a0befasoheni me bukurin\u00eb\u00a0\u00a0naturore\u00a0\u00a0\u00a0si : Syri\u00a0\u00a0i Kalter , Uj\u00ebvara, Krojet e Ali Pashe\u00a0\u00a0Gucis\u00eb, liqeni i Plaves, Bjeshket e Nemuna\u00a0\u00a0\u00a0dhe\u00a0\u00a0mir\u00ebpritjen\u00a0\u00a0vllazerore.<\/p>\n<p>&nbsp;<\/p>\n<p><strong><u>Per informata me te\u00a0\u00a0hollesishme\u00a0\u00a0kontaktoni:<\/u><\/strong><\/p>\n<p><strong>Emisioni\u00a0\u00a0Kulturor\u00eb:<\/strong>\u00a0Shaban Prelvukaj<a href=\"mailto:shabaniii_82@hotmail.com\">shabaniii_82@hotmail.com<\/a>, Alex Selimaj alexselimaj@gmail.com,<\/p>\n<p><strong>Shtepi per familjen Go\u00e7aj dhe Vulaj:<\/strong>Fondacioni\u00a0\u00a0Plav\u00eb-Guci, Met\u00ebBrun\u00e7aj<a href=\"mailto:mbruncaj@hotmail.com\">mbruncaj@hotmail.com<\/a>+ 1 914-318-1431<\/p>\n<p><strong>Alpet Shqiptare:<\/strong>\u00a0\u00a0Tahir Gjonbalaj, Shoqata \u201cAlpetShqipetare\u201d\u00a0\u00a0gjonbalaja@yahoo.com<\/p>\n<p><strong>Fondacioni\u00a0\u00a0ndertoi\u00a0\u00a0dy\u00a0\u00a0\u00a0shtepi\u00a0\u00a0te\u00a0\u00a0reja per bashkatdhetaret\u00a0\u00a0familjet Go\u00e7aj dhe Vukaj<\/strong><\/p>\n<p><a href=\"http:\/\/revistakuvendi.org\/wp-content\/uploads\/2017\/07\/vuthaj.jpg\" rel=\"attachment wp-att-6726\"><img loading=\"lazy\" decoding=\"async\" class=\"alignleft size-medium wp-image-6726\" src=\"http:\/\/revistakuvendi.org\/wp-content\/uploads\/2017\/07\/vuthaj-238x300.jpg\" alt=\"vuthaj\" width=\"238\" height=\"300\" srcset=\"https:\/\/revistakuvendi.org\/wp-content\/uploads\/2017\/07\/vuthaj-238x300.jpg 238w, https:\/\/revistakuvendi.org\/wp-content\/uploads\/2017\/07\/vuthaj.jpg 240w\" sizes=\"auto, (max-width: 238px) 100vw, 238px\" \/><\/a><\/p>\n<p>&nbsp;<\/p>\n<p><a href=\"http:\/\/revistakuvendi.org\/wp-content\/uploads\/2017\/07\/vuthaj1.jpg\" rel=\"attachment wp-att-6725\"><img loading=\"lazy\" decoding=\"async\" class=\"alignleft size-medium wp-image-6725\" src=\"http:\/\/revistakuvendi.org\/wp-content\/uploads\/2017\/07\/vuthaj1-300x225.jpg\" alt=\"vuthaj1\" width=\"300\" height=\"225\" srcset=\"https:\/\/revistakuvendi.org\/wp-content\/uploads\/2017\/07\/vuthaj1-300x225.jpg 300w, https:\/\/revistakuvendi.org\/wp-content\/uploads\/2017\/07\/vuthaj1.jpg 310w\" sizes=\"auto, (max-width: 300px) 100vw, 300px\" \/><\/a><\/p>\n","protected":false},"excerpt":{"rendered":"<p>MERGATA NDERTON DY SHTEPIA per familje ne nevoj\u00eb PROMOVOHET EMISIONI KULTUROR PROMOVOHET SHTEPIJA KULTURORE NDERTUAR NGA MERGATA<\/p>\n","protected":false},"author":1,"featured_media":6724,"comment_status":"open","ping_status":"open","sticky":false,"template":"","format":"standard","meta":{"footnotes":""},"categories":[12],"tags":[],"class_list":["post-6723","post","type-post","status-publish","format-standard","has-post-thumbnail","hentry","category-jete-komuniteti"],"_links":{"self":[{"href":"https:\/\/revistakuvendi.org\/index.php?rest_route=\/wp\/v2\/posts\/6723","targetHints":{"allow":["GET"]}}],"collection":[{"href":"https:\/\/revistakuvendi.org\/index.php?rest_route=\/wp\/v2\/posts"}],"about":[{"href":"https:\/\/revistakuvendi.org\/index.php?rest_route=\/wp\/v2\/types\/post"}],"author":[{"embeddable":true,"href":"https:\/\/revistakuvendi.org\/index.php?rest_route=\/wp\/v2\/users\/1"}],"replies":[{"embeddable":true,"href":"https:\/\/revistakuvendi.org\/index.php?rest_route=%2Fwp%2Fv2%2Fcomments&post=6723"}],"version-history":[{"count":1,"href":"https:\/\/revistakuvendi.org\/index.php?rest_route=\/wp\/v2\/posts\/6723\/revisions"}],"predecessor-version":[{"id":6728,"href":"https:\/\/revistakuvendi.org\/index.php?rest_route=\/wp\/v2\/posts\/6723\/revisions\/6728"}],"wp:featuredmedia":[{"embeddable":true,"href":"https:\/\/revistakuvendi.org\/index.php?rest_route=\/wp\/v2\/media\/6724"}],"wp:attachment":[{"href":"https:\/\/revistakuvendi.org\/index.php?rest_route=%2Fwp%2Fv2%2Fmedia&parent=6723"}],"wp:term":[{"taxonomy":"category","embeddable":true,"href":"https:\/\/revistakuvendi.org\/index.php?rest_route=%2Fwp%2Fv2%2Fcategories&post=6723"},{"taxonomy":"post_tag","embeddable":true,"href":"https:\/\/revistakuvendi.org\/index.php?rest_route=%2Fwp%2Fv2%2Ftags&post=6723"}],"curies":[{"name":"wp","href":"https:\/\/api.w.org\/{rel}","templated":true}]}}