{"id":6716,"date":"2017-07-20T11:14:42","date_gmt":"2017-07-20T11:14:42","guid":{"rendered":"http:\/\/revistakuvendi.org\/?p=6716"},"modified":"2017-07-20T11:14:42","modified_gmt":"2017-07-20T11:14:42","slug":"pse-mbahen-bashke-me-te-burgosur-ordinere-edhe-luftetaret-shqipetar-ne-burgjet-e-republikes-se-kosoves","status":"publish","type":"post","link":"https:\/\/revistakuvendi.org\/?p=6716","title":{"rendered":"Pse  mbahen bashk\u00eb me t\u00eb burgosur  ordiner\u00eb edhe Luft\u00ebtar\u00ebt  Shqip\u00ebtar n\u00eb  burgjet e  Republik\u00ebs s\u00eb Kosov\u00ebs!"},"content":{"rendered":"<p><strong>Nga Skender Jashari<\/strong><\/p>\n<p>Gjat\u00eb q\u00ebndrimit tim prej\u00a0 16 tetor 2012 deri m\u00eb 31 qershor 2016, n\u00eb\u00a0 burgjet\u00a0 e Republik\u00ebs s\u00eb Kosov\u00ebs si i burgosur\u00a0 politik, i\u00a0\u00a0 arrestuar, akuzuar, gjykuar dhe\u00a0 d\u00ebnuar politikisht\u00a0\u00a0 p\u00ebrmes\u00a0 Fraksionit politiko-kriminal t\u00eb EULEX-it, me\u00a0 porosi\u00a0 dhe\u00a0 shantazhim t\u00eb\u00a0\u00a0 Serbis\u00eb( drejtuar\u00a0 k\u00ebtij\u00a0 Fraksioni t\u00eb\u00a0<!--more--> EULEX-it), pos dukurive shum\u00eb\u00a0 absurde\u00a0 e jo n\u00eb pak\u00a0 raste\u00a0 edhe\u00a0\u00a0 tejet\u00a0 kriminale ishte\u00a0 edhe\u00a0 dukuria\u00a0 e\u00a0 m\u00ebposhtme. \u00a0Luft\u00ebtar\u00ebt Shqip\u00ebtar zakonisht\u00a0 shumica\u00a0 e tyre\u00a0 jan\u00eb\u00a0 mbajtur\u00a0\u00a0 n\u00eb\u00a0\u00a0 Qendr\u00ebn e Paraburgimit n\u00eb Lipjan, Qendr\u00ebn\u00a0 Korrektuese n\u00eb Dubrav\u00eb, kurse\u00a0 n\u00eb\u00a0 qendrat tjera\u00a0 tejet\u00a0 m\u00eb t\u00eb\u00a0 rralla jan\u00eb\u00a0 rastet!<\/p>\n<p>N\u00eb k\u00ebt\u00eb\u00a0 rast,\u00a0 kam\u00a0\u00a0 v\u00ebrejtur edhe\u00a0 nj\u00eb\u00a0 dukuri, q\u00eb aspak\u00a0 nuk\u00a0 \u00ebsht\u00eb n\u00eb p\u00ebrkim\u00a0 me praktikat\u00a0 e vendeve\u00a0 tjera, as me ligjet\u00a0 dhe\u00a0 as\u00a0 me nd\u00ebrgjegjen\u00a0 e njeriut!<\/p>\n<p>Luft\u00ebtar\u00ebt\u00a0 Shqip\u00ebtar\u00eb t\u00eb\u00a0 Luftrave\u00a0 \u00c7lirimtare\u00a0 Shqip\u00ebtare, si t\u00eb\u00a0 Ushtris\u00eb\u00a0 \u00c7lirimtare t\u00eb Kosov\u00ebs, Ushtris\u00eb\u00a0 \u00c7lirimtare \u00a0p\u00ebr Preshev\u00eb, Medvegj\u00eb dhe Bujanoc si dhe t\u00eb Ushtris\u00eb\u00a0 \u00c7lirimtare\u00a0 Komb\u00ebtare, nuk\u00a0 kan\u00eb\u00a0 trajtim\u00a0 ligjor, meritor dhe n\u00eb p\u00ebrputhje\u00a0 me praktikat rajonale dhe nd\u00ebrkomb\u00ebtare, si p\u00ebr\u00a0 t\u00eb\u00a0 paraburgosur a t\u00eb\u00a0 burgosur, n\u00eb\u00a0 burgjet\u00a0 e Republik\u00ebs s\u00eb\u00a0 Kosov\u00ebs,\u00a0 nga\u00a0 UNMIK e\u00a0 sidomos nga\u00a0 Fraksioni politiko-kriminal i EULEX-it( e\u00a0 jo edhe\u00a0 nga\u00a0\u00a0 EULEX\u00a0 q\u00eb\u00a0 vje\u00a0 nga\u00a0 vendet\u00a0\u00a0 q\u00eb njohin\u00a0 Pavar\u00ebsin\u00eb\u00a0\u00a0 dhe q\u00eb jan\u00eb\u00a0 miq\u00ebsor\u00eb ndaj\u00a0\u00a0 Republik\u00ebs s\u00eb Kosov\u00ebs).<\/p>\n<p>Luft\u00ebtar\u00ebt\u00a0 Shqip\u00ebtar,\u00a0 n\u00eb\u00a0 Burgje\u00a0 mbahen\u00a0\u00a0 p\u00ebr\u00a0 dy lloj\u00a0 veprash penale: kryerje\u00a0\u00a0 krime t\u00eb\u00a0 luft\u00ebs( shumica) dhe p\u00ebr\u00a0 kryerje\u00a0 aktesh\u00a0 terroriste! P\u00ebr veprat\u00a0 penale\u00a0 kryerje\u00a0 e\u00a0 krimeve\u00a0 t\u00eb luft\u00ebs, kryesisht\u00a0 gjoja\u00a0 krime t\u00eb\u00a0 kryera\u00a0 kund\u00ebr\u00a0 popullsis\u00eb\u00a0 civile serbe\u00a0 dhe\u00a0 Shqip\u00ebtar\u00ebve\u00a0 q\u00eb\u00a0 kan\u00eb\u00a0\u00a0 bashk\u00ebpunu\u00a0 me\u00a0 okupatorin! D\u00ebnimet\u00a0 n\u00eb k\u00ebto\u00a0 raste\u00a0 jan\u00eb\u00a0\u00a0 qesharake, jan\u00eb\u00a0 d\u00ebnime\u00a0\u00a0 p\u00ebr 10 deri n\u00eb 1000 her\u00eb\u00a0 m\u00eb t\u00eb\u00a0 larta\u00a0 sesa\u00a0 d\u00ebnimet\u00a0 q\u00eb\u00a0 p\u00ebr nj\u00eb\u00a0 vep\u00ebr t\u00eb till\u00eb penale\u00a0 i jan\u00eb\u00a0 shqiptu\u00a0 nj\u00eb\u00a0 kryesi\u00a0 t\u00eb\u00a0 komunitetit serb\u00eb, pos\u00a0 k\u00ebsaj\u00a0 kryes\u00a0 t\u00eb komunitetit\u00a0 serb\u00eb\u00a0 t\u00eb d\u00ebnuar p\u00ebr k\u00ebso vepre penale, jan\u00eb\u00a0 tejet t\u00eb pak\u00ebt( ata as nuk ndjeken, as nuk\u00a0 gjykohen e\u00a0 as nuk d\u00ebnohen me\u00a0 d\u00ebnim\u00a0 meritor)!- qartazi e\u00a0 haptazi\u00a0 shihet\u00a0\u00a0 motivi politik i akuzimit, gjykimit dhe\u00a0 d\u00ebnimit!<\/p>\n<p>Nd\u00ebrsa Luft\u00ebtar\u00ebt\u00a0\u00a0 Shqip\u00ebtar\u00a0 t\u00eb\u00a0 cil\u00ebt\u00a0 jan\u00eb\u00a0\u00a0 paraburgosur, akuzuar, gjykuar dhe\u00a0 d\u00ebnuar-burgosur, p\u00ebr\u00a0 terroriz\u00ebm, shumica\u00a0 jan\u00eb\u00a0 nga\u00a0 Ilirida dhe nga\u00a0 Lugina e\u00a0 Preshev\u00ebs!<\/p>\n<p>Andaj\u00a0 p\u00ebr m\u00eb posht\u00eb do i trajtoj n\u00eb\u00a0 dy\u00a0 kategori:\u00a0 n\u00eb Luft\u00ebtar\u00ebt\u00a0 e v\u00ebrtet\u00eb Shqip\u00ebtar\u00eb( qoft\u00eb\u00a0 t\u00eb\u00a0 d\u00ebnuar p\u00ebr\u00a0 gjoja\u00a0 krime\u00a0 lufte\u00a0 a gjoja\u00a0 p\u00ebr terroriz\u00ebm) dhe\u00a0 n\u00eb kategorin\u00eb e dyt\u00eb\u00a0 p\u00ebr \u201cLuft\u00ebtar\u00ebt Shqip\u00ebtar!\u201d-agjent\u00eb\u00a0 t\u00eb\u00a0 Serbis\u00eb.<\/p>\n<p>Kategoria e par\u00eb: jan\u00eb\u00a0 Luft\u00ebtar\u00eb t\u00eb\u00a0 v\u00ebrtet\u00eb\u00a0\u00a0 Shqip\u00ebtar, t\u00eb\u00a0 cil\u00ebt\u00a0 jan\u00eb\u00a0 akuzu, paraburgos, gjyku dhe\u00a0 d\u00ebnu a burgosur me porosi t\u00eb Serbis\u00eb, p\u00ebrmes UNMIK-ut\u00a0 dhe\u00a0 Fraksionit politiko-kriminal t\u00eb EULEX-it, nd\u00ebrsa t\u00eb pak\u00ebta\u00a0 jan\u00eb rastet\u00a0 kur drejt\u00ebsia\u00a0 \u00ebsht\u00eb vendosur v\u00ebrtet\u00eb! Luft\u00ebtar\u00ebt\u00a0 e v\u00ebrtet\u00eb Shqip\u00ebtar\u00eb,\u00a0 jan\u00eb akuzu, gjyku dhe\u00a0 d\u00ebnu kryesisht\u00a0 apo edhe plot\u00ebsisht mbi baz\u00eb dhe\u00a0 motiv politik, p\u00ebr gjoja krime\u00a0 lufte a p\u00ebr\u00a0\u00a0 gjoja\u00a0 akte terroriste\u00a0 t\u00eb\u00a0 veteran\u00ebve t\u00eb Luftrave \u00c7lirimtare Shqip\u00ebtare, t\u00eb\u00a0 ndjekur\u00a0 nga\u00a0\u00a0 regjimet\u00a0 okupatore\u00a0 t\u00eb Serbis\u00eb\u00a0 mbi Lugin\u00eb t\u00eb Preshev\u00ebs apo\u00a0 mbi\u00a0 Ilirid\u00eb( Maqedoni), t\u00eb\u00a0 cil\u00ebt jan\u00eb\u00a0 strehuar\u00a0 si refugjat\u00eb\u00a0 politik\u00a0 n\u00eb Republik\u00eb t\u00eb Kosov\u00ebs, por q\u00eb\u00a0 sipas shteteve\u00a0 okupuese( Serbis\u00eb dhe\u00a0 Maqedonis\u00eb),\u00a0 t\u00eb q\u00ebndruarit\u00a0 e\u00a0 k\u00ebtyre\u00a0 \u201c terrorist\u00ebve\u201d( si\u00e7\u00a0 k\u00ebta i em\u00ebrtojn\u00eb), n\u00eb\u00a0 k\u00ebt\u00eb\u00a0 vend( n\u00eb Republik\u00eb t\u00eb Kosov\u00ebs),\u00a0 paraqet\u00a0 rrezik\u00a0 p\u00ebr ta, sepse\u00a0 n\u00eb \u00e7do koh\u00eb\u00a0 mund t\u00eb\u00a0 kthehen\u00a0 si ushtar n\u00eb\u00a0 vendlindjen\u00a0 e tyre!<\/p>\n<p>Kategoria e dyt\u00eb: realisht\u00a0 nj\u00eb\u00a0 pjes\u00eb\u00a0 e\u00a0 tyre, n\u00eb\u00a0 burgjet\u00a0 e Republik\u00ebs s\u00eb\u00a0 Kosov\u00ebs, jan\u00eb\u00a0 d\u00ebnuar\u00a0 me\u00a0 porosi t\u00eb\u00a0 Serbis\u00eb ( Sh\u00ebrbimeve\u00a0 t\u00eb saj\u00a0 sekrete), p\u00ebrmes\u00a0\u00a0 kryesisht\u00a0 UNMIK-ut apo edhe\u00a0 Fraksionit\u00a0 politiko-kriminal t\u00eb EULEX-it, p\u00ebr t\u00eb\u00a0 kryer\u00a0 disa\u00a0 detyra t\u00eb\u00a0 cilat\u00a0\u00a0 praktikisht\u00a0\u00a0 jan\u00eb\u00a0 duke\u00a0 i kryer! Kjo\u00a0 \u00ebsht\u00eb\u00a0 e\u00a0 njohur sidomos\u00a0 me nj\u00eb\u00a0 grup, q\u00eb\u00a0 edhe\u00a0 Qeveria e\u00a0 Kosov\u00ebs, me rastin e\u00a0 arrestimit t\u00eb\u00a0 tyre\u00a0 e kishte\u00a0 identifikuar\u00a0 si \u201cagjent\u00eb\u00a0 t\u00eb Serbis\u00eb\u201d q\u00eb ishin\u00a0 vehabist! Pra,\u00a0 brenda\u00a0 kategoris\u00eb\u00a0 s\u00eb gjoja\u00a0 \u201cLuft\u00ebtar\u00ebve Shqip\u00ebtar\u201d t\u00eb\u00a0 akuzuar, gjykuar, paraburgosur, d\u00ebnuar a burgosur p\u00ebr terroriz\u00ebm, jan\u00eb p\u00ebrfshi edhe\u00a0 Agjent\u00ebt\u00a0 e Serbis\u00eb,\u00a0 t\u00eb cil\u00ebt\u00a0 kan\u00eb\u00a0 detyra t\u00eb caktuara\u00a0 n\u00ebp\u00ebr\u00a0 keto\u00a0 burgje\u00a0 t\u00eb Republik\u00ebs s\u00eb Kosov\u00ebs!<\/p>\n<p><strong>\u00a0\u00a0\u00a0\u00a0\u00a0\u00a0\u00a0\u00a0\u00a0\u00a0\u00a0\u00a0\u00a0\u00a0\u00a0 <\/strong>Pa trajtu k\u00ebtu m\u00eb\u00a0 shum\u00eb akuzat, gjykimin dh\u00eb\u00a0 d\u00ebnimin\u00a0 e Luft\u00ebtar\u00ebve t\u00eb v\u00ebrtet\u00eb\u00a0 Shqip\u00ebtar dhe\u00a0 t\u00eb\u00a0 agjent\u00ebve\u00a0 t\u00eb Serbis\u00eb t\u00eb\u00a0\u00a0 future gjoja si \u201cLuft\u00ebtar\u00eb Shqip\u00ebtar\u201d, por\u00a0 me theks do trajtohet\u00a0 vet\u00ebm\u00a0 mbajtja\u00a0 e tyre\u00a0 n\u00eb paraburgim dhe\u00a0 burgim, n\u00ebp\u00ebr\u00a0 burgjet e\u00a0 Republik\u00ebs s\u00eb Kosov\u00ebs!<\/p>\n<p>Edhe pse\u00a0 n\u00eb\u00a0 vazhdim\u00ebsi gjat\u00eb\u00a0 mbajtjes time\u00a0 n\u00eb k\u00ebto burgje, kam k\u00ebrkuar q\u00eb t\u00eb\u00a0 b\u00ebhet\u00a0 trajtimi i duhur\u00a0 ligjor dhe n\u00eb pajtim me praktikat\u00a0 e vendeve t\u00eb tjera, mir\u00ebpo kjo \u00ebsht\u00eb\u00a0\u00a0 mohuar!<\/p>\n<p>Pas nj\u00eb hulumtimi t\u00eb thelluar, pas shum\u00eb\u00a0 k\u00ebrkesash me shkrim dhe gojarisht, pas informimit nga\u00a0 t\u00eb\u00a0 d\u00ebnuar\u00a0 edhe t\u00eb tjer\u00eb t\u00eb k\u00ebtyre\u00a0 kategorive( Luft\u00ebtar\u00ebve \u00a0t\u00eb v\u00ebrtet\u00eb Shqip\u00ebtar dhe\u00a0 kategoris\u00eb s\u00eb gjoja\u00a0 \u201cLuft\u00ebtar\u00ebve\u00a0 Shqip\u00ebtar\u201d- agjent\u00ebve\u00a0 t\u00eb\u00a0 Serbis\u00eb, t\u00eb\u00a0 cil\u00ebt\u00a0 vepronin\u00a0 n\u00eb\u00a0 k\u00ebto\u00a0 Institucione Korrektuese), kam ardhur n\u00eb\u00a0 p\u00ebrfundim q\u00eb, kjo \u00ebsht\u00eb\u00a0 mir\u00eb e\u00a0 planifikuar, e\u00a0 q\u00ebllimshme p\u00ebr t\u00eb\u00a0 arritur\u00a0 disa efekte!\u00a0 Efektet\u00a0 q\u00eb\u00a0 duan\u00a0 t\u2019i arrijn\u00eb\u00a0 ndaj Luft\u00ebtar\u00ebv\u00eb t\u00eb v\u00ebrtet\u00eb\u00a0 Shqip\u00ebtar dallojn\u00eb\u00a0 nga\u00a0 efektet q\u00eb duan t\u2019i arrijn\u00eb\u00a0 perms gjoja \u201cLuft\u00ebr\u00ebve\u00a0 Shqip\u00ebtar\u00eb\u201d- agjent\u00ebve t\u00eb Serbis\u00eb!<\/p>\n<p><strong><em>Efektet\u00a0 q\u00eb duan\u00a0 t\u2019i arrijn\u00eb\u00a0 ndaj\u00a0 Luft\u00ebtar\u00ebve\u00a0 t\u00eb\u00a0 v\u00ebrtet\u00eb\u00a0 Shqip\u00ebtar<\/em><\/strong>, qoft\u00eb\u00a0 t\u00eb\u00a0 d\u00ebnuar\u00a0 p\u00ebr\u00a0\u00a0 veprat penale gjoja\u00a0 p\u00ebr krime\u00a0 lufte\u00a0 apo\u00a0 gjoja\u00a0 p\u00ebr\u00a0\u00a0 terroriz\u00ebm( kund\u00ebr\u00a0 institucioneve\u00a0 t\u00eb shteteve\u00a0 okupuese t\u00eb Serbis\u00eb, akte t\u00eb\u00a0 kryera\u00a0 n\u00eb Lugin\u00eb t\u00eb Preshev\u00ebs, apo kund\u00ebr\u00a0 Maqedonis\u00eb t\u00eb kryera\u00a0 n\u00eb\u00a0 Ilirid\u00eb), jan\u00eb: <strong><em>torturimi psiqik<\/em><\/strong>, <strong><em>mos dh\u00ebnija\u00a0 e asnj\u00eb\u00a0 beneficioni ligjor, vendosja\u00a0 sidomos\u00a0 n\u00eb\u00a0 vende\u00a0 ku\u00a0 do torturohet psiqikisht madje edhe\u00a0 fizikisht\u00a0 nga\u00a0 stafi por edhe nga\u00a0 t\u00eb burgosur\u00a0 t\u00eb tjer\u00eb ordiner dhe\u00a0 dekurajimi-d\u00ebshp\u00ebrimi nga\u00a0 shteti yn<\/em><\/strong>( Republika e Kosov\u00ebs)!<\/p>\n<p>Q\u00ebllimi i fundit \u00ebsht\u00eb\u00a0 dekurajimi-d\u00ebshp\u00ebrimi i\u00a0 Luft\u00ebtarit t\u00eb v\u00ebrtet\u00eb\u00a0 Shqip\u00ebtar, familjes s\u00eb tij, rrethit-shoq\u00ebris\u00eb s\u00eb tij por edhe\u00a0 n\u00eb t\u00ebr\u00ebsi t\u00eb Kombit ton\u00eb Shqip\u00ebtar! Andaj\u00a0 Interes p\u00ebr trajtim t\u00eb till\u00eb, ka vet\u00ebm Serbia dhe\u00a0 vendet dashakeqe p\u00ebr Shqip\u00ebtar\u00ebt!<\/p>\n<p>Praktika penitensiare e\u00a0 rajonit e m\u00eb gjer\u00eb, madje edhe\u00a0 vet\u00eb\u00a0 Serbia n\u00eb jo pak raste\u00a0\u00a0 t\u00eb burgosurit\u00a0 politik\u00a0 Shqip\u00ebtar i mbante t\u00eb ndar\u00eb, pos n\u00eb rastet\u00a0 tjera kur i mbante\u00a0 me kriminel\u00eb ordiner\u00eb p\u00ebr t\u00eb shkaktu dhun\u00eb psiqike dhe fizike\u00a0 kund\u00ebr tyre!<\/p>\n<p>Torturimi psiqik, \u00ebsht\u00eb\u00a0 trajtimi m\u00eb\u00a0 brutal\u00a0 q\u00eb i b\u00ebhet\u00a0 \u00e7donj\u00ebrit Luft\u00ebtar\u00eb\u00a0 t\u00eb v\u00ebrtet\u00eb\u00a0 Shqip\u00ebtar, n\u00eb format: mbajtja\u00a0 n\u00eb dhom\u00eb\u00a0 apo n\u00eb krah t\u00eb pavionit\u00a0 a n\u00eb pavion t\u00eb njejt\u00eb\u00a0\u00a0 me\u00a0 t\u00eb\u00a0 paraburgosur\u00a0 a burgosur\u00a0 q\u00eb absolutisht\u00a0\u00a0 nuk do duheshin t\u00eb q\u00ebndronin\u00a0 bashk\u00eb; mbajtja\u00a0 me t\u00eb\u00a0 burgosurit\u00a0 m\u00eb t\u00eb urryer; mbajtja\u00a0 me t\u00eb burgosur m\u00eb problematik;\u00a0 me t\u00eb\u00a0 s\u00ebmur\u00eb\u00a0 psiqik dhe\u00a0\u00a0 t\u00eb s\u00ebmur\u00eb me s\u00ebmundje\u00a0 ngjit\u00ebse a edhe s\u00ebmundje tjera; mbajtja\u00a0 n\u00eb\u00a0 pavione a krah pavioni ku sh\u00ebrbejn\u00eb\u00a0 gardian\u00ebt\u00a0 m\u00eb\u00a0 problematik apo q\u00eb\u00a0 jan\u00eb\u00a0\u00a0 partizan t\u00eb nj\u00eb partie\u00a0 kund\u00ebrshtare t\u00eb\u00a0 Vlerave\u00a0 t\u00eb Luft\u00ebs; pastaj\u00a0 krah pavioni a pavion me kushte tejet t\u00eb k\u00ebqija higjienike; krah pavioni a pavion me zhurm\u00eb t\u00eb madhe etj!<\/p>\n<p>Mos dh\u00ebnija\u00a0 e asnj\u00eb\u00a0 beneficioni ligjor, n\u00ebn\u00a0 arsyetime t\u00eb\u00a0 ndryshme\u00a0 e sidomos q\u00eb nuk\u00a0 i\u2019a lejon UNMIK a EULEX. Beneficionet si: pako ushqimore i kufizohen; p\u00ebrmbajtja\u00a0 e pakove\u00a0 ushqimore i kufizohet; sendet q\u00eb mund t\u2019i mbaj\u00a0 n\u00eb dhom\u00eb(\u00a0 sidomos DVD, CD, librat etj); pushimi jasht\u00eb Institucionit( koha e fitimit t\u00eb k\u00ebtij\u00a0 benefiti por edhe\u00a0 numri i dit\u00ebve brenda nj\u00eb pushimi dhe brenda nj\u00eb viti!); vizitat;\u00a0 avansimi etj!<\/p>\n<p>Vendosja\u00a0 sidomos\u00a0 n\u00eb\u00a0 vende\u00a0 ku\u00a0 do torturohet psiqikisht( q\u00eb e thash\u00eb m\u00eb sip\u00ebr) madje edhe\u00a0 fizikisht\u00a0 nga\u00a0 stafi por edhe nga\u00a0 t\u00eb burgosur\u00a0 t\u00eb tjer\u00eb ordiner dhe\u00a0 dekurajimi-d\u00ebshp\u00ebrimi nga\u00a0 shteti yn( Republika e Kosov\u00ebs). Torturimi fizik sidomos\u00a0\u00a0 ndodhja\u00a0 e problemeve: rrahjeve me\u00a0 t\u00eb\u00a0 burgosur\u00a0\u00a0 ordiner\u00eb, por edhe nga\u00a0 stafi i cili ka armiq\u00ebsi\u00a0 personale apo edhe\u00a0 q\u00eb ka armiq\u00ebsi kund\u00ebr Vlerave t\u00eb Luft\u00ebs!<\/p>\n<p>&nbsp;<\/p>\n<p><strong><em>Nd\u00ebrsa\u00a0 efektet q\u00eb duan\u00a0 Serbia( sidomos), q\u00eb t\u2019i arrij\u00eb p\u00ebrmes \u201cLuft\u00ebtar\u00ebve Shqip\u00ebtar\u00eb\u201d-agjent\u00ebve t\u00eb Serbis\u00eb, jan\u00eb: propagandimi islamiko-vehabist; radikalizimi, ekstremizimi dhe\u00a0 pastaj rekrutimi, organizimi n\u00eb\u00a0 organizata-grupe terroriste; sabotimi dhe armiq\u00ebsimi ndaj Institucioneve\u00a0 t\u00eb Republik\u00ebs s\u00eb Kosov\u00ebs; krijimi i potencialit shp\u00ebrthyes- pasiguri p\u00ebr\u00a0 Institucionet\u00a0 e Republik\u00ebs s\u00eb Kosov\u00ebs <\/em><\/strong>etj!<\/p>\n<p>Q\u00ebllimi final\u00a0 \u00ebsht\u00eb\u00a0 q\u00eb Serbia p\u00ebrmes\u00a0 k\u00ebtyre\u00a0 personave t\u00eb arrij\u00eb objektivat\u00a0 e saj\u00a0 politike, krijimin e\u00a0 organizatave\u00a0\u00a0 terroriste\u00a0 islamike q\u00eb do vepronin edhe kund\u00ebr Republik\u00ebs s\u00eb Kosov\u00ebs, q\u00eb do\u00a0 d\u00ebmtonin Interesin Komb\u00ebtar Shqip\u00ebtar, q\u00eb\u00a0 do\u00a0 humbnin\u00a0 p\u00ebrkrahjen\u00a0 nd\u00ebrkomb\u00ebtare\u00a0 p\u00ebr Republik\u00ebn e Kosov\u00ebs sidomos\u00a0\u00a0 tentojn\u00eb n\u00eb\u00a0 d\u00ebmtimin e Aleanc\u00ebs s\u00eb Shqip\u00ebtar\u00ebve\u00a0 me SHBA-t\u00eb etj etj!<\/p>\n<p>Propagandimi islamiko-vehabist q\u00eb brenda\u00a0 k\u00ebtyre\u00a0 Institucioneve\u00a0 korrektuese ku jan\u00eb t\u00eb burgosurit\u00a0 oridiner\u00eb, e t\u00eb cil\u00ebt\u00a0 leht\u00ebsisht\u00a0 kalojn\u00eb-ndikohen nga\u00a0 propaganda t\u00eb tilla p\u00ebr shum\u00eb\u00a0 q\u00ebllime dhe arsye! Drejtimi i nj\u00eb\u00a0 krimineli ordiner n\u00eb \u201crrug\u00ebn\u00a0 e allahut\u201d mund t\u00eb\u00a0 duket\u00a0 fillimisht\u00a0 si jo i rreziksh\u00ebm, por\u00a0 kjo pastaj\u00a0 prodhon\u00a0 ekstremiz\u00ebm si\u00e7 u pa tashm\u00eb\u00a0 q\u00eb\u00a0 shumica\u00a0 e\u00a0 terrorist\u00ebve\u00a0 islamik kan\u00eb t\u00eb kaluar t\u00eb err\u00ebt\u00a0 kriminale!<\/p>\n<p>Radikalizimi, ekstremizimi dhe\u00a0 pastaj rekrutimi, organizimi n\u00eb\u00a0 organizata-grupe terroriste, si\u00e7 edhe ngjau sidomos\u00a0 n\u00eb Qendr\u00ebn Korrektuese n\u00eb Dubrav\u00eb, q\u00eb t\u00eb gjith\u00eb\u00a0 kriminel\u00eb\u00a0 ordiner,\u00a0 u b\u00ebn\u00eb<\/p>\n<p>Sabotimi\u00a0 dhe armiq\u00ebsimi ndaj Institucioneve\u00a0 t\u00eb Republik\u00ebs s\u00eb Kosov\u00ebs, sidomos nga\u00a0 kategorit\u00eb\u00a0\u00a0 e margjinalizuara, me nivel t\u00eb ul\u00ebt\u00a0 njer\u00ebzor, shkollimi, emancipimi, kulture dhe\u00a0 statusi social, sidomos p\u00ebrmes\u00a0 ekstremizmit\u00a0 fetar islamik-vehabist!<\/p>\n<p>Krijimi i potencialit shp\u00ebrthyes- pasiguri p\u00ebr\u00a0 Institucionet\u00a0 e Republik\u00ebs s\u00eb Kosov\u00ebs, me\u00a0 q\u00ebllim t\u00eb\u00a0\u00a0 mbetjes si shtet jofunksional, i dob\u00ebt n\u00eb \u00e7do aspekt, q\u00eb n\u00eb k\u00ebt\u00eb\u00a0 m\u00ebnyr\u00eb t\u00eb\u00a0 mos paraqes\u00eb penges\u00eb p\u00ebr\u00a0\u00a0 Serbis\u00eb, karshi Kosov\u00ebs, Lugin\u00ebs s\u00eb Preshev\u00ebs, por edhe m\u00eb shum\u00eb etj!<\/p>\n<p><strong>\u00a0<\/strong><\/p>\n<p>Andaj mbajtja\u00a0 e t\u00eb\u00a0 burgosurve dhe paraburgosurve\u00a0 t\u00eb till\u00eb e ndar\u00eb nga\u00a0 kriminel\u00ebt\u00a0 ordiner\u00eb ka\u00a0 arsye t\u00eb\u00a0 q\u00ebndrueshme!<\/p>\n<p>Luft\u00ebtar\u00ebt e\u00a0 v\u00ebrtet\u00eb\u00a0 Shqip\u00ebtar\u00eb\u00a0 duhet t\u00eb mbahen t\u00eb ndar\u00eb nga kriminel\u00ebt\u00a0 ordiner\u00eb, q\u00eb\u00a0 mos torturohen psiqikisht dhe fizikisht nga\u00a0\u00a0 t\u00eb\u00a0 burgosurit ordiner\u00eb dhe\u00a0 stafi i pand\u00ebrgjegjsh\u00ebm dhe\u00a0 burgimi ndaj tyre\u00a0 t\u00eb\u00a0 mos ket\u00eb premisa terrori( t\u00eb dekurajimit dhe d\u00ebshp\u00ebrimit)!<\/p>\n<p>Kurse \u201cLuft\u00ebtar\u00ebt\u00a0 shqip\u00ebtar\u201d-agjent\u00ebt\u00a0 e Serbis\u00eb, t\u00eb cil\u00ebt\u00a0 propagandojn\u00eb , radikalizojn\u00eb, ekstremizojn\u00eb dhe organizojn\u00eb e\u00a0 rekrutojn\u00eb\u00a0 kriminel\u00ebt\u00a0 ordiner\u00eb si\u00a0 terrorist\u00a0 islamik, t\u00eb\u00a0 izolohen nga\u00a0\u00a0 t\u00eb till\u00ebt! Q\u00eb mos t\u00eb\u00a0 arrijn\u00eb\u00a0 t\u00eb\u00a0 paraqesin rrezik p\u00ebr\u00a0 Vendin dhe Kombin ton\u00eb si drejt\u00ebp\u00ebrdrejt\u00a0 prej\u00a0 tyre, apo edhe p\u00ebrmes\u00a0\u00a0 tyre\u00a0 nga\u00a0 Serbia! Izolimin e\u00a0 k\u00ebtyre eksponent\u00ebve\u00a0 tashm\u00eb\u00a0 shumica e\u00a0 vendeve\u00a0 t\u00eb\u00a0\u00a0 Per\u00ebndimit dhe SHBA-s\u00eb\u00a0 e kan\u00eb\u00a0 n\u00eb\u00a0 zbatim!<\/p>\n<p><strong>\u00a0<\/strong><\/p>\n<p><strong>\u00a0<\/strong><\/p>\n<p><strong>\u00a0<\/strong><\/p>\n<p><strong>\u00a0<\/strong><\/p>\n<p>&nbsp;<\/p>\n<p>M\u00eb:20 korrik 2017<\/p>\n","protected":false},"excerpt":{"rendered":"<p>Nga Skender Jashari Gjat\u00eb q\u00ebndrimit tim prej\u00a0 16 tetor 2012 deri m\u00eb 31 qershor 2016, n\u00eb\u00a0 burgjet\u00a0 e Republik\u00ebs s\u00eb Kosov\u00ebs si i burgosur\u00a0 politik, i\u00a0\u00a0 arrestuar, akuzuar, gjykuar dhe\u00a0 d\u00ebnuar politikisht\u00a0\u00a0 p\u00ebrmes\u00a0 Fraksionit politiko-kriminal t\u00eb EULEX-it, me\u00a0 porosi\u00a0 dhe\u00a0 shantazhim t\u00eb\u00a0\u00a0 Serbis\u00eb( drejtuar\u00a0 k\u00ebtij\u00a0 Fraksioni t\u00eb\u00a0<\/p>\n","protected":false},"author":1,"featured_media":0,"comment_status":"open","ping_status":"open","sticky":false,"template":"","format":"standard","meta":{"footnotes":""},"categories":[3],"tags":[],"class_list":["post-6716","post","type-post","status-publish","format-standard","hentry","category-politike"],"_links":{"self":[{"href":"https:\/\/revistakuvendi.org\/index.php?rest_route=\/wp\/v2\/posts\/6716","targetHints":{"allow":["GET"]}}],"collection":[{"href":"https:\/\/revistakuvendi.org\/index.php?rest_route=\/wp\/v2\/posts"}],"about":[{"href":"https:\/\/revistakuvendi.org\/index.php?rest_route=\/wp\/v2\/types\/post"}],"author":[{"embeddable":true,"href":"https:\/\/revistakuvendi.org\/index.php?rest_route=\/wp\/v2\/users\/1"}],"replies":[{"embeddable":true,"href":"https:\/\/revistakuvendi.org\/index.php?rest_route=%2Fwp%2Fv2%2Fcomments&post=6716"}],"version-history":[{"count":1,"href":"https:\/\/revistakuvendi.org\/index.php?rest_route=\/wp\/v2\/posts\/6716\/revisions"}],"predecessor-version":[{"id":6717,"href":"https:\/\/revistakuvendi.org\/index.php?rest_route=\/wp\/v2\/posts\/6716\/revisions\/6717"}],"wp:attachment":[{"href":"https:\/\/revistakuvendi.org\/index.php?rest_route=%2Fwp%2Fv2%2Fmedia&parent=6716"}],"wp:term":[{"taxonomy":"category","embeddable":true,"href":"https:\/\/revistakuvendi.org\/index.php?rest_route=%2Fwp%2Fv2%2Fcategories&post=6716"},{"taxonomy":"post_tag","embeddable":true,"href":"https:\/\/revistakuvendi.org\/index.php?rest_route=%2Fwp%2Fv2%2Ftags&post=6716"}],"curies":[{"name":"wp","href":"https:\/\/api.w.org\/{rel}","templated":true}]}}