{"id":6703,"date":"2017-07-05T13:40:55","date_gmt":"2017-07-05T13:40:55","guid":{"rendered":"http:\/\/revistakuvendi.org\/?p=6703"},"modified":"2017-07-05T13:40:55","modified_gmt":"2017-07-05T13:40:55","slug":"edhe-ti-prec-reagim","status":"publish","type":"post","link":"https:\/\/revistakuvendi.org\/?p=6703","title":{"rendered":"Edhe ti Pre\u00e7?! (Reagim)"},"content":{"rendered":"<p><strong><a href=\"http:\/\/revistakuvendi.org\/wp-content\/uploads\/2017\/07\/ALBINA-DEDA7.png\" rel=\"attachment wp-att-6704\"><img loading=\"lazy\" decoding=\"async\" class=\"alignleft size-medium wp-image-6704\" src=\"http:\/\/revistakuvendi.org\/wp-content\/uploads\/2017\/07\/ALBINA-DEDA7-225x300.png\" alt=\"ALBINA DEDA7\" width=\"225\" height=\"300\" srcset=\"https:\/\/revistakuvendi.org\/wp-content\/uploads\/2017\/07\/ALBINA-DEDA7-225x300.png 225w, https:\/\/revistakuvendi.org\/wp-content\/uploads\/2017\/07\/ALBINA-DEDA7.png 235w\" sizes=\"auto, (max-width: 225px) 100vw, 225px\" \/><\/a>Albina Deda Gjoci, deputete<\/strong><\/p>\n<p>&nbsp;<\/p>\n<p>Prej kohesh kam demonstruar qendrimin tim qytetare si demokrate kunder zerave brenda PD-se qe mllefuan pa pushim kunder lidershipit Basha duke shfrytezuar nje kontekst politik e njerezor i cili i ka sjelle jo pak kosto forces politike ku me deshire e idealizem kemi aderuar.<!--more--><\/p>\n<p>Koha e faktet po konfirmojne se ulerimat ne emer te demokracise te grupit anti-Basha jane kopje shemtire te koheve te lashta te herezise.<\/p>\n<p>Por \u00e7udia qe me se pakti me \u00e7udit eshte reagimi i sotem po aq prevers e kontravers i Pre\u00e7 Zogajt i cili u rrjeshtua me ane te sofizmave te tij antianalitik kunder z.Basha.<\/p>\n<p>Kjo ne malesi nuk eshte ve\u00e7 paburrni por thjesht fare tradheti.<\/p>\n<p>Zogaj me perdredhjet e tij 25 vjecare ne fakt ka deshmuar se i mungon shtylla kurrizore si njeri, politikan, analist e politolog.<\/p>\n<p>Ai sa here zhagitet e jargitet per pushtet ne mungese te doktrines qe duhet te kete nje personalitet.<\/p>\n<p>z.Basha e nominoji ate ne listen e qarkut Lezhe ne nje vend jo pak te lakmueshem per nje njeri me ideal te qendrueshem.<\/p>\n<p>Une dhe gjithe demokratet natyrisht e njihnim por i beme fushate por vete personaliteti i tij i konsumuar e i dyzuar beri qe ai te humbe shansin.<\/p>\n<p>Kjo humbje ka thjesht targen tende Prec Zogaj!<\/p>\n<p>Po ashtu prononcimi jot i sotem dekonspiron,<br \/>\nse karriera e semure dhe aspak refleksioni te riktheu ne PD.<\/p>\n<p>Per te gjithe ne, gjithe demokratet dhe natyrisht edhe per kryetarin Basha ky eshte nje mesim i madh.<\/p>\n<p>Nese do ta perkufizoja kimikisht qendrimin tend or Pre\u00e7 do te perfundoja me nje fjali :&#8221;Riciklimi i te ricikluarve eshte ne kushtet e pamundesise&#8221;.<\/p>\n","protected":false},"excerpt":{"rendered":"<p>Albina Deda Gjoci, deputete &nbsp; Prej kohesh kam demonstruar qendrimin tim qytetare si demokrate kunder zerave brenda PD-se qe mllefuan pa pushim kunder lidershipit Basha duke shfrytezuar nje kontekst politik e njerezor i cili i ka sjelle jo pak kosto forces politike ku me deshire e idealizem kemi aderuar.<\/p>\n","protected":false},"author":1,"featured_media":6704,"comment_status":"open","ping_status":"open","sticky":false,"template":"","format":"standard","meta":{"footnotes":""},"categories":[3],"tags":[],"class_list":["post-6703","post","type-post","status-publish","format-standard","has-post-thumbnail","hentry","category-politike"],"_links":{"self":[{"href":"https:\/\/revistakuvendi.org\/index.php?rest_route=\/wp\/v2\/posts\/6703","targetHints":{"allow":["GET"]}}],"collection":[{"href":"https:\/\/revistakuvendi.org\/index.php?rest_route=\/wp\/v2\/posts"}],"about":[{"href":"https:\/\/revistakuvendi.org\/index.php?rest_route=\/wp\/v2\/types\/post"}],"author":[{"embeddable":true,"href":"https:\/\/revistakuvendi.org\/index.php?rest_route=\/wp\/v2\/users\/1"}],"replies":[{"embeddable":true,"href":"https:\/\/revistakuvendi.org\/index.php?rest_route=%2Fwp%2Fv2%2Fcomments&post=6703"}],"version-history":[{"count":1,"href":"https:\/\/revistakuvendi.org\/index.php?rest_route=\/wp\/v2\/posts\/6703\/revisions"}],"predecessor-version":[{"id":6705,"href":"https:\/\/revistakuvendi.org\/index.php?rest_route=\/wp\/v2\/posts\/6703\/revisions\/6705"}],"wp:featuredmedia":[{"embeddable":true,"href":"https:\/\/revistakuvendi.org\/index.php?rest_route=\/wp\/v2\/media\/6704"}],"wp:attachment":[{"href":"https:\/\/revistakuvendi.org\/index.php?rest_route=%2Fwp%2Fv2%2Fmedia&parent=6703"}],"wp:term":[{"taxonomy":"category","embeddable":true,"href":"https:\/\/revistakuvendi.org\/index.php?rest_route=%2Fwp%2Fv2%2Fcategories&post=6703"},{"taxonomy":"post_tag","embeddable":true,"href":"https:\/\/revistakuvendi.org\/index.php?rest_route=%2Fwp%2Fv2%2Ftags&post=6703"}],"curies":[{"name":"wp","href":"https:\/\/api.w.org\/{rel}","templated":true}]}}