{"id":6699,"date":"2017-07-05T13:37:47","date_gmt":"2017-07-05T13:37:47","guid":{"rendered":"http:\/\/revistakuvendi.org\/?p=6699"},"modified":"2017-07-05T13:37:47","modified_gmt":"2017-07-05T13:37:47","slug":"gara-e-kadeteve","status":"publish","type":"post","link":"https:\/\/revistakuvendi.org\/?p=6699","title":{"rendered":"Gara e kadet\u00ebve"},"content":{"rendered":"<p><strong><a href=\"http:\/\/revistakuvendi.org\/wp-content\/uploads\/2017\/07\/basha-gezim.png\" rel=\"attachment wp-att-6701\"><img loading=\"lazy\" decoding=\"async\" class=\"alignleft size-full wp-image-6701\" src=\"http:\/\/revistakuvendi.org\/wp-content\/uploads\/2017\/07\/basha-gezim.png\" alt=\"basha gezim\" width=\"223\" height=\"224\" srcset=\"https:\/\/revistakuvendi.org\/wp-content\/uploads\/2017\/07\/basha-gezim.png 223w, https:\/\/revistakuvendi.org\/wp-content\/uploads\/2017\/07\/basha-gezim-150x150.png 150w, https:\/\/revistakuvendi.org\/wp-content\/uploads\/2017\/07\/basha-gezim-50x50.png 50w\" sizes=\"auto, (max-width: 223px) 100vw, 223px\" \/><\/a>Nga G\u00ebzim Basha*<\/strong><\/p>\n<p><strong>Editor i Revistes Kuvendi<\/strong><\/p>\n<ol>\n<li>Grupimi kund\u00ebr Lulzim Bash\u00ebs, t\u00eb shokuar nga mbyllja e beft\u00eb e misionit t\u00eb tyre n\u00eb PD, refuzon ta kuptoj\u00eb se \u00e7do fillim ka nj\u00eb fund. Kiameti i tyre personal nuk \u00ebsht\u00eb kataklizm\u00eb p\u00ebr PD-n\u00eb nga q\u00eb, kudo dhe koh\u00eb pas kohe, elitat nd\u00ebrrohen p\u00ebrmes nj\u00eb procesi cerebral, kryesisht nga lart, pa elegji, dhe m\u00eb shpesh pa lavdi! Ky \u00ebsht\u00eb tagri, pavar\u00ebsisht mides\u00eb, sepse si\u00e7 na m\u00ebson Aristoteli, \u201cPolitika nuk \u00ebsht\u00eb profesion por vokacion.\u201d Mund t\u00eb aktivizohesh p\u00ebrkoh\u00ebsisht por nj\u00eb dit\u00eb do t\u2019i rikthehesh zejes s\u00eb par\u00eb, n\u00ebse ende e ke nj\u00eb t\u00eb till\u00eb.<\/li>\n<\/ol>\n<p><!--more--><\/p>\n<p>Shum\u00eb prej m\u00ebtonj\u00ebsve p\u00ebr \u201cfron\u201d kryetari, a vend t\u00eb sigurt n\u00eb list\u00eb, ran\u00eb n\u00eb panik sapo zbuluan se ata nuk kan\u00eb tjet\u00ebr zanat p\u00ebrve\u00e7 rolit t\u00eb masovikut populist t\u00eb reduktuar n\u00eb organizim mitingjesh, fushatash elektorale me dhe pa program, apo\u00a0 bindjes pa kushte ndaj nj\u00ebshit. K\u00ebtu nis dhe drama e tyre, ofrojn\u00eb besnik\u00ebri por s\u2019ua do njeri, nuk ka me treg p\u00ebr kinse luajalitetin e tyre!<\/p>\n<p>T\u00eb kota kushtrimet kund\u00ebr \u2018kunatit,\u201d ata e kan\u00eb nga Ati!<\/p>\n<p><a href=\"http:\/\/revistakuvendi.org\/wp-content\/uploads\/2017\/07\/Basha-a.png\" rel=\"attachment wp-att-6700\"><img loading=\"lazy\" decoding=\"async\" class=\"alignleft size-medium wp-image-6700\" src=\"http:\/\/revistakuvendi.org\/wp-content\/uploads\/2017\/07\/Basha-a-300x130.png\" alt=\"Basha a\" width=\"300\" height=\"130\" srcset=\"https:\/\/revistakuvendi.org\/wp-content\/uploads\/2017\/07\/Basha-a-300x130.png 300w, https:\/\/revistakuvendi.org\/wp-content\/uploads\/2017\/07\/Basha-a.png 311w\" sizes=\"auto, (max-width: 300px) 100vw, 300px\" \/><\/a><\/p>\n<p>T\u00eb katapultuar n\u00eb maj\u00eb t\u00eb PD-s\u00eb nga Berisha, jo p\u00ebr merit\u00eb t\u00eb tyre, ata mbeten kadet\u00eb t\u00eb shkoll\u00ebs politiko-ushtarake q\u00eb mban emrin e ish-kryetarit, me trajnim baz\u00eb luft\u00ebn e brrylave. Aty, n\u00ebp\u00ebr korridore dhe nevojtore selie, ca me ibrik n\u00eb dor\u00eb, ca pa ibrik fare, filluan t\u00eb \u00ebnd\u00ebrrojn\u00eb karrigen e Atit Politik\u2026U p\u00ebrdor\u00ebn e u sp\u00ebrdor\u00ebn, u b\u00ebn paburr\u00ebrisht buratino duke pritur nj\u00eb vakt q\u00eb s\u2019mb\u00ebrriti kurr\u00eb!<\/p>\n<p>T\u00eb shkretat marioneta!<br \/>\nKa shum\u00eb m\u00ebtonj\u00ebs por vet\u00ebm nj\u00eb fron, kjo \u00ebsht\u00eb \u00e7\u00ebshtja. T\u00eb tjerat jan\u00eb fjal\u00eb\u2026 shum\u00eb fjal\u00eb\u2026. Salut, Shekspir, o (ri)shpik\u00ebs i konflikteve (jo)humane-jo sipas meje por sipas Harold Bloom-it: \u201cG<em>lory to the our light this days! Glorious forever!\u201d<\/em><\/p>\n<p>Nj\u00eb pjes\u00eb, duke qen\u00eb mend\u00ebrisht t\u00eb ngath\u00ebt \u2013 kam parasysh Mustafajin \u2013 jan\u00eb kapur pas statutit, por statuti i nj\u00eb Partie nuk \u00ebsht\u00eb\u00a0 k\u00ebmish\u00eb metalike mbi trup t\u00eb partis\u00eb, lere m\u00eb ark\u00ebmort i konvertuesh\u00ebm n\u00eb bark\u00eb shp\u00ebtimi; statuti \u00ebsht\u00eb vet\u00ebm nj\u00eb klast\u00ebr principesh me synim nxitjen e dinamizmit politik brenda grupimit. Largimi i t\u00eb konsumuarve prej lidershipit, pavar\u00ebsisht si b\u00ebhet, mendoj se do ta atletizoj\u00eb PD-n\u00eb p\u00ebr garat e ardhshme t\u00eb cilat priten t\u00eb ashpra. Largimi i t\u00eb pak\u00ebnaqurve do ta ndaj\u00eb PD-n\u00eb prej nj\u00eb rrethi sektar dhe politikisht t\u00eb atrofizuar, do ta hap\u00eb partine me popullin.<\/p>\n<p>Edhe n\u00ebse Basha do t\u00eb sillej zem\u00ebrgjer\u00eb, shum\u00eb prej tyre do t\u2019i largonte vetingu.<\/p>\n<p>VETINGU\u2026Gongu do t\u00eb bjer\u00eb!<\/p>\n<p>&nbsp;<\/p>\n<p><strong>2.<\/strong>N\u00eb gati tri dekada, p\u00ebr fat t\u00eb keq, PD-ja ka kultivuar harres\u00ebn politike, e ka p\u00ebrdorur amnezin\u00eb si narkoz\u00eb p\u00ebr t\u00eb siguruar bashk\u00ebjetes\u00ebn e t\u00eb njomit me t\u00eb thatin brenda kutis\u00eb s\u00eb madhe t\u00eb Pandor\u00ebs, duke e shtyr\u00eb p\u00ebr n\u00eb kalendar greke hapjen e kapakut.<\/p>\n<p>Le t\u00eb b\u00ebjm\u00eb pak histori, p\u00ebr t\u00eb mos mbetur pa t\u00eb.<\/p>\n<p>Kur n\u00eb vitin 1997 Arben Imami e shnd\u00ebrroi nj\u00eb tank sovjetik n\u00eb tribun\u00eb nga k\u00ebrc\u00ebnoheshin demokrat\u00ebt e jugut, Genc Ruli propozohej nga Fatos Nano n\u00eb postin e Drejtorit Ekonomik t\u00eb Ministris\u00eb s\u00eb Mbrojtjes. Pas shpartallimit t\u00eb turpsh\u00ebm t\u00eb Ushtris\u00eb Shqiptare, po vinte stina e skrapit dhe Ruli, me nuhatjen e tij t\u00eb rrall\u00eb, e ndjente er\u00ebn e pares si pak t\u00eb tjer\u00eb. Sabit Brokaj e refuzoi prer\u00eb kandidatur\u00ebn e Rulit n\u00eb favor t\u00eb Pinarit, por Imami, si shp\u00ebrblim p\u00ebr rebelimin jo dhe aq kushtetues, u b\u00eb ministri socialist i reform\u00ebs kushtetuese!<\/p>\n<p>N\u00eb vitin 2005, Berisha, p\u00ebr shkak t\u00eb urrejtjes ndaj atyre q\u00eb iu gjend\u00ebn pran\u00eb n\u00eb kushtet e debules\u00ebs s\u00eb tij politike, zgjodhi t\u00eb punoj\u00eb me ata q\u00eb iu kund\u00ebrvun\u00eb n\u00eb 1997-n. Arben Imamin e beri shef t\u00eb kabinetit dhe m\u00eb von\u00eb, shi \u00e7far\u00eb ironie, minist\u00ebr t\u00eb Mbrojtjes. Genc Ruli rihyri n\u00eb PD si apendiks i marr\u00ebveshjes Berisha-Nano-Pashko, ku u investua fuqish\u00ebm edhe greko-amerikani, Nicolas Gejxh. Ruli rimori Gjirokastr\u00ebn, ku fal\u00eb instinktit t\u00eb tij t\u00eb pagabuesh\u00ebm p\u00ebr t\u00eb q\u00ebmtuar me dor\u00eb t\u00eb gjitha fund\u00ebrrinat e shoq\u00ebris\u00eb, p\u00ebr 8 vjet b\u00ebri thagm\u00ebn e radh\u00ebs. Me shijen e pagabueshme t\u00eb sekserit, zot\u00ebria n\u00eb fjal\u00eb e mbushi Gjirokastr\u00ebn me drejtor\u00eb-cera, duke e zbritur nivelin e administrat\u00ebs n\u00eb nivele historikisht t\u00eb turpshme. Sot, i linduri politikisht nga sqetulla e kunatit t\u00eb ndjer\u00eb, l\u00ebshon kushtrimin e mjer\u00eb, p\u00ebr t\u00eb qitur jasht\u00eb PD-s\u00eb me kamzhikun e Krishtit nj\u00eb \u201ckunat uzurpator!\u201d \u00c7\u2019ironi ekstreme e maskuar me sharm parabolash biblike!<\/p>\n<p>K\u00ebta dy dallkauk\u00eb ordiner\u00eb, pra Imami dhe Ruli, k\u00ebt\u00eb her\u00eb ndihen \u2013 ndjes\u00eb p\u00ebr shprehjen -krejt t\u00eb dhjer\u00eb ngaq\u00eb nuk ua k\u00ebrkon kush sh\u00ebrbimet. Pa Imamin, Rulin &amp; co, PD-ja mendoj se do t\u00eb g\u00ebzoj\u00eb nj\u00eb rikuperim moral m\u00eb t\u00eb shpejt\u00eb!<\/p>\n<p>Por ka edhe plot t\u00eb tjer\u00eb si Ruli dhe Imami n\u00eb at\u00eb parti.<\/p>\n<p>Jozefina Topalli, p\u00ebr shembull, femra\u00a0<em>machismo-<\/em>perfekte n\u00eb sharlatanizmin e saj-do t\u00eb mbahet mend gjat\u00eb\u00a0 si mendja, historikisht m\u00eb e cek\u00ebt dhe m\u00eb agresive n\u00eb krye t\u00eb Parlamentit shqiptar; epike n\u00eb injoranc\u00ebn e saj, pa pik\u00eb finese mendore apo feminiteti politik, ajo ka kontribut qendror n\u00eb p\u00ebrz\u00ebnien e mjaft figurave premtuese nga lidershipi i PD-s\u00eb. Po p\u00ebrmend vet\u00ebm nj\u00eb, Albina Karamitron, nj\u00eb ekonomiste e mpreht\u00eb dhe nd\u00ebr mendjet m\u00eb brilante q\u00eb ka kap\u00ebrcyer ndonj\u00ebher\u00eb pragun e PD-s\u00eb. Lista \u00ebsht\u00eb e gjat\u00eb\u2026<\/p>\n<p>&nbsp;<\/p>\n<ol start=\"3\">\n<li>Me kushtrimin plot pezm p\u00ebr nd\u00ebrsim militant\u00ebsh p\u00ebr t\u00eb nxjerr\u00eb \u201ckunatin\u201d nga tempulli, Ruli k\u00ebrkon t\u2019i nxjerr\u00eb g\u00ebshtenjat nga zjarri me duart e t\u00eb tjer\u00ebve. Jo pa intuit\u00eb e dinak\u00ebri politike, ai nuk e ka m\u00eb \u201ckunatin\u201d por me Atin \u2013 lexo autoritetin \u2013 me Sali Berish\u00ebn, p\u00ebrpara t\u00eb cilit i bie pika. Kavies s\u00eb denj\u00eb p\u00ebr Dr. Frojdin, nuk i shkon kamzhiku i Krishtit por konopi i Jud\u00ebs.<\/li>\n<\/ol>\n<p>Me kadet\u00ebt e pak\u00ebnaqur, PD-ja nuk humbet asnj\u00eb aset, p\u00ebrkundrazi p\u00ebrshpejton rikuperimin e saj moral. Ka ende koh\u00eb\u2026<\/p>\n<p>\u2026Ndoshta!<\/p>\n<p>&nbsp;<\/p>\n<p><strong><em>*Ish-korrespondent i VOA-s, aktualisht pedagog i Let\u00ebrsis\u00eb dhe Shkrimit Kreativ<br \/>\nMilwaukee, Wisconsin, SHBA<\/em><\/strong><\/p>\n","protected":false},"excerpt":{"rendered":"<p>Nga G\u00ebzim Basha* Editor i Revistes Kuvendi Grupimi kund\u00ebr Lulzim Bash\u00ebs, t\u00eb shokuar nga mbyllja e beft\u00eb e misionit t\u00eb tyre n\u00eb PD, refuzon ta kuptoj\u00eb se \u00e7do fillim ka nj\u00eb fund. Kiameti i tyre personal nuk \u00ebsht\u00eb kataklizm\u00eb p\u00ebr PD-n\u00eb nga q\u00eb, kudo dhe koh\u00eb pas kohe, elitat nd\u00ebrrohen p\u00ebrmes nj\u00eb procesi cerebral, kryesisht&hellip;<\/p>\n","protected":false},"author":1,"featured_media":6700,"comment_status":"open","ping_status":"open","sticky":false,"template":"","format":"standard","meta":{"footnotes":""},"categories":[3],"tags":[],"class_list":["post-6699","post","type-post","status-publish","format-standard","has-post-thumbnail","hentry","category-politike"],"_links":{"self":[{"href":"https:\/\/revistakuvendi.org\/index.php?rest_route=\/wp\/v2\/posts\/6699","targetHints":{"allow":["GET"]}}],"collection":[{"href":"https:\/\/revistakuvendi.org\/index.php?rest_route=\/wp\/v2\/posts"}],"about":[{"href":"https:\/\/revistakuvendi.org\/index.php?rest_route=\/wp\/v2\/types\/post"}],"author":[{"embeddable":true,"href":"https:\/\/revistakuvendi.org\/index.php?rest_route=\/wp\/v2\/users\/1"}],"replies":[{"embeddable":true,"href":"https:\/\/revistakuvendi.org\/index.php?rest_route=%2Fwp%2Fv2%2Fcomments&post=6699"}],"version-history":[{"count":1,"href":"https:\/\/revistakuvendi.org\/index.php?rest_route=\/wp\/v2\/posts\/6699\/revisions"}],"predecessor-version":[{"id":6702,"href":"https:\/\/revistakuvendi.org\/index.php?rest_route=\/wp\/v2\/posts\/6699\/revisions\/6702"}],"wp:featuredmedia":[{"embeddable":true,"href":"https:\/\/revistakuvendi.org\/index.php?rest_route=\/wp\/v2\/media\/6700"}],"wp:attachment":[{"href":"https:\/\/revistakuvendi.org\/index.php?rest_route=%2Fwp%2Fv2%2Fmedia&parent=6699"}],"wp:term":[{"taxonomy":"category","embeddable":true,"href":"https:\/\/revistakuvendi.org\/index.php?rest_route=%2Fwp%2Fv2%2Fcategories&post=6699"},{"taxonomy":"post_tag","embeddable":true,"href":"https:\/\/revistakuvendi.org\/index.php?rest_route=%2Fwp%2Fv2%2Ftags&post=6699"}],"curies":[{"name":"wp","href":"https:\/\/api.w.org\/{rel}","templated":true}]}}