{"id":64,"date":"2012-03-04T12:18:17","date_gmt":"2012-03-04T12:18:17","guid":{"rendered":"http:\/\/revistakuvendi.org\/?p=64"},"modified":"2012-03-05T02:31:04","modified_gmt":"2012-03-05T02:31:04","slug":"une-e-shoh-unitetin-ne-dallime","status":"publish","type":"post","link":"https:\/\/revistakuvendi.org\/?p=64","title":{"rendered":"Une e shoh unitetin ne dallime"},"content":{"rendered":"<p><strong>Un\u00eb e shoh unitetin n\u00eb dalllime <\/strong><\/p>\n<p><strong>Bised\u00eb me politikanen dhe artisten kosovare, Blerta Deliu<\/strong><\/p>\n<p>&nbsp;<\/p>\n<p><a href=\"http:\/\/revistakuvendi.org\/wp-content\/uploads\/2012\/03\/Blerta-Deliu-13.jpg\"><img loading=\"lazy\" decoding=\"async\" class=\"alignleft size-medium wp-image-98\" title=\"Blerta Deliu 1\" src=\"http:\/\/revistakuvendi.org\/wp-content\/uploads\/2012\/03\/Blerta-Deliu-13-200x300.jpg\" alt=\"\" width=\"200\" height=\"300\" srcset=\"https:\/\/revistakuvendi.org\/wp-content\/uploads\/2012\/03\/Blerta-Deliu-13-200x300.jpg 200w, https:\/\/revistakuvendi.org\/wp-content\/uploads\/2012\/03\/Blerta-Deliu-13.jpg 480w\" sizes=\"auto, (max-width: 200px) 100vw, 200px\" \/><\/a><\/p>\n<p>&nbsp;<\/p>\n<p>&nbsp;<\/p>\n<p>&nbsp;<\/p>\n<p>&nbsp;<\/p>\n<p>&nbsp;<\/p>\n<p>&nbsp;<\/p>\n<p>&nbsp;<\/p>\n<p>&nbsp;<\/p>\n<p>&nbsp;<\/p>\n<p>&nbsp;<\/p>\n<p>&nbsp;<\/p>\n<p>Kishim degjuar p\u00ebr Blerta Deliun, p\u00ebr artisten dhe politikanen, por jo edhe aq sa p\u00ebr t\u00eb plot\u00ebsuar portretin e saj. Revista Kuvendi\u201d n\u00eb Michigan, i k\u00ebrkoi nj\u00eb bised\u00eb Blert\u00ebs, e cila edhe pse\u00a0 mjaft e kufizuar n\u00eb koh\u00eb e pranoi dhe realizoai me k\u00ebnaq\u00ebsi.<\/p>\n<p><strong>N\u00ebse mund t\u00eb dim\u00eb, kush \u00ebsht\u00eb Blerta Deliu, shkurt p\u00ebr origjinen dhe veten t\u00ebnde?<!--more--><\/strong><\/p>\n<p>Jam nga Drenica, me konkretisht nga Sk\u00ebnderaj. Jam f\u00ebmija i par\u00eb i prind\u00ebrve te mrekullueshem, (babai im \u00ebsht\u00eb profesor i matematik\u00ebs, kurse n\u00ebna mjeke, pediatre). Pas vetes kam tri motrat dhe vellaun Taulantin. Mund t\u00eb th\u00ebm se rrjedh nga Drenica, provinc\u00eb atdhetare dhe luft\u00ebtare, e cila gjithmon\u00eb ka qen\u00eb n\u00eb ball\u00eb t\u00eb kthesave (historike)vendimtare. Kjo q\u00eb rrjedh nga provinca nuk m\u00eb pengon, sepse edhe Lumi Sena i Parisit, rrjedh\u00ebn e ka n\u00eb provinc\u00eb, m\u00eb falni p\u00ebr krahasimin, por dua q\u00eb t\u2019i rrafshoj\u00eb ndarjet dhe paragjykimet, apo edhe komplekset e aty-k\u00ebtushme. Kosova \u00ebsht\u00eb nj\u00eb dhe, pothuajse ka nj\u00eb mentalitet dhe nj\u00eb kultur\u00eb, pavar\u00ebsisht ku jeton. Me ket\u00eb rast, dua ta citoj edhe plakun e urt\u00eb dhe t\u00eb men\u00e7ur, pajtimtarin e mbi 1000 gjaqeve n\u00eb Kosov\u00eb, profesorin e nderuar, Anton \u00c7eta, i cili thoshte se, kultura fshatare, \u00ebsht\u00eb baz\u00eb e kultur\u00ebs s\u00eb qytet\u00ebruar. Fillimisht kam jetuar n\u00eb Sk\u00ebnderaj, ku kam mbaruar shkollomin fillor dhe at\u00eb t\u00eb mes\u00ebm, pastaj kam kaluar n\u00eb Prishtin\u00eb, ku kam mbaruar Fakultetin e Arteve, dega e aktrimit, ku edhe kam magjistruar. Aktualisht jam deputete e Kuvendit t\u00eb Kosov\u00eb, nga radh\u00ebt e PDK-s\u00eb dhe jam n\u00eb komisionin p\u00ebr integrime Evropiane.<\/p>\n<p><strong>Kur nisi deshira p\u00ebr t&#8217;u marr\u00eb me politik\u00eb?<\/strong><\/p>\n<p>&nbsp;<\/p>\n<p>D\u00ebshira p\u00ebr poltik\u00eb m\u00eb ka lindur m\u00eb von\u00eb dhe, pothuajse spontanisht. Mir\u00ebpo, duke qen\u00eb dhe duke par\u00eb rrjedhat e politik\u00ebs, madje duke e konsideruar politik\u00ebn si art i s\u00eb mundshm\u00ebs, u futa n\u00eb t\u00eb dhe mendoj se nuk jam penduar, p\u00ebrkundrazi mendoj se kontributi im n\u00eb k\u00ebt\u00eb fush\u00eb \u00ebsht\u00eb modest si v\u00ebllim, por cil\u00ebsor si veprim. Pra, synimi im \u00ebsht\u00eb q\u00eb politik\u00ebs t\u2019i jap pak art dhe t\u00eb kontribuoi p\u00ebr Atdheun tim, karshi th\u00ebnies se presidentit amerikan John Kennedy: \u201cMos pyet \u00e7far\u00eb \u00a0b\u00ebn \u00a0atdheu \u00a0p\u00ebr ty, por \u00e7far\u00eb \u00a0b\u00ebn ti p\u00ebr \u00a0atdheun t\u00ebnd\u201d.<\/p>\n<p><strong>Ve\u00e7 k\u00ebsaj, kishit ndonj\u00eb prefernec\u00eb tjet\u00ebr?<\/strong><\/p>\n<p>&nbsp;<\/p>\n<p>Aktualisht nuk kam ndonj\u00eb preferenc\u00eb tjet\u00ebr, sepse nuk dua t\u00eb shp\u00ebrndahem, t\u00eb shp\u00ebrqendrohem. Dua q\u00eb t\u00ebr\u00eb energjin\u00eb time ta v\u00ebj\u00eb n\u00eb veprim t\u00eb politik\u00ebs, meq\u00eb jam futur n\u00eb t\u00eb dhe, nuk dua q\u00eb t\u00eb jem\u00eb aty vet\u00ebm si dekor, por aktive dhe nj\u00eb z\u00eb i fuqish\u00ebm i t\u00eb b\u00ebrit politik\u00eb.<\/p>\n<p><strong>Si nje femer e emancipuar, si mendoni per femren shqiptare, sidomos kosovaret, a jane mjaft te lira?<\/strong><\/p>\n<p>&nbsp;<\/p>\n<p>&nbsp;<\/p>\n<p>Th\u00ebn\u00eb t\u00eb drejt\u00ebn,dua t\u00eb thej edhe disa paragjykime dhe tabu q\u00eb e p\u00ebrcjellin femr\u00ebn ton\u00eb prej kohesh. Por, marrja me politik\u00eb nuk \u00ebsht\u00eb edhe aq e leht\u00eb, madje un\u00eb do t\u00eb thoja, se politika \u00ebsht\u00eb shkenc\u00eb. Gruaja kosovare ka d\u00ebshmuar se \u00ebsht\u00eb e zonja p\u00ebr gjith\u00e7ka. Madje n\u00eb disa fusha edhe m\u00eb e zonja se sa m\u00ebshkujt, por ka patur paragjykime, anonimitete dhe nj\u00ebfar\u00eb pengese e mosbesimi. Besoj se me koh\u00ebn t\u00eb gjitha k\u00ebto po kalohen. Z\u00ebri i gruas n\u00eb Kosov\u00eb duhet t\u00eb d\u00ebgjohet edhe m\u00eb shum\u00eb dhe mendoj se ajo koh\u00eb dhe ai z\u00eb po d\u00ebgjohet dhe po shkon n\u00eb vesh t\u00eb secilit. \u201cN\u00ebse ke shkolluar nj\u00eb mashkull, ke shkolluar nj\u00eb individ, n\u00ebse ke shkolluar nj\u00eb fem\u00ebr, ke shkolluar nj\u00eb komb t\u00eb t\u00ebr\u00eb\u201d,- thoshte i madhi Sami Frsh\u00ebri.<\/p>\n<p><strong>Ju jeni familjare, a ju pengon nj\u00eb status i till\u00eb p\u00ebr t\u2019u marr\u00eb me politik\u00eb?<\/strong><\/p>\n<p>&nbsp;<\/p>\n<p>Po, jam familjare. Kam burrin dhe dy femij\u00eb, nj\u00eb djal\u00eb dhe nj\u00eb vajz\u00eb, por kjo nuk me pengon fare. Bashk\u00ebshorti im me kupton shum\u00eb dhe me krijon kushte q\u00eb t\u2019i p\u00ebrkushtohem m\u00eb t\u00ebr\u00eb qenien politik\u00ebs. Esht\u00eb e natyrshme q\u00eb, si n\u00ebn\u00eb, t\u00eb kesh edhe disa pengesa shtes\u00eb, por ato nuk ndikojn\u00eb n\u00eb pun\u00ebn time, jan\u00eb cik\u00ebrrime<\/p>\n<p><strong>Femrat n\u00eb bisznes jan\u00eb t\u00eb pakta. N\u00ebse nuk do t\u00eb ishit artiste dhe politikane, do t\u00eb merreshit me biznes? <\/strong><\/p>\n<p>&nbsp;<\/p>\n<p>Jo,un\u00eb nuk jam marr\u00eb kurr\u00eb me biznes. Me t\u00eb mirret burri im. Nuk kam kurr\u00ebfar\u00eb sensi p\u00ebr biznes. Un\u00eb jam vet\u00ebm artiste dhe tashti deputete.Nuk ushtroj asnj\u00eb biznes dhe as q\u00eb kam ushtruar ndonj\u00ebher\u00eb, e besoj se k\u00ebt\u00eb nuk do ta b\u00ebj\u00eb as n\u00eb t\u00eb ardhshm\u00ebn.<\/p>\n<p><strong>\u00c7far\u00eb i mungon politikes kosovare momentalisht?<\/strong><\/p>\n<p>&nbsp;<\/p>\n<p>Politik\u00ebs kosovare momentalisht i mungon uniteti dhe nj\u00ebfar\u00eb bashk\u00ebpunim, ndon\u00ebse kur \u00ebsht\u00eb fjala p\u00ebr \u00e7\u00ebshtje t\u00eb m\u00ebdha, besoj se jemi treguar unison (n\u00eb nj\u00eb z\u00eb). Mir\u00ebpo, jetojm\u00eb n\u00eb Demokraci dhe n\u00eb pluraliz\u00ebm, prandaj t\u00eb k\u00ebrkosh unitet p\u00ebr \u00e7do gj\u00eb, \u00ebsht\u00eb e pash\u00ebndetshme p\u00ebr Demokracin\u00eb.Un\u00eb e shoh unitetin n\u00eb dalllime.<\/p>\n<p>&nbsp;<\/p>\n<p><a href=\"http:\/\/revistakuvendi.org\/wp-content\/uploads\/2012\/03\/Blerta-Deliu-22.jpg\"><img loading=\"lazy\" decoding=\"async\" class=\"alignleft size-full wp-image-96\" title=\"Blerta Deliu 2\" src=\"http:\/\/revistakuvendi.org\/wp-content\/uploads\/2012\/03\/Blerta-Deliu-22.jpg\" alt=\"\" width=\"370\" height=\"310\" srcset=\"https:\/\/revistakuvendi.org\/wp-content\/uploads\/2012\/03\/Blerta-Deliu-22.jpg 370w, https:\/\/revistakuvendi.org\/wp-content\/uploads\/2012\/03\/Blerta-Deliu-22-300x251.jpg 300w\" sizes=\"auto, (max-width: 370px) 100vw, 370px\" \/><\/a><\/p>\n<p>&nbsp;<\/p>\n<p>&nbsp;<\/p>\n<p>&nbsp;<\/p>\n<p>&nbsp;<\/p>\n<p>&nbsp;<\/p>\n<p>&nbsp;<\/p>\n<p>&nbsp;<\/p>\n<p>&nbsp;<\/p>\n<p>&nbsp;<\/p>\n<p>&nbsp;<\/p>\n<p>&nbsp;<\/p>\n<p><strong><em>Blerta me Presidenten e Kosoves Jahjaga<\/em><\/strong><\/p>\n<p>&nbsp;<\/p>\n<p><strong>A duhet tejkaluar Ahtisari?<\/strong><\/p>\n<p>&nbsp;<\/p>\n<p>Un\u00eb, mendoj se politika \u00ebsht\u00eb praktik\u00eb e dit\u00ebs, e s\u00eb tashm\u00ebs dhe e s\u00eb ardhshm\u00ebs. Natyrisht, politika e b\u00ebn t\u00eb mundur\u00ebn. Mendoj se krejt tjet\u00ebr \u00ebsht\u00eb t\u00eb mendosh politikisht, e krejt di\u00e7ka tjet\u00ebr t\u00eb veprosh politikisht. Aktulisht jemi k\u00ebtu ku jemi dhe, sipas Kadares\u00eb, shqiptar\u00ebt kurr\u00eb n\u00eb historin\u00eb e tyre nuk i kan\u00eb pasur pun\u00ebt m\u00eb mir\u00eb, por kjo nuk do t\u00eb thot\u00eb se nuk mund t\u00eb ecet edhe m\u00eb tej.Besoj se disa gj\u00ebra duhet l\u00ebn\u00eb koh\u00ebs, ajo b\u00ebn korrigjimin dhe gj\u00ebrat e kan\u00eb rrjedh\u00ebn e vet!<\/p>\n<p><strong>A jan\u00eb mjaft femrat n\u00eb politiken kosovare dhe n\u00eb jet\u00ebn artistike e kulturore?<\/strong><\/p>\n<p>&nbsp;<\/p>\n<p>Femra nuk ka kurr\u00eb shum\u00eb dhe kjo \u00ebsht\u00eb p\u00ebr brengosje, por un\u00eb mbroj mendimin se femrat nuk duhet shikuar si num\u00ebr dhe si dekor. Esht\u00eb koh\u00eb vlerash dhe gjithkush duhet ndjekur k\u00ebt\u00eb parim. Konkurenca e vlerave, mbi t\u00eb gjitha!<\/p>\n<p><strong>Si n\u00ebn\u00eb, \u00e7&#8217;drejtime mendoni t&#8217;u jepni f\u00ebmij\u00ebve, ose n\u00ebse \u00ebsht\u00eb n\u00eb pyetje, \u00e7far\u00eb deshironi t\u00eb b\u00ebhen ata?<\/strong><\/p>\n<p>&nbsp;<\/p>\n<p>Nuk preferoj t\u2019ua paracaktoj profesionin. Ata jan\u00eb t\u00eb lir\u00eb t\u00eb zgjedhin vet\u00eb. Edhe un\u00eb e kam patur k\u00ebt\u00eb fat. Mendoj se \u00ebsht\u00eb h\u00ebret p\u00ebr profesionin e tyre por, ku i dihet, ndoshta Tana,vajza ime do t\u00eb me p\u00ebrngjaj\u00eb dhe t\u00eb futet n\u00eb politik\u00eb, anipse m\u00eb me d\u00ebshir\u00eb do t\u2019a shihja n\u00eb art.<\/p>\n<p>&nbsp;<\/p>\n<p><a href=\"http:\/\/revistakuvendi.org\/wp-content\/uploads\/2012\/03\/Blerta-Deliu-me-femijet1.jpg\"><img loading=\"lazy\" decoding=\"async\" class=\"alignleft size-full wp-image-95\" title=\"Blerta  Deliu me femijet\" src=\"http:\/\/revistakuvendi.org\/wp-content\/uploads\/2012\/03\/Blerta-Deliu-me-femijet1.jpg\" alt=\"\" width=\"720\" height=\"540\" srcset=\"https:\/\/revistakuvendi.org\/wp-content\/uploads\/2012\/03\/Blerta-Deliu-me-femijet1.jpg 720w, https:\/\/revistakuvendi.org\/wp-content\/uploads\/2012\/03\/Blerta-Deliu-me-femijet1-300x225.jpg 300w\" sizes=\"auto, (max-width: 720px) 100vw, 720px\" \/><\/a><\/p>\n<p>&nbsp;<\/p>\n<p>&nbsp;<\/p>\n<p><strong><em>Blerta n\u00ebn\u00eb<\/em><\/strong><\/p>\n<p><strong>Keni ndonj\u00eb peng nga vitet q\u00eb kane kaluar? A do t\u00eb deshironte Blerta t\u00eb ishte dikush tjet\u00ebr nga \u00e7&#8217;\u00ebsht\u00eb?<\/strong><\/p>\n<p>&nbsp;<\/p>\n<p>Besoj se te gjitha i kam provuar, dhe mund t\u00eb them se jam e realizuar! Nuk i kam k\u00ebrkesat imagjinare dhe nuk i dor\u00ebzohem fantazis\u00eb, pra ec me k\u00ebmb\u00eb mbi tok\u00eb.<\/p>\n<p><strong>Cilat jan\u00eb preferencat tuaja n\u00eb art, lexoni apo krijoni n\u00eb ndonj\u00eb fush\u00eb tjet\u00ebr?<\/strong><\/p>\n<p>&nbsp;<\/p>\n<p>I kam tri, aktrimin, muzik\u00ebn dhe leximin. Ndon\u00ebse profesioni i deputet\u00ebs nuk me krijon shum\u00eb lux. Koh\u00ebn e lir\u00eb e harxhoj me k\u00ebto tri deg\u00eb t\u00eb artit. Nuk do t\u2019i ndaja asnj\u00ebr\u00ebn, anipse, ndoshta mund t\u2019iu hy n\u00eb hak, por k\u00ebto tri zhanre i kam p\u00ebrher\u00eb af\u00ebr zemr\u00ebs.<\/p>\n<p><strong>Ku e parashikon Blerten pas disa vitesh?<\/strong><\/p>\n<p>&nbsp;<\/p>\n<p>Blerten e shikoj n\u00eb politik\u00eb, hahaha, ndoshta ministre,pse jo? Pa modesti th\u00ebm se, meq\u00eb kam hy n\u00eb politik\u00eb, do t\u00eb mundoh\u00ebm t\u00eb mbet\u00ebm gjat\u00eb dhe t\u00eb jap\u00eb maksimumin. Por, politika \u00ebsht\u00eb edhe terren i v\u00ebshtir\u00eb dhe i rr\u00ebshqitshem. Megjithat\u00eb, un\u00eb e kam profesionin tim, aktore dhe profesosh\u00eb e aktrimit, pastaj gazetare e moderatore, \u00a0dhe po shpresoj se nuk do t\u00eb mbet\u00ebm pa pun\u00eb, hahaha, edhe n\u00ebse dal nga politika.<\/p>\n<p><strong>A mendoni se 8 Marsi duhet t\u00eb jet\u00eb edhe p\u00ebr shqiptaret festa e n\u00ebnave, apo duhet gjetur nj\u00eb dat\u00eb tjet\u00ebr?<\/strong><\/p>\n<p>&nbsp;<\/p>\n<p>Tet\u00eb marsi \u00ebsht\u00eb themeluar nga femrat, m\u00eb duket nga femrat amerikane, si nj\u00eb levizje e majt\u00eb.\u00a0 Mua nuk me pengon kjo dat\u00eb, por femrat kan\u00eb edhe data t\u00eb tjera si: shtat\u00eb marsi-dita e m\u00ebsuesit dhe e m\u00ebsueses, pastaj 14 shkurti, dita e Sh\u00ebn Valentinit&#8230;zat\u00ebn,t\u00eb gjitha dit\u00ebt jan\u00eb t\u00eb r\u00ebnd\u00ebsishme dhe i takojn\u00eb barabar femrave dhe m\u00ebshkujve. Nuk me p\u00eblqen t\u00eb b\u00ebhem robe e datave.<\/p>\n<p><strong>N\u00eb Amerik\u00eb ka dhe fest\u00eb t\u00eb babait, si mendoni, duhet t\u00eb ket\u00eb nj\u00eb t\u00eb till\u00eb edhe p\u00ebr shqiptar\u00ebt?<\/strong><\/p>\n<p>&nbsp;<\/p>\n<p>Le t\u00eb k\u00ebt\u00eb edhe fest\u00eb t\u00eb babait, pse jo. Nga festat nuk ka asgj\u00eb t\u00eb keqe.<\/p>\n<p>&nbsp;<\/p>\n<p><strong>Keni d\u00e7ka tjet\u00ebr p\u00ebr k\u00ebt\u00eb bised\u00eb?<\/strong><\/p>\n<p>&nbsp;<\/p>\n<p>Nuk kam \u00e7ka t\u00eb shtoj\u00eb vet\u00ebm dua t\u2019iu fal\u00ebnderoj p\u00ebr intervist\u00ebn dhe, m\u00ebrgat\u00ebs son\u00eb n\u00eb SHBA \u00a0e lexuesve t\u00eb Revistes \u201c Kuvendi\u201d, t\u2019u d\u00ebshiroj shum\u00eb fat dhe suksese. K\u00ebtu, tek ne, ende \u00ebsht\u00eb aktuale th\u00ebnia e Nolit: \u201cMbahu n\u00ebno,mos ke frik\u00eb,se ke djemt\u00eb n\u00eb Amerik\u00eb.\u201d<\/p>\n<p>&nbsp;<\/p>\n<p>Falemnderit p\u00ebr mund\u00ebsin\u00eb e k\u00ebsaj bisede!<\/p>\n<p>&nbsp;<\/p>\n<p><strong><em>Bisedoi: Pjet\u00ebr Jaku<\/em><\/strong><\/p>\n","protected":false},"excerpt":{"rendered":"<p>Un\u00eb e shoh unitetin n\u00eb dalllime Bised\u00eb me politikanen dhe artisten kosovare, Blerta Deliu &nbsp; &nbsp; &nbsp; &nbsp; &nbsp; &nbsp; &nbsp; &nbsp; &nbsp; &nbsp; &nbsp; &nbsp; Kishim degjuar p\u00ebr Blerta Deliun, p\u00ebr artisten dhe politikanen, por jo edhe aq sa p\u00ebr t\u00eb plot\u00ebsuar portretin e saj. Revista Kuvendi\u201d n\u00eb Michigan, i k\u00ebrkoi nj\u00eb bised\u00eb Blert\u00ebs,&hellip;<\/p>\n","protected":false},"author":1,"featured_media":0,"comment_status":"open","ping_status":"open","sticky":false,"template":"","format":"standard","meta":{"footnotes":""},"categories":[1],"tags":[],"class_list":["post-64","post","type-post","status-publish","format-standard","hentry","category-intervista"],"_links":{"self":[{"href":"https:\/\/revistakuvendi.org\/index.php?rest_route=\/wp\/v2\/posts\/64","targetHints":{"allow":["GET"]}}],"collection":[{"href":"https:\/\/revistakuvendi.org\/index.php?rest_route=\/wp\/v2\/posts"}],"about":[{"href":"https:\/\/revistakuvendi.org\/index.php?rest_route=\/wp\/v2\/types\/post"}],"author":[{"embeddable":true,"href":"https:\/\/revistakuvendi.org\/index.php?rest_route=\/wp\/v2\/users\/1"}],"replies":[{"embeddable":true,"href":"https:\/\/revistakuvendi.org\/index.php?rest_route=%2Fwp%2Fv2%2Fcomments&post=64"}],"version-history":[{"count":5,"href":"https:\/\/revistakuvendi.org\/index.php?rest_route=\/wp\/v2\/posts\/64\/revisions"}],"predecessor-version":[{"id":66,"href":"https:\/\/revistakuvendi.org\/index.php?rest_route=\/wp\/v2\/posts\/64\/revisions\/66"}],"wp:attachment":[{"href":"https:\/\/revistakuvendi.org\/index.php?rest_route=%2Fwp%2Fv2%2Fmedia&parent=64"}],"wp:term":[{"taxonomy":"category","embeddable":true,"href":"https:\/\/revistakuvendi.org\/index.php?rest_route=%2Fwp%2Fv2%2Fcategories&post=64"},{"taxonomy":"post_tag","embeddable":true,"href":"https:\/\/revistakuvendi.org\/index.php?rest_route=%2Fwp%2Fv2%2Ftags&post=64"}],"curies":[{"name":"wp","href":"https:\/\/api.w.org\/{rel}","templated":true}]}}