{"id":6112,"date":"2016-05-26T14:51:38","date_gmt":"2016-05-26T14:51:38","guid":{"rendered":"http:\/\/revistakuvendi.org\/?p=6112"},"modified":"2016-05-26T14:51:38","modified_gmt":"2016-05-26T14:51:38","slug":"poezi-nga-besa-hoxha-beqiri","status":"publish","type":"post","link":"https:\/\/revistakuvendi.org\/?p=6112","title":{"rendered":"Poezi nga Besa Hoxha &#8211; Beqiri"},"content":{"rendered":"<p><a href=\"http:\/\/revistakuvendi.org\/wp-content\/uploads\/2016\/05\/BESA-BEQIRI-HOXHA.png\" rel=\"attachment wp-att-6113\"><img loading=\"lazy\" decoding=\"async\" class=\"alignleft size-full wp-image-6113\" src=\"http:\/\/revistakuvendi.org\/wp-content\/uploads\/2016\/05\/BESA-BEQIRI-HOXHA.png\" alt=\"BESA BEQIRI HOXHA\" width=\"235\" height=\"250\" \/><\/a>Besa Hoxha &#8211; Beqiri vjen per here te pare per lexuesit e \u00a0Revistes &#8221; Kuvendi&#8221; me nje cikel poetik, por biografia e saj krijuese eshte shume me teper. Ja shkurtimisht disa te dhena:<!--more--><\/p>\n<ul>\n<li>\u201cNj\u00eb histori let\u00ebrsie e ndaluar: Si u rip\u00ebrjashtuan Fishta, Konica dhe Skiroi nga \u201cHistoria e let\u00ebrsis\u00eb shqipe\u201d \u2013 SHB \u201cNaimi\u201d, Tiran\u00eb 2016<\/li>\n<li>P\u00ebrmbledhje poetike \u201cEshtrat e ringjalljes\u201d, Prishtin\u00eb 2005<\/li>\n<li>Studim historiko-letrar dhe krahasues \u201cNj\u00eb histori let\u00ebrsie e ndaluar\u201d, Tiran\u00eb, 2016<\/li>\n<\/ul>\n<ul>\n<li>Kumtesa dhe punime shkencore<\/li>\n<\/ul>\n<ol>\n<li><em>Nj\u00eb histori let\u00ebrsie e pabotuar <\/em>(Konferenca e organizuar nga Universiteti \u201cUkshin Hoti\u201d \u2013 Prizren)<\/li>\n<li><em>Nj\u00eb dritare n\u00eb revist\u00ebn \u201cShejzat\u201d p\u00ebr let\u00ebrsin\u00eb e realizmit socialist <\/em>(Konferenca e Institutit Albanologjik\u00eb &#8211; Prishtin\u00eb)<\/li>\n<li><em>The Albanian Literature in internet<\/em> (Konferenca ICRAE 2014 \u2013 Shkod\u00ebr)<\/li>\n<li><em>\u201cLiteratura shqipe\u201d e Justin Rrot\u00ebs <\/em>(Revista \u201cMal\u00ebsia\u201d)<\/li>\n<li><em>Elementet krijuese dhe kritika e Martin Camajt n\u00eb revist\u00ebn \u201cSh\u00eajzat\u201d <\/em>(\u201cGjurmime Albanologjike \u2013 n\u00eb botim)<\/li>\n<li><em>Censorship and self censorship reflected into the History of Albanian Literature <\/em>(Journal of Modern Education Review, SHBA, n\u00eb botim)<\/li>\n<\/ol>\n<p>&nbsp;<\/p>\n<h2><\/h2>\n<p><strong><em>Heshtja<\/em><\/strong><\/p>\n<p>&nbsp;<\/p>\n<p>(Ti) hesht<\/p>\n<p>Bota rrotullohet<\/p>\n<p>Fjala verbohet<\/p>\n<p>\u00cbndrra shuhet<\/p>\n<p>&nbsp;<\/p>\n<p>(Un\u00eb) hesht<\/p>\n<p>E bardha nxihet<\/p>\n<p>&nbsp;<\/p>\n<p>Shuaj etjen me fjal\u00eb<\/p>\n<p>Vras d\u00ebshir\u00ebn me heshtje<\/p>\n<p>&nbsp;<\/p>\n<p>P\u00ebrs\u00ebri &#8230;<\/p>\n<p>Flaka e jet\u00ebs<\/p>\n<p>Gllab\u00ebron unin<\/p>\n<p>&nbsp;<\/p>\n<p>Heshtje apo d\u00ebshir\u00eb!?<\/p>\n<p>&nbsp;<\/p>\n<p>Kur e tashmja p\u00ebrqesh t\u00eb djeshmen<\/p>\n<p>E nes\u00ebrmja do t\u00eb p\u00ebrbuz t\u00eb sotmen<\/p>\n<p>Protagonist\u00ebt ndryshojn\u00eb rolet<\/p>\n<p>Ndryshojn\u00eb pezmin n\u00eb p\u00ebrkrahje<\/p>\n<p>E p\u00ebrkrahjen n\u00eb pez\u00ebm vullkanik<\/p>\n<p>&nbsp;<\/p>\n<p>(Ai) hesht<\/p>\n<p>Jeta me hapa t\u00eb shurdh\u00ebr<\/p>\n<p>Zhduket n\u00eb pakthim<\/p>\n<p>&nbsp;<\/p>\n<p>Biri p\u00ebshtyn\u00eb t\u00eb atin n\u00eb fytyr\u00eb<\/p>\n<p>Heshtim &#8230;<\/p>\n<p>26.11.2<\/p>\n<p>&nbsp;<\/p>\n<p><strong><em>Ringjallja<\/em><\/strong><\/p>\n<p><strong><em>\u00a0<\/em><\/strong><\/p>\n<p>Shuaj etjen me njom\u00ebsin\u00eb e buz\u00ebve<\/p>\n<p>T\u00eb jet\u00ebs a vdekjes &#8230;<\/p>\n<p>N\u00eb udh\u00ebkryq drejt s\u00eb panjohur\u00ebs<\/p>\n<p>Prish busull\u00ebn me frym\u00ebmarrjen e v\u00ebsht\u00ebrsuar.<\/p>\n<p>&nbsp;<\/p>\n<p>Vdekja luan loj\u00eb q\u00eb nuk e fiton<\/p>\n<p>Optimizmi \u00ebsht\u00eb m\u00eb i madh se zhg\u00ebnjimi<\/p>\n<p>&nbsp;<\/p>\n<p>Hap\u00ebroj p\u00ebrpara me guxim<\/p>\n<p>Drejt shkall\u00ebve t\u00eb q\u00ebllimeve<\/p>\n<p>M\u00eb e fort\u00eb se kurr\u00eb.<\/p>\n<p>&nbsp;<\/p>\n<p>Dhimbja forcon guximin<\/p>\n<p>&nbsp;<\/p>\n<p>Ringjallja hap niansat shum\u00ebngjyr\u00ebshe t\u00eb mund\u00ebsive<\/p>\n<p>&nbsp;<\/p>\n<p><strong><em>\u00a0<\/em><\/strong><\/p>\n<p><strong><em>Fillimi i magjis\u00eb apo&#8230;<\/em><\/strong><\/p>\n<p><strong><em>\u00a0<\/em><\/strong><\/p>\n<p>\u00cbndrrat e qeta<\/p>\n<p>i takoi uj\u00ebvara e \u00e7mendur<\/p>\n<p>&nbsp;<\/p>\n<p>Buz\u00ebqeshjet mbet\u00ebn t\u00eb ngrira n\u00eb pasqyr\u00eb<\/p>\n<p>&nbsp;<\/p>\n<p>Cepat e kull\u00ebs s\u00eb shpres\u00ebs<\/p>\n<p>u rr\u00ebnuan n\u00eb cepat e dit\u00ebve pasuese<\/p>\n<p>&nbsp;<\/p>\n<p>Nata kishte mbetur e shurdh\u00ebt<\/p>\n<p>&nbsp;<\/p>\n<p>U hap perdja<\/p>\n<p>n\u00eb bin\u00ebn e teatrit jet\u00ebsor<\/p>\n<p>N\u00eb d\u00ebrrasat e kalbura nga m\u00ebrzia<\/p>\n<p>un\u00eb p\u00ebrball\u00eb bot\u00ebs p\u00ebrrallore.<\/p>\n<p>&nbsp;<\/p>\n<p>Z\u00ebri histerik prishi magjin\u00eb e \u00e7astit<\/p>\n<p>&nbsp;<\/p>\n<p><strong><em>\u00a0<\/em><\/strong><\/p>\n<p><strong><em>Kthimi i jet\u00ebs<\/em><\/strong><\/p>\n<p><strong>\u00a0<\/strong><\/p>\n<p>Bota fitoi kuptimin<\/p>\n<p>Kur vaji kaploi zbraz\u00ebtir\u00ebn.<\/p>\n<p>&nbsp;<\/p>\n<p>Buz\u00ebqeshja shp\u00ebrndau dhembjen.<\/p>\n<p>&nbsp;<\/p>\n<p>Hapat e pasigurt<\/p>\n<p>Nd\u00ebrtuan fort\u00ebsin\u00eb e q\u00ebndres\u00ebs.<\/p>\n<p>&nbsp;<\/p>\n<p>P\u00ebrqafimi f\u00ebmij\u00ebror<\/p>\n<p>Rr\u00ebnoj Kalin e Troj\u00ebs.<\/p>\n<p>&nbsp;<\/p>\n<p>Lumi fitoj kthjellt\u00ebsin\u00eb e rrjedh\u00ebs.<\/p>\n<p>&nbsp;<\/p>\n<p><strong><em>\u00a0<\/em><\/strong><\/p>\n<p><strong><em>Nisma<\/em><\/strong><\/p>\n<p><strong><em>\u00a0<\/em><\/strong><\/p>\n<p>\u00c7do gj\u00eb lundronte n\u00eb lumin pa brenga<\/p>\n<p>Jeta \u2013 loj\u00eb e larmishme, pa vizion<\/p>\n<p>vorbull e err\u00ebt e s\u00eb nes\u00ebrmes<\/p>\n<p>&nbsp;<\/p>\n<p>U rrita me rritjen e popullit<\/p>\n<p>&nbsp;<\/p>\n<p>Keqtrajtimi e jeta me frik\u00eb<\/p>\n<p>i afroheshin fundit<\/p>\n<p>&nbsp;<\/p>\n<p>E nes\u00ebrmja ishte e turbullt<\/p>\n<p>&nbsp;<\/p>\n<p>Njer\u00ebzit vdisnin \u00e7do sekond\u00eb nga pasiguria<\/p>\n<p>&nbsp;<\/p>\n<p>Vdekja &#8211; &#8230;.\u00a0\u00a0 e past\u00ebr<\/p>\n<p>&nbsp;<\/p>\n<p><strong><em>\u00a0<\/em><\/strong><\/p>\n<p><strong><em>Udh\u00ebkryqi mes dy realiteteve<\/em><\/strong><\/p>\n<p><strong><em>\u00a0<\/em><\/strong><\/p>\n<p>&nbsp;<\/p>\n<p>Mes dy dimensioneve kohore<\/p>\n<p>\u00cbndrra p\u00ebrsh\u00ebndet p\u00ebrjet\u00ebsin\u00eb<\/p>\n<p>&nbsp;<\/p>\n<p>E v\u00ebrteta n\u00eb mes<\/p>\n","protected":false},"excerpt":{"rendered":"<p>Besa Hoxha &#8211; Beqiri vjen per here te pare per lexuesit e \u00a0Revistes &#8221; Kuvendi&#8221; me nje cikel poetik, por biografia e saj krijuese eshte shume me teper. Ja shkurtimisht disa te dhena:<\/p>\n","protected":false},"author":1,"featured_media":6113,"comment_status":"open","ping_status":"open","sticky":false,"template":"","format":"standard","meta":{"footnotes":""},"categories":[7],"tags":[],"class_list":["post-6112","post","type-post","status-publish","format-standard","has-post-thumbnail","hentry","category-poezi"],"_links":{"self":[{"href":"https:\/\/revistakuvendi.org\/index.php?rest_route=\/wp\/v2\/posts\/6112","targetHints":{"allow":["GET"]}}],"collection":[{"href":"https:\/\/revistakuvendi.org\/index.php?rest_route=\/wp\/v2\/posts"}],"about":[{"href":"https:\/\/revistakuvendi.org\/index.php?rest_route=\/wp\/v2\/types\/post"}],"author":[{"embeddable":true,"href":"https:\/\/revistakuvendi.org\/index.php?rest_route=\/wp\/v2\/users\/1"}],"replies":[{"embeddable":true,"href":"https:\/\/revistakuvendi.org\/index.php?rest_route=%2Fwp%2Fv2%2Fcomments&post=6112"}],"version-history":[{"count":1,"href":"https:\/\/revistakuvendi.org\/index.php?rest_route=\/wp\/v2\/posts\/6112\/revisions"}],"predecessor-version":[{"id":6114,"href":"https:\/\/revistakuvendi.org\/index.php?rest_route=\/wp\/v2\/posts\/6112\/revisions\/6114"}],"wp:featuredmedia":[{"embeddable":true,"href":"https:\/\/revistakuvendi.org\/index.php?rest_route=\/wp\/v2\/media\/6113"}],"wp:attachment":[{"href":"https:\/\/revistakuvendi.org\/index.php?rest_route=%2Fwp%2Fv2%2Fmedia&parent=6112"}],"wp:term":[{"taxonomy":"category","embeddable":true,"href":"https:\/\/revistakuvendi.org\/index.php?rest_route=%2Fwp%2Fv2%2Fcategories&post=6112"},{"taxonomy":"post_tag","embeddable":true,"href":"https:\/\/revistakuvendi.org\/index.php?rest_route=%2Fwp%2Fv2%2Ftags&post=6112"}],"curies":[{"name":"wp","href":"https:\/\/api.w.org\/{rel}","templated":true}]}}