{"id":6054,"date":"2016-04-26T17:34:06","date_gmt":"2016-04-26T17:34:06","guid":{"rendered":"http:\/\/revistakuvendi.org\/?p=6054"},"modified":"2016-04-26T17:34:31","modified_gmt":"2016-04-26T17:34:31","slug":"neper-oazen-e-jetes-te-nazmije-zekollit","status":"publish","type":"post","link":"https:\/\/revistakuvendi.org\/?p=6054","title":{"rendered":"N\u00ebp\u00ebr Oaz\u00ebn e jet\u00ebs t\u00eb Nazmije Zekollit"},"content":{"rendered":"<p><a href=\"http:\/\/revistakuvendi.org\/wp-content\/uploads\/2016\/04\/zekolli1.png\" rel=\"attachment wp-att-6056\"><img loading=\"lazy\" decoding=\"async\" class=\"alignleft size-medium wp-image-6056\" src=\"http:\/\/revistakuvendi.org\/wp-content\/uploads\/2016\/04\/zekolli1-300x207.png\" alt=\"zekolli1\" width=\"300\" height=\"207\" srcset=\"https:\/\/revistakuvendi.org\/wp-content\/uploads\/2016\/04\/zekolli1-300x207.png 300w, https:\/\/revistakuvendi.org\/wp-content\/uploads\/2016\/04\/zekolli1.png 350w\" sizes=\"auto, (max-width: 300px) 100vw, 300px\" \/><\/a>Remzije Jashar Zekolli<\/p>\n<p>Shpeshher\u00eb kam\u00eb th\u00ebn\u00eb se krijuesit jan\u00eb t\u00eb guximsh\u00ebm, jan\u00eb heronj t\u00eb llojit t\u00eb vet sepse ndjenjat e tyre fisnike e \u00a0shpirt\u00ebrore i ndajn\u00eb me lexuesit.<!--more--><\/p>\n<p>Poetja Nazmije Zekolli- Mema \u00a0me botimin e saj \u00a0Oazat e jet\u00ebs t\u00eb parin \u00a0deri m\u00eb tani na sjell ngroht\u00ebsi me pen\u00ebn e saj.<\/p>\n<p>Kur doli n\u00eb m\u00ebrgim p\u00ebsoi nj\u00eb tragjedi shpirt\u00ebrore do ta quaj\u00a0\u00a0 humbjen e \u00a0dor\u00ebshkrimeve\u00a0 t\u00eb \u00a0saj ku kishte nj\u00eb thesar mahnit\u00ebs poezish.<\/p>\n<p>K\u00ebt\u00eb e shpreh n\u00eb vargun e poezis\u00eb \u201cPoezit\u00eb e mia te tretura\u201d mes tjerash thekson<\/p>\n<p>&nbsp;<\/p>\n<p>A ka diku njeri<\/p>\n<p>T\u00eb vullnetit t\u00eb mir\u00eb<\/p>\n<p>T\u00eb ma kthej n\u00eb dor\u00eb poezin\u00eb<\/p>\n<p>Q\u00eb n\u00eb t\u00eb dikur pikturova f\u00ebmij\u00ebrin\u00eb<\/p>\n<p>Do t\u00eb jepja gjith\u00e7ka n\u00eb bot\u00eb<\/p>\n<p>&nbsp;<\/p>\n<p>Poezit\u00eb e saj u b\u00ebn\u00eb frym\u00ebzim edhe p\u00ebr kompozitor\u00eb dhe k\u00ebng\u00ebtar\u00eb, \u00a0vlen p\u00ebr tu theksuar k\u00ebnga \u201cGentiana\u201d e k\u00ebnduar nga k\u00ebng\u00ebtari i njohur Shkumbin Kryeziu. \u00a0k\u00ebnga \u201cPa ty\u201d k\u00ebnduar nga Qazim Menxhi\u00e7i dhe k\u00ebnga p\u00ebr Kurbetin k\u00ebnduar nga Lidije Pasoma.<\/p>\n<p>Poetja me p\u00ebrvoj\u00eb,\u00a0 lirsh\u00ebm komunikon me lexuesin p\u00ebrmes vargut t\u00eb saj, ajo shpeshher\u00eb din\u00eb t\u00eb jet\u00eb \u00a0z\u00eb revoltues ndaj proceseve q\u00eb i p\u00ebrjetuam si komb, \u00a0si\u00e7 e shprehu edhe n\u00eb poezin\u00eb Oazat e jet\u00ebs e cila u shp\u00ebrblye me vendin e dyt\u00eb n\u00eb TPSH n\u00eb vitin \u00a01986.<\/p>\n<p>N\u00eb k\u00ebt\u00eb poezi z\u00ebri i saj revoltues shprehet mes vargjeve<\/p>\n<p>&nbsp;<\/p>\n<p>Kacabun\u00ebt bredhin fushave<\/p>\n<p>S\u2019brengosen p\u00ebr fatkeq\u00ebsi<\/p>\n<p>K\u00ebng\u00eb bretkocash<\/p>\n<p>Deh gjarp\u00ebrinjt\u00eb e uritur<\/p>\n<p>P\u00ebr ta gjaku im \u00ebsht\u00eb ushqim<\/p>\n<p>&nbsp;<\/p>\n<p>Ngrit z\u00ebrin kund\u00ebr vrasjeve q\u00eb u b\u00ebn\u00eb n\u00eb demonstrata e vitit 1981 n\u00eb pranver\u00ebn studentore. Oaza e jet\u00ebs \u00ebsht\u00eb Kosova e rrethua nga shkret\u00ebtira, \u00a0pushtuesi shekullor dhe nj\u00eb pjes\u00eb gjall\u00ebri mes asaj shkret\u00ebtire q\u00eb mbajti t\u00eb gjall\u00eb gjelb\u00ebrimin p\u00ebr t\u00eb thithur arom\u00ebn e lul\u00ebkuqeve\u00a0 t\u00eb ujitura me gjakun dhe djers\u00ebn \u00a0n\u00eb oaz\u00ebn e jet\u00ebs, \u00a0por jo at\u00eb arom\u00eb lirie \u00a0si\u00e7 e donte poetja sepse ajo \u00a0vdes por prap\u00eb rikthehet si\u00e7 shprehet n\u00eb vargun e mposht\u00ebm;<\/p>\n<p>&nbsp;<\/p>\n<p>E un\u00eb ringjallem<\/p>\n<p>P\u00ebr t\u00eb nj\u00ebmijt\u00ebn her\u00eb<\/p>\n<p>T\u00eb t\u00eb dua!<\/p>\n<p>&nbsp;<\/p>\n<p>Sa e \u00a0sa her\u00eb do t\u00eb lind\u00eb, por prap\u00eb pranon vdekjen p\u00ebr atdheun e saj.<\/p>\n<p>Poezit\u00eb e saj g\u00ebrshetojn\u00eb ndjesin\u00eb e vet njeriut si personazh se si jeta e sfidon me t\u00eb pa priturat e saj\u00a0 dhe rrug\u00ebzgjidhja nga situatat e ndryshme q\u00eb njeriu yn\u00eb ballafaqohet.<\/p>\n<p>Ajo me pasion shkruan p\u00ebr dashurin\u00eb, bukurin\u00eb p\u00ebr m\u00eb t\u00eb dashurit e saj q\u00eb e rrethojn\u00eb p\u00ebr prind\u00ebrit, motrat, v\u00ebllez\u00ebrit \u00a0p\u00ebr vajz\u00ebn e saj t\u00eb dashur Egzon\u00ebn dhe p\u00ebr etjen ton\u00eb shekullore p\u00ebr lirin\u00eb e \u00ebnd\u00ebrruar dhe t\u00eb gjakuar\u00a0 brez pas brezi.<\/p>\n<p>N\u00eb poezin\u00eb e saj gjejm\u00eb shpres\u00eb, shqet\u00ebsim nj\u00eb simbolik\u00eb e metafor\u00eb q\u00eb mjesht\u00ebrisht i harmanizon n\u00eb letr\u00ebn e bardh\u00eb.<\/p>\n<p>Si \u00e7do krijues edhe Nazmija pati fatin t\u00eb shkruaj\u00eb n\u00eb koh\u00ebn e rob\u00ebris\u00eb e z\u00ebri i saj i \u00e7jerr\u00ebt p\u00ebr pushtuesin, \u00a0por frym\u00ebz\u00ebs p\u00ebr popullin shp\u00ebrthente fuqish\u00ebm n\u00eb or\u00ebt letrare t\u00eb fakultetin \u00a0filozofik dhe manifestimin komb\u00ebtar TPSH t\u00eb cilit edhe sot e k\u00ebsaj dite i q\u00ebndron besnike me pjes\u00ebmarrjen e saj t\u00eb rregullt.<\/p>\n<p>Shkruan p\u00ebr \u00a0qytetin e lasht\u00eb\u00a0 n\u00eb poezin\u00eb \u00a0\u201cVdes p\u00ebr ty Viciana\u201d, si bij e tij\u00a0 shprehet:<\/p>\n<p>&nbsp;<\/p>\n<p>Qytet i lasht\u00eb mos thuaj<\/p>\n<p>Se\u00a0 nj\u00eb fragment t\u00eb rinis\u00eb sime<\/p>\n<p>Se kam l\u00ebn\u00eb n\u00eb nj\u00eb kalldr\u00ebm t\u00ebndin<\/p>\n<p>Ca rrudha krenarie n\u00eb fytyr\u00ebn time.<\/p>\n<p>&nbsp;<\/p>\n<p>D\u00ebshir\u00ebn e saj p\u00ebr lirin\u00eb dhe\u00a0 q\u00ebndres\u00ebn e kombit ton\u00eb n\u00eb idealin e tij\u00a0 dhe \u00a0mes tjerash e gjejm\u00eb edhe n\u00eb poezin\u00eb \u201cDosje e mbyllur\u201d ku mes tjerash thekson:<\/p>\n<p>&nbsp;<\/p>\n<p>&nbsp;<\/p>\n<p>&nbsp;<\/p>\n<p>&nbsp;<\/p>\n<p>&nbsp;<\/p>\n<p>Donit t\u00eb humbnit \u00e7do gjurm\u00eb Dardane<\/p>\n<p>Dogj\u00ebt shkat\u00ebrruat \u00e7do gj\u00eb<\/p>\n<p>Q\u00eb ishte e jona<\/p>\n<p>Por rr\u00ebnj\u00ebt tona ilire<\/p>\n<p>Edhe m\u00eb thell\u00eb i l\u00ebshuam<\/p>\n<p>Vet\u00ebm n\u00eb trollin ton\u00eb<\/p>\n<p>Mbijn\u00eb lul\u00ebbozhuret unike<\/p>\n<p>Thash\u00eb se ju ishit vet\u00ebm<\/p>\n<p>Dosje e mbyllur<\/p>\n<p>E mykur n\u00eb muzeun e turpit<\/p>\n<p>&nbsp;<\/p>\n<p>Gjendja e r\u00ebnd\u00eb sociale e njeriut t\u00eb thjesht\u00eb asesi nuk do i shp\u00ebtoj pen\u00ebs s\u00eb saj t\u00eb mbreht\u00eb dhe revolucionare, \u00a0kjo gj\u00eb m\u00eb s\u00eb miri shprehet n\u00eb poezin\u00eb e saj \u201cPeizazh varf\u00ebrie\u201d<\/p>\n<p>&nbsp;<\/p>\n<p>Po t\u00eb jetonte sot Migjeni<\/p>\n<p>Un\u00eb nuk do t\u00eb isha e trembur<\/p>\n<p>Nga skamja e zymt\u00eb<\/p>\n<p>E mllefi i jet\u00eb sk\u00ebterr\u00eb<\/p>\n<p>Do t\u00eb isha mbret\u00ebresh\u00eb n\u00eb vargun e tij<\/p>\n<p>Si refren mall\u00ebngjimi<\/p>\n<p>N\u00eb \u00e7do poezi<\/p>\n<p>&nbsp;<\/p>\n<p>\u00c7ka t\u00eb themi p\u00ebr fund p\u00ebr poeten e cila u b\u00eb sinonim i qytetit t\u00eb saj t\u00eb lindjes, u b\u00eb nj\u00eb z\u00eb i fuqish\u00ebm kund\u00ebr pa drejt\u00ebsive q\u00eb p\u00ebrjetoi kombi yn\u00eb, u b\u00eb z\u00eb shprese p\u00ebr njer\u00ebz varfanjak nj\u00eb z\u00eb humanizmi e fisnik\u00ebrie.<\/p>\n","protected":false},"excerpt":{"rendered":"<p>Remzije Jashar Zekolli Shpeshher\u00eb kam\u00eb th\u00ebn\u00eb se krijuesit jan\u00eb t\u00eb guximsh\u00ebm, jan\u00eb heronj t\u00eb llojit t\u00eb vet sepse ndjenjat e tyre fisnike e \u00a0shpirt\u00ebrore i ndajn\u00eb me lexuesit.<\/p>\n","protected":false},"author":1,"featured_media":6055,"comment_status":"open","ping_status":"open","sticky":false,"template":"","format":"standard","meta":{"footnotes":""},"categories":[9],"tags":[],"class_list":["post-6054","post","type-post","status-publish","format-standard","has-post-thumbnail","hentry","category-kritike"],"_links":{"self":[{"href":"https:\/\/revistakuvendi.org\/index.php?rest_route=\/wp\/v2\/posts\/6054","targetHints":{"allow":["GET"]}}],"collection":[{"href":"https:\/\/revistakuvendi.org\/index.php?rest_route=\/wp\/v2\/posts"}],"about":[{"href":"https:\/\/revistakuvendi.org\/index.php?rest_route=\/wp\/v2\/types\/post"}],"author":[{"embeddable":true,"href":"https:\/\/revistakuvendi.org\/index.php?rest_route=\/wp\/v2\/users\/1"}],"replies":[{"embeddable":true,"href":"https:\/\/revistakuvendi.org\/index.php?rest_route=%2Fwp%2Fv2%2Fcomments&post=6054"}],"version-history":[{"count":1,"href":"https:\/\/revistakuvendi.org\/index.php?rest_route=\/wp\/v2\/posts\/6054\/revisions"}],"predecessor-version":[{"id":6057,"href":"https:\/\/revistakuvendi.org\/index.php?rest_route=\/wp\/v2\/posts\/6054\/revisions\/6057"}],"wp:featuredmedia":[{"embeddable":true,"href":"https:\/\/revistakuvendi.org\/index.php?rest_route=\/wp\/v2\/media\/6055"}],"wp:attachment":[{"href":"https:\/\/revistakuvendi.org\/index.php?rest_route=%2Fwp%2Fv2%2Fmedia&parent=6054"}],"wp:term":[{"taxonomy":"category","embeddable":true,"href":"https:\/\/revistakuvendi.org\/index.php?rest_route=%2Fwp%2Fv2%2Fcategories&post=6054"},{"taxonomy":"post_tag","embeddable":true,"href":"https:\/\/revistakuvendi.org\/index.php?rest_route=%2Fwp%2Fv2%2Ftags&post=6054"}],"curies":[{"name":"wp","href":"https:\/\/api.w.org\/{rel}","templated":true}]}}