{"id":6048,"date":"2016-04-19T15:31:42","date_gmt":"2016-04-19T15:31:42","guid":{"rendered":"http:\/\/revistakuvendi.org\/?p=6048"},"modified":"2016-04-19T15:31:42","modified_gmt":"2016-04-19T15:31:42","slug":"busti-i-migjenit-vendoset-ne-qender-te-pukes-veper-e-skulptorit-ardian-pepa-sponsorizuar-nga-fran-gjoka","status":"publish","type":"post","link":"https:\/\/revistakuvendi.org\/?p=6048","title":{"rendered":"-Busti i Migjenit vendoset n\u00eb qend\u00ebr t\u00eb Puk\u00ebs, vep\u00ebr e skulptorit Ardian Pepa, sponsorizuar nga Fran Gjoka-"},"content":{"rendered":"<p>Migjeni \u201crikthehet\u201d n\u00eb qytetin e inspirimeve t\u00eb tij letrare<\/p>\n<p><strong>\u00a0<\/strong><\/p>\n<p><strong>-Busti i Migjenit\u00a0vendoset n\u00eb\u00a0qend\u00ebr t\u00eb Puk\u00ebs, vep\u00ebr e\u00a0skulptorit Ardian Pepa, sponsorizuar nga Fran Gjoka-<\/strong><\/p>\n<p>&nbsp;<\/p>\n<p>18 Prill\/ATSH\/.- N\u00eb qytetin e Puk\u00ebs u p\u00ebrurua sot vendosja e bustit t\u00eb poetit dhe prozatorit t\u00eb shquar shqiptar t\u00eb viteve 1930, Millosh Gjergj Nikolla, q\u00eb n\u00eb let\u00ebrsi njihet me emrin Migjeni.<!--more--><span style=\"font-size: 13px;\">Gjat\u00eb ceremonis\u00eb s\u00eb organizuar sot n\u00eb Puk\u00eb, busti i realizuar nga skulptori pukjan Ardian Pepa, u vendos n\u00eb qend\u00ebr t\u00eb\u00a0qytetit.<\/span><\/p>\n<p><a href=\"http:\/\/revistakuvendi.org\/wp-content\/uploads\/2016\/04\/Gjoka-Fran1.png\" rel=\"attachment wp-att-6050\"><img loading=\"lazy\" decoding=\"async\" class=\"alignleft size-medium wp-image-6050\" src=\"http:\/\/revistakuvendi.org\/wp-content\/uploads\/2016\/04\/Gjoka-Fran1-300x170.png\" alt=\"Gjoka Fran1\" width=\"300\" height=\"170\" srcset=\"https:\/\/revistakuvendi.org\/wp-content\/uploads\/2016\/04\/Gjoka-Fran1-300x170.png 300w, https:\/\/revistakuvendi.org\/wp-content\/uploads\/2016\/04\/Gjoka-Fran1-220x126.png 220w, https:\/\/revistakuvendi.org\/wp-content\/uploads\/2016\/04\/Gjoka-Fran1.png 354w\" sizes=\"auto, (max-width: 300px) 100vw, 300px\" \/><\/a><\/p>\n<p><strong>Busti i Migjenit \u00ebsht\u00eb realizuar fal\u00eb dashamir\u00ebsis\u00eb s\u00eb Fran Gjok\u00ebs<\/strong>, artistit pukjan q\u00eb jeton n\u00eb Shtetet e Bashkuara t\u00eb Amerik\u00ebs, i cili ka financuar realizimin e k\u00ebsaj vepre.\u00a0Pjes\u00eb e bustit t\u00eb Migjenit \u00ebsht\u00eb dhe Luli i Voc\u00ebrr.<\/p>\n<p>Migjeni, (pseudonimi i Millosh Gjergj Nikoll\u00ebs) lindi m\u00eb 23 tetor 1911 n\u00eb Shkod\u00ebr, n\u00eb familjen e nj\u00eb tregtari t\u00eb vog\u00ebl, ku shum\u00eb shpejt v\u00ebshtir\u00ebsive ekonomike iu shtuan edhe fatkeq\u00ebsit\u00eb familjare.<\/p>\n<p>Kur ishte pes\u00eb vje\u00e7, i vdiq n\u00ebna, kurse n\u00eb mosh\u00ebn tremb\u00ebdhjet\u00ebvje\u00e7 humbi t\u00eb atin, e m\u00eb pas v\u00ebllan\u00eb e gjyshen me t\u00eb cil\u00ebn ai ishte lidhur fort pas vdekjes s\u00eb n\u00ebn\u00ebs.<\/p>\n<p>K\u00ebto fatkeq\u00ebsi e b\u00ebn\u00eb Migjenin, q\u00eb vetiu ishte nj\u00eb natyr\u00eb e mbyllur, t\u00eb t\u00ebrhiqej nga jeta e moshatar\u00ebve t\u00eb tij.<\/p>\n<p>Pasi mbaroi shkoll\u00ebn fillore n\u00eb Shkod\u00ebr, ai shkoi p\u00ebr t\u2019i vazhduar m\u00ebsimet n\u00eb Tivar dhe m\u00eb pas p\u00ebrfundoi seminarin teologjik t\u00eb Manastirit.<\/p>\n<p>P\u00ebr nj\u00eb t\u00eb ri me interesa t\u00eb gjera si Migjeni, jeta e seminarit ishte mbyt\u00ebse. Nga leximet Migjeni ra n\u00eb kontakt me ide revolucionare t\u00eb koh\u00ebs q\u00eb zienin n\u00eb gjith\u00eb Evrop\u00ebn.<br \/>\nN\u00eb vitin 1932 Migjeni pasi mbaroi seminarin dhe nuk mundi t\u00eb siguroj\u00eb nj\u00eb burs\u00eb p\u00ebr t\u00eb vazhduar studimet e larta, mbeti pa pun\u00eb deri sa m\u00eb 1933 u em\u00ebrua m\u00ebsues n\u00eb Vrak\u00eb, nj\u00eb fshat af\u00ebr Shkodr\u00ebs.<\/p>\n<p>&nbsp;<\/p>\n<p>Rruga Vrak\u00eb-Shkod\u00ebr, q\u00eb ai b\u00ebnt\u00eb p\u00ebrdit\u00eb me bi\u00e7iklet\u00eb, ia p\u00ebrkeq\u00ebsoi gjendjen sh\u00ebndet\u00ebsore.<\/p>\n<p>Gjat\u00eb koh\u00ebs q\u00eb q\u00ebndroi n\u00eb seminar, Migjeni s\u00ebmurej shpesh dhe ishte n\u00ebn kontroll t\u00eb vazhduesh\u00ebm t\u00eb mjekut, ngase mushk\u00ebrit\u00eb e tij ishin t\u00eb dob\u00ebta dhe rrezikoheshin t\u00eb prekeshin nga turbekulozi, s\u00ebmundja tipike e koh\u00ebs, nga e cila i vdiq edhe n\u00ebna.<\/p>\n<p>Nd\u00ebrkoh\u00eb, ai kishte filluar t\u00eb botonte shkrimet e tij n\u00eb revisten \u201cIllyria\u201d.<\/p>\n<p>N\u00eb to ndihen p\u00ebrshtypjet e para, reagimi shpirt\u00ebror i Migjenit ndaj realitetit t\u00eb zymt\u00eb, ndaj mjerimit, ku ishte zhytur edhe fshati, edhe qyteti shqiptar.<\/p>\n<p>Migjeni \u00ebsht\u00eb nga shkrimtar\u00ebt m\u00eb t\u00eb shquar t\u00eb let\u00ebrsis\u00eb shqiptare.<\/p>\n<p>Me nj\u00eb realiz\u00ebm t\u00eb thell\u00eb, t\u00eb panjohur deri at\u00ebher\u00eb n\u00eb let\u00ebrsin\u00eb ton\u00eb, ai pasqyroi jet\u00ebn e p\u00ebrditshme t\u00eb shoq\u00ebris\u00eb shqiptare, sidomos t\u00eb shtresave t\u00eb varf\u00ebra t\u00eb qytetit e fshatit, duke demaskuar sistemin e prapambetur shoq\u00ebror si dhe fashizmin q\u00eb po k\u00ebrc\u00ebnonte Evrop\u00ebn.<\/p>\n<p>P\u00ebrfaq\u00ebsuesi m\u00eb i shquar i realizmit kritik, Migjeni futi n\u00eb let\u00ebrsin\u00eb ton\u00eb me nj\u00eb shkall\u00eb shum\u00eb t\u00eb lart\u00eb ideoartistike protest\u00ebn e hapur, \u00ebnd\u00ebrr\u00ebn p\u00ebr nj\u00eb bot\u00eb t\u00eb re dhe optimizmin e thell\u00eb.<\/p>\n<p>Migjeni kaloi nga nj\u00eb romantiz\u00ebm revolucionar n\u00eb realiz\u00ebm kritik gjat\u00eb jet\u00ebs s\u00eb tij.<\/p>\n<p>Ai pasqyroi varf\u00ebrin\u00eb e thell\u00eb t\u00eb viteve kur jetoi, dhe duke u dal\u00eb zot heronjve t\u00eb krijimeve t\u00eb tij si \u201cBuk\u00ebn ton\u00eb t\u00eb p\u00ebrditshme falna sot\u201d, \u201cBukuria q\u00eb vret\u201d, \u201cMoll\u00eb e ndalueme\u201d, \u201cLegjenda e misrit\u201d, \u201cA don qymyr zotni\u00a0?\u201d, etj. fshikulloi ashp\u00ebr indiferentizmin e klasave t\u00eb kamura ndaj vuajtjeve t\u00eb popullit.<\/p>\n<p>\/k.b\/ \/a.g\/<\/p>\n<p>&nbsp;<\/p>\n","protected":false},"excerpt":{"rendered":"<p>Migjeni \u201crikthehet\u201d n\u00eb qytetin e inspirimeve t\u00eb tij letrare \u00a0 -Busti i Migjenit\u00a0vendoset n\u00eb\u00a0qend\u00ebr t\u00eb Puk\u00ebs, vep\u00ebr e\u00a0skulptorit Ardian Pepa, sponsorizuar nga Fran Gjoka- &nbsp; 18 Prill\/ATSH\/.- N\u00eb qytetin e Puk\u00ebs u p\u00ebrurua sot vendosja e bustit t\u00eb poetit dhe prozatorit t\u00eb shquar shqiptar t\u00eb viteve 1930, Millosh Gjergj Nikolla, q\u00eb n\u00eb let\u00ebrsi njihet me&hellip;<\/p>\n","protected":false},"author":1,"featured_media":6049,"comment_status":"open","ping_status":"open","sticky":false,"template":"","format":"standard","meta":{"footnotes":""},"categories":[12],"tags":[],"class_list":["post-6048","post","type-post","status-publish","format-standard","has-post-thumbnail","hentry","category-jete-komuniteti"],"_links":{"self":[{"href":"https:\/\/revistakuvendi.org\/index.php?rest_route=\/wp\/v2\/posts\/6048","targetHints":{"allow":["GET"]}}],"collection":[{"href":"https:\/\/revistakuvendi.org\/index.php?rest_route=\/wp\/v2\/posts"}],"about":[{"href":"https:\/\/revistakuvendi.org\/index.php?rest_route=\/wp\/v2\/types\/post"}],"author":[{"embeddable":true,"href":"https:\/\/revistakuvendi.org\/index.php?rest_route=\/wp\/v2\/users\/1"}],"replies":[{"embeddable":true,"href":"https:\/\/revistakuvendi.org\/index.php?rest_route=%2Fwp%2Fv2%2Fcomments&post=6048"}],"version-history":[{"count":1,"href":"https:\/\/revistakuvendi.org\/index.php?rest_route=\/wp\/v2\/posts\/6048\/revisions"}],"predecessor-version":[{"id":6051,"href":"https:\/\/revistakuvendi.org\/index.php?rest_route=\/wp\/v2\/posts\/6048\/revisions\/6051"}],"wp:featuredmedia":[{"embeddable":true,"href":"https:\/\/revistakuvendi.org\/index.php?rest_route=\/wp\/v2\/media\/6049"}],"wp:attachment":[{"href":"https:\/\/revistakuvendi.org\/index.php?rest_route=%2Fwp%2Fv2%2Fmedia&parent=6048"}],"wp:term":[{"taxonomy":"category","embeddable":true,"href":"https:\/\/revistakuvendi.org\/index.php?rest_route=%2Fwp%2Fv2%2Fcategories&post=6048"},{"taxonomy":"post_tag","embeddable":true,"href":"https:\/\/revistakuvendi.org\/index.php?rest_route=%2Fwp%2Fv2%2Ftags&post=6048"}],"curies":[{"name":"wp","href":"https:\/\/api.w.org\/{rel}","templated":true}]}}