{"id":5999,"date":"2016-04-03T00:41:22","date_gmt":"2016-04-03T00:41:22","guid":{"rendered":"http:\/\/revistakuvendi.org\/?p=5999"},"modified":"2016-04-03T00:42:03","modified_gmt":"2016-04-03T00:42:03","slug":"nje-falenderim-i-vecante-per-vasel-ujkaj-dhe-julina-cefaj","status":"publish","type":"post","link":"https:\/\/revistakuvendi.org\/?p=5999","title":{"rendered":"Nj\u00eb falenderim i ve\u00e7ant\u00eb p\u00ebr Vasel Ujkaj dhe  Julian \u00c7efaj!"},"content":{"rendered":"<p>K\u00ebshilli Botues i Revistes Periodike Kuvendi, me nj\u00eb histori 16 vje\u00e7are, falenderon aktivist\u00ebt e njohur \u00a0n\u00eb komunitetet \u00a0e shqiptar\u00ebve t\u00eb Amerik\u00ebs, Vasel Ujkaj dhe Julian \u00c7efa! Vasel Ujkaj prej vitesh \u00ebsht\u00eb interesuar vazhdimisht p\u00ebr t\u00eb pasur \u00e7do\u00a0 num\u00ebr t\u00eb Kuvendit, <!--more-->ashtu si\u00e7 \u00ebsht\u00eb nj\u00eb arshiv\u00eb e v\u00ebrtet\u00eb p\u00ebr botimet e tjera q\u00eb ka pasur n\u00eb komunitetet shqiptare te Amerik\u00ebs, ve\u00e7an\u00ebrisht t\u00eb Gazet\u00ebs Dielli, Revistes Leka, Heroizmes Komb\u00ebtare, librave t\u00eb ndryshme nga Qendrat Fetare dhe konkretisht nga Imam Vehbi Ismaili, Monsinjor Zef Oroshi, Teqja Bektashiane etj , Dom Anton K\u00e7ira deri n\u00eb gazetat e p\u00ebrkoh\u00ebshme dhe jet\u00ebshkurt\u00ebra. Nj\u00eb koleksionist t\u00eb apasionuar si Vasel Ujkaj \u00ebsht\u00eb rrall\u00eb ta gjesh\u00eb, ku me p\u00ebrkushtimin e tij mbi baza krejt vullnetare, ka ndjekur dhe pasqyruar\u00a0 me nj\u00eb ekzakt\u00ebsi p\u00ebr t\u2019u admiruar gjith\u00eb aktivitet e\u00a0 shqiptar\u00ebve t\u00eb Amerik\u00ebs, sidomos nga viti 1969 e k\u00ebndej.<\/p>\n<p><a href=\"http:\/\/revistakuvendi.org\/wp-content\/uploads\/2016\/04\/DHURATE-NGA-VU.png\" rel=\"attachment wp-att-6001\"><img loading=\"lazy\" decoding=\"async\" class=\"alignleft size-medium wp-image-6001\" src=\"http:\/\/revistakuvendi.org\/wp-content\/uploads\/2016\/04\/DHURATE-NGA-VU-300x209.png\" alt=\"DHURATE NGA VU\" width=\"300\" height=\"209\" srcset=\"https:\/\/revistakuvendi.org\/wp-content\/uploads\/2016\/04\/DHURATE-NGA-VU-300x209.png 300w, https:\/\/revistakuvendi.org\/wp-content\/uploads\/2016\/04\/DHURATE-NGA-VU.png 608w\" sizes=\"auto, (max-width: 300px) 100vw, 300px\" \/><\/a><em>Nga e majta ne te djathte: Pjeter Jaku dhe Vasel Ujkaj<\/em><\/p>\n<p>Duke mos u mjaftuar me kaq, ai ka mbledhur e ruajtur, ku ka gjetur, informacione edhe t\u00eb m\u00ebparshme t\u00eb dokumentuara nga aktivist\u00eb t\u00eb tjer\u00eb, materialve t\u00eb t\u00eb cil\u00ebve sot nuk u dihet p\u00ebrfundimi. Shum\u00eb botime , &#8211; thot\u00eb me keqardhje Vaseli, &#8211;\u00a0 jan\u00eb tretur nga t\u00eb af\u00ebrm t\u00eb tyre, pasi gjuha shqipe n\u00eb ato familje ka shkuar drejt harres\u00ebs. Gazeta, revista, libra dhe fotografi, i ka t\u00eb gjitha t\u00eb sistemuara, n\u00eb dosje t\u00eb ve\u00e7anta, nj\u00eb pjes\u00eb prej t\u00eb cilave i ka fotokopjuar, por edhe\u00a0 shum\u00eb origjinale, ia dhuroi k\u00ebto dit\u00eb Botuesit t\u00eb Revistes Kuvendi, Pjet\u00ebr Jaku.<\/p>\n<p>Pok\u00ebshtu edhe aktivisti i njohur Julian \u00c7efa, arratisur para afro 50 vjet\u00ebsh, nj\u00eb i apasionuar i librit dhe ve\u00e7an\u00ebrisht i Historis\u00eb, i dhuroi para pak koh\u00ebsh revist\u00ebs Kuvendi, nje koleksion t\u00eb pasur t\u00eb\u00a0 Revit\u00ebs \u201c Shejzat\u201d t\u00eb cil\u00ebn e pati botuar p\u00ebr shum\u00eb vite, poeti, shkrimtari, p\u00ebrkthyesi dhe eruditi i njohur Ernest Koliqi. Juliani, k\u00ebto material dhe t\u00eb tjera t\u00eb fush\u00ebs s\u00eb historis\u00eb dhe kultures shqiptare i p\u00ebrdori n\u00eb disa raste , kur u ngarkua t\u00eb p\u00ebrsh\u00ebndeste n\u00eb festat e Pavar\u00ebsis\u00eb dhe sidomos t\u00eb Kryengritjes s\u00eb Mal\u00ebsis\u00eb, t\u00eb 6 Prillit t\u00eb vitit 1911.<\/p>\n<p><a href=\"http:\/\/revistakuvendi.org\/wp-content\/uploads\/2016\/04\/Juliani-ne-konferencen-per-Hotin-Nentor-2013.png\" rel=\"attachment wp-att-6002\"><img loading=\"lazy\" decoding=\"async\" class=\"alignleft size-medium wp-image-6002\" src=\"http:\/\/revistakuvendi.org\/wp-content\/uploads\/2016\/04\/Juliani-ne-konferencen-per-Hotin-Nentor-2013-300x260.png\" alt=\"Juliani ne konferencen per Hotin, Nentor 2013\" width=\"300\" height=\"260\" srcset=\"https:\/\/revistakuvendi.org\/wp-content\/uploads\/2016\/04\/Juliani-ne-konferencen-per-Hotin-Nentor-2013-300x260.png 300w, https:\/\/revistakuvendi.org\/wp-content\/uploads\/2016\/04\/Juliani-ne-konferencen-per-Hotin-Nentor-2013.png 378w\" sizes=\"auto, (max-width: 300px) 100vw, 300px\" \/><\/a>Julian \u00c7efa me bashkeshorten ne nje aktivitet te viteve te fundit<\/p>\n<p>Teksti i par\u00eb i Historis\u00eb s\u00eb Shqip\u00ebris\u00eb, i shkruar nga prifti katolik Dom Ndoc Nikaj, ruhet me fanatiz\u00ebm nga Juliani, tekst t\u00eb cilit i \u00ebsht\u00eb referuar disa her\u00eb n\u00eb emisionet historike t\u00eb transmetuar nga ai n\u00eb Radion e Komunitetit Shqiptar t\u00eb Detroitit. Ve\u00e7 k\u00ebtyre, Juliani ka\u00a0 n\u00eb koleksionin e\u00a0 tij shum\u00eb libra, revista dhe gazeta t\u00eb siguruara m\u00eb v\u00ebshtir\u00ebsi para viteve 90-t\u00eb, p\u00ebr t\u00eb cilat kishte edhe munges\u00eb informimi. Gjith\u00ebsesi, n\u00eb ato koh\u00eb, &#8211; thot\u00eb Juliani, &#8211; ekzistonte nj\u00eb informim i p\u00ebrpikt\u00eb i nj\u00ebri tjetrit nd\u00ebrmjet disa p\u00ebrsonave kulturor, t\u00eb cil\u00ebt duhen mbajtur n\u00eb v\u00ebm\u00ebndjen komb\u00ebtare , jo vet\u00ebm si aktivist\u00eb t\u00eb kudondodhur, por edhe si p\u00ebrhap\u00ebs t\u00eb flakt\u00eb t\u00eb realiteteve historike, q\u00eb nuk kishin t\u00eb b\u00ebnin me ideologjin\u00eb komuniste.<\/p>\n<p>Julianin dhe Vaselin i falenderoi publikisht p\u00ebr pasionin dhe pun\u00ebn\u00a0 e tyre, lidhur me historikun e\u00a0 shqiptar\u00ebve n\u00eb Amerik\u00eb, ruajtjen e Kujtes\u00ebs Komb\u00ebtare edhe k\u00ebtu n\u00eb emigrim dhe, ve\u00e7an\u00ebrisht p\u00ebr dhuraten q\u00eb i b\u00ebn\u00eb \u00a0Revites Kuvendi.<\/p>\n<p><strong>Botuesi i Revistes \u201c KUVENDI\u201d<\/strong><\/p>\n<p>Pjet\u00ebr Jaku<\/p>\n<p>Michigan, 02 prill 2016<\/p>\n<p><strong>Foto te disa materialve te dhuruara:<\/strong><\/p>\n<p><a href=\"http:\/\/revistakuvendi.org\/wp-content\/uploads\/2016\/04\/DHURATE-NGA-V-U.png\" rel=\"attachment wp-att-6006\"><img loading=\"lazy\" decoding=\"async\" class=\"alignleft size-medium wp-image-6006\" src=\"http:\/\/revistakuvendi.org\/wp-content\/uploads\/2016\/04\/DHURATE-NGA-V-U-300x284.png\" alt=\"DHURATE NGA V U\" width=\"300\" height=\"284\" srcset=\"https:\/\/revistakuvendi.org\/wp-content\/uploads\/2016\/04\/DHURATE-NGA-V-U-300x284.png 300w, https:\/\/revistakuvendi.org\/wp-content\/uploads\/2016\/04\/DHURATE-NGA-V-U.png 472w\" sizes=\"auto, (max-width: 300px) 100vw, 300px\" \/><\/a><\/p>\n<p><a href=\"http:\/\/revistakuvendi.org\/wp-content\/uploads\/2016\/04\/DHURATE-NGA-V-U-3.png\" rel=\"attachment wp-att-6005\"><img loading=\"lazy\" decoding=\"async\" class=\"alignleft size-medium wp-image-6005\" src=\"http:\/\/revistakuvendi.org\/wp-content\/uploads\/2016\/04\/DHURATE-NGA-V-U-3-217x300.png\" alt=\"DHURATE NGA V U 3\" width=\"217\" height=\"300\" srcset=\"https:\/\/revistakuvendi.org\/wp-content\/uploads\/2016\/04\/DHURATE-NGA-V-U-3-217x300.png 217w, https:\/\/revistakuvendi.org\/wp-content\/uploads\/2016\/04\/DHURATE-NGA-V-U-3.png 417w\" sizes=\"auto, (max-width: 217px) 100vw, 217px\" \/><\/a><\/p>\n<p><a href=\"http:\/\/revistakuvendi.org\/wp-content\/uploads\/2016\/04\/DHURATE-NGA-V-U-2-1.png\" rel=\"attachment wp-att-6004\"><img loading=\"lazy\" decoding=\"async\" class=\"alignleft size-full wp-image-6004\" src=\"http:\/\/revistakuvendi.org\/wp-content\/uploads\/2016\/04\/DHURATE-NGA-V-U-2-1.png\" alt=\"DHURATE NGA V U 2\" width=\"269\" height=\"235\" \/><\/a><\/p>\n<p><a href=\"http:\/\/revistakuvendi.org\/wp-content\/uploads\/2016\/04\/DHURATE-NGA-V-U-1.png\" rel=\"attachment wp-att-6003\"><img loading=\"lazy\" decoding=\"async\" class=\"alignleft size-medium wp-image-6003\" src=\"http:\/\/revistakuvendi.org\/wp-content\/uploads\/2016\/04\/DHURATE-NGA-V-U-1-300x161.png\" alt=\"DHURATE NGA V U 1\" width=\"300\" height=\"161\" srcset=\"https:\/\/revistakuvendi.org\/wp-content\/uploads\/2016\/04\/DHURATE-NGA-V-U-1-300x161.png 300w, https:\/\/revistakuvendi.org\/wp-content\/uploads\/2016\/04\/DHURATE-NGA-V-U-1.png 472w\" sizes=\"auto, (max-width: 300px) 100vw, 300px\" \/><\/a><\/p>\n","protected":false},"excerpt":{"rendered":"<p>K\u00ebshilli Botues i Revistes Periodike Kuvendi, me nj\u00eb histori 16 vje\u00e7are, falenderon aktivist\u00ebt e njohur \u00a0n\u00eb komunitetet \u00a0e shqiptar\u00ebve t\u00eb Amerik\u00ebs, Vasel Ujkaj dhe Julian \u00c7efa! Vasel Ujkaj prej vitesh \u00ebsht\u00eb interesuar vazhdimisht p\u00ebr t\u00eb pasur \u00e7do\u00a0 num\u00ebr t\u00eb Kuvendit,<\/p>\n","protected":false},"author":1,"featured_media":6000,"comment_status":"open","ping_status":"open","sticky":false,"template":"","format":"standard","meta":{"footnotes":""},"categories":[12],"tags":[],"class_list":["post-5999","post","type-post","status-publish","format-standard","has-post-thumbnail","hentry","category-jete-komuniteti"],"_links":{"self":[{"href":"https:\/\/revistakuvendi.org\/index.php?rest_route=\/wp\/v2\/posts\/5999","targetHints":{"allow":["GET"]}}],"collection":[{"href":"https:\/\/revistakuvendi.org\/index.php?rest_route=\/wp\/v2\/posts"}],"about":[{"href":"https:\/\/revistakuvendi.org\/index.php?rest_route=\/wp\/v2\/types\/post"}],"author":[{"embeddable":true,"href":"https:\/\/revistakuvendi.org\/index.php?rest_route=\/wp\/v2\/users\/1"}],"replies":[{"embeddable":true,"href":"https:\/\/revistakuvendi.org\/index.php?rest_route=%2Fwp%2Fv2%2Fcomments&post=5999"}],"version-history":[{"count":2,"href":"https:\/\/revistakuvendi.org\/index.php?rest_route=\/wp\/v2\/posts\/5999\/revisions"}],"predecessor-version":[{"id":6008,"href":"https:\/\/revistakuvendi.org\/index.php?rest_route=\/wp\/v2\/posts\/5999\/revisions\/6008"}],"wp:featuredmedia":[{"embeddable":true,"href":"https:\/\/revistakuvendi.org\/index.php?rest_route=\/wp\/v2\/media\/6000"}],"wp:attachment":[{"href":"https:\/\/revistakuvendi.org\/index.php?rest_route=%2Fwp%2Fv2%2Fmedia&parent=5999"}],"wp:term":[{"taxonomy":"category","embeddable":true,"href":"https:\/\/revistakuvendi.org\/index.php?rest_route=%2Fwp%2Fv2%2Fcategories&post=5999"},{"taxonomy":"post_tag","embeddable":true,"href":"https:\/\/revistakuvendi.org\/index.php?rest_route=%2Fwp%2Fv2%2Ftags&post=5999"}],"curies":[{"name":"wp","href":"https:\/\/api.w.org\/{rel}","templated":true}]}}