{"id":5925,"date":"2016-02-28T13:44:20","date_gmt":"2016-02-28T13:44:20","guid":{"rendered":"http:\/\/revistakuvendi.org\/?p=5925"},"modified":"2016-02-28T13:44:20","modified_gmt":"2016-02-28T13:44:20","slug":"i-perkushtuar-ne-pune-dhe-veprimtari-te-dobishme","status":"publish","type":"post","link":"https:\/\/revistakuvendi.org\/?p=5925","title":{"rendered":"I P\u00cbRKUSHTUAR, N\u00cb PUN\u00cb DHE VEPRIMTARI T\u00cb DOBISHME\u2026"},"content":{"rendered":"<p><strong><em><a href=\"http:\/\/revistakuvendi.org\/wp-content\/uploads\/2016\/02\/NIKLEKAJ-SOKOL.png\"><img loading=\"lazy\" decoding=\"async\" class=\"alignleft size-full wp-image-5926\" src=\"http:\/\/revistakuvendi.org\/wp-content\/uploads\/2016\/02\/NIKLEKAJ-SOKOL.png\" alt=\"NIKLEKAJ SOKOL\" width=\"235\" height=\"242\" srcset=\"https:\/\/revistakuvendi.org\/wp-content\/uploads\/2016\/02\/NIKLEKAJ-SOKOL.png 235w, https:\/\/revistakuvendi.org\/wp-content\/uploads\/2016\/02\/NIKLEKAJ-SOKOL-50x50.png 50w\" sizes=\"auto, (max-width: 235px) 100vw, 235px\" \/><\/a>( Pak radh\u00eb p\u00ebr intelektualin SOKOL NIKLEKAJ )<\/em><\/strong><\/p>\n<p><strong>Nga: Prof. MURAT GECAJ<\/strong><\/p>\n<p><strong>\u00a0\u00a0\u00a0\u00a0\u00a0\u00a0\u00a0\u00a0\u00a0\u00a0\u00a0\u00a0\u00a0 publicist e studiues<\/strong><\/p>\n<p>\u00cbsht\u00eb e njohur se, kur dikush shkruan portretin e nj\u00eb njeriu t\u00eb caktuar, ka arsyen ose dometh\u00ebnien e vet\u00eb. <!--more-->K\u00ebshtu \u00ebsht\u00eb edhe n\u00eb rastin konkret, pra kur po i shkruaj pak radh\u00eb p\u00ebr intelektualin e ri, 38-vje\u00e7arin Sokol Niklekaj. Me origjin\u00eb \u00ebsht\u00eb nga krahina e bukur dhe plot tradita e Nikaj-M\u00ebrturit, n\u00eb Mal\u00ebsin\u00eb e Gjakov\u00ebs (Tropoj\u00eb). Si nga trungu familjar i babait dhe i n\u00ebn\u00ebs, trash\u00ebgon traditat m\u00eb t\u00eb mira t\u00eb mal\u00ebsor\u00ebve, si atdhedashurin\u00eb, guximin e trim\u00ebrin\u00eb, bes\u00ebn e bujarin\u00eb e tjer\u00eb. Skoll\u00ebn fillore e nisi atje, pastaj arsimin tetvje\u00e7ar, t\u00eb mes\u00ebm e t\u00eb lart\u00eb, p\u00ebr drejt\u00ebsi, i kreu n\u00eb Burrel e Shkod\u00ebr, ku u vendos\u00ebn familjarisht dhe sh\u00ebrbyen dy prind\u00ebrit e tij, i jati jurist i aft\u00eb dhe e \u00ebma m\u00ebsuese profesioniste. Pasi mbaroi studimet e larta, Sokoli sh\u00ebrbeu disa koh\u00eb jurist n\u00eb Ministrin\u00eb e Energjitik\u00ebs, n\u00eb Tiran\u00eb. Nd\u00ebrsa, m\u00eb pas nisi t\u00eb merrej me nj\u00eb biznes t\u00eb vog\u00ebl, t\u00eb cilin e vazhdon edhe tani, n\u00eb qytetin e Shkodr\u00ebs, e cila \u00ebsht\u00eb vendlindja e dyt\u00eb p\u00ebr t\u00eb.<\/p>\n<p>Gjat\u00eb viteve t\u00eb pun\u00ebs, Sokoli e ndjeu se mendimet e tij p\u00ebrputheshin m\u00eb t\u00ebp\u00ebr me nj\u00eb forc\u00eb politike, e cila n\u00eb programin e saj ka kujdesin e pun\u00ebn ndaj njer\u00ebzve, pra me Partin\u00eb Socialiste. Nuk duam t\u00eb b\u00ebjm\u00eb nj\u00eb \u201cbiografi\u201d t\u00eb plot\u00eb t\u00eb p\u00ebrkushtimit t\u00eb tij n\u00eb k\u00ebt\u00eb drejtim, por n\u00ebnvizojm\u00eb se ai ka fituar respektin e dashurin\u00eb e qytetar\u00ebve shkodran\u00eb dhe gjith\u00eb atyre, q\u00eb e njohin nga af\u00ebr. T\u00eb qet\u00eb e fjal\u00ebpak\u00eb, t\u00eb v\u00ebmendsh\u00ebm sidomos ndaj njer\u00ebzve n\u00eb nevoj\u00eb etj., t\u00eb till\u00eb e njohin jo vet\u00ebm n\u00eb familjen e vet\u00eb, bashk\u00ebshortja Loreta e dy vog\u00eblush\u00ebt, Solona e Marko, por dhe fqinj\u00ebt, koleg\u00ebt, miq\u00ebt e dashamir\u00ebt e shumt\u00eb. Sokoli shquhet, n\u00eb pun\u00eb e n\u00eb jet\u00ebn e p\u00ebrdit\u00ebshme p\u00ebr energji positive e k\u00ebmb\u00ebngulje, p\u00ebr drejt\u00ebsi e papajtueshm\u00ebri ndaj t\u00eb metave t\u00eb cilitdoqoft\u00eb ai.<\/p>\n<p>K\u00ebto dit\u00eb kam lexuar mjaft mendime, q\u00eb kan\u00eb shprehur n\u00eb Internet p\u00ebr Sokol Niklekajn. Nd\u00ebr ta, jan\u00eb dhjet\u00ebra veta, shumica t\u00eb rinj e t\u00eb reja. Por d\u00ebshiroj t\u00eb p\u00ebrmendi vet\u00ebm nj\u00ebr\u00ebn prej tyre, Terezina Gjeloshin, e cila thot\u00eb me sinqeritet:\u00a0<em>\u201c\u00cbsht\u00eb nj\u00eb djal\u00eb me shum\u00eb vlera, rrjedh nga nj\u00eb familje intelektual\u00ebsh, q\u00eb gjithmon\u00eb jan\u00eb p\u00ebrkushtuar q\u00eb t\u2019i m\u00ebsojn\u00eb e t\u2019i ndihmojn\u00eb njer\u00ebzit, pra ka dhe merit\u00ebn e dy prind\u00ebrve t\u00eb p\u00ebrkryer\u2026 Un\u00eb jam\u00eb shum\u00eb e bindur p\u00ebr fitoren t\u00ebnde, Sokol!&#8230;\u201d.<\/em><\/p>\n<p>Ja, kjo fjalia e fundit sikur e zbuloi edhe \u201csekretin\u201d, se p\u00ebrse duam ta b\u00ebjm\u00eb sadopak t\u00eb njohur k\u00ebt\u00eb veprimtar t\u00eb dalluar t\u00eb Partis\u00eb Socialiste n\u00eb Shkod\u00ebr, ku ai ka paraqitur kandidatur\u00ebn p\u00ebr kryetar, n\u00eb zgjedhjet e reja, q\u00eb jan\u00eb n\u00eb vazhdim. Kur bisedon lirisht me Sokolin, ai nuk ka shum\u00eb premtime \u201ct\u00eb bujshme\u201d e \u201cfjal\u00eb t\u00eb m\u00ebdha\u201d, p\u00ebr t\u00eb cilat duhet t\u2019i besojn\u00eb zgjedh\u00ebsit, pra an\u00ebtar\u00ebsia socialiste. Kryesorja, d\u00ebshiron dhe premton q\u00eb do t\u00eb jet\u00eb kurdoher\u00eb pran\u00eb banor\u00ebve shkodran\u00eb, pavar\u00ebsisht nga p\u00ebrkat\u00ebsia partiake, sidomos duke mos e kursyer pun\u00ebn dhe ndihmes\u00ebn e tij, me sinqeritet e ndershm\u00ebri, ndaj njer\u00ebzve t\u00eb thjesht\u00eb e n\u00eb nevoj\u00eb. Sepse ata duan: pun\u00eb, strehim, kushte normale p\u00ebr jetes\u00eb e p\u00ebr t\u2019u ushqyer, drejt\u00ebsi, sh\u00ebrbime korrekte n\u00eb zyrat e shtetit, kujdes sh\u00ebndet\u00ebsor e arsimim, papajtueshm\u00ebri dhe luft\u00eb t\u00eb pal\u00ebkundur kund\u00ebr korrupsionit etj.etj. E, k\u00ebto t\u00eb gjitha k\u00ebrkojn\u00eb pun\u00eb e p\u00ebrkushtim t\u00eb pand\u00ebrprer\u00eb, gj\u00eb p\u00ebr t\u00eb cilat Sokol Niklekaj do t\u00eb tregohet gjithnj\u00eb i palodhur e i pap\u00ebrtuar.<\/p>\n<p>Sigurisht, procedura e votimit, n\u00eb secil\u00ebn parti politike, ka ve\u00e7orit\u00eb e veta dhe zgjedh\u00ebsit mendohen mir\u00eb, p\u00ebrpara se ta thon\u00eb fjal\u00ebn e tyre. Por, duke u nisur nga cil\u00ebsit\u00eb e mira vetjake, formimi arsimor e professional si jurist, me dy gjuh\u00eb t\u00eb huaja (italisht\u00a0 e anglisht), p\u00ebrvoja e pun\u00ebs dhe e jet\u00ebs pran\u00eb njer\u00ebzve etj., mendojm\u00eb se Sokol Niklekaj \u00ebsht\u00eb nj\u00eb kadidatur\u00eb shum\u00eb e fort\u00eb dhe e meriton p\u00ebr t\u2019i drejtuar socialist\u00ebt shkodran\u00eb n\u00eb plot\u00ebsimin e programit, q\u00eb ka shpalosur kjo forc\u00eb politike para an\u00ebtar\u00ebsis\u00eb dhe, n\u00eb p\u00ebrgjith\u00ebsi, para popullit ton\u00eb, gjat\u00eb k\u00ebtyre kat\u00ebr viteve. Le t\u00eb shpresojm\u00eb, q\u00eb t\u00eb b\u00ebhet m\u00eb e mira edhe n\u00eb k\u00ebt\u00eb rast, pra p\u00ebr t\u00eb gjykuar drejt, me objektivitet dhe paanshm\u00ebri, nga secili an\u00ebtar i Partis\u00eb Socialiste n\u00eb Shkod\u00ebr, p\u00ebr drejtuesin e tyre t\u00eb ri!<\/p>\n<p><strong><em>Tiran\u00eb, 24 shkurt 2016<\/em><\/strong><\/p>\n","protected":false},"excerpt":{"rendered":"<p>( Pak radh\u00eb p\u00ebr intelektualin SOKOL NIKLEKAJ ) Nga: Prof. MURAT GECAJ \u00a0\u00a0\u00a0\u00a0\u00a0\u00a0\u00a0\u00a0\u00a0\u00a0\u00a0\u00a0\u00a0 publicist e studiues \u00cbsht\u00eb e njohur se, kur dikush shkruan portretin e nj\u00eb njeriu t\u00eb caktuar, ka arsyen ose dometh\u00ebnien e vet\u00eb.<\/p>\n","protected":false},"author":1,"featured_media":5926,"comment_status":"open","ping_status":"open","sticky":false,"template":"","format":"standard","meta":{"footnotes":""},"categories":[12],"tags":[],"class_list":["post-5925","post","type-post","status-publish","format-standard","has-post-thumbnail","hentry","category-jete-komuniteti"],"_links":{"self":[{"href":"https:\/\/revistakuvendi.org\/index.php?rest_route=\/wp\/v2\/posts\/5925","targetHints":{"allow":["GET"]}}],"collection":[{"href":"https:\/\/revistakuvendi.org\/index.php?rest_route=\/wp\/v2\/posts"}],"about":[{"href":"https:\/\/revistakuvendi.org\/index.php?rest_route=\/wp\/v2\/types\/post"}],"author":[{"embeddable":true,"href":"https:\/\/revistakuvendi.org\/index.php?rest_route=\/wp\/v2\/users\/1"}],"replies":[{"embeddable":true,"href":"https:\/\/revistakuvendi.org\/index.php?rest_route=%2Fwp%2Fv2%2Fcomments&post=5925"}],"version-history":[{"count":1,"href":"https:\/\/revistakuvendi.org\/index.php?rest_route=\/wp\/v2\/posts\/5925\/revisions"}],"predecessor-version":[{"id":5927,"href":"https:\/\/revistakuvendi.org\/index.php?rest_route=\/wp\/v2\/posts\/5925\/revisions\/5927"}],"wp:featuredmedia":[{"embeddable":true,"href":"https:\/\/revistakuvendi.org\/index.php?rest_route=\/wp\/v2\/media\/5926"}],"wp:attachment":[{"href":"https:\/\/revistakuvendi.org\/index.php?rest_route=%2Fwp%2Fv2%2Fmedia&parent=5925"}],"wp:term":[{"taxonomy":"category","embeddable":true,"href":"https:\/\/revistakuvendi.org\/index.php?rest_route=%2Fwp%2Fv2%2Fcategories&post=5925"},{"taxonomy":"post_tag","embeddable":true,"href":"https:\/\/revistakuvendi.org\/index.php?rest_route=%2Fwp%2Fv2%2Ftags&post=5925"}],"curies":[{"name":"wp","href":"https:\/\/api.w.org\/{rel}","templated":true}]}}