{"id":5919,"date":"2016-02-24T15:52:32","date_gmt":"2016-02-24T15:52:32","guid":{"rendered":"http:\/\/revistakuvendi.org\/?p=5919"},"modified":"2016-02-24T15:52:32","modified_gmt":"2016-02-24T15:52:32","slug":"te-jeshe-shqiptar-antiperendimor-eshte-e-pa-arsyeshme-per-te-mos-thene-cmenuduri","status":"publish","type":"post","link":"https:\/\/revistakuvendi.org\/?p=5919","title":{"rendered":"T\u00eb jesh\u00eb shqiptar antiperendimor, \u00ebsht\u00eb e pa arsyeshme, p\u00ebr t\u00eb mos th\u00ebn\u00eb cmenuduri!"},"content":{"rendered":"<p><strong><a href=\"http:\/\/revistakuvendi.org\/wp-content\/uploads\/2016\/02\/Domgjoni-Palush1.png\"><img loading=\"lazy\" decoding=\"async\" class=\"alignleft size-full wp-image-5920\" src=\"http:\/\/revistakuvendi.org\/wp-content\/uploads\/2016\/02\/Domgjoni-Palush1.png\" alt=\"Domgjoni Palush1\" width=\"202\" height=\"204\" srcset=\"https:\/\/revistakuvendi.org\/wp-content\/uploads\/2016\/02\/Domgjoni-Palush1.png 202w, https:\/\/revistakuvendi.org\/wp-content\/uploads\/2016\/02\/Domgjoni-Palush1-150x150.png 150w, https:\/\/revistakuvendi.org\/wp-content\/uploads\/2016\/02\/Domgjoni-Palush1-50x50.png 50w\" sizes=\"auto, (max-width: 202px) 100vw, 202px\" \/><\/a>Nga Palush Domgjoni<\/strong><\/p>\n<p>\u201cN\u00ebse e ndihmon nj\u00eb qen nga vdekja dhe i jep p\u00ebr t\u00eb ngr\u00ebn\u00eb, ai do t\u00eb qendroj\u00eb ty besnik gjithmon\u00eb dhe kurr nuk do t\u00eb t\u00eb kafshoj\u00eb. Ky \u00ebsht\u00eb dallimi mes qenit dhe njeriut\u201d &#8211; Mark Twain.<br \/>\nUn\u00eb do thoja; ky \u00ebsht\u00eb dallimi mes qenit dhe shqiptarit q\u00eb \u00ebsht\u00eb anti SHBA dhe anti Evrop\u00eb\u201c.<!--more--><\/p>\n<p>Levizja anti SHBA nuk \u00ebsht\u00eb e rast\u00ebsishme, as nuk ka t\u00eb b\u00ebj kund\u00ebr nj\u00eb njeriu, nuk ka t\u00eb b\u00ebj vet\u00ebm me zotin Delawie, por kjo ka nj\u00eb prapavij\u00eb m\u00eb t\u00eb rrezikshme. Kjo levizje \u00ebsht\u00eb e hershme, kjo \u00ebsht\u00eb e hartuar nga qarqet majtiste islamike. N\u00eb komuniz\u00ebm ishte Enver Hoxha marioneta Dushan Mugoshes dhe Miladin Popovicit, q\u00eb zbatoj nj\u00eb levizje anti SHBA dhe anti Evrope.<\/p>\n<p><strong>Pas komunizmit<\/strong><\/p>\n<p>N\u00eb Shqip\u00ebri pas komunizmit,\u00a0 gjat\u00eb fillimit t\u00eb viteve \u201990 qeveria shqiptare dhe institucionet e saj t\u00eb inteligjenc\u00ebs kan\u00eb b\u00ebr\u00eb sikur nuk shohin, ndaj fondacioneve \u2018humanitare\u2019 q\u00eb sollen frymen e islamit radikal n\u00eb vend, i cili filloj\u00eb t\u00eb krojoj\u00eb opinion anti SHBA dhe Evrop\u00eb.<\/p>\n<p>Pas lufte n\u00eb Kosov\u00eb, ndodhi po e nj\u00ebjta gj\u00eb. Dhe se me 11 shtator 2001, ne skuta te Prishtines u festua nga nj\u00eb grup i vogel at\u00ebher\u00eb, por q\u00eb m\u00eb koh\u00eb ky gurp \u00ebsht\u00eb rritur. Kjo levizje anti SHBA dhe Evrop\u00eb, u zhvillua n\u00eb shum\u00eb segmente t\u00eb shoqeris\u00eb kosovare, n\u00eb institucone dhe organizata joqeveritare. Krijimit t\u00eb nj\u00eb opinion anti SHBA e b\u00ebn\u00eb edhe analist\u00eb, klerik\u00eb radikal\u00eb n\u00ebp\u00ebr shum\u00eb Xhami. OJQ-t\u00eb q\u00eb\u00a0 ende veprojn\u00eb t\u00eb tilla dhe q\u00eb m\u00eb von\u00eb u sh\u00ebnderruan n\u00eb parti politke,\u00a0 jan\u00eb sot zbatues t\u00eb k\u00ebsaj ideologjie majtiste dhe islamike kund\u00ebr SHBA-ve dhe Evrop\u00ebs. N\u00eb cdo vend levizjet anti SHBA fillojn\u00eb kund\u00ebr ambasadave dhe ambasador\u00ebve, prandaj kjo nuk \u00ebsht\u00eb aspak risi.<\/p>\n<p>\u201eNj\u00eb njeri \u00ebsht\u00eb i lire, n\u00ebse arrin\u00eb t\u00eb kontriolloj\u00eb emocionet e tij\u201c thot filozofi Spinoza. Ato mund t\u00eb jen\u00eb t\u00eb brendshme (psh.urretjta ) apo t\u00eb jashtme, q\u00eb vijn\u00eb nga ideologji t\u00eb ndryshme fetare apo nacionaliste. \u201eNj\u00eb njeri i lir\u00eb \u00ebsht\u00eb n\u00ebse arrin\u00eb t\u00eb kuptoj vet\u00eb\u201c- filozofi Martin Luter. Lirin\u00eb civile dhe politike mund ta dhuroj\u00eb dhe siguroj\u00ebshteti, por jo lirin\u00eb mendore, at\u00eb e jep vet\u00ebm edukimi i mir\u00eb. P\u00ebr k\u00ebt\u00eb edhe filozofi Kant edukimit t\u00eb shoq\u00ebris\u00eb i kushton nj\u00eb rendesi, e posaq\u00ebrisht vet\u00ebdij\u00ebs dhe arsyes. Shqiptar\u00ebt po t\u00eb mendojn\u00eb me arsye, nuk do ishin kurr kund\u00ebr SHBA-ve dhe Evropes, ata do kishin respektuar mendimin e ambasadorit, sepse t\u00eb mbrosh\u00eb institucionin eshte kultur\u00eb institucionale.Njeriu me vet\u00ebdije dhe i arsyshem arrin\u00eb te kuptoj\u00eb, se vet\u00ebm n\u00eb k\u00ebt\u00eb form\u00eb zhvillohet demokracia.<\/p>\n<p>Po t\u00eb mendonim me arsye, do t\u00eb kuptonim, se ne jemi fajtor\u00eb, dhe se ne ishim\u00a0 fajtor\u00eb gjat\u00eb historis\u00eb. Kur kupton njeriu fajin, mund t\u00eb p\u00ebrmir\u00ebsoj veten.\u00a0 Deri me tani ne jemi vet\u00ebm folklorist, kemi bindur veten, se ne jemi t\u00eb pafajsh\u00ebm, dhe se fajtor e l\u00ebm\u00eb\u00a0 gjith\u00ebmon\u00eb tjetrin, sikur t\u00ebr\u00eb bota \u00ebshte kunder nesh. Fajsojm\u00eb pa baz\u00eb Evropen, urrejm\u00eb at\u00eb dhe nuk mendojm\u00eb se jemi edhe ne evropian, nuk dijm\u00eb se ishte Evropa dhe jemi ne sot komb shqiptar, pa t\u00eb nuk do t\u00ebekzistonim fare, q\u00eb nga traktati i shen Stefanit nuk do ekzistonim me.<\/p>\n<p>Kosova ka probleme t\u00eb ndryshme, ka v\u00ebraf\u00ebri ekonomike, por m\u00eb e keqja \u00ebsht\u00eb se ka varf\u00ebri mendore. Lirin\u00eb mendore e fiton nj\u00ebriu me edukim t\u00eb mir\u00eb, dhe se sistemit i edukmit n\u00eb Kosov\u00eb \u00ebsht\u00eb n\u00eb gjendje t\u00eb mjerueshme. Shqiptar\u00ebt n\u00eb fushat, ku po thuaj menj\u00ebher pas luftes, i kishin t\u00eb gjitha kompetencat dhe p\u00ebrgjegj\u00ebsit\u00eb, jan\u00eb m\u00eb t\u00eb pa zhvilluarat. \u00cbsht\u00eb fusha e Arsimit dhe Sh\u00ebndet\u00ebsi\u00eb, dy fusha, n\u00eb t\u00eb cilat,\u00a0 shqiptari do duhej t\u00eb shikonte nj\u00ebher\u00eb dhe te mendonte me arsye, pastaj do t\u00eb kuptonte realitetin, se kush jemi ne. Ku qendron Arsimi dhe ku qendron Shendetesia?! A nuk jan\u00eb shqiptar\u00ebt q\u00eb i dretjuan?! Po Malet, Lumenj\u00ebt dhe Liqenj\u00ebt q\u00eb i shkat\u00ebrruan, a nuk jemi ne shqiptar\u00ebt, ata q\u00eb i shkrat\u00ebrruam? Po mbeturinat, qe kundermojn\u00eb n\u00eb cdo lagje t\u00eb qytetit.?U mbajt\u00ebn disa her\u00eb zgjedhje loklale dhe nacionale, u themeluan parti politke t\u00eb ndryshme, por sa i p\u00ebrket kultur\u00ebs politike, qasjes me pronen private, publike dhe shtet\u00ebrore, mbrojtjes s\u00eb ambinetit, jan\u00eb larg\u00eb kuptimit t\u00eb demokracis\u00eb liberale.<\/p>\n<p><strong>Shqiptar\u00ebt jan\u00eb treguar edhe m\u00eb her\u00ebt mosmir\u00ebnjohes.<\/strong><\/p>\n<p>Ishte mbret\u00ebria Austro-Hungareze, q\u00eb themeloi shtetin shqiptar, q\u00eb ndihmoi n\u00eb organizimin e Kongresit t\u00eb Manastirit, n\u00eb m\u00ebnryre q\u00eb ne sot t\u00eb kemi alfabetin latin, e t\u00eb flasim shqip dhe t\u00eb quhemi shqiptar\u00eb. Por ne nuk ishim asnj\u00ebher\u00eb mir\u00ebnjoh\u00ebs k\u00ebsaj mbret\u00ebrie. Gjergj Kastrioti ka kudo p\u00ebrmendore n\u00eb perendim, sepse mbrojti qytet\u00ebrimin perendimor n\u00eb at\u00eb koh\u00eb, nd\u00ebrsa ne shqiptar\u00ebt nuk b\u00ebm\u00eb asgj\u00eb p\u00ebr Franz Jozefin , q\u00eb them\u00ebloi shtetin shqiptar, q\u00eb mbrojti identitetin shqiptar m\u00eb shum\u00eb se kushdo tjet\u00ebr.<\/p>\n<p><strong>Opozita Kosovare<\/strong><\/p>\n<p>N\u0451 shtetin demokratik, detyr\u00eb e opozit\u00ebs \u00ebsht\u00eb kontrollimi i e qeveritar\u0451ve q\u0451 qeverisin shtetin. Ajo kritikon\u00a0zgjedhjen e programit\u00a0 t\u00eb qeveris\u00eb dhe p\u0451rpiqet t\u0451 tregoj\u00eb se \u00e7far\u00eb programi do t\u00eb vinte ajo, n\u0451 rast se votuesit do t&#8217;ia kishin votuar at\u00eb. N\u00eb shetin demokratik ajo ofron dhe formulon alternativ\u0451 ndaj programit t\u0451 qeveris\u0451, n\u00eb m\u00ebnyr\u00eb q\u00ebt\u00eb bind votuesin dhe n\u00eb zgjedhjet e ardhshme t\u00eb t\u0451rheq\u0451\u00a0interesin e shumic\u0451s s\u0451 zgjedh\u0451sve,\u00a0 dhe t\u0451 fitoj\u00eb prej tyre shumic\u0451n e votave e ta nd\u0451rroj\u00eb\u00a0qeverin\u0451. Opozita kosovare, nuk ofron alternativ\u00eb, nuk ben angazhimi politik\u00a0modern dhe nuk k\u0451rkon nj\u0451 klim\u0451 t\u0451 moderuar politike. Me bllokime, nuk mund\u00eb t\u00eb zhvillohet demokracia, as t\u00eb bindet shumica e votuesit.<\/p>\n<p><strong>Demokracia dhe Kosovar\u00ebt<\/strong><\/p>\n<p>Nj\u00eb shoq\u00ebrie mund t\u00eb i dhurohet liria dhe shteti, por jo demokracia. Demokracia nuk mund t&#8217;i imponohet asnj\u00eb shoq\u00ebrie. Ajo nuk mund t\u00eb j\u00ebt\u00eb as dhurat\u00eb, q\u00eb mund t\u00eb dhurohet.\u00a0Demokracia mund t\u00eb nd\u00ebrtohet, ajo mund t\u00eb zhvillohet nga vet\u00eb shoq\u00ebria. Funksionimi i institucioneve \u00ebsht\u00eb kusht p\u00ebr zhvillimin e saj, pa funksionim, ajo nuk mund te zhvillohet.<\/p>\n<p>N\u00ebp\u00ebr oda primitive t\u00eb burrava, nuk zhvillohet demokracia.\u00a0 Ata deputet, q\u00eb nisen nga odat e burrave dhe ul\u00ebn k\u00ebmb\u00eb kryq me burra,\u00a0 nuk duhet t\u00eb ken\u00eb vendin n\u00eb Parlament, sepse ata politikan\u00eb, jan\u00eb penges\u00eb e madhe e zhvillimit t\u00eb demokracise.<\/p>\n<p>Vet\u00ebm demokracia mund t\u00eb siguroi shtetin juridik. Por p\u00ebr k\u00ebt\u00eb duhet t\u00eb kesh\u00eb qytetarin mir\u00eb t\u00eb edukuar. Kosova nuk e ka k\u00ebt\u00eb qytetar, sepse sitemi i edukimit nuk ka b\u00ebre, q\u00eb ne t\u00eb kemi qytetarin e edukuar p\u00ebr demokraci. Aristoteli thot\u00eb: \u201cKushtoni r\u00ebnd\u00ebsi edukimit t\u00eb rinis\u00eb, nj\u00eb neglizhenc\u00eb e till\u00eb do t\u00ebju kushtoj\u00eb\u201c. Si munges\u00eb e nj\u00eb sistemi t\u00eb mir\u00eb te edukimit, kemi sot qytetarin, i cili reagon kund\u00ebr shtetit, dhe \u00ebsht\u00eb me shkel\u00ebsit e ligjit. Nuk respekton institucionin, shtetin, Repuliken dhe simbolet e saj, pronen private, e as at\u00eb publike.<br \/>\nK\u00ebta politikan\u00eb jan\u00eb produkt vendor, jan\u00eb t\u00eb rritur dhe t\u00eb edukuar nga prind\u00ebr te ketij vendi.<br \/>\nShoqeria n\u00eb fise, nuk mund t\u00eb demokratizohet leht\u00eb, e edhe m\u00eb e v\u00ebshtir\u00eb \u00ebsht\u00eb n\u00ebse kjo shoq\u00ebri ka mentalitet t\u00eb Lindjes s\u00eb Mesme.<\/p>\n<p>Si pasoj\u00eb e gjith\u00eb k\u00ebsaj, sot qytetari i k\u00ebsaj shoq\u00ebrie shkon pas politikan\u00ebve demagog\u00eb. Ai nuk mendon se me fundamentalist\u00eb nuk luftohet fundamentalizmi, me uzurpator\u00eb, nuk luftohet uzurpimi, me t\u00eb korruptuar,nuk luftohet korrupsioni dhe me mosnjoh\u00ebs t\u00eb Republikes, nuk mbrohet Republika.<\/p>\n<p>Demokracia mund t\u00eb zhvillohet vet\u00ebm duke funksionuar institucionet, duke u demokratizuar ato. Vetem n\u00eb k\u00ebt\u00eb m\u00ebyr\u00eb mund t\u00eb nd\u00ebrtohet shteti i s\u00eb drjet\u00ebs, ku zbatohet ligji, ku funksionon gjykata, ku nuk ka hap\u00ebsir\u00eb p\u00ebr uzurpator dhe ku biznesi privat zhvillohet.<\/p>\n<p>Nuk mund t\u00eb kemi rend dhe ligj pa demokraci, nuk mund t\u00eb kemi demokraci pa funksionim te institucioneve dhe nuk mund t\u00eb kemi institucione n\u00ebse ne nuk i ruajm\u00eb dhe b\u00ebjme ato funksionale.<\/p>\n","protected":false},"excerpt":{"rendered":"<p>Nga Palush Domgjoni \u201cN\u00ebse e ndihmon nj\u00eb qen nga vdekja dhe i jep p\u00ebr t\u00eb ngr\u00ebn\u00eb, ai do t\u00eb qendroj\u00eb ty besnik gjithmon\u00eb dhe kurr nuk do t\u00eb t\u00eb kafshoj\u00eb. Ky \u00ebsht\u00eb dallimi mes qenit dhe njeriut\u201d &#8211; Mark Twain. Un\u00eb do thoja; ky \u00ebsht\u00eb dallimi mes qenit dhe shqiptarit q\u00eb \u00ebsht\u00eb anti SHBA dhe&hellip;<\/p>\n","protected":false},"author":1,"featured_media":5920,"comment_status":"open","ping_status":"open","sticky":false,"template":"","format":"standard","meta":{"footnotes":""},"categories":[3],"tags":[],"class_list":["post-5919","post","type-post","status-publish","format-standard","has-post-thumbnail","hentry","category-politike"],"_links":{"self":[{"href":"https:\/\/revistakuvendi.org\/index.php?rest_route=\/wp\/v2\/posts\/5919","targetHints":{"allow":["GET"]}}],"collection":[{"href":"https:\/\/revistakuvendi.org\/index.php?rest_route=\/wp\/v2\/posts"}],"about":[{"href":"https:\/\/revistakuvendi.org\/index.php?rest_route=\/wp\/v2\/types\/post"}],"author":[{"embeddable":true,"href":"https:\/\/revistakuvendi.org\/index.php?rest_route=\/wp\/v2\/users\/1"}],"replies":[{"embeddable":true,"href":"https:\/\/revistakuvendi.org\/index.php?rest_route=%2Fwp%2Fv2%2Fcomments&post=5919"}],"version-history":[{"count":1,"href":"https:\/\/revistakuvendi.org\/index.php?rest_route=\/wp\/v2\/posts\/5919\/revisions"}],"predecessor-version":[{"id":5921,"href":"https:\/\/revistakuvendi.org\/index.php?rest_route=\/wp\/v2\/posts\/5919\/revisions\/5921"}],"wp:featuredmedia":[{"embeddable":true,"href":"https:\/\/revistakuvendi.org\/index.php?rest_route=\/wp\/v2\/media\/5920"}],"wp:attachment":[{"href":"https:\/\/revistakuvendi.org\/index.php?rest_route=%2Fwp%2Fv2%2Fmedia&parent=5919"}],"wp:term":[{"taxonomy":"category","embeddable":true,"href":"https:\/\/revistakuvendi.org\/index.php?rest_route=%2Fwp%2Fv2%2Fcategories&post=5919"},{"taxonomy":"post_tag","embeddable":true,"href":"https:\/\/revistakuvendi.org\/index.php?rest_route=%2Fwp%2Fv2%2Ftags&post=5919"}],"curies":[{"name":"wp","href":"https:\/\/api.w.org\/{rel}","templated":true}]}}