{"id":5894,"date":"2016-02-17T19:03:37","date_gmt":"2016-02-17T19:03:37","guid":{"rendered":"http:\/\/revistakuvendi.org\/?p=5894"},"modified":"2016-02-17T19:04:01","modified_gmt":"2016-02-17T19:04:01","slug":"lutje-presidentit","status":"publish","type":"post","link":"https:\/\/revistakuvendi.org\/?p=5894","title":{"rendered":"Lutje Presidentit"},"content":{"rendered":"<p>Poezi nga Pjeter Jaku<\/p>\n<p><a href=\"http:\/\/revistakuvendi.org\/wp-content\/uploads\/2016\/02\/atdhetar.png\"><img loading=\"lazy\" decoding=\"async\" class=\"alignleft size-medium wp-image-5895\" src=\"http:\/\/revistakuvendi.org\/wp-content\/uploads\/2016\/02\/atdhetar-300x219.png\" alt=\"atdhetar\" width=\"300\" height=\"219\" srcset=\"https:\/\/revistakuvendi.org\/wp-content\/uploads\/2016\/02\/atdhetar-300x219.png 300w, https:\/\/revistakuvendi.org\/wp-content\/uploads\/2016\/02\/atdhetar.png 350w\" sizes=\"auto, (max-width: 300px) 100vw, 300px\" \/><\/a><\/p>\n<p>I nderuar President i vendit tim<br \/>\nDekoroi t\u00eb gjith\u00eb ata q\u00eb duan t\u2019i mburren vetes<br \/>\nMedaljet t\u2019i varin si brek\u00ebt<br \/>\nE t\u2019i veshin si thongs Kelvin Klein me emrin t\u00ebnd!<!--more--><br \/>\nT\u00eb gjith\u00eb b\u00ebj kalor\u00ebs edhe pse gomarit si kan\u00eb hypur kurr\u00eb<br \/>\nT\u00eb lutem b\u00ebj\u00eb k\u00ebt\u00eb p\u00ebr hat\u00ebr t\u00eb shkopit q\u00eb mban flamurin,<br \/>\nhe burr\u00eb<br \/>\nMos i le t\u00eb vuajn kandil-bishtuk\u00ebt q\u00eb e b\u00ebjn\u00eb drit\u00ebn terr,<br \/>\npatriot\u00ebt frikacak\u00eb, veteran\u00ebve q\u00eb nuk din\u00eb \u00e7\u2019\u00ebsht\u00eb lufta<br \/>\nmbushua gjoksin me dekorata, si ata i mbushin me deklarata!<br \/>\nDelirant\u00ebve q\u00eb u duket vetja heronj e besojn\u00eb rrenat e veta<br \/>\nmos t\u00eb dhimben bre burr\u00eb dhe, n\u00ebse jan\u00eb t\u00eb shtrenjta!<br \/>\nPaguan populli fukara i m\u00ebsuar m\u00eb k\u00ebsi heronj\u00ebsh,<br \/>\nMburravec\u00eb t\u00eb pashoq, t\u00eb rrumbullakosur si dor\u00ebza kashte<br \/>\nVler\u00ebsoje heroizmin e tyre t\u00eb shtrir\u00eb si kaposhat n\u00eb pjata<br \/>\nSidomos, t\u00eb atyre q\u00eb vijn\u00eb nga m\u00ebrgata!<br \/>\nJepjau n\u00eb em\u00ebr t\u00eb statukuos\u00eb sh\u00ebndet\u00ebsore,<br \/>\nt\u00eb vuajtjeve q\u00eb heqin p\u00ebr t\u00eb ardhur deri tek ti,<br \/>\nBrilantizmit mendor e n\u00eb em\u00ebr t\u00eb flamurit q\u00eb e mbajn\u00eb<br \/>\nN\u00eb makin\u00eb, sa her\u00eb d\u00ebgjojn\u00eb k\u00ebng\u00ebtar\u00ebt grek\u00eb,<br \/>\nMuziken serbe dhe kushedi \u00e7a dreq bidonash t\u00eb zhurmsh\u00ebm<br \/>\nJepjau t\u00eb gjitha medaljet e mundshme!<br \/>\nJepjau Urdh\u00ebrin e Skenderbeut e sajoje at\u00eb t\u00eb Sulltan Hamitit,<br \/>\nSe p\u00ebr kombin u digjet dhe terri i shpirtit!<br \/>\nJapjau kalorsin pa frena dhe kuajt e gjith\u00eb kontinentit m\u00eb t\u00eb vjet\u00ebr, jepjau<br \/>\nT\u00eb betohem, n\u00eb em\u00ebr t\u00eb Kryeshoqat\u00ebs s\u00eb Diaspor\u00ebs<br \/>\nQ\u00eb ka mbetur ne tre qyqana<br \/>\nNuk u duhen gj\u00eb pos varjes n\u00eb xhaketa<br \/>\nSa her\u00eb p\u00ebr kombin shtrojn\u00eb darka e dreka<br \/>\nSa her\u00eb p\u00ebr nderin e japin jet\u00ebn n\u00ebp\u00ebr b\u00ebrxolla e ver\u00ebra!<br \/>\nPo vdesin duke shitur hamburger pa nj\u00eb merit\u00eb p\u00ebr t\u2019u dukur<br \/>\nDuke lyer bodrume e duke b\u00ebr\u00eb heroizma t\u00eb m\u00ebdha p\u00ebr atdheun<br \/>\nJepjau , t\u2019i ken\u00eb t\u00eb pakt\u00ebn p\u00ebr t\u2019u mburrur!<br \/>\nJe bujar v\u00ebrtet\u00eb e b\u00ebje veten dor\u00ebl\u00ebshuar, sa je ende n\u00eb karrige<br \/>\nE , bash kur t\u00eb vij\u00eb fundi, n\u00eb fundin e mbram\u00eb<br \/>\nP\u00ebr hat\u00ebr edhe t\u00eb portofolit tand<br \/>\nJepu dekorata , medalje p\u00ebr festa e dit\u00eblindje, p\u00ebr gjith\u00ebfar\u00eb lloj sebepi<br \/>\nB\u00ebje k\u00ebt\u00eb bre burr\u00eb, mos t\u00eb dhimbet shteti!<\/p>\n<p>16 Shkurt 2016<\/p>\n<p><strong>Shenim: Karikatura shoqeruese &#8221; Adhetari&#8221; eshte realizuar nga Mjeshtri Paulin Palushi<\/strong><\/p>\n","protected":false},"excerpt":{"rendered":"<p>Poezi nga Pjeter Jaku I nderuar President i vendit tim Dekoroi t\u00eb gjith\u00eb ata q\u00eb duan t\u2019i mburren vetes Medaljet t\u2019i varin si brek\u00ebt E t\u2019i veshin si thongs Kelvin Klein me emrin t\u00ebnd!<\/p>\n","protected":false},"author":1,"featured_media":0,"comment_status":"open","ping_status":"open","sticky":false,"template":"","format":"standard","meta":{"footnotes":""},"categories":[7],"tags":[],"class_list":["post-5894","post","type-post","status-publish","format-standard","hentry","category-poezi"],"_links":{"self":[{"href":"https:\/\/revistakuvendi.org\/index.php?rest_route=\/wp\/v2\/posts\/5894","targetHints":{"allow":["GET"]}}],"collection":[{"href":"https:\/\/revistakuvendi.org\/index.php?rest_route=\/wp\/v2\/posts"}],"about":[{"href":"https:\/\/revistakuvendi.org\/index.php?rest_route=\/wp\/v2\/types\/post"}],"author":[{"embeddable":true,"href":"https:\/\/revistakuvendi.org\/index.php?rest_route=\/wp\/v2\/users\/1"}],"replies":[{"embeddable":true,"href":"https:\/\/revistakuvendi.org\/index.php?rest_route=%2Fwp%2Fv2%2Fcomments&post=5894"}],"version-history":[{"count":1,"href":"https:\/\/revistakuvendi.org\/index.php?rest_route=\/wp\/v2\/posts\/5894\/revisions"}],"predecessor-version":[{"id":5896,"href":"https:\/\/revistakuvendi.org\/index.php?rest_route=\/wp\/v2\/posts\/5894\/revisions\/5896"}],"wp:attachment":[{"href":"https:\/\/revistakuvendi.org\/index.php?rest_route=%2Fwp%2Fv2%2Fmedia&parent=5894"}],"wp:term":[{"taxonomy":"category","embeddable":true,"href":"https:\/\/revistakuvendi.org\/index.php?rest_route=%2Fwp%2Fv2%2Fcategories&post=5894"},{"taxonomy":"post_tag","embeddable":true,"href":"https:\/\/revistakuvendi.org\/index.php?rest_route=%2Fwp%2Fv2%2Ftags&post=5894"}],"curies":[{"name":"wp","href":"https:\/\/api.w.org\/{rel}","templated":true}]}}