{"id":5890,"date":"2016-02-14T13:36:04","date_gmt":"2016-02-14T13:36:04","guid":{"rendered":"http:\/\/revistakuvendi.org\/?p=5890"},"modified":"2016-02-14T13:36:04","modified_gmt":"2016-02-14T13:36:04","slug":"piktori-freitag-per-shen-valentin-ne-vjene","status":"publish","type":"post","link":"https:\/\/revistakuvendi.org\/?p=5890","title":{"rendered":"Piktori Freitag p\u00ebr Sh\u00ebn Valentin n\u00eb Vjen\u00eb"},"content":{"rendered":"<p><a href=\"http:\/\/revistakuvendi.org\/wp-content\/uploads\/2016\/02\/gazmend-fr1.png\"><img loading=\"lazy\" decoding=\"async\" class=\"alignleft size-medium wp-image-5892\" src=\"http:\/\/revistakuvendi.org\/wp-content\/uploads\/2016\/02\/gazmend-fr1-300x177.png\" alt=\"gazmend fr1\" width=\"300\" height=\"177\" srcset=\"https:\/\/revistakuvendi.org\/wp-content\/uploads\/2016\/02\/gazmend-fr1-300x177.png 300w, https:\/\/revistakuvendi.org\/wp-content\/uploads\/2016\/02\/gazmend-fr1.png 350w\" sizes=\"auto, (max-width: 300px) 100vw, 300px\" \/><\/a>Pas ekspozit\u00ebs s\u00eb tij personale t\u00eb titulluar \u201cSch\u00f6ne Momente\/ Momente t\u00eb bukura\u201d n\u00eb galerin\u00eb \u201cSVA Kunstplatz\u201d n\u00eb Vjen\u00eb, Gazmend Freitag po vazhdon t\u00eb jet\u00eb mjaft aktiv.<!--more--><\/p>\n<p>M\u00eb 14 shkurt p\u00ebr dit\u00ebn e Sh\u00ebn Valentinit ai do t\u00eb prezentoj\u00eb piktur\u00ebn e tij \u201cPuthja n\u00eb galeri\u201d n\u00eb galerin\u00eb K\u00e4rntner Ring.<\/p>\n<p>Piktura e njohur \u201cPuthja n\u00eb Galeri\u201c\u201d shfaq Joe dhe Traudi, bashk\u00ebshort ngaVjena, duke u puthur.<\/p>\n<p>Kjo puthje mes tyre ka ndodhur n\u00eb vitin 2013, para nj\u00eb pikture t\u00eb tij ku Gazmendi kishte ekspozit\u00ebn e par\u00eb kolektive n\u00eb Vjen\u00eb, n\u00eb Galerin\u00eb \u201eDie Kunstraum\u201c.<\/p>\n<p>Puthja e tyre ndodhi para piktur\u00ebs \u201eNu avec livre\u201c\u00a0 p\u00ebrgjat\u00eb Vernisazhit. Piktori ishte shum\u00eb i sigurt\u00eb q\u00eb nj\u00eb dit\u00eb\u00a0 at\u00eb moment, t\u00eb tyre do ta pikturonte, t\u00eb cil\u00ebn e b\u00ebri n\u00eb po at\u00eb\u00a0 vit, 2013.<\/p>\n<p>P\u00ebrveq asaj \u00e7iftet q\u00eb d\u00ebshirojn\u00eb t\u00eb b\u00ebjn\u00eb piktura t\u00eb shpejta t\u00eb tyre duke u puthur q\u00eb ta ken\u00eb kujtim nga ajo dit\u00eb mund ta ken\u00eb nj\u00eb piktur\u00eb t\u00eb shpejt\u00eb t\u00eb realizuar nga piktori, \u00e7mimi p\u00ebr t\u00eb realizuar at\u00eb \u00ebsht\u00eb 50 euro.<\/p>\n","protected":false},"excerpt":{"rendered":"<p>Pas ekspozit\u00ebs s\u00eb tij personale t\u00eb titulluar \u201cSch\u00f6ne Momente\/ Momente t\u00eb bukura\u201d n\u00eb galerin\u00eb \u201cSVA Kunstplatz\u201d n\u00eb Vjen\u00eb, Gazmend Freitag po vazhdon t\u00eb jet\u00eb mjaft aktiv.<\/p>\n","protected":false},"author":1,"featured_media":5891,"comment_status":"open","ping_status":"open","sticky":false,"template":"","format":"standard","meta":{"footnotes":""},"categories":[11],"tags":[],"class_list":["post-5890","post","type-post","status-publish","format-standard","has-post-thumbnail","hentry","category-publicistike"],"_links":{"self":[{"href":"https:\/\/revistakuvendi.org\/index.php?rest_route=\/wp\/v2\/posts\/5890","targetHints":{"allow":["GET"]}}],"collection":[{"href":"https:\/\/revistakuvendi.org\/index.php?rest_route=\/wp\/v2\/posts"}],"about":[{"href":"https:\/\/revistakuvendi.org\/index.php?rest_route=\/wp\/v2\/types\/post"}],"author":[{"embeddable":true,"href":"https:\/\/revistakuvendi.org\/index.php?rest_route=\/wp\/v2\/users\/1"}],"replies":[{"embeddable":true,"href":"https:\/\/revistakuvendi.org\/index.php?rest_route=%2Fwp%2Fv2%2Fcomments&post=5890"}],"version-history":[{"count":1,"href":"https:\/\/revistakuvendi.org\/index.php?rest_route=\/wp\/v2\/posts\/5890\/revisions"}],"predecessor-version":[{"id":5893,"href":"https:\/\/revistakuvendi.org\/index.php?rest_route=\/wp\/v2\/posts\/5890\/revisions\/5893"}],"wp:featuredmedia":[{"embeddable":true,"href":"https:\/\/revistakuvendi.org\/index.php?rest_route=\/wp\/v2\/media\/5891"}],"wp:attachment":[{"href":"https:\/\/revistakuvendi.org\/index.php?rest_route=%2Fwp%2Fv2%2Fmedia&parent=5890"}],"wp:term":[{"taxonomy":"category","embeddable":true,"href":"https:\/\/revistakuvendi.org\/index.php?rest_route=%2Fwp%2Fv2%2Fcategories&post=5890"},{"taxonomy":"post_tag","embeddable":true,"href":"https:\/\/revistakuvendi.org\/index.php?rest_route=%2Fwp%2Fv2%2Ftags&post=5890"}],"curies":[{"name":"wp","href":"https:\/\/api.w.org\/{rel}","templated":true}]}}