{"id":5881,"date":"2016-02-12T16:49:11","date_gmt":"2016-02-12T16:49:11","guid":{"rendered":"http:\/\/revistakuvendi.org\/?p=5881"},"modified":"2016-02-12T16:49:11","modified_gmt":"2016-02-12T16:49:11","slug":"dashuria-nuk-eshte-faj","status":"publish","type":"post","link":"https:\/\/revistakuvendi.org\/?p=5881","title":{"rendered":"Dashuria nuk \u00ebsht\u00eb faj"},"content":{"rendered":"<p><em>Poezi nga Pjet\u00ebr Jaku<\/em><\/p>\n<p><strong>\u00a0<a href=\"http:\/\/revistakuvendi.org\/wp-content\/uploads\/2016\/02\/une11.jpg\"><img loading=\"lazy\" decoding=\"async\" class=\"alignleft size-medium wp-image-5882\" src=\"http:\/\/revistakuvendi.org\/wp-content\/uploads\/2016\/02\/une11-187x300.jpg\" alt=\"une11\" width=\"187\" height=\"300\" \/><\/a><\/strong><\/p>\n<p><strong>Vet\u00ebm nj\u00eb\u2026<\/strong><\/p>\n<p>&nbsp;<\/p>\n<p>Gjith\u00eb t\u00eb bukurat t\u00eb sillen<\/p>\n<p>Nuk ka tjet\u00ebr, vet\u00ebm nj\u00eb<\/p>\n<p>Si vetima t\u00eb na fshihen<\/p>\n<p>Syri nj\u00ebr\u00ebn do ta z\u00eb.<!--more--><\/p>\n<p>&nbsp;<\/p>\n<p>Sheh nga sheh e sillesh prap\u00eb<\/p>\n<p>Nuk ka tjet\u00ebr , vet\u00ebm nj\u00eb<\/p>\n<p>Mendja jote mund t\u00eb kap\u00eb<\/p>\n<p>\u00c7ka ty syri nuk ta sheh.<\/p>\n<p>&nbsp;<\/p>\n<p>Ka n\u00eb bot\u00eb v\u00ebrtet\u00eb shum\u00eb<\/p>\n<p>Por s\u2019ka tjet\u00ebr, vet\u00ebm nj\u00eb<\/p>\n<p>Le t\u00eb ngrihen dallg\u00eb e shkum\u00eb<\/p>\n<p>S\u2019ka stuhi t\u2019a marr\u00eb at\u00eb.<\/p>\n<p>&nbsp;<\/p>\n<p>S\u2019ka n\u00eb bot\u00eb nj\u00eb t\u00eb dyt\u00eb<\/p>\n<p>Bota ka vet\u00ebm nj\u00eb<\/p>\n<p>Kur e sheh shpirti dhe syt\u00eb<\/p>\n<p>Gjith\u00eb t\u00eb tjerat jan\u00eb asgj\u00eb.<\/p>\n<p>&nbsp;<\/p>\n<p>Nuk ka tjet\u00ebr kurr\u00eb , askurr\u00eb<\/p>\n<p>Nuk ka tjet\u00ebr, vet\u00ebm nj\u00eb<\/p>\n<p>Q\u00eb e mban n\u00eb jet\u00eb nj\u00eb burr\u00eb<\/p>\n<p>T\u00eb mos jet\u00eb nj\u00eb \u00e7ast pa t\u00eb!<\/p>\n<p>&nbsp;<\/p>\n<p>Nuk ka tjet\u00ebr , vet\u00ebm nj\u00eb<\/p>\n<p>Q\u00eb b\u00ebn drit\u00eb\u00a0 dhe \u00ebsht\u00eb lule<\/p>\n<p>Q\u00eb e mban nj\u00eb mal t\u00eb t\u00ebr\u00eb<\/p>\n<p>Ve\u00e7 n\u00eb gjoks edhe n\u00eb supe.<\/p>\n<p>&nbsp;<\/p>\n<p>Asaj fem\u00ebr ne i themi<\/p>\n<p>Por s\u2019ka tjet\u00ebr vet\u00ebm nj\u00eb<\/p>\n<p>Shkojm\u00eb e vijm\u00eb , ngado q\u00eb vemi<\/p>\n<p>Nj\u00eb minut s\u2019jetojm\u00eb pa t\u00eb!<\/p>\n<p>&nbsp;<\/p>\n<p>Nuk ka tjet\u00ebr, vet\u00ebm nj\u00eb!<\/p>\n<p>&nbsp;<\/p>\n<p><em>20 Janar 2016<\/em><\/p>\n<p>&nbsp;<\/p>\n<p>&nbsp;<\/p>\n<p><strong>Dora \u00ebsht\u00eb grua<\/strong><\/p>\n<p>&nbsp;<\/p>\n<p>Vet\u00ebm dor\u00ebn ti m\u00eb dhe<\/p>\n<p>Rast\u00ebsisht n\u00eb rast\u00ebsi<\/p>\n<p>Syrin nuk munda ta z\u00eb<\/p>\n<p>Strukur ishte si flori.<\/p>\n<p>&nbsp;<\/p>\n<p>Si floriri aq i pakt\u00eb<\/p>\n<p>Q\u00eb nuk\u00a0 shihet aq kollaj<\/p>\n<p>N\u00eb fytyr\u00ebn e p\u00ebrflakt\u00eb<\/p>\n<p>Ishte fshehur brenda saj!<\/p>\n<p>&nbsp;<\/p>\n<p>Nuk u lodha t\u00eb t\u00eb th\u00ebm<\/p>\n<p>Qoft\u00eb vet\u00ebm dhe nj\u00eb fjal\u00eb<\/p>\n<p>Kur p\u00ebrdore ishim z\u00ebn\u00eb<\/p>\n<p>M\u00eb r\u00ebndoje sa nj\u00eb mal.<\/p>\n<p>&nbsp;<\/p>\n<p>Vet\u00ebm tok\u00ebn shihje ti,<\/p>\n<p>Ndoshta udh\u00ebn, ndoshta veten<\/p>\n<p>Por, p\u00ebr mua nuk e di<\/p>\n<p>Se ku syt\u00eb e mi u gjenden.<\/p>\n<p>&nbsp;<\/p>\n<p>Kur padashur dor\u00ebn time<\/p>\n<p>E sht\u00ebrngove pak m\u00eb fort<\/p>\n<p>Emocionet s\u2019u b\u00ebn\u00eb trime<\/p>\n<p>Se posht\u00eb syve ra nj\u00eb lot.<\/p>\n<p>&nbsp;<\/p>\n<p>Ra nj\u00eb lot sa nj\u00eb ortek<\/p>\n<p>Q\u00eb bjen malit rrokullim<\/p>\n<p>E rr\u00ebzon edhe nj\u00eb shk\u00ebmb<\/p>\n<p>Aspak toka pa iu dhimb.<\/p>\n<p>&nbsp;<\/p>\n<p>Ve\u00e7 ndalon aty n\u00eb mes<\/p>\n<p>Tek nj\u00eb rrafsh, tek nj\u00eb burim<\/p>\n<p>Sa nj\u00eb\u00a0 grusht\u00a0 do ta gjesh\u00eb<\/p>\n<p>Si\u00e7 u b\u00eb\u00a0 n\u00eb fillim\u2026<\/p>\n<p>&nbsp;<\/p>\n<p>Vet\u00ebm dor\u00ebn ti m\u00eb dhe<\/p>\n<p>Brenda saj ishte gjith\u00eb bota<\/p>\n<p>\u00c7do ortek e dinte se<\/p>\n<p>Do t\u00eb shkrihej ve\u00e7 nga dora.<\/p>\n<p>&nbsp;<\/p>\n<p>Vet\u00ebm dor\u00ebn ti m\u00eb dhe\u2026.<\/p>\n<p>&nbsp;<\/p>\n<p><em>O4 shkurt 2016<\/em><\/p>\n<p>&nbsp;<\/p>\n<p>&nbsp;<\/p>\n<p><strong>Kam nj\u00eb mike<\/strong><\/p>\n<p>&nbsp;<\/p>\n<p>( JP )<\/p>\n<p>&nbsp;<\/p>\n<p>Kam nj\u00eb mike q\u00eb e dua<\/p>\n<p>Gjith\u00ebsesi nuk \u00ebsht\u00eb m\u00ebkat<\/p>\n<p>N\u00ebse n\u2019kok\u00eb je mjegullua,<\/p>\n<p>N\u00ebse veten merr inat!<\/p>\n<p>&nbsp;<\/p>\n<p>Her\u00eb m\u00eb duket nj\u00ebra mot\u00ebr<\/p>\n<p>Q\u00eb ma thot\u00eb nj\u00eb k\u00ebshill\u00eb<\/p>\n<p>Her\u00eb her\u00eb m\u00eb duket n\u00ebn\u00eb<\/p>\n<p>Gjith\u00ebsesi nj\u00eb grua e mir\u00eb!<\/p>\n<p>&nbsp;<\/p>\n<p>Kam nj\u00eb mike, q\u00eb n\u00eb jet\u00eb<\/p>\n<p>Se kam pasur\u00a0 kurr\u00eb m\u00eb par\u00eb<\/p>\n<p>T\u00eb ka bir dhe n\u2019mos t\u00eb ket\u00eb<\/p>\n<p>Vjen aq \u00ebmb\u00ebl si ujvar\u00eb.<\/p>\n<p>&nbsp;<\/p>\n<p>Un\u00eb i th\u00ebm\u00eb mrekullia<\/p>\n<p>Si\u00e7 nj\u00eb fem\u00ebr duhet t\u2019jet\u00eb<\/p>\n<p>N\u00eb gjith\u00eb rruzullin dashuria<\/p>\n<p>\u00cbsht\u00eb mrekulli e tet\u00eb\u2026<\/p>\n<p>&nbsp;<\/p>\n<p>Dashuria \u00ebsht\u00eb fem\u00ebr<\/p>\n<p>Si ajo n\u00eb bot\u00eb nuk ka<\/p>\n<p>Ngjiz njeriun n\u2019\u00e7do v\u00ebrteber<\/p>\n<p>Globin mbi vete e mba!<\/p>\n<p>&nbsp;<\/p>\n<p>Shkruaj hartime e b\u00ebj k\u00ebng\u00eb<\/p>\n<p>B\u00ebj portrete e b\u00ebj art<\/p>\n<p>N\u2019\u00e7do qeliz\u00eb e mba nj\u00eb br\u00ebng\u00eb<\/p>\n<p>Nj\u00eb planet leviz n\u2019\u00e7do hap!<\/p>\n<p>&nbsp;<\/p>\n<p>\u00cbsht\u00eb ajo pra mrekullia<\/p>\n<p>Femra-mrekulli e par\u00eb<\/p>\n<p>Nuk vjen kurr\u00eb lumturia<\/p>\n<p>Kur nj\u00eb fem\u00ebr s\u2019t\u00eb ka ardh\u00eb!<\/p>\n<p>&nbsp;<\/p>\n<p>Q\u00eb pa lindur gjer kur vdesim<\/p>\n<p>At\u00eb ne e kemi pran\u00eb<\/p>\n<p>Shpirtit t\u2019saj \u00a0borxh i mbesim<\/p>\n<p>Kur dhe\u00a0 fryma b\u00ebh\u00ebt fjal\u00eb.<\/p>\n<p>&nbsp;<\/p>\n<p>Le t\u2019i duam dhe t\u2019i duam<\/p>\n<p>Ato jan\u00eb p\u00ebr t\u2019u dashur<\/p>\n<p>Kur s\u00ebmuremi dhe vuajm<\/p>\n<p>Dhe kur jemi zem\u00ebrplasur.<\/p>\n<p>&nbsp;<\/p>\n<p>K\u00ebrkojm\u00eb n\u00ebn\u00ebn, duam motr\u00ebn<\/p>\n<p>Me sy gruan e k\u00ebrkojm\u00eb<\/p>\n<p>Kam nj\u00eb mike sa gjith\u00eb bot\u00ebn<\/p>\n<p>Dashuri asaj i thon\u00eb!<\/p>\n<p>&nbsp;<\/p>\n<p><em>04 shkurt 2016<\/em><\/p>\n<p>&nbsp;<\/p>\n<p><strong>\u00a0<\/strong><\/p>\n<p><strong>Dashuria nuk \u00ebsht\u00eb faj<\/strong><\/p>\n<p>&nbsp;<\/p>\n<p>Nj\u00eb lum v\u00ebrshon prej meje tek ti<\/p>\n<p>T\u00eb prek n\u00eb k\u00ebmb\u00eb, t\u00eb z\u00eb padashur<\/p>\n<p>Si\u00e7 nj\u00eb rreze mengjesit t\u00eb ndritur<\/p>\n<p>Udh\u00ebton me ty!<\/p>\n<p>Kur s\u2019e ke pritur,<\/p>\n<p>T\u00eb b\u00ebh\u00ebt pjes\u00eb e mendimit<\/p>\n<p>Uliks, Odise sa shk\u00ebmbi i Munell\u00ebs<\/p>\n<p>Gur\u00eb i r\u00ebnd\u00eb n\u00eb mendje<\/p>\n<p>Si ai Sizifit<\/p>\n<p>Q\u00eb e shtyn sa mundet drejt majes<\/p>\n<p>M\u00eb beso, nuk \u00ebsht\u00eb faji im<\/p>\n<p>Se un\u00eb nuk e di masen e faljes!<\/p>\n<p>&nbsp;<\/p>\n<p>T\u00eb t\u00eb th\u00ebm m\u00eb fal se t\u00eb ndesha<\/p>\n<p>Me syt\u00eb e mesdit\u00ebs<\/p>\n<p>T\u00ebr\u00eb zjarr!<\/p>\n<p>T\u00eb t\u00eb th\u00ebm m\u00eb fal<\/p>\n<p>Se t\u00eb vrava me nj\u00eb \u00ebnd\u00ebrr<\/p>\n<p>Q\u00eb kurr\u00eb s\u2019ta thash\u00eb!<\/p>\n<p>Un\u00eb jam ai q\u00eb i dua dhe gur\u00ebt<\/p>\n<p>Dhe fjal\u00ebt, gjith\u00eb hiret e bot\u00ebs<\/p>\n<p>Ve\u00e7 p\u00ebr veten time!<\/p>\n<p>Ndoshta, pa q\u00ebn\u00eb i zoti t\u2019i mbaj<\/p>\n<p>P\u00ebrs\u00ebri nuk \u00ebsht\u00eb faji im<\/p>\n<p>Se nuk di kur jam n\u00eb faj!<\/p>\n<p>&nbsp;<\/p>\n<p><strong>Rit\u00ebm gjethesh<\/strong><\/p>\n<p>&nbsp;<\/p>\n<p>Si nj\u00eb goj\u00eb e z\u00ebz\u00eb\u00a0 hapsira<\/p>\n<p>Se\u00e7 m\u2019i ha mengjeset mua<\/p>\n<p>Syt\u00eb n\u00eb shtigje t\u00eb v\u00ebshtira<\/p>\n<p>Mi rr\u00ebmbeu ve\u00e7 nj\u00eb grua!<\/p>\n<p>P\u00ebrpiqem t\u00eb shkruaj fjal\u00eb<\/p>\n<p>N\u00eb rrebeshe t\u00eb v\u00ebshtira<\/p>\n<p>Kur\u00a0 nga zemra nuk kan\u00eb dal\u00eb<\/p>\n<p>Nuk jan\u00eb fjalw\u00eb, jan\u00eb vet\u00ebm shifra.<\/p>\n<p>&nbsp;<\/p>\n<p>Rit\u00ebm gjethesh krejt t\u00eb r\u00ebna<\/p>\n<p>N\u00eb nj\u00eb heshtje q\u00eb shum\u00eb flet<\/p>\n<p>Nuk e di si i zgjon k\u00ebnga<\/p>\n<p>E i ngjit serish n\u00eb deg\u00eb.<\/p>\n<p><a href=\"http:\/\/revistakuvendi.org\/wp-content\/uploads\/2015\/04\/Pena2.jpg\"><img loading=\"lazy\" decoding=\"async\" class=\"alignleft size-medium wp-image-5093\" src=\"http:\/\/revistakuvendi.org\/wp-content\/uploads\/2015\/04\/Pena2-300x180.jpg\" alt=\"Pena2\" width=\"300\" height=\"180\" \/><\/a><\/p>\n<p><strong>Isha \u2026<\/strong><\/p>\n<p>&nbsp;<\/p>\n<p>Isha nj\u00eb pik\u00eb kalimi<\/p>\n<p>p\u00ebr t\u00eb shkuar ti<\/p>\n<p>atje ku duhej<\/p>\n<p>Nj\u00eb Nostradamus gjenial<\/p>\n<p>Parashikues i fundit q\u00eb nuk thuhej<\/p>\n<p>Isha nj\u00eb ur\u00eb mendore q\u00eb lidhte e zgjidhte fjal\u00eb<\/p>\n<p>N\u00eb ndjekje shpirt\u00ebrore te ngadalt\u00eb&#8230;<\/p>\n<p>Isha n\u00eb t\u00eb djeshmen e ndjeshme<\/p>\n<p>Gur\u00eb me r\u00ebnje t\u00eb menj\u00ebhershme&#8230;&#8230;<\/p>\n<p>brenda thell\u00ebsis\u00eb t\u00ebnde<\/p>\n<p>t\u00eb pa skajshme\u2026.<\/p>\n<p>Burimeve tua t\u00eb pashtershme!<\/p>\n<p>&nbsp;<\/p>\n<p><em>06 shkurt 2016<\/em><\/p>\n","protected":false},"excerpt":{"rendered":"<p>Poezi nga Pjet\u00ebr Jaku \u00a0 Vet\u00ebm nj\u00eb\u2026 &nbsp; Gjith\u00eb t\u00eb bukurat t\u00eb sillen Nuk ka tjet\u00ebr, vet\u00ebm nj\u00eb Si vetima t\u00eb na fshihen Syri nj\u00ebr\u00ebn do ta z\u00eb.<\/p>\n","protected":false},"author":1,"featured_media":0,"comment_status":"open","ping_status":"open","sticky":false,"template":"","format":"standard","meta":{"footnotes":""},"categories":[7],"tags":[],"class_list":["post-5881","post","type-post","status-publish","format-standard","hentry","category-poezi"],"_links":{"self":[{"href":"https:\/\/revistakuvendi.org\/index.php?rest_route=\/wp\/v2\/posts\/5881","targetHints":{"allow":["GET"]}}],"collection":[{"href":"https:\/\/revistakuvendi.org\/index.php?rest_route=\/wp\/v2\/posts"}],"about":[{"href":"https:\/\/revistakuvendi.org\/index.php?rest_route=\/wp\/v2\/types\/post"}],"author":[{"embeddable":true,"href":"https:\/\/revistakuvendi.org\/index.php?rest_route=\/wp\/v2\/users\/1"}],"replies":[{"embeddable":true,"href":"https:\/\/revistakuvendi.org\/index.php?rest_route=%2Fwp%2Fv2%2Fcomments&post=5881"}],"version-history":[{"count":1,"href":"https:\/\/revistakuvendi.org\/index.php?rest_route=\/wp\/v2\/posts\/5881\/revisions"}],"predecessor-version":[{"id":5883,"href":"https:\/\/revistakuvendi.org\/index.php?rest_route=\/wp\/v2\/posts\/5881\/revisions\/5883"}],"wp:attachment":[{"href":"https:\/\/revistakuvendi.org\/index.php?rest_route=%2Fwp%2Fv2%2Fmedia&parent=5881"}],"wp:term":[{"taxonomy":"category","embeddable":true,"href":"https:\/\/revistakuvendi.org\/index.php?rest_route=%2Fwp%2Fv2%2Fcategories&post=5881"},{"taxonomy":"post_tag","embeddable":true,"href":"https:\/\/revistakuvendi.org\/index.php?rest_route=%2Fwp%2Fv2%2Ftags&post=5881"}],"curies":[{"name":"wp","href":"https:\/\/api.w.org\/{rel}","templated":true}]}}