{"id":5873,"date":"2016-02-12T16:33:19","date_gmt":"2016-02-12T16:33:19","guid":{"rendered":"http:\/\/revistakuvendi.org\/?p=5873"},"modified":"2016-02-12T16:33:19","modified_gmt":"2016-02-12T16:33:19","slug":"pertej-atlantikut-vijne-e-shkojne-dashurite","status":"publish","type":"post","link":"https:\/\/revistakuvendi.org\/?p=5873","title":{"rendered":"P\u00ebrtej Atlantikut vijn\u00eb e shkojn\u00eb dashurit\u00eb"},"content":{"rendered":"<p><strong><a href=\"http:\/\/revistakuvendi.org\/wp-content\/uploads\/2016\/02\/xhevat-latifi.png\"><img loading=\"lazy\" decoding=\"async\" class=\"alignleft size-full wp-image-5874\" src=\"http:\/\/revistakuvendi.org\/wp-content\/uploads\/2016\/02\/xhevat-latifi.png\" alt=\"xhevat latifi\" width=\"184\" height=\"192\" \/><\/a>Poezi nga \u00a0Xhevat Latifi<\/strong><\/p>\n<p>&nbsp;<\/p>\n<p><strong>( Miqve q\u00eb p\u00ebrtej Atlantikut ju rrah zemra p\u00ebr Shqypni) <\/strong><\/p>\n<p>&nbsp;<\/p>\n<p>Druid, nuk \u00ebsht\u00eb vet\u00ebm rrug\u00eb nj\u00eb kahesh e Titanikut e l\u00ebn\u00eb p\u00ebrgjysm\u00eb<\/p>\n<p>A\u2019s nuk \u00ebsht\u00eb deti i ngrir\u00eb ku b\u00ebhet jeta n\u2019akull tuj pa Yllin polar<\/p>\n<p>Nuk \u00ebsht\u00eb qarshaf ( q\u00eb ju i thoni blue) me reflektua yjet e qiellit si lulka n\u00eb shtrat f\u00ebmij\u00ebsh<!--more--><\/p>\n<p>\u00cbsht\u00eb nj\u00eb rrug\u00eb malli, dashurie q\u00eb p\u00ebrkund syt\u00eb e nj\u00eb piloti q\u00eb \u00ebsht\u00eb n\u00eb gjendje t\u00eb vdes p\u00ebr atdheun\u2026<\/p>\n<p>Tashti po ta them:<\/p>\n<p>Atlantiku ka boj\u00ebn e dashuris\u00eb q\u00eb ka b\u00ebr\u00eb Amerika p\u00ebr Kosov\u00ebn!<\/p>\n<p>\u00cbsht\u00eb medaljon me form\u00eb ylli e vendosur ne gjoksin e gjeneralit Wesley Clark<\/p>\n<p>T\u00eb asaj refugjates s\u00eb njom\u00eb t\u00eb d\u00ebbuar nga Praga, m\u00eb von\u00eb sekretarja Medeleine Albright..<\/p>\n<p>T\u00eb Billit, ah e Billit t\u00eb ri me saksofon, q\u00eb nga sht\u00ebpia e Bardhe ngrit z\u00ebrin Bot\u00ebs p\u00ebr Kosov\u00ebn\u2026<\/p>\n<p>He pra m\u00eb thuaj \u00e7far\u00eb shkruajn\u00eb fletoret n\u00eb Harvard mars 1999<\/p>\n<p>kur Bliri Latifi, kishte kishte tre muaj jet\u00eb, n\u2019preh\u00ebr t\u00eb gjyshit i dridhej buza&#8230;<\/p>\n<p>E kuptoi Albright deportacionin nga Joschka Fischer \u2026<\/p>\n<p>na shkul\u00ebn nga dheu na fut\u00ebn n\u00eb tren p\u00ebr Blllac\u00eb<\/p>\n<p>u shp\u00ebrndam\u00eb t\u00eb ikur n\u2019 kat\u00ebr an\u00ebt \u2026 Kosova u b\u00eb k\u00ebrthiza e bot\u00ebs!<\/p>\n<p>Mban mend kush na b\u00ebri n\u2019kt\u00eb vend me u kthye\u2026<\/p>\n<p>Ta them: Atlantiku ka boj\u00ebn e dashuris\u00eb q\u00eb ka shkruar Amerika p\u00ebr Kosov\u00ebn<\/p>\n<p>P\u00ebr nj\u00eb cop\u00eb toke, ku toka merr fryme si me kan\u00eb e gjall\u00eb\u2026<\/p>\n<p>Ma thuaj druid qfar\u00eb b\u00ebjn\u00eb Mara, Sara, Fiona, Olsa , Dora, Mali, Vesa atje tek shikojn\u00eb n\u00eb dritare arinj polar&#8230;<\/p>\n<p>A jan\u00eb zogjt\u00eb shtegtar\u00eb gati me u kthye n\u2019fush\u00eb t\u00eb m\u00ebllenjave<\/p>\n<p>He pra ma thuaj do e l\u00ebm\u00eb Kosov\u00ebn sht\u00ebpi t\u00eb braktisur!?<\/p>\n<p>ku presin Nana &amp; Baba online n\u00eb skype me fol me nipat, mbesat n\u00ebp\u00ebr bot\u00eb<\/p>\n<p>Do e l\u00ebm\u00eb Kosov\u00ebn projekt letrash t\u2019hudhura n\u2019lumin Hudson River<\/p>\n<p>si Noli nga larg me i bo poezi , apo si At Liolin n\u2019 muze me na tregue letr\u00ebn-amanet t\u00eb Faik Konic\u00ebs p\u00ebr nj\u00eb varr n\u00eb Shqypni!<\/p>\n<p>Thuaj a kan\u00eb t\u00eb gjitha rrug\u00ebt e Manhattan diell apo reklama vezulluese<\/p>\n<p>n\u00eb U.S. Department of State, n\u2019Kongress \u00e7far\u00eb shkruan Joe DioGuardi<\/p>\n<p>p\u00ebr Shqypni ka nj\u00eb bilet\u00eb nj\u00eb kahesh ( Mos me dek\u00eb p\u00ebr t\u00eb, por, p\u00ebr t\u00eb m\u00eb jetua)<\/p>\n<p>Druid amerika \u00ebsht\u00eb m\u00ebsimi se si me bo atdheun&#8230;<\/p>\n<p>&nbsp;<\/p>\n<p>P.S.<\/p>\n<p>George W. Bush \u201cEnough is enough, Kosova must be intepedent\u201d<\/p>\n<p>XL @ 01 janar 2016<\/p>\n<p>&nbsp;<\/p>\n","protected":false},"excerpt":{"rendered":"<p>Poezi nga \u00a0Xhevat Latifi &nbsp; ( Miqve q\u00eb p\u00ebrtej Atlantikut ju rrah zemra p\u00ebr Shqypni) &nbsp; Druid, nuk \u00ebsht\u00eb vet\u00ebm rrug\u00eb nj\u00eb kahesh e Titanikut e l\u00ebn\u00eb p\u00ebrgjysm\u00eb A\u2019s nuk \u00ebsht\u00eb deti i ngrir\u00eb ku b\u00ebhet jeta n\u2019akull tuj pa Yllin polar Nuk \u00ebsht\u00eb qarshaf ( q\u00eb ju i thoni blue) me reflektua yjet e&hellip;<\/p>\n","protected":false},"author":1,"featured_media":5874,"comment_status":"open","ping_status":"open","sticky":false,"template":"","format":"standard","meta":{"footnotes":""},"categories":[8],"tags":[],"class_list":["post-5873","post","type-post","status-publish","format-standard","has-post-thumbnail","hentry","category-proze"],"_links":{"self":[{"href":"https:\/\/revistakuvendi.org\/index.php?rest_route=\/wp\/v2\/posts\/5873","targetHints":{"allow":["GET"]}}],"collection":[{"href":"https:\/\/revistakuvendi.org\/index.php?rest_route=\/wp\/v2\/posts"}],"about":[{"href":"https:\/\/revistakuvendi.org\/index.php?rest_route=\/wp\/v2\/types\/post"}],"author":[{"embeddable":true,"href":"https:\/\/revistakuvendi.org\/index.php?rest_route=\/wp\/v2\/users\/1"}],"replies":[{"embeddable":true,"href":"https:\/\/revistakuvendi.org\/index.php?rest_route=%2Fwp%2Fv2%2Fcomments&post=5873"}],"version-history":[{"count":1,"href":"https:\/\/revistakuvendi.org\/index.php?rest_route=\/wp\/v2\/posts\/5873\/revisions"}],"predecessor-version":[{"id":5875,"href":"https:\/\/revistakuvendi.org\/index.php?rest_route=\/wp\/v2\/posts\/5873\/revisions\/5875"}],"wp:featuredmedia":[{"embeddable":true,"href":"https:\/\/revistakuvendi.org\/index.php?rest_route=\/wp\/v2\/media\/5874"}],"wp:attachment":[{"href":"https:\/\/revistakuvendi.org\/index.php?rest_route=%2Fwp%2Fv2%2Fmedia&parent=5873"}],"wp:term":[{"taxonomy":"category","embeddable":true,"href":"https:\/\/revistakuvendi.org\/index.php?rest_route=%2Fwp%2Fv2%2Fcategories&post=5873"},{"taxonomy":"post_tag","embeddable":true,"href":"https:\/\/revistakuvendi.org\/index.php?rest_route=%2Fwp%2Fv2%2Ftags&post=5873"}],"curies":[{"name":"wp","href":"https:\/\/api.w.org\/{rel}","templated":true}]}}