{"id":5864,"date":"2016-02-11T15:14:56","date_gmt":"2016-02-11T15:14:56","guid":{"rendered":"http:\/\/revistakuvendi.org\/?p=5864"},"modified":"2016-02-11T15:14:56","modified_gmt":"2016-02-11T15:14:56","slug":"ermira-babamusta-nderohet-me-medaljen-e-arte-nga-presidenti-obama","status":"publish","type":"post","link":"https:\/\/revistakuvendi.org\/?p=5864","title":{"rendered":"Ermira Babamusta nderohet me medaljen e art\u00eb nga Presidenti Obama"},"content":{"rendered":"<p><a href=\"http:\/\/revistakuvendi.org\/wp-content\/uploads\/2016\/02\/Babamusta-11.jpg\"><img loading=\"lazy\" decoding=\"async\" class=\"alignleft size-full wp-image-5866\" src=\"http:\/\/revistakuvendi.org\/wp-content\/uploads\/2016\/02\/Babamusta-11.jpg\" alt=\"Babamusta-11\" width=\"125\" height=\"160\" \/><\/a>Ermira Babamusta \u00ebsht\u00eb shqiptarja e par\u00eb q\u00eb u nderua nga Presidenti Obama p\u00ebr pun\u00ebn e saj humanitare. N\u00eb 2014 Ermira sh\u00ebrbeu n\u00eb programin e Sh\u00ebrbimit Komb\u00ebtar t\u00eb Zyr\u00ebs s\u00eb Presidentit t\u00eb Sh.B.A.-s\u00eb. Sht\u00ebpia e Bardh\u00eb e nderoi Ermira Babamust\u00ebn me vler\u00ebsimin m\u00eb t\u00eb lart\u00eb, <!--more-->me medalje ari dhe \u00e7mimin \u201cPresident\u2019s Volunteer Service A\u00ebard&#8221;. Ky vler\u00ebsim nga Presidenti i dhurohet qytetar\u00ebve amerikan\u00eb q\u00eb kan\u00eb treguar nj\u00eb jet\u00eb t\u00eb jasht\u00ebzakonshme n\u00eb sh\u00ebrbim t\u00eb tjer\u00ebve dhe q\u00eb sjellin inspirim p\u00ebr ndryshim pozitiv n\u00eb Amerik\u00eb dhe bot\u00eb.<\/p>\n<p>&nbsp;<\/p>\n<p>\u201cJam shum\u00eb krenare q\u00eb n\u00ebp\u00ebrmjet Programit t\u00eb Sh\u00ebrbimit Komb\u00ebtar t\u00eb Presidentit pata mund\u00ebsin\u00eb t\u2019i sh\u00ebrbej interesit komb\u00ebtar t\u00eb ShBA-s\u00eb p\u00ebr paqe n\u00eb bot\u00eb, demokraci dhe nd\u00ebrtim t\u00eb komunitetit n\u00eb aspektin kulturor dhe civil. Fal\u00ebnderoj Sht\u00ebpin\u00eb e Bardh\u00eb q\u00eb m\u00eb vler\u00ebsuan me \u00e7mimin m\u00eb t\u00eb lart\u00eb, medaljen e art\u00eb p\u00ebr kontributin tim p\u00ebr shtetin amerikan q\u00eb e dua dhe vler\u00ebsoj shum\u00eb,\u201d tha Ermira Babamusta.<\/p>\n<p>&nbsp;<\/p>\n<p>\u201cN\u00eb 2014, punova n\u00eb m\u00ebnyr\u00eb vullnetare si drejtoresh\u00eb rajonale p\u00ebr Projektin \u201cBorgen\u201d q\u00eb lufton kund\u00ebr varf\u00ebris\u00eb n\u00eb bot\u00eb. Bashk\u00ebpunova dhe me \u201cCharity Miles\u201d, \u201cWounded Warrior Project\u201d dhe me Fondacionin e Kombeve t\u00eb Bashkuara \u2013 \u201cGirl Up\u201d p\u00ebr t\u00eb rritur nd\u00ebrgjegj\u00ebsimin nd\u00ebrkomb\u00ebtar p\u00ebr edukimin dhe mir\u00ebqenien e vajzave t\u00eb reja n\u00ebp\u00ebr bot\u00eb. P\u00ebrve\u00e7 k\u00ebsaj kam qen\u00eb dhe pjes\u00eb e programit \u201cAmeriCorps\u201d si dhe kam udh\u00ebhequr projektin tim dyvje\u00e7ar \u201cAksion p\u00ebr Paqe\u201d (New York-Prishtin\u00eb) p\u00ebr t\u00eb p\u00ebrkrahur komunitetin amerikan dhe shqiptar, sidomos t\u00eb rinjt\u00eb dhe familjet amerikane t\u00eb veteran\u00ebve,\u201d shtoi Ermira.<\/p>\n<p><a href=\"http:\/\/revistakuvendi.org\/wp-content\/uploads\/2016\/02\/babmusta.png\"><img loading=\"lazy\" decoding=\"async\" class=\"alignleft size-medium wp-image-5867\" src=\"http:\/\/revistakuvendi.org\/wp-content\/uploads\/2016\/02\/babmusta-229x300.png\" alt=\"babmusta\" width=\"229\" height=\"300\" srcset=\"https:\/\/revistakuvendi.org\/wp-content\/uploads\/2016\/02\/babmusta-229x300.png 229w, https:\/\/revistakuvendi.org\/wp-content\/uploads\/2016\/02\/babmusta.png 350w\" sizes=\"auto, (max-width: 229px) 100vw, 229px\" \/><\/a><\/p>\n<p>Ermira Babamusta njihet p\u00ebr arritjet e saj n\u00eb fush\u00ebn e diplomacis\u00eb dhe politik\u00ebs n\u00eb Shtetet e Bashkuara t\u00eb Amerik\u00ebs dhe gjithashtu p\u00ebr promovimin e shqiptar\u00ebve t\u00eb talentuar n\u00eb bot\u00eb. Ajo mbahet mend m\u00eb s\u00eb shumti si nj\u00eb nga personat q\u00eb ka punuar n\u00eb administrat\u00ebn e Presidentit Obama dhe p\u00ebr vler\u00ebsimin q\u00eb ka marr\u00eb nga Kongresi Amerikan.<\/p>\n<p>&nbsp;<\/p>\n<p>Ermira Babamusta \u00ebsht\u00eb shpallur \u201cGruaja e Vitit\u201d, \u201cGruaja Nd\u00ebrkomb\u00ebtare e Kurajos\u201d nga Instituti i Paqes Kessel dhe \u201cGruaja Humanitare Nd\u00ebrkomb\u00ebtare\u201d nga Kryetari i Mazhoranc\u00ebs t\u00eb Senatit Amerikan, Harry Reid, Kongresi Amerikan. Nd\u00ebrsa babai i saj, Profesor Neki Babamusta (M\u00ebsues i Merituar) u em\u00ebrua \u201cMbrojt\u00ebs Nd\u00ebrkomb\u00ebtar i Demokracis\u00eb\u201d nga Kongresi Amerikan\u00a0\u00a0p\u00ebr forcimin e lidhjeve shqiptaro-amerikane.<\/p>\n<p>&nbsp;<\/p>\n<p>N\u00eb 2007 dhe 2012-13 Ermira ka kryer dy misione diplomatike-kulturore n\u00eb Kosov\u00eb p\u00ebr njohjen e pavar\u00ebsis\u00eb s\u00eb Kosov\u00ebs dhe lobimin e integrimit evropian t\u00eb Kosov\u00ebs. Ka punuar si drejtoresh\u00eb p\u00ebr fushat\u00ebn presidenciale t\u00eb Presidentit Obama n\u00eb zgjedhjet e 2008 dhe 2012; n\u00eb Departamentin e Paqes t\u00eb OKB-s\u00eb n\u00eb New York dhe n\u00eb Kongresin Amerikan n\u00eb Washington DC.<\/p>\n<p>&nbsp;<\/p>\n<p>Ermira Babamusta \u00ebsht\u00eb kandidate e doktoratur\u00ebs p\u00ebr Shkenca Politike dhe Mar\u00ebdh\u00ebnie Nd\u00ebrkomb\u00ebtare, gjat\u00eb s\u00eb cil\u00ebs p\u00ebrfundoi edhe programin e Harvardit \u201cStrategjia dhe Sigurimi Komb\u00ebtar Amerikan\u201d. Ka mbaruar shk\u00eblqyesh\u00ebm me burs dy mastera n\u00eb Shkenca Politike dhe Administrim Publik, si dhe programin e avancuar niveli graduate n\u00eb Manhattan p\u00ebr \u201cDiplomaci t\u00eb OKB-s\u00eb\u201d. N\u00eb 2010 kreu studimet jasht\u00eb n\u00eb Strasburg, Franc\u00eb n\u00eb deg\u00ebn \u201cLigji Europian dhe Institucionet e BE-s\u00eb\u201d.<\/p>\n<p><a href=\"http:\/\/revistakuvendi.org\/wp-content\/uploads\/2016\/02\/babmusta1.png\"><img loading=\"lazy\" decoding=\"async\" class=\"alignleft size-medium wp-image-5868\" src=\"http:\/\/revistakuvendi.org\/wp-content\/uploads\/2016\/02\/babmusta1-300x183.png\" alt=\"babmusta1\" width=\"300\" height=\"183\" srcset=\"https:\/\/revistakuvendi.org\/wp-content\/uploads\/2016\/02\/babmusta1-300x183.png 300w, https:\/\/revistakuvendi.org\/wp-content\/uploads\/2016\/02\/babmusta1.png 350w\" sizes=\"auto, (max-width: 300px) 100vw, 300px\" \/><\/a><\/p>\n<p>\u201cDashurin\u00eb p\u00ebr edukim, kultur\u00eb dhe njohuri m\u2019i kan\u00eb dh\u00ebn\u00eb t\u00eb dy prind\u00ebrit e mi t\u00eb mrekulluesh\u00ebm Neki dhe Suzana, t\u00eb cil\u00ebt jan\u00eb arsimtar\u00eb. Familja ime jan\u00eb me origjin\u00eb nga Shqip\u00ebria dhe Kosova. Si fis (Babamusta dhe Cani) e kemi pasur tradit\u00eb shkollimin jasht\u00eb shtetit dhe shkollimin e lart\u00eb. Ibrahim Babamusta, nipi i gjyshit tim, mori Medaljen e Art\u00eb nga Perandori Franc Ferdinand i Austris\u00eb. Babai im, Neki Babamusta, \u201cM\u00ebsues i Merituar\u201d ka zhvilluar l\u00ebvizjen arsimore n\u00eb Shqip\u00ebrin\u00eb e Mesme dhe Kosov\u00eb, ka mbajtur shum\u00eb kumtesa historike n\u00eb Durr\u00ebs dhe Tiran\u00eb tek Ministria e Arsimit, ka d\u00ebrguar materiale historike tek Instituti i Historis\u00eb n\u00eb Tiran\u00eb, t\u00eb cilat jan\u00eb vler\u00ebsuar. Gjithmon\u00eb e kam patur synim doktoratur\u00ebn dhe tani kam edhe fatin t\u00eb shtoj Harvardin n\u00eb rezumen\u00eb time. Krenohem q\u00eb p\u00ebrfaq\u00ebsova Shqip\u00ebrin\u00eb dhe Kosov\u00ebn n\u00eb programin e shk\u00eblqyer t\u00eb Harvardit,\u201d tha Ermira Babamusta.<\/p>\n<p>&nbsp;<\/p>\n<p>\u201cBesoj se kultura \u00ebsht\u00eb nj\u00eb nga m\u00ebnyrat m\u00eb t\u00eb mira p\u00ebr t\u00eb shfaqur imazhin pozitiv t\u00eb traditave t\u00eb vendit. P\u00ebr k\u00ebt\u00eb arsye kam hapur platform\u00ebn e diplomacis\u00eb kulturore \u201cNY Elite Magazine\u201d p\u00ebr t\u00eb\u00a0\u00a0ruajtur dhe ngritur lart\u00eb trash\u00ebgimin\u00eb kulturore shqiptare dhe amerikane,\u201d tha Ermira Babamusta.<\/p>\n<p>&nbsp;<\/p>\n<p>Ermira Babamusta \u00ebsht\u00eb pjes\u00eb e librit \u201cZonjat Shqiptare n\u00eb New York\u201d, projekt i Albanian Excellence, i cili zhvillohet n\u00ebn kujdesin e Presidentit t\u00eb Republik\u00ebs s\u00eb Bujar Nishani dhe q\u00eb do t\u00eb promovohet me 24 shtator n\u00eb Manhattan, New York gjat\u00eb nj\u00eb mbr\u00ebmje Gala me pjes\u00ebmarrjen e personaliteteve t\u00eb njohura mbar\u00ebshqiptare.<\/p>\n","protected":false},"excerpt":{"rendered":"<p>Ermira Babamusta \u00ebsht\u00eb shqiptarja e par\u00eb q\u00eb u nderua nga Presidenti Obama p\u00ebr pun\u00ebn e saj humanitare. N\u00eb 2014 Ermira sh\u00ebrbeu n\u00eb programin e Sh\u00ebrbimit Komb\u00ebtar t\u00eb Zyr\u00ebs s\u00eb Presidentit t\u00eb Sh.B.A.-s\u00eb. Sht\u00ebpia e Bardh\u00eb e nderoi Ermira Babamust\u00ebn me vler\u00ebsimin m\u00eb t\u00eb lart\u00eb,<\/p>\n","protected":false},"author":1,"featured_media":5865,"comment_status":"open","ping_status":"open","sticky":false,"template":"","format":"standard","meta":{"footnotes":""},"categories":[12],"tags":[],"class_list":["post-5864","post","type-post","status-publish","format-standard","has-post-thumbnail","hentry","category-jete-komuniteti"],"_links":{"self":[{"href":"https:\/\/revistakuvendi.org\/index.php?rest_route=\/wp\/v2\/posts\/5864","targetHints":{"allow":["GET"]}}],"collection":[{"href":"https:\/\/revistakuvendi.org\/index.php?rest_route=\/wp\/v2\/posts"}],"about":[{"href":"https:\/\/revistakuvendi.org\/index.php?rest_route=\/wp\/v2\/types\/post"}],"author":[{"embeddable":true,"href":"https:\/\/revistakuvendi.org\/index.php?rest_route=\/wp\/v2\/users\/1"}],"replies":[{"embeddable":true,"href":"https:\/\/revistakuvendi.org\/index.php?rest_route=%2Fwp%2Fv2%2Fcomments&post=5864"}],"version-history":[{"count":1,"href":"https:\/\/revistakuvendi.org\/index.php?rest_route=\/wp\/v2\/posts\/5864\/revisions"}],"predecessor-version":[{"id":5869,"href":"https:\/\/revistakuvendi.org\/index.php?rest_route=\/wp\/v2\/posts\/5864\/revisions\/5869"}],"wp:featuredmedia":[{"embeddable":true,"href":"https:\/\/revistakuvendi.org\/index.php?rest_route=\/wp\/v2\/media\/5865"}],"wp:attachment":[{"href":"https:\/\/revistakuvendi.org\/index.php?rest_route=%2Fwp%2Fv2%2Fmedia&parent=5864"}],"wp:term":[{"taxonomy":"category","embeddable":true,"href":"https:\/\/revistakuvendi.org\/index.php?rest_route=%2Fwp%2Fv2%2Fcategories&post=5864"},{"taxonomy":"post_tag","embeddable":true,"href":"https:\/\/revistakuvendi.org\/index.php?rest_route=%2Fwp%2Fv2%2Ftags&post=5864"}],"curies":[{"name":"wp","href":"https:\/\/api.w.org\/{rel}","templated":true}]}}