{"id":5652,"date":"2015-11-01T21:48:14","date_gmt":"2015-11-01T21:48:14","guid":{"rendered":"http:\/\/revistakuvendi.org\/?p=5652"},"modified":"2015-11-01T21:48:14","modified_gmt":"2015-11-01T21:48:14","slug":"njoftim-per-diten-e-librit-piktures-fotografise-dhe-mjeteve-te-tjera-te-artit","status":"publish","type":"post","link":"https:\/\/revistakuvendi.org\/?p=5652","title":{"rendered":"Njoftim p\u00ebr Dit\u00ebn e librit, piktures, fotografis\u00eb dhe mjeteve t\u00eb tjera t\u00eb artit"},"content":{"rendered":"<p><a href=\"http:\/\/revistakuvendi.org\/wp-content\/uploads\/2015\/11\/libri1.jpg\"><img loading=\"lazy\" decoding=\"async\" class=\"alignleft size-full wp-image-5653\" src=\"http:\/\/revistakuvendi.org\/wp-content\/uploads\/2015\/11\/libri1.jpg\" alt=\"libri1\" width=\"235\" height=\"258\" \/><\/a>Per t\u00eb dytin vit, bashkangjitur me Ditet e Letersise Shqipe ne Michigan, q\u00eb do t\u00eb\u00a0 b\u00ebh\u00ebn nga data 13 deri 15 Nendor, organizohet dhe <strong>Dita e librit, piktures , fotografise dhe mjeteve te tjera te artit.<\/strong> <!--more-->Kjo dite do t\u00eb b\u00ebh\u00ebt me dat\u00ebn 15 Nendor 2015, diten e diel\u00eb n\u00eb sall\u00ebn \u201c Gjergj Kastrioti\u201d t\u00eb Qendr\u00ebs s\u00eb Sh\u00ebn Palit, nga ora 9:00 am deri ne 6:00 pm.<\/p>\n<p>Kushdo q\u00eb ka libra t\u00eb tijat si autor, por edhe t\u00eb bibliotek\u00ebs p\u00ebrsonale, mund t\u2019i ekspozoj\u00eb k\u00ebt\u00eb dit\u00eb, p\u00ebr t\u2019u par\u00eb dhe p\u00ebr t\u2019u shitur.<\/p>\n<p>Cilido q\u00eb ka piktura, fotografi dhe punime t\u00eb tjera arti, gjithashtu mund t\u2019i ekspozoj\u00eb si n\u00eb rastin e librave, edhe p\u00ebr t\u2019i shitur. Jeni t\u00eb mir\u00ebpritur t\u2019i bashkangjiteni k\u00ebtij aktiviteti q\u00eb sa vjen e b\u00ebh\u00ebt m\u00eb interesant.<\/p>\n<p>K\u00ebt\u00eb dit\u00eb do t\u00eb b\u00ebh\u00ebn edhe promovime t\u00eb librave t\u00eb rinj dhe do t\u00eb ket\u00eb auutor\u00eb\u00a0 shqiptar\u00eb nga disa vende t\u00eb Amerik\u00ebs.<\/p>\n<p>P\u00ebr detajet, do t\u00eb kemi informime n\u00eb dit\u00ebt q\u00eb vijn\u00eb.<\/p>\n","protected":false},"excerpt":{"rendered":"<p>Per t\u00eb dytin vit, bashkangjitur me Ditet e Letersise Shqipe ne Michigan, q\u00eb do t\u00eb\u00a0 b\u00ebh\u00ebn nga data 13 deri 15 Nendor, organizohet dhe Dita e librit, piktures , fotografise dhe mjeteve te tjera te artit.<\/p>\n","protected":false},"author":1,"featured_media":5653,"comment_status":"open","ping_status":"open","sticky":false,"template":"","format":"standard","meta":{"footnotes":""},"categories":[12],"tags":[],"class_list":["post-5652","post","type-post","status-publish","format-standard","has-post-thumbnail","hentry","category-jete-komuniteti"],"_links":{"self":[{"href":"https:\/\/revistakuvendi.org\/index.php?rest_route=\/wp\/v2\/posts\/5652","targetHints":{"allow":["GET"]}}],"collection":[{"href":"https:\/\/revistakuvendi.org\/index.php?rest_route=\/wp\/v2\/posts"}],"about":[{"href":"https:\/\/revistakuvendi.org\/index.php?rest_route=\/wp\/v2\/types\/post"}],"author":[{"embeddable":true,"href":"https:\/\/revistakuvendi.org\/index.php?rest_route=\/wp\/v2\/users\/1"}],"replies":[{"embeddable":true,"href":"https:\/\/revistakuvendi.org\/index.php?rest_route=%2Fwp%2Fv2%2Fcomments&post=5652"}],"version-history":[{"count":1,"href":"https:\/\/revistakuvendi.org\/index.php?rest_route=\/wp\/v2\/posts\/5652\/revisions"}],"predecessor-version":[{"id":5654,"href":"https:\/\/revistakuvendi.org\/index.php?rest_route=\/wp\/v2\/posts\/5652\/revisions\/5654"}],"wp:featuredmedia":[{"embeddable":true,"href":"https:\/\/revistakuvendi.org\/index.php?rest_route=\/wp\/v2\/media\/5653"}],"wp:attachment":[{"href":"https:\/\/revistakuvendi.org\/index.php?rest_route=%2Fwp%2Fv2%2Fmedia&parent=5652"}],"wp:term":[{"taxonomy":"category","embeddable":true,"href":"https:\/\/revistakuvendi.org\/index.php?rest_route=%2Fwp%2Fv2%2Fcategories&post=5652"},{"taxonomy":"post_tag","embeddable":true,"href":"https:\/\/revistakuvendi.org\/index.php?rest_route=%2Fwp%2Fv2%2Ftags&post=5652"}],"curies":[{"name":"wp","href":"https:\/\/api.w.org\/{rel}","templated":true}]}}