{"id":5414,"date":"2015-08-28T20:19:08","date_gmt":"2015-08-28T20:19:08","guid":{"rendered":"http:\/\/revistakuvendi.org\/?p=5414"},"modified":"2015-08-28T20:19:08","modified_gmt":"2015-08-28T20:19:08","slug":"cfare-me-solli-ne-kujtese-takimi-me-akademikun-mark-krasniqi","status":"publish","type":"post","link":"https:\/\/revistakuvendi.org\/?p=5414","title":{"rendered":"\u00c7FAR\u00cb M\u00cb SOLLI N\u00cb KUJTES\u00cb, TAKIMI ME AKADEMIKUN MARK KRASNIQI?"},"content":{"rendered":"<p class=\"ecxMsoNoSpacing\"><b><i>Nga: Prof. Murat Gecaj<\/i><\/b><\/p>\n<p class=\"ecxMsoNoSpacing\"><b><i>publicist e studiues-Tiran\u00eb<\/i><\/b><\/p>\n<p class=\"ecxMsoNoSpacing\"><i>Sapo m\u00ebsova lajmin e hidhur t\u00eb ndarjes nga jeta t\u00eb prof.Mark Krasniqit-Akademik. Me k\u00ebt\u00eb rast, postove mesazhin e ngush\u00ebllimit, si m\u00eb posht\u00eb:<\/i><!--more--><\/p>\n<p class=\"ecxMsoNoSpacing\"><i>\u201cJu d\u00ebrgoj ngush\u00ebllimet e mia m\u00eb t\u00eb sinqerta, familjar\u00ebve, koleg\u00ebve e miq\u00ebve, p\u00ebr ndarjen p\u00ebrgjithnj\u00eb nga jeta t\u00eb Akademikut Mark Krasniqi, atdhetar i zjarrt\u00eb e mbrojtes i pal\u00ebkundur i \u00e7\u00ebshtjes mbar\u00ebkomb\u00ebtare shqiptare, krijues, studiues e botues i palodhur, n\u00eb shume fusha t\u00eb albanologjis\u00eb. Kujtimi i tij do t\u00eb ruhet gjat\u00eb n\u00eb brezat e shqiptar\u00ebve, sepse ai nuk kurseu asgj\u00eb q\u00eb t&#8217;i shihte Kosov\u00ebn e Shqiperin\u00eb dhe mbar\u00eb trojet shqiptare, t\u00eb lira e t\u00eb bashkuara, t\u00eb p\u00ebrparuara dhe sa m\u00eb te lul\u00ebzuara. I p\u00ebrjetsh\u00ebm qofte kujtimi i tij: Nga prof. Murat Gecaj, publicist e studiues, sekretar i Pergjithsh\u00ebm i Shoqat\u00ebs se Arsimtar\u00ebve t\u00eb Shqip\u00ebris\u00eb dhe p\u00ebrgjegj\u00ebs seksioni, n\u00eb Institutin e Integrimit t\u00eb Kultur\u00ebs Shqiptare. Tiran\u00eb, m\u00eb 28 gusht 2015\u201d.<\/i><\/p>\n<p class=\"ecxMsoNoSpacing\"><i>Gjithashtu, n\u00eb nderim t\u00eb jet\u00ebs dhe vepr\u00ebs madhore t\u00eb Akademikut Mark Krasniqi, po e ribotoj nj\u00eb shkrim timin, t\u00eb fundjanarit 2013.<\/i><\/p>\n<p class=\"ecxMsoNoSpacing\"><b><i><span lang=\"SQ\">1.<\/span><\/i><\/b><\/p>\n<p class=\"ecxMsoNoSpacing\"><span lang=\"SQ\">Kisha koh\u00eb pa e takuar prof. Mark Krasniqin-Akademik, nj\u00ebrin nd\u00ebr figurat e njohura dhe t\u00eb shquara t\u00eb arsimit, kultur\u00ebs, shkenc\u00ebs e politik\u00ebs n\u00eb Kosov\u00eb. Prandaj ndjeva k\u00ebnaq\u00ebsi t\u00eb ve\u00e7ant\u00eb, kur mora nj\u00eb ftes\u00eb nga kryetari i Shoqat\u00ebs \u201cNikaj-Mertur\u201d, n\u00eb Mal\u00ebsin\u00eb e Gjakov\u00ebs (Tropoj\u00eb), se n\u00eb mbr\u00ebmjen e dat\u00ebs 18 janar 2013, do t\u00eb organizohej nj\u00eb koncert dhe manifestim masiv, n\u00eb Pallatin e Kongreseve t\u00eb kryeqytetit Tiran\u00eb. Nd\u00ebr t\u00eb tjera, aty sh\u00ebnohej se do t\u00eb ishte pjes\u00ebmarr\u00ebs edhe prof. M.Krasniqi.<\/span><\/p>\n<p class=\"ecxMsoNoSpacing\"><span lang=\"SQ\">Ende pa nisur shfaqja, hyra n\u00eb sall\u00ebn e st\u00ebrmadhe, q\u00eb gum\u00ebzhinte si \u201ckoshere\u201d blet\u00ebsh. Nga radh\u00ebt e mezit, drejtp\u00ebrdrejt me sken\u00ebn, ku diku af\u00ebr e kisha t\u00eb caktuar edhe un\u00eb vendin, e v\u00ebrejta t\u00eb ulur at\u00eb, bashk\u00eb me nj\u00eb mik t\u00eb tij, nga Gjakova, Gjok\u00eb Gecin. U p\u00ebrsh\u00ebndeta me prof. Mark Krasniqin me p\u00ebrzem\u00ebrsi dhe iu luta nj\u00eb personi q\u00eb t\u00eb na fotografonte, p\u00ebr ta patur shenj\u00eb kujtimi. Nd\u00ebrkaq, edhe m\u00eb pas gjeta rastin t\u00eb bisedonim bashk\u00eb, sigurisht jo gjer\u00ebsisht. M\u00eb \u00a0erdhi shum\u00eb mir\u00eb q\u00eb, megjith\u00ebse n\u00eb mosh\u00ebn mbi 92-vje\u00e7are, ai g\u00ebzonte sh\u00ebndet t\u00eb qendruesh\u00ebm, mbahej i fort\u00eb dhe kishte kujtes\u00eb t\u00eb admirueshme. K\u00ebt\u00eb gj\u00eb e v\u00ebrejta edhe\u00a0 kur ai u shfaqi dashamir\u00ebsi gjith\u00eb njer\u00ebzve t\u00eb shumt\u00eb, t\u00eb cil\u00ebt vinin ta takonin dhe ta respektonin. Bile, pati nga ata nikajm\u00ebrturas, q\u00eb ia treguan sht\u00ebpin\u00eb dhe iu lut\u00ebn q\u00eb, pas shfaqjes, t\u00eb shkonte n\u00eb familjen e tyre.<\/span><\/p>\n<p class=\"ecxMsoNoSpacing\"><span lang=\"SQ\">N\u00eb bised\u00eb e sip\u00ebr, por dhe \u00a0kur u ndam\u00eb aty, pasi nisi shfaqja \u201ce zjarrt\u00eb\u201d, e titulluar \u201cNata e Nikaj-M\u00ebrturit\u201d, n\u00eb vijim t\u00eb disa veprimtarive t\u00eb tilla, solla n\u00eb kujtes\u00eb njohjen ton\u00eb. Ishin vitet \u201970-t\u00eb e 80-t\u00eb t\u00eb shekullit t\u00eb kaluar, kur n\u00eb kryeqytetin Tiran\u00eb, por dhe n\u00eb rrethe t\u00eb vendit, u organizuan veprimtari masive, konferenca, simpoziume e kongrese shkencore. Ato ishin p\u00ebr \u00e7\u00ebshtje t\u00eb historis\u00eb e gjuh\u00ebsis\u00eb, kultur\u00ebs, etnografis\u00eb, arkeologjis\u00eb e tjer\u00eb. Megjith\u00ebse dihen v\u00ebshtir\u00ebsit\u00eb e koh\u00ebs, p\u00ebr lidhjet me Kosov\u00ebn e rob\u00ebruar nga rregjimi serb, n\u00eb ato merrnin pjes\u00eb prej\u00a0 saj edhe studiues e shkenc\u00ebtar\u00eb shqiptar\u00eb. Nj\u00eb nd\u00ebr ata, padyshim, ishte edhe prof. Mark Krasniqi. Ai nuk vinte k\u00ebtu, n\u00eb \u201cshtetin am\u00eb\u201d, \u00a0si nj\u00eb nj\u00eb \u201cvizitor\u201d i thjesht\u00eb, por edhe lexonte punime t\u00eb thelluara shkencore.<\/span><\/p>\n<p class=\"ecxMsoNoSpacing\"><span lang=\"SQ\">Nj\u00eb nd\u00ebr udh\u00ebtimet e tij n\u00eb Tiran\u00eb, por dhe n\u00eb Mal\u00ebsin\u00eb e Gjakov\u00ebs (Tropoj\u00eb), ishte ai i marsit t\u00eb vitit 1980. N\u00eb qytetin m\u00eb verior alpin, Instituti i Historis\u00eb, pran\u00eb Akademis\u00eb s\u00eb Shkencave n\u00eb Tiran\u00eb, kishte p\u00ebrgatitur nj\u00eb sesion shkencor, me rastin e 55-vjetorit t\u00eb vrasjes s\u00eb \u201cHeroit t\u00eb Popullit\u201d, \u201cDragoit t\u00eb Dragobis\u00eb\u201d, Bajram Curri. N\u00eb udh\u00ebtimin, nga kryeqyteti p\u00ebr atje, pasi kisha p\u00ebr t\u00eb lexuar nj\u00eb tem\u00eb p\u00ebr figur\u00ebn e tij n\u00eb k\u00ebng\u00ebt popullore, arrita n\u00eb Fush\u00eb-Arr\u00ebs dhe aty u ndal\u00ebm pak p\u00ebr t\u00eb pushuar. E dija q\u00eb, n\u00eb p\u00ebrb\u00ebrje t\u00eb grupit nga Prishtina, ishin Ali Hadri, Zekeria Cana e nj\u00eb tjet\u00ebr. E pyeta prof. Markun, pak me shaka: \u201cP\u00ebr ku jeni nisur k\u00ebshtu, profesor, \u00a0apo p\u00ebr n\u00eb sesionin shkencor, kushtuar B.Currit?\u201d Aty p\u00ebr aty, ai m\u2019u p\u00ebrgjigj me nj\u00eb shprehje popullore, duke e anashkaluar shpjegimin e sakt\u00eb: \u201cJo! Po, me q\u00eb i kisha opingat veshur, mendova dhe un\u00eb t\u00eb dal nj\u00eb her\u00eb n\u00eb Mal\u00ebsi\u201d. N\u00eb fakt, meqen\u00ebse e ka origjin\u00ebn nga krahina e Nikaj-M\u00ebrturit dhe larguar shum\u00eb koh\u00eb t\u00eb par\u00ebt q\u00eb andej, ai ma shfaqi d\u00ebshir\u00ebn se donte t\u2019i njihte t\u00eb af\u00ebrmit e tij, atje. Kur arrit\u00ebm n\u00eb qytetin \u201cB.Curri\u201d, sigurisht, k\u00ebt\u00eb gj\u00eb ua thash\u00eb drejtuesve t\u00eb partis\u00eb e shtetit t\u00eb asaj kohe. Me sa kuptova, nj\u00eb nd\u00ebr arsyet, se p\u00ebrse nuk donin ta lejonin prof. Markun q\u00eb t\u00eb shkonte p\u00ebr vizit\u00eb tek ata, ishte varf\u00ebria e tejskajshme n\u00eb at\u00eb krahin\u00eb. Nd\u00ebrsa p\u00ebrgjigja \u00a0e p\u00ebligjia, p\u00ebr at\u00eb, ishte se: \u201cRruga \u00ebsht\u00eb e prishur dhe nuk mund t\u00eb kalohet p\u00ebr andej!?\u201d<\/span><\/p>\n<p class=\"ecxMsoNoSpacing\"><span lang=\"SQ\">Megjith\u00ebse nuk mori pjes\u00eb n\u00eb sesionin shkencor, t\u00eb organizuar n\u00eb qytetin \u201cB.Curri\u201d, pasi nuk e kishte \u201clej\u00ebn\u201d nga organet jugosllave,prof. Mark Krasniqi erdhi me ne n\u00eb fshatin e bukur Valbon\u00eb. Aty h\u00ebngr\u00ebm nj\u00eb drek\u00eb s\u00eb bashku, ku dhe u k\u00ebnduan k\u00ebng\u00eb popullore. Por pati edhe nj\u00eb recitim, nga rapsodi i mir\u00ebnjohur vend\u00ebs, Sokol Arifi. N\u00eb vargjet e tij, me p\u00ebrmbajtje t\u00eb theksuar atdhetare, ai p\u00ebrmend\u00ebte edhe t\u00eb k\u00ebqijat e regjimit serb, ndaj shqiptar\u00ebve t\u00eb Kosov\u00ebs. Prandaj, t\u00eb ftuarit kosovar\u00eb \u00a0u ndjen\u00eb ca \u201cngusht\u201d dhe, p\u00ebr t\u00eb mos i ven\u00eb ata n\u00eb pozit\u00eb t\u00eb v\u00ebshtir\u00eb, raspsodi nuk vazhdoi m\u00eb gjat\u00eb, me recitime t\u00eb tilla. Megjithat\u00eb, e pash\u00eb q\u00eb prof. Markut i sh\u00ebndrit\u00ebn syt\u00eb, kur i d\u00ebgjoi ato vargje rapsodike, t\u00eb cilat e shprehnin realitetin e vertet\u00eb e t\u00eb dhimbsh\u00ebm historik t\u00eb shqiptar\u00ebve, n\u00ebn pushtimin e huaj serb.<\/span><\/p>\n<p class=\"ecxMsoNoSpacing\"><span lang=\"SQ\">N\u00eb vitet pasardh\u00ebse, kam lexuar shpesh p\u00ebr\u00a0 studimet, botimet e pjes\u00ebmarrjet n\u00eb detyrat dhe veprimatrit\u00eb e ndryshme, nga Akademiku Mark Krasniqi. Sigurisht, si at\u00ebher\u00eb dhe tani, jam ndjer\u00eb krenar p\u00ebr k\u00ebt\u00eb bashk\u00ebkrahinas e\u00a0 atdhetar t\u00eb mir\u00eb, i cili jet\u00ebn e tij t\u00eb gjat\u00eb e ka ven\u00eb n\u00eb sh\u00ebrbim t\u00eb arsimit, shkenc\u00ebs e kultur\u00ebs komb\u00ebtare shqiptare. Prandaj, si un\u00eb, por dhe t\u00eb gjith\u00eb ata, q\u00eb e takuan e biseduan k\u00ebto dit\u00eb me t\u00eb, n\u00eb Tiran\u00eb, i uruan nga zemra: Sh\u00ebndet t\u00eb plot\u00eb, jet\u00ebgjat\u00ebsi dhe krijimtari sa m\u00eb t\u00eb frytshme, p\u00ebr t\u00eb mir\u00ebn e Shqip\u00ebris\u00eb dhe t\u00eb Kosov\u00ebs.<\/span><\/p>\n<p class=\"ecxMsoNoSpacing\"><span lang=\"SQ\">N\u00eb dark\u00ebn, q\u00eb u shtrua nga Shoqata \u201cNikaj-M\u00ebrtur\u201d p\u00ebr t\u00eb ftuarit dhe artist\u00ebt amator\u00eb, p\u00ebrs\u00ebri u p\u00ebrsh\u00ebndeta me Akademikun e shquar Mark Krasniqi. Bile, me ftes\u00ebn edhe t\u00eb Gjok\u00eb Vukajt, q\u00eb e filmonte t\u00ebr\u00eb veprimatrin\u00eb, shkuam e i takuam gotat me at\u00eb dhe koleg\u00eb t\u00eb tij nga Kosova, un\u00eb dhe kryetari i Shoqat\u00ebs, Av. Gjin Niklekaj. Sigurisht, p\u00ebr k\u00ebt\u00eb gj\u00eb, ai na fal\u00ebnderoi dhe u ndam\u00eb p\u00ebrzem\u00ebrsisht.<\/span><\/p>\n<p class=\"ecxMsoNoSpacing\"><b><i><span lang=\"SQ\">2.<\/span><\/i><\/b><\/p>\n<p class=\"ecxMsoNoSpacing\"><span lang=\"SQ\">Mark Krasniqi \u00a0lindi m\u00eb 19 tetor 1920, n\u00eb fshatin Gllavi\u00e7ic\u00eb (Sh\u00ebngjon-Kolaj), n\u00eb af\u00ebrsi t\u00eb Pej\u00ebs, n\u00eb Kosov\u00eb. Arsimin fillor e ndoqi n\u00eb vendlindje, nd\u00ebrsa gjimnazin n\u00eb Prizren. N\u00eb vitet 1941-1943, \u00a0vazhdoi studimet e larta p\u00ebr let\u00ebrsi, n\u00eb Universitetin e Padov\u00ebs s\u00eb Italis\u00eb. Nd\u00ebrsa m\u00eb tej, studioi p\u00ebr gjeografi dhe etnografi, n\u00eb Universitetin e Beogradit (1946-1959). Nisi t\u00eb shkruaj\u00eb q\u00eb her\u00ebt n\u00eb shtyp. K\u00ebshtu, n\u00eb vitet 1945-1946, ishte redaktor i gazet\u00ebs \u201cRilindja\u201d, n\u00eb Prizren, s\u00eb bashku me Esad Mekulin e Omer \u00c7ekrezin.\u00a0 N\u00eb tri vitet vazhduese, punoi n\u00eb redaksin\u00eb e emisioneve n\u00eb gjuh\u00ebn shqipe, n\u00eb Radio-Beogradi. M\u00eb tej, gjat\u00eb viteve 1950-1961, ishte asistent dhe pastaj bashk\u00ebpun\u00ebtor shkencor, n\u00eb Akademin\u00eb e Shkencave t\u00eb Serbis\u00eb. Ngjarje m\u00eb rend\u00ebsi p\u00ebr t\u00eb ishte marrja e diplom\u00ebs, n\u00eb Beograd, m\u00eb 1950 dhe pastaj mbrojtja e doktoratur\u00ebs, n\u00eb Universitetin e Lubjan\u00ebs, m\u00eb 1960.<\/span><\/p>\n<p class=\"ecxMsoNoSpacing\"><span lang=\"SQ\">P\u00ebr aft\u00ebsit\u00eb e tij pedagogjike e shkencore, n\u00eb periudh\u00ebn 1961-1981 ishte profesor n\u00eb Universitetin e Prishtin\u00ebs, kur shteti serbo-komunist e largoi nga puna arsimore e pedagogjike. Disa her\u00eb ka sh\u00ebrbyer dekan dhe prodekan i Fakultetit Juridik-Ekonomik, n\u00eb Prishtin\u00eb. Gjithashtu, \u00ebsht\u00eb ngarkuar me detyra t\u00eb larta, si: z\u00ebvend\u00ebskryetar dhe kryetar i Akademis\u00eb s\u00eb Shkencave e Arteve t\u00eb Kosov\u00ebs, kryetar i par\u00eb i Shoqat\u00ebs s\u00eb Shkrimtar\u00ebve t\u00eb Kosov\u00ebs (1970) dhe kryetar i Partis\u00eb Shqiptare Demokristiane t\u00eb Kosov\u00ebs (1993). \u00cbsht\u00eb an\u00ebtar i Akademis\u00eb s\u00eb Shkencave e Arteve t\u00eb Kosov\u00ebs dhe i Akademis\u00eb s\u00eb Shkencave t\u00eb Shqip\u00ebris\u00eb. Ka marr\u00eb pjes\u00eb dhe ka lexuar punime t\u00eb tij n\u00eb shum\u00eb kongrese, konferenca e simpoziume komb\u00ebtare e nd\u00ebrkombetare, ku jan\u00eb diskutuar \u00e7\u00ebshtje t\u00eb traditave, gjuh\u00ebs letrare komb\u00ebtare, historis\u00eb, etnografis\u00eb, folklorit shqiptar e tjer\u00eb.<\/span><\/p>\n<p class=\"ecxMsoNoSpacing\"><span lang=\"SQ\">P\u00ebrve\u00e7 pun\u00ebs pedaogjike e shkencore, detyrave drejtuese dhe veprimtarive t\u00eb tjera, ka hartuar e botuar rreth 20 libra shkencor\u00eb, letrar\u00eb, publicistik\u00eb e tekste shkollor\u00eb. Prof. M.Krasniqi \u00ebsht\u00eb autor i disa v\u00ebllimeve me poezi, si p\u00ebr t\u00eb rritur e f\u00ebmij\u00eb, nd\u00ebr t\u00eb cil\u00ebt ve\u00e7ojm\u00eb librin p\u00ebr t\u00eb vegj\u00eblit, \u201cPosta e porositur\u201d. Po k\u00ebshtu, ka shqip\u00ebruar, nga serbishtja e sllovenishtja, disa romane e p\u00ebrmbledhje me poezi<\/span><\/p>\n<p class=\"ecxMsoNoSpacing\"><span lang=\"SQ\">&#8230;Me p\u00ebrvoj\u00ebn e gjat\u00eb shum\u00ebvje\u00e7are dhe sh\u00ebrbimet e \u00e7muara, q \u00eb i ka b\u00ebr\u00eb popullit ton\u00eb, p\u00ebr t\u00eb cilat fol\u00ebm shkrutimisht m\u00eb lart, prof.Mark Krasniqi-Akademik, \u00ebsht\u00eb jo vet\u00ebm krenari e natyrshme p\u00ebr banor\u00ebt e krahin\u00ebs s\u00eb prejardhjes, pra Nikaj-Merturit, por edhe p\u00ebr vendlindjen, mbar\u00eb Kosov\u00ebn e Shqip\u00ebrin\u00eb dhe, m\u00eb tej, p\u00ebr t\u00eb gjitha trojet amtare e diaspor\u00ebn ton\u00eb shqiptare.<\/span><\/p>\n<p class=\"ecxMsoNoSpacing\"><b><i><span lang=\"SQ\">Tiran\u00eb, 22 janar 2013<\/span><\/i><\/b><\/p>\n<p class=\"ecxMsoNoSpacing\">Ribotim<\/p>\n","protected":false},"excerpt":{"rendered":"<p>Nga: Prof. Murat Gecaj publicist e studiues-Tiran\u00eb Sapo m\u00ebsova lajmin e hidhur t\u00eb ndarjes nga jeta t\u00eb prof.Mark Krasniqit-Akademik. Me k\u00ebt\u00eb rast, postove mesazhin e ngush\u00ebllimit, si m\u00eb posht\u00eb:<\/p>\n","protected":false},"author":1,"featured_media":5415,"comment_status":"open","ping_status":"open","sticky":false,"template":"","format":"standard","meta":{"footnotes":""},"categories":[9],"tags":[],"class_list":["post-5414","post","type-post","status-publish","format-standard","has-post-thumbnail","hentry","category-kritike"],"_links":{"self":[{"href":"https:\/\/revistakuvendi.org\/index.php?rest_route=\/wp\/v2\/posts\/5414","targetHints":{"allow":["GET"]}}],"collection":[{"href":"https:\/\/revistakuvendi.org\/index.php?rest_route=\/wp\/v2\/posts"}],"about":[{"href":"https:\/\/revistakuvendi.org\/index.php?rest_route=\/wp\/v2\/types\/post"}],"author":[{"embeddable":true,"href":"https:\/\/revistakuvendi.org\/index.php?rest_route=\/wp\/v2\/users\/1"}],"replies":[{"embeddable":true,"href":"https:\/\/revistakuvendi.org\/index.php?rest_route=%2Fwp%2Fv2%2Fcomments&post=5414"}],"version-history":[{"count":1,"href":"https:\/\/revistakuvendi.org\/index.php?rest_route=\/wp\/v2\/posts\/5414\/revisions"}],"predecessor-version":[{"id":5416,"href":"https:\/\/revistakuvendi.org\/index.php?rest_route=\/wp\/v2\/posts\/5414\/revisions\/5416"}],"wp:featuredmedia":[{"embeddable":true,"href":"https:\/\/revistakuvendi.org\/index.php?rest_route=\/wp\/v2\/media\/5415"}],"wp:attachment":[{"href":"https:\/\/revistakuvendi.org\/index.php?rest_route=%2Fwp%2Fv2%2Fmedia&parent=5414"}],"wp:term":[{"taxonomy":"category","embeddable":true,"href":"https:\/\/revistakuvendi.org\/index.php?rest_route=%2Fwp%2Fv2%2Fcategories&post=5414"},{"taxonomy":"post_tag","embeddable":true,"href":"https:\/\/revistakuvendi.org\/index.php?rest_route=%2Fwp%2Fv2%2Ftags&post=5414"}],"curies":[{"name":"wp","href":"https:\/\/api.w.org\/{rel}","templated":true}]}}