{"id":5408,"date":"2015-08-28T11:59:54","date_gmt":"2015-08-28T11:59:54","guid":{"rendered":"http:\/\/revistakuvendi.org\/?p=5408"},"modified":"2015-08-28T12:00:21","modified_gmt":"2015-08-28T12:00:21","slug":"ndrron-jete-akadamik-mark-krasniqi","status":"publish","type":"post","link":"https:\/\/revistakuvendi.org\/?p=5408","title":{"rendered":"Ndrron jete Akadamik Mark Krasniqi"},"content":{"rendered":"<p>Amaneti i MARK KRASNIQIT:<\/p>\n<p>&#8220;Mos hiqni dore kurre nga BASHKIMI KOMBETAR&#8221;<\/p>\n<p>Sot,28 Gusht 2015, ora 00.35, ndrroi jete ne Prishtine, MARK KRASNIQI, antar i Akademise se Shkencave e Arteve te Kosoves e antar i Akademise se Shkencave te Shqiperise, i dekoruar &#8220;Nderi i Kombit&#8221; (ne Tirane) <!--more-->e me Medaljen e Arte te Lidhjes se Prizrenit&#8221; (ne Prishtine), &#8220;Qytetar Nderi&#8221; i Pejes, ish profesor i Universitetit te Prishtines, historian, shkrimtar, perkthyes, poet, etj.<\/p>\n<p>Ka qen\u00eb n\u00ebnkryetar e kryetar i Akademis\u00eb s\u00eb Shkencave dhe t\u00eb Arteve t\u00eb Kosov\u00ebs, kryetar i par\u00eb i Shoqat\u00ebs s\u00eb Shkrimtar\u00ebve t\u00eb Kosov\u00ebs (1970), kryetar i Partis\u00eb Shqiptare Demokristiane t\u00eb Kosov\u00ebs. President i Forumit Shqiptar te Kultures, Edukimit e Shkences.<br \/>\nKa botuar m\u00eb se 35 libra shkencor\u00eb, letrar\u00eb, publicistik\u00eb e tekste shkollore dhe ka p\u00ebrkthyer disa romane e p\u00ebrmbledhje poezish\u00eb nga serbo-kroatishtja, sllovenishtja e maqedonishtja n\u00eb gjuh\u00ebn shqipe.<\/p>\n<p>Vepra e tij e fundit, e para disa diteve, eshte \u201cPOROSIA ime per SHQIPTARET: Mos hiqni kurre dore nga BASHKIMI KOMBETAR\u201d.<\/p>\n<p>Sot Dhimbja e ka emnin MARK KRASNIQI. Sot HUMBJA e tij eshte HUMBJE PANSHQIPTARE\u2026<\/p>\n<p>Sot&#8230;NDERIMI per MARK KRASNIQIN, per jeten e veprimtarine e tij, per percjelljen e tij, vjen nga te gjithe Shqiptaret, nga Historia e Kultura Shqiptare, nga nga institucionet e Kombet, nga te gjitha breznite shqiptare.<\/p>\n<p><em><strong>Marre nga \u00a0facebook i Ramiz Lushaj<\/strong><\/em><\/p>\n","protected":false},"excerpt":{"rendered":"<p>Amaneti i MARK KRASNIQIT: &#8220;Mos hiqni dore kurre nga BASHKIMI KOMBETAR&#8221; Sot,28 Gusht 2015, ora 00.35, ndrroi jete ne Prishtine, MARK KRASNIQI, antar i Akademise se Shkencave e Arteve te Kosoves e antar i Akademise se Shkencave te Shqiperise, i dekoruar &#8220;Nderi i Kombit&#8221; (ne Tirane)<\/p>\n","protected":false},"author":1,"featured_media":5409,"comment_status":"open","ping_status":"open","sticky":false,"template":"","format":"standard","meta":{"footnotes":""},"categories":[11],"tags":[],"class_list":["post-5408","post","type-post","status-publish","format-standard","has-post-thumbnail","hentry","category-publicistike"],"_links":{"self":[{"href":"https:\/\/revistakuvendi.org\/index.php?rest_route=\/wp\/v2\/posts\/5408","targetHints":{"allow":["GET"]}}],"collection":[{"href":"https:\/\/revistakuvendi.org\/index.php?rest_route=\/wp\/v2\/posts"}],"about":[{"href":"https:\/\/revistakuvendi.org\/index.php?rest_route=\/wp\/v2\/types\/post"}],"author":[{"embeddable":true,"href":"https:\/\/revistakuvendi.org\/index.php?rest_route=\/wp\/v2\/users\/1"}],"replies":[{"embeddable":true,"href":"https:\/\/revistakuvendi.org\/index.php?rest_route=%2Fwp%2Fv2%2Fcomments&post=5408"}],"version-history":[{"count":1,"href":"https:\/\/revistakuvendi.org\/index.php?rest_route=\/wp\/v2\/posts\/5408\/revisions"}],"predecessor-version":[{"id":5410,"href":"https:\/\/revistakuvendi.org\/index.php?rest_route=\/wp\/v2\/posts\/5408\/revisions\/5410"}],"wp:featuredmedia":[{"embeddable":true,"href":"https:\/\/revistakuvendi.org\/index.php?rest_route=\/wp\/v2\/media\/5409"}],"wp:attachment":[{"href":"https:\/\/revistakuvendi.org\/index.php?rest_route=%2Fwp%2Fv2%2Fmedia&parent=5408"}],"wp:term":[{"taxonomy":"category","embeddable":true,"href":"https:\/\/revistakuvendi.org\/index.php?rest_route=%2Fwp%2Fv2%2Fcategories&post=5408"},{"taxonomy":"post_tag","embeddable":true,"href":"https:\/\/revistakuvendi.org\/index.php?rest_route=%2Fwp%2Fv2%2Ftags&post=5408"}],"curies":[{"name":"wp","href":"https:\/\/api.w.org\/{rel}","templated":true}]}}