{"id":5397,"date":"2015-08-19T14:43:26","date_gmt":"2015-08-19T14:43:26","guid":{"rendered":"http:\/\/revistakuvendi.org\/?p=5397"},"modified":"2015-08-19T14:46:04","modified_gmt":"2015-08-19T14:46:04","slug":"propozime-per-ditet-e-letersise-20015","status":"publish","type":"post","link":"https:\/\/revistakuvendi.org\/?p=5397","title":{"rendered":"Propozime per Ditet e Letersise 2015"},"content":{"rendered":"<p>( N\u00eb Mbr\u00ebmjen e Leximeve p\u00ebr Betim Mu\u00e7on )<\/p>\n<p>Me 15 Gusht 2015 ishte planifikuar t\u00eb mbahej mbr\u00ebmja e leximeve me poezi te poetit Betim Mu\u00e7o, i cili para disa muajsh na la fizikisht. Betimi, per\u00a0 disa kohe e mbajti rubriken e p\u00ebrkthimeve n\u00eb Revisten Kuvendi, titulluar \u201c Kozmosi i vogel\u201d.<!--more--> P\u00ebr disa arsye mbr\u00ebmja e leximeve nuk u realizua.<\/p>\n<p><a href=\"http:\/\/revistakuvendi.org\/wp-content\/uploads\/2015\/08\/Betimi.png\"><img loading=\"lazy\" decoding=\"async\" class=\"alignleft size-medium wp-image-5399\" src=\"http:\/\/revistakuvendi.org\/wp-content\/uploads\/2015\/08\/Betimi-300x278.png\" alt=\"Betimi\" width=\"300\" height=\"278\" srcset=\"https:\/\/revistakuvendi.org\/wp-content\/uploads\/2015\/08\/Betimi-300x278.png 300w, https:\/\/revistakuvendi.org\/wp-content\/uploads\/2015\/08\/Betimi.png 518w\" sizes=\"auto, (max-width: 300px) 100vw, 300px\" \/><\/a>Botimet e tij te fundit nuk na mbrriten n\u00eb koh\u00eb, botuesi i Kuvendit kishte nj\u00eb takim tjet\u00ebr, p\u00ebr t\u00eb cilin nuk mendonte se mund t\u00eb zgjas\u00eb aq shum\u00eb, disa nga recituesit e p\u00ebrhersh\u00ebm nuk ishin kthyer ende nga pushimet q\u00eb i kishin jasht\u00eb Amerik\u00ebs, etj. P\u00ebr k\u00ebt\u00eb u k\u00ebrkojm\u00eb ndjes\u00eb gjith\u00eb atyre q\u00eb erdhen dhe u kthyen ve\u00e7 pas nj\u00eb kafje, ose nj\u00eb pije nga Kuvendi. Por, theksojm\u00eb, se gjith\u00ebsesi di\u00e7ka u realizua. K\u00ebshilli Botues i Revist\u00ebs Kuvendi u ndalua t\u00eb diskutonte\u00a0 rreth realizmit t\u00eb Dit\u00ebve t\u00eb Let\u00ebrsis\u00eb dhe dit\u00ebs s\u00eb librit, piktures e fotografis\u00eb, q\u00eb do t\u00eb b\u00ebh\u00ebn k\u00ebt\u00eb vit. P\u00ebr k\u00ebt\u00eb u vendos q\u00eb ky aktivitet t\u00eb mbahet me datat 13, 14 dhe 15\u00a0 N\u00ebndor t\u00eb k\u00ebti viti. P\u00ebr detajet, s\u00eb shpejti do publikohet program i k\u00ebti aktiviteti.<\/p>\n<p>N\u00eb k\u00ebt\u00eb takim t\u00eb k\u00ebshillit botues u vendos q\u00eb, n\u00eb konkursin e k\u00ebti viti t\u00eb jepen edhe dy \u00e7mime t\u00eb reja:<\/p>\n<p><a href=\"http:\/\/revistakuvendi.org\/wp-content\/uploads\/2015\/08\/Betimi.jpg\"><img loading=\"lazy\" decoding=\"async\" class=\"alignleft size-medium wp-image-5400\" src=\"http:\/\/revistakuvendi.org\/wp-content\/uploads\/2015\/08\/Betimi-135x300.jpg\" alt=\"Betimi\" width=\"135\" height=\"300\" srcset=\"https:\/\/revistakuvendi.org\/wp-content\/uploads\/2015\/08\/Betimi-135x300.jpg 135w, https:\/\/revistakuvendi.org\/wp-content\/uploads\/2015\/08\/Betimi.jpg 370w\" sizes=\"auto, (max-width: 135px) 100vw, 135px\" \/><\/a><\/p>\n<p>N\u00eb publicistik\u00eb t\u00eb jepej \u00e7mimi <strong>\u201cRozi Theohari\u201d<\/strong> n\u00eb nderim t\u00eb poetes, publicists dhe prozatores, qe para pak koh\u00ebsh u nda nga ne, propozuar nga Raimonda Moisiu, Kryetare e Shoqat\u00ebs s\u00eb Shkrimtar\u00ebve Shqiptar\u00eb n\u00eb Amerik\u00eb.<\/p>\n<p>N\u00eb poezi t\u00eb shtohej \u00e7mimi <strong>\u201c Betim Mu\u00e7o\u201d<\/strong> n\u00eb nderim t\u00eb poetit, p\u00ebrkthyesit, publicistit dhe shkrimtarit Betim Mu\u00e7o, propozuar nga Botuesi i Revistes Kuvendi, Pjet\u00ebr Jaku.<\/p>\n<p>P\u00ebr k\u00ebto propozime falnderuan poetet \u00a0Nexhip Ejupi, Elinda Marku dhe Gazmend Kishta si dhe e miratuan nj\u00ebz\u00ebri t\u00eb pranishmit e tjer\u00eb.<\/p>\n<p><strong><em>Korespodent i Kuvendit<\/em><\/strong><\/p>\n<p><strong><em>Michigan, 15 Gusht 2015<\/em><\/strong><\/p>\n","protected":false},"excerpt":{"rendered":"<p>( N\u00eb Mbr\u00ebmjen e Leximeve p\u00ebr Betim Mu\u00e7on ) Me 15 Gusht 2015 ishte planifikuar t\u00eb mbahej mbr\u00ebmja e leximeve me poezi te poetit Betim Mu\u00e7o, i cili para disa muajsh na la fizikisht. Betimi, per\u00a0 disa kohe e mbajti rubriken e p\u00ebrkthimeve n\u00eb Revisten Kuvendi, titulluar \u201c Kozmosi i vogel\u201d.<\/p>\n","protected":false},"author":1,"featured_media":5398,"comment_status":"open","ping_status":"open","sticky":false,"template":"","format":"standard","meta":{"footnotes":""},"categories":[5],"tags":[],"class_list":["post-5397","post","type-post","status-publish","format-standard","has-post-thumbnail","hentry","category-letersi"],"_links":{"self":[{"href":"https:\/\/revistakuvendi.org\/index.php?rest_route=\/wp\/v2\/posts\/5397","targetHints":{"allow":["GET"]}}],"collection":[{"href":"https:\/\/revistakuvendi.org\/index.php?rest_route=\/wp\/v2\/posts"}],"about":[{"href":"https:\/\/revistakuvendi.org\/index.php?rest_route=\/wp\/v2\/types\/post"}],"author":[{"embeddable":true,"href":"https:\/\/revistakuvendi.org\/index.php?rest_route=\/wp\/v2\/users\/1"}],"replies":[{"embeddable":true,"href":"https:\/\/revistakuvendi.org\/index.php?rest_route=%2Fwp%2Fv2%2Fcomments&post=5397"}],"version-history":[{"count":2,"href":"https:\/\/revistakuvendi.org\/index.php?rest_route=\/wp\/v2\/posts\/5397\/revisions"}],"predecessor-version":[{"id":5402,"href":"https:\/\/revistakuvendi.org\/index.php?rest_route=\/wp\/v2\/posts\/5397\/revisions\/5402"}],"wp:featuredmedia":[{"embeddable":true,"href":"https:\/\/revistakuvendi.org\/index.php?rest_route=\/wp\/v2\/media\/5398"}],"wp:attachment":[{"href":"https:\/\/revistakuvendi.org\/index.php?rest_route=%2Fwp%2Fv2%2Fmedia&parent=5397"}],"wp:term":[{"taxonomy":"category","embeddable":true,"href":"https:\/\/revistakuvendi.org\/index.php?rest_route=%2Fwp%2Fv2%2Fcategories&post=5397"},{"taxonomy":"post_tag","embeddable":true,"href":"https:\/\/revistakuvendi.org\/index.php?rest_route=%2Fwp%2Fv2%2Ftags&post=5397"}],"curies":[{"name":"wp","href":"https:\/\/api.w.org\/{rel}","templated":true}]}}