{"id":5382,"date":"2015-08-17T02:05:27","date_gmt":"2015-08-17T02:05:27","guid":{"rendered":"http:\/\/revistakuvendi.org\/?p=5382"},"modified":"2015-08-17T02:05:27","modified_gmt":"2015-08-17T02:05:27","slug":"leter-urimi-per-poetin-hamit-aliaj-me-rastin-e-ditelindjes","status":"publish","type":"post","link":"https:\/\/revistakuvendi.org\/?p=5382","title":{"rendered":"Let\u00ebr urimi p\u00ebr poetin Hamit Aliaj me rastin e ditelindjes"},"content":{"rendered":"<p><strong>Si m\u00eb ka frym\u00ebzuar k\u00ebnga e poetit t\u00eb shquar Hamit Aliaj, \u201cN\u2019Dardani bjen nj\u00eb tupan\u201d<\/strong><\/p>\n<p><strong><em>Nga Elez Biberaj, drejtor p\u00ebr Euroazin\u00eb n\u00eb Z\u00ebrin e Amerik\u00ebs<\/em><\/strong><\/p>\n<p>Menj\u00ebher\u00eb pas em\u00ebrimit tim si shef i seksionit shqip t\u00eb Z\u00ebrit t\u00eb Amerik\u00ebs n\u00eb shtator 1986, kam filluar zbatimin e nj\u00eb plani \u201cstrategjik,\u201d t\u00eb cilin e kisha p\u00ebrpiluar me kujdes disa muaj m\u00eb par\u00eb dhe q\u00eb bazohej n\u00eb studimet e mia mbi \u00e7eshtjen <!--more-->shqiptare dhe mbi rolin q\u00eb radio transmetimet e huaja per\u00ebndimore kishin luajtur n\u00eb nxitjen e reformave dhe p\u00ebrhapjen e frymes demokratike n\u00eb vendet e bllokut sovjetik. Synimi ishte q\u00eb \u201cZeri i Amerik\u00ebs\u201d t\u00eb luante rolin e nj\u00eb faktori ndikues, nj\u00eb faktori ndryshimi nga jasht\u00eb, duke mbeshtetur hapur mendimin alternativ dhe duke nxitur idealet e nj\u00eb shoq\u00ebrie t\u00eb lir\u00eb, pluraliste dhe demokratike n\u00eb Shqip\u00ebri dhe n\u00eb Kosov\u00eb. Pjes\u00eb e planit tim \u201cstrategjik\u201d ka q\u00ebn\u00eb edhe p\u00ebrdorimi i nj\u00eb pjese t\u00eb ve\u00e7ant\u00eb muzikore me t\u00eb cilen do t\u00eb identifikohesha p\u00ebrsonalisht dhe q\u00eb do t\u2019u paraprinte reaporteve, intervistave, dhe analizava t\u00eb mia politike. Dhe p\u00ebr k\u00ebt\u00eb kam zgjedhur siglen e k\u00ebng\u00ebs s\u00eb poetit t\u00eb shquar Hamit Aliaj \u201cN\u2019Dardani bjen nj\u00eb tupan!\u201d t\u00eb kenduar nga Gezim Nika dhe kompozuar nga Kol Susaj. Siglen e k\u00ebsaj k\u00ebnge e kam p\u00ebrgatitur disa jav\u00eb para se t\u00eb filloja detyren si shef i seksionit shqip dhe kam filluar ta perdori qysh javen e par\u00eb n\u00eb detyr\u00eb. Sigla ka q\u00ebn\u00eb shum\u00eb e shkurt\u00ebr, n\u00ebn 20 sekonda, k\u00ebshtu q\u00eb \u00ebsht\u00eb kopjuar disa her\u00eb q\u00eb perfundimisht te arrinte n\u00eb 45 sekonda. K\u00ebt\u00eb sig\u00ebl e kam p\u00ebrdorur pothuajse eksluzivisht gjat\u00eb nj\u00eb periudhe 15-vje\u00e7are (pas fillimit t\u00eb transmetimeve televizive n\u00eb N\u00ebntor 1999, ajo \u00ebsht\u00eb perdorur m\u00eb rrall\u00eb, dhe pas largimit tim si shef i seksionit shqip n\u00eb prill 2004, nuk \u00ebsht\u00eb perdorur m\u00eb). N\u00eb disa raste, zakonisht m\u00eb 28 nentor, \u201cN\u2019Dardani bjen nj\u00eb tupan!\u201d \u00ebsht\u00eb transmetuar e plot\u00eb. K\u00ebngen \u201cN\u2019Dardani bjen nj\u00eb tupan!\u201d e kam degjuar p\u00ebrher\u00eb t\u00eb par\u00eb n\u00eb vitin 1983. Kjo k\u00ebng\u00eb m\u00eb ka ngjallur emocione t\u00eb papershkrueshme dhe menjeher\u00eb kam r\u00ebn\u00eb tmerrsishte \u201cn\u00eb dashuri\u201d me t\u00eb. Asnj\u00eb k\u00ebng\u00eb tjet\u00ebr, sipas mendimit tim, nuk pasqyronte m\u00eb d\u00ebnj\u00ebsisht sfidat si dhe shpresat e kombit ton\u00eb aq t\u00eb vuajtur. \u201cN\u2019Dardani bjen nj\u00eb tupan!\u201d p\u00ebrputhej plot\u00ebsisht me mesazhin q\u00eb un\u00eb po p\u00ebrpiqesha t\u2019ju transmetoja degjuesve: mos t\u00eb humbnin shpres\u00eb se m\u00eb n\u00eb fund aspiratat e kombit shqiptar p\u00ebr liri e demokraci do t\u00eb permbushenin.<\/p>\n<p>Zeri i Amerikes ka sherbyer si nj\u00eb drit\u00eb shprese gjat\u00eb periudhes s\u00eb err\u00ebt t\u00eb komunizmit dhe ka dh\u00ebn\u00eb nj\u00eb ndihmese modeste n\u00eb shembjen e komunizmit dhe tranzicionin historik t\u00eb shqiptar\u00ebve drejt nj\u00eb qeverisjeje pluraliste dhe demokratike. Nj\u00eb pjes\u00eb e k\u00ebsaj ndihmese i takon poetit Hamit Aliajt dhe k\u00ebng\u00ebs s\u00eb tij \u201cN\u2019Dardani bjen nj\u00eb tupan!\u201d K\u00ebng\u00ebt e Hamit Aliajt kan\u00eb frym\u00ebzuar shqiptar\u00ebt brenda dhe jasht\u00eb Atdheut n\u00eb periudhat m\u00eb kritike t\u00eb kombit ton\u00eb.<\/p>\n<p>&nbsp;<\/p>\n","protected":false},"excerpt":{"rendered":"<p>Si m\u00eb ka frym\u00ebzuar k\u00ebnga e poetit t\u00eb shquar Hamit Aliaj, \u201cN\u2019Dardani bjen nj\u00eb tupan\u201d Nga Elez Biberaj, drejtor p\u00ebr Euroazin\u00eb n\u00eb Z\u00ebrin e Amerik\u00ebs Menj\u00ebher\u00eb pas em\u00ebrimit tim si shef i seksionit shqip t\u00eb Z\u00ebrit t\u00eb Amerik\u00ebs n\u00eb shtator 1986, kam filluar zbatimin e nj\u00eb plani \u201cstrategjik,\u201d t\u00eb cilin e kisha p\u00ebrpiluar me kujdes&hellip;<\/p>\n","protected":false},"author":1,"featured_media":5383,"comment_status":"open","ping_status":"open","sticky":false,"template":"","format":"standard","meta":{"footnotes":""},"categories":[5],"tags":[],"class_list":["post-5382","post","type-post","status-publish","format-standard","has-post-thumbnail","hentry","category-letersi"],"_links":{"self":[{"href":"https:\/\/revistakuvendi.org\/index.php?rest_route=\/wp\/v2\/posts\/5382","targetHints":{"allow":["GET"]}}],"collection":[{"href":"https:\/\/revistakuvendi.org\/index.php?rest_route=\/wp\/v2\/posts"}],"about":[{"href":"https:\/\/revistakuvendi.org\/index.php?rest_route=\/wp\/v2\/types\/post"}],"author":[{"embeddable":true,"href":"https:\/\/revistakuvendi.org\/index.php?rest_route=\/wp\/v2\/users\/1"}],"replies":[{"embeddable":true,"href":"https:\/\/revistakuvendi.org\/index.php?rest_route=%2Fwp%2Fv2%2Fcomments&post=5382"}],"version-history":[{"count":1,"href":"https:\/\/revistakuvendi.org\/index.php?rest_route=\/wp\/v2\/posts\/5382\/revisions"}],"predecessor-version":[{"id":5384,"href":"https:\/\/revistakuvendi.org\/index.php?rest_route=\/wp\/v2\/posts\/5382\/revisions\/5384"}],"wp:featuredmedia":[{"embeddable":true,"href":"https:\/\/revistakuvendi.org\/index.php?rest_route=\/wp\/v2\/media\/5383"}],"wp:attachment":[{"href":"https:\/\/revistakuvendi.org\/index.php?rest_route=%2Fwp%2Fv2%2Fmedia&parent=5382"}],"wp:term":[{"taxonomy":"category","embeddable":true,"href":"https:\/\/revistakuvendi.org\/index.php?rest_route=%2Fwp%2Fv2%2Fcategories&post=5382"},{"taxonomy":"post_tag","embeddable":true,"href":"https:\/\/revistakuvendi.org\/index.php?rest_route=%2Fwp%2Fv2%2Ftags&post=5382"}],"curies":[{"name":"wp","href":"https:\/\/api.w.org\/{rel}","templated":true}]}}