{"id":5268,"date":"2015-07-19T13:29:21","date_gmt":"2015-07-19T13:29:21","guid":{"rendered":"http:\/\/revistakuvendi.org\/?p=5268"},"modified":"2015-07-19T13:29:21","modified_gmt":"2015-07-19T13:29:21","slug":"shba-dhe-kuba-zyrtarizojne-rivendosjen-e-marredhenieve-diplomatike","status":"publish","type":"post","link":"https:\/\/revistakuvendi.org\/?p=5268","title":{"rendered":"SHBA dhe Kuba zyrtarizojn\u00eb rivendosjen e marr\u00ebdh\u00ebnieve diplomatike"},"content":{"rendered":"<p>UASHINGTON, 18 korrik\u2013 SHBA-ja dhe Kuba do t\u00eb zyrtarizojn\u00eb t\u00eb h\u00ebn\u00ebn rivendosjen e marr\u00ebdh\u00ebnieve t\u00eb tyre diplomatike me rihapjen e ambasadave t\u00eb tyre n\u00eb Uashington dhe Havan\u00eb, pas m\u00eb shum\u00eb se nj\u00eb gjysm\u00eb shekulli shk\u00ebputje.<!--more--><br \/>\nP\u00ebr her\u00eb t\u00eb par\u00eb q\u00eb prej vitit 1961, kur marr\u00ebdh\u00ebniet mes dy fqinj\u00ebve u shk\u00ebput\u00ebn, flamuri kubanez do t\u00eb val\u00ebvitet n\u00eb qytetin e madh t\u00eb Uahsingtonit.<br \/>\nMinistri kubanez i Pun\u00ebve t\u00eb Jashtme, Bruno Rodriguez, do t\u00eb jet\u00eb i pranish\u00ebm me rastin e ceremonis\u00eb, ku do t\u00eb marrin pjes\u00eb 500 persona. Nj\u00eb pllak\u00eb do t\u00eb zbulohet duke zyrtarizuar statusin e ri t\u00eb ambasad\u00ebs.<br \/>\nKjo do t\u00eb jet\u00eb vizita e par\u00eb e nj\u00eb shefi diplomacie kubanez n\u00eb Uashington q\u00eb prej vitit 1959.<\/p>\n","protected":false},"excerpt":{"rendered":"<p>UASHINGTON, 18 korrik\u2013 SHBA-ja dhe Kuba do t\u00eb zyrtarizojn\u00eb t\u00eb h\u00ebn\u00ebn rivendosjen e marr\u00ebdh\u00ebnieve t\u00eb tyre diplomatike me rihapjen e ambasadave t\u00eb tyre n\u00eb Uashington dhe Havan\u00eb, pas m\u00eb shum\u00eb se nj\u00eb gjysm\u00eb shekulli shk\u00ebputje.<\/p>\n","protected":false},"author":1,"featured_media":5269,"comment_status":"open","ping_status":"open","sticky":false,"template":"","format":"standard","meta":{"footnotes":""},"categories":[3],"tags":[],"class_list":["post-5268","post","type-post","status-publish","format-standard","has-post-thumbnail","hentry","category-politike"],"_links":{"self":[{"href":"https:\/\/revistakuvendi.org\/index.php?rest_route=\/wp\/v2\/posts\/5268","targetHints":{"allow":["GET"]}}],"collection":[{"href":"https:\/\/revistakuvendi.org\/index.php?rest_route=\/wp\/v2\/posts"}],"about":[{"href":"https:\/\/revistakuvendi.org\/index.php?rest_route=\/wp\/v2\/types\/post"}],"author":[{"embeddable":true,"href":"https:\/\/revistakuvendi.org\/index.php?rest_route=\/wp\/v2\/users\/1"}],"replies":[{"embeddable":true,"href":"https:\/\/revistakuvendi.org\/index.php?rest_route=%2Fwp%2Fv2%2Fcomments&post=5268"}],"version-history":[{"count":1,"href":"https:\/\/revistakuvendi.org\/index.php?rest_route=\/wp\/v2\/posts\/5268\/revisions"}],"predecessor-version":[{"id":5270,"href":"https:\/\/revistakuvendi.org\/index.php?rest_route=\/wp\/v2\/posts\/5268\/revisions\/5270"}],"wp:featuredmedia":[{"embeddable":true,"href":"https:\/\/revistakuvendi.org\/index.php?rest_route=\/wp\/v2\/media\/5269"}],"wp:attachment":[{"href":"https:\/\/revistakuvendi.org\/index.php?rest_route=%2Fwp%2Fv2%2Fmedia&parent=5268"}],"wp:term":[{"taxonomy":"category","embeddable":true,"href":"https:\/\/revistakuvendi.org\/index.php?rest_route=%2Fwp%2Fv2%2Fcategories&post=5268"},{"taxonomy":"post_tag","embeddable":true,"href":"https:\/\/revistakuvendi.org\/index.php?rest_route=%2Fwp%2Fv2%2Ftags&post=5268"}],"curies":[{"name":"wp","href":"https:\/\/api.w.org\/{rel}","templated":true}]}}