{"id":5088,"date":"2015-04-24T23:18:35","date_gmt":"2015-04-24T23:18:35","guid":{"rendered":"http:\/\/revistakuvendi.org\/?p=5088"},"modified":"2015-04-25T01:22:59","modified_gmt":"2015-04-25T01:22:59","slug":"nje-sqarim-i-imponuar","status":"publish","type":"post","link":"https:\/\/revistakuvendi.org\/?p=5088","title":{"rendered":"Nj\u00eb sqarim i imponuar"},"content":{"rendered":"<p><strong>Pjet\u00ebr\u00a0 Jaku<\/strong><\/p>\n<p>Pafytyr\u00ebsia e t\u00eb pafytyr\u00ebve, mesa duket \u00ebsht\u00eb moda e t\u00eb jetuarit dhe pun\u00ebs shoq\u00ebrore t\u00eb\u00a0 drejtuesve t\u00eb sot\u00ebm t\u00eb Deg\u00ebs s\u00eb Vatr\u00ebs n\u00eb Michigan. <!--more-->N\u00eb raportin trevje\u00e7ar, i cili nuk ishte m\u00eb shum\u00eb se nj\u00eb fjalim programatik, me objektiva dhe orinetime \u201c ndri\u00e7uese\u201d e rreziqe imagjinare, pa asnje armik konkret, se sa nje\u00a0 raport analitik\u00a0 aktivitetesh. E, megjithat\u00eb, mua mir\u00eb do m\u00eb vinte sikur t\u2019i arrinin gjith\u00eb synimet orinetuese q\u00eb shpalosi fjalimi.<\/p>\n<p>Esht\u00eb pafytyr\u00ebsi \u00a0t\u00eb shkruash\u00a0 fjal\u00eb p\u00ebr fjal\u00eb akuzen e pasakt\u00eb p\u00ebr p\u00ebrjashtimin tim nga Vatra, duke p\u00ebrmendur emrin tim si nj\u00eb nga ndihmuesit ( ne kohen e tashme ) t\u00eb Vatr\u00ebs, biles nj\u00eb loj\u00eb t\u00eb pamoralshme p\u00ebr nj\u00eb njeri normal. Q\u00eb nga dita e vendimit t\u00eb tyre, nuk u k\u00ebrkova t\u00eb kthehem n\u00eb at\u00eb pellg ku isha, as q\u00eb e mendoj rikthimin tim n\u00eb Vat\u00ebr, edhe sikur v\u00ebrtet ta pranonin gaf\u00ebn djallzore q\u00eb kan\u00eb b\u00ebr\u00eb, pasi un\u00eb s\u2019kam q\u00ebn\u00eb i zgjedhur i k\u00ebshillit, por i votuar nga an\u00ebtar\u00ebt, duke r\u00ebn\u00eb n\u00eb kund\u00ebrshtim t\u00eb hapur me rregullat e k\u00ebsaj organizate, pasi un\u00eb nuk kam b\u00ebr\u00eb asnj\u00eb shkelje t\u00eb Kanunores n\u00eb fuqi, ve\u00e7 shpifjeve t\u00eb tyre, q\u00eb nuk i gjeten kurr\u00eb asnj\u00eblloj spjegimi. Vatren, si organizat\u00eb e respektoj, p\u00ebr ata q\u00eb e krijuan e qellimin komb\u00ebtar q\u00eb kishin!<\/p>\n<p>Sa i takon bajraktarizmave e krahinorizmave, ato ekzistojn\u00eb vet\u00ebm n\u00eb mendjen e s\u00ebmur\u00eb t\u00eb fjalimit, \u00a0p\u00ebrfshi dashje pa dashje \u00a0edhe t\u00eb K\u00ebshillit, q\u00eb vuan p\u00ebr t\u2019u p\u00ebrmendur e p\u00ebr t\u00eb marr\u00eb meritat e atributet e t\u00eb tjer\u00ebve, pa \u00a0b\u00ebr\u00eb \u00a0kurr\u00eb asgj\u00eb.<\/p>\n<p>Ne falenderimin, ( fragmenti p\u00ebrmbyll\u00ebs i manualit orientues ), i filluar k\u00ebshtu: \u201cJu falemnderoj nga zemra t\u00eb gjith\u00ebve ju q\u00eb jeni k\u00ebtu t\u00eb pranishem, ve\u00e7anerisht bashkpuntor\u00ebt e mi dhe ndihm\u00ebsit e Vatres ketu n\u00eb Mi\u00e7igan\u2026..( ku hipokrizisht p\u00ebrmendet dhe emri im ), dua ta p\u00ebrg\u00ebnjeshtroj\u00eb publikisht,( se \u00ebsht\u00eb nj\u00eb veprim aq naiv, sa edhe i djall\u00ebzuar ), ose i menduar gabimisht p\u00ebr karakterin tim statik n\u00eb bindjet e mia.<\/p>\n<p>Sa i takon raportit financiar, i cili \u00ebsht\u00eb plot\u00eb pasakt\u00ebsi, mashtrim i paster, theksoi q\u00eb n\u00eb fillim dhe k\u00ebmb\u00ebngul, se ai raport duhej dh\u00ebn\u00eb nga ark\u00ebtari Julian \u00c7efa, por ai u suprimua nga sekretari, nuk e di se me vendimin e kujt. N\u00ebse Julian \u00c7efa deklaron q\u00eb, p\u00ebr arsye moshe, e ka t\u00eb v\u00ebshtir\u00eb ta b\u00ebj\u00eb pun\u00ebn e ark\u00ebtarit, ai vet\u00eb duhet t\u2019ia kishte l\u00ebn\u00eb dikujt tjet\u00ebr e jo sekretari t\u00eb ishte dhe ark\u00ebtar. Un\u00eb, ende disponoj dokumentacionin e \u00e7do levizje t\u00eb\u00a0 k\u00ebsaj Dege p\u00ebr nj\u00eb vit e gjys\u00ebm dhe, askund nuk \u00ebsht\u00eb deklaruar ekzakt\u00eb p\u00ebr grumbullimin e\u00a0 ndihmave q\u00eb p\u00ebrmenden n\u00eb kroniken e editorit Greca p\u00ebr takimin e Michiganit. Greca\u00a0 deklaron se t\u00eb dh\u00ebnat i ka marr\u00eb nga sekretari, kur n\u00eb fakt flitet p\u00ebr ark\u00ebn.<\/p>\n<p><strong>Konkretisht p\u00ebr aktivitetin\u00a0 dhe\u00a0 sponsorizimet:<\/strong><\/p>\n<p><em>\u201cDega e Vatr\u00ebs \u00ebsht\u00eb b\u00ebr\u00eb promotore e komunitetit shqiptar n\u00eb Michigan duke i dh\u00ebn\u00eb tonin shum\u00eb veprimtarive. Kjo deg\u00eb me 22 Shtator 2012 propozoi dekorimin e qendrave fetare dhe individ\u00ebve t\u00eb dalluar p\u00ebr kontribute n\u00eb komunitet , sh\u00ebrbime p\u00ebr \u00e7\u00ebshtjen komb\u00ebtare, ruajtjen e traditave dhe gjuh\u00ebs komb\u00ebtare n\u00eb m\u00ebrgim.\u201d<\/em><\/p>\n<p>Dega e Vatres ka q\u00ebn\u00eb vet\u00ebm nj\u00eb postiere e pun\u00ebs s\u00eb b\u00ebr\u00eb nga Pjet\u00ebr Jaku. Shih vet\u00ebm dy tri shk\u00ebmbimet e atyre dit\u00ebve me ambasadorin Gilbert Galanxhi:<\/p>\n<p><strong>From:<\/strong>\u00a0Pjeter Jaku &lt;revistakuvendi@hotmail.com&gt;<br \/>\n<strong>To:<\/strong>\u00a0Gilbert Galanxhi &lt;gilbertgalanxhi@yahoo.com&gt;<br \/>\n<strong>Sent:<\/strong>\u00a0Thursday, September 20, 2012 11:39 AM<br \/>\n<strong>Subject:<\/strong>\u00a0Dekorimet<\/p>\n<p>&nbsp;<\/p>\n<p>Po u nis, sipas porosise dhe bisedes qe kemi bere, poropozimet per dekorime.<\/p>\n<p>Pjetri<\/p>\n<p>&nbsp;<\/p>\n<p>Date: Thu, 20 Sep 2012 11:25:38 -0700<br \/>\nFrom: gilbertgalanxhi@yahoo.com<br \/>\nSubject: Re: Dekorimet<br \/>\nTo: revistakuvendi@hotmail.com<br \/>\nFlm Pjeter,<\/p>\n<p>Do i shoh pasdite dhe ne mbremje t&#8217;i nis; firmosini dhe vulosini dhe mi dergoni neser heret ne mengjes, pasi ne 10:00 nisem per Cleveland.<\/p>\n<p>Gilbert<\/p>\n<p>&nbsp;<\/p>\n<p>Date: Thu, 20 Sep 2012 11:26:56 -0700<br \/>\nFrom: gilbertgalanxhi@yahoo.com<br \/>\nSubject: Re: Dekorimet<br \/>\nTo: revistakuvendi@hotmail.com<br \/>\nOse, pasi t&#8217;i keni firmosur dhe vulosur, sillini vete \u00a0ne Cleveland te shtunen (me sa di une do vije nje perfaqesi nga Michigani).<\/p>\n<p>Gilbert<br \/>\nKjo \u00ebsht\u00eb vet\u00ebm nj\u00eb e disata post\u00eb elektronike q\u00eb kam pasur me Ambasador Galanxhin, p\u00ebr t\u00eb cil\u00ebn i jam mir\u00ebnjoh\u00ebs, edhe pse jo t\u00eb gjitha propozimet e mia ( kuptohet edhe me miratimin e disa shoqatave t\u00eb tjera ) u miratuan, pa permendur bisedat telefonike.<\/p>\n<p>Megjithate, asnj\u00eb lloj roli nuk ka pasur ne gjysmen e gjysmes se komunitetit shqiptar t\u00eb Michiganit pasi, pothuajse gjysma e komunitetit e\u00a0\u00a0 festoi 100 vjetorin n\u00eb \u201cImperial House\u201d dhe te tjere e festuan n\u00eb Livonia, Westland, n\u00eb Grand Rapids e gjetk\u00eb pa i marr\u00eb leje Deges s\u00eb Michiganit. Dega e Vatres n\u00eb Michigan ka nj\u00eb rreze shum\u00eb t\u00eb kufizuar t\u00eb aktivitetit t\u00eb saj ( vet\u00ebm n\u00eb Sterlin Heights dhe Shelbi. N\u00eb\u00a0 Rochester\u00a0 nuk\u00a0 mundi\u00a0 t\u00eb\u00a0 hynte,\u00a0 as\u00a0 me\u00a0 k\u00ebrc\u00ebnimet q\u00eb\u00a0 provoj t\u00eb\u00a0 ushtronte,\u00a0 n\u00eb\u00a0 qendr\u00ebn\u00a0 e\u00a0 shqiptar\u00ebve aty).<\/p>\n<p>E pav\u00ebrteta tjet\u00ebr :\u00a0 \u201c<em>Dega e Vatr\u00ebs \u00ebsht\u00eb b\u00ebr\u00eb promotore e komunitetit shqiptar n\u00eb Michigan duke i dh\u00ebn\u00eb tonin shum\u00eb veprimtarive.\u201d<\/em> Dega e\u00a0 Vatres n\u00eb fakt ka q\u00ebn\u00eb vet\u00ebm nj\u00eb nga 15 shoqatat q\u00eb bashk\u00ebpunuan p\u00ebr kremtimin e\u00a0 100 vjetorit, n\u00eb \u00a0m\u00eb pak se gjysm\u00ebn e komunitetit. Kisha Zoja Pajtore e ka b\u00ebr\u00eb vet\u00eb aktivitetin duke pritur, p\u00ebrcjellur e sistemuar te ftuarit e saj, si dhe duke b\u00ebr\u00eb krejt organizimin e vetme. Nje aktivitet model,do t\u00eb thoshja, p\u00ebr t\u00eb cilin duhet falenderuar, s\u00eb pari famullitari i asaj qendre, Dom Ndue Gjergji, por edhe gjith\u00eb bashk\u00ebpun\u00ebtor\u00ebt e tij, t\u00eb cil\u00ebt u kujdesen deri n\u00eb p\u00ebrcjelljen\u00a0 e akademik\u00ebve t\u00eb ftuar, si dhe p\u00ebr\u00a0 programin e detajuar t\u00eb asaj dite shum\u00eb t\u00eb ngarkuar e botimin special t\u00eb k\u00ebti aktiviteti n\u00eb nj\u00eb lib\u00ebr t\u00eb ve\u00e7ant\u00eb. Ve\u00e7 k\u00ebsaj, n\u00eb Komisionin festiv t\u00eb 100 vjetorit, ku b\u00ebnt\u00eb pjes\u00eb edhe kjo deg\u00eb, n\u00eb krye ishte konsulli i Nderit, Ekrem Bardha dhe, pas tij, vinin Qendrat fetare ( kuptohet pa Xhamin\u00eb ), e cila ka nj\u00eb rol shum\u00eb t\u00eb r\u00ebnd\u00ebsish\u00ebm n\u00eb k\u00ebt\u00eb komunitet, pa Televizionin e par\u00eb t\u00eb k\u00ebtij komuniteti dhe pa nj\u00eb s\u00ebr\u00eb grupacionesh t\u00eb tjera. Dega e Vatr\u00ebs mendon se gjith\u00eb\u00a0 emigrant\u00ebt e Detroitit duhet t\u00eb jen\u00eb aty ku \u00ebsht\u00eb ajo ( 2-3 p\u00ebrsona= Dega Michigan ) pa absolutisht asnj\u00eb ndikim n\u00eb komunitet! Kudo\u00a0 ku\u00a0 hyn\u00a0 kjo\u00a0 Dege ne\u00a0 Komunitetin e Michiganit hyn\u00a0 kaosi, e \u00a0\u00a0kurr\u00eb komunikimi e mir\u00ebkuptimi reciprok! Madje ka\u00a0 kaos e\u00a0 luft\u00eb edhe\u00a0 brenda p\u00ebrbrenda vetes.<\/p>\n<p><em>\u201cNd\u00ebr kontributet e deg\u00ebs s\u00eb Vatr\u00ebs p\u00ebrmendet edhe ndihma q\u00eb ka dh\u00ebn\u00eb p\u00ebr organizimin dhe mb\u00ebshtetejen n\u00eb \u00e7do fund muaji Tetor, p\u00ebr 3 vite radhazi, t\u00eb veprimtaris\u00eb t\u00eb revist\u00ebs KUVENDI -\u201cDit\u00ebt e Let\u00ebrsis\u00eb\u201c. Vatran\u00ebt ndihmuan jo vet\u00ebm me t\u00eb holla, por edhe duke prit\u00eb e p\u00ebrcjell\u00eb mysafir\u00ebt. Vatra e Miciganit kontribuoi me shumat e kosiderueshme ,duke mbuluar t\u00eb gjitha shpenzimet.\u201d <\/em><\/p>\n<p>Hajduteri e pashoqe! Ata ishin n\u00eb stafin e\u00a0 Kuvendit, para se t\u00eb riorganizohej Dega e Vatres dhe ndihmuan \u00a0Vatren t\u00eb\u00a0 krijohej prej\u00a0 Revistes Kuvendi! \u00a0Kryetari i Deg\u00ebs, para se t\u00eb shkonte n\u00eb Vat\u00ebr e b\u00ebra un\u00eb\u00a0 editor t\u00eb Revist\u00ebs Kuvendi. Mosmir\u00ebnjoh\u00ebsit jan\u00eb\u00a0 qeniet\u00a0 m\u00eb\u00a0 negative t\u00eb\u00a0 nj\u00eb\u00a0 shoqerie a\u00a0 komuniteti! \u00a0Revista Kuvendi i ka b\u00ebr\u00eb Dit\u00ebt e Let\u00ebrsis\u00eb Shqipe 11 vjet pa Vatren dhe do t\u2019i b\u00ebj\u00eb n\u00eb vazhdim pa t\u00eb, edhe m\u00eb dinjitoze! Asnj\u00ebher\u00eb Dega e Vatres nuk i ka mbuluar t\u00eb gjitha shpenzimet, pasi aty \u00e7do vit, prej m\u00eb shum\u00eb se 12 vitesh, kan\u00eb ndihmuar dhe aktivist\u00eb t\u00eb tjer\u00eb, q\u00eb nuk jan\u00eb aspak n\u00eb Vat\u00ebr. \u00cbsht\u00eb\u00a0 pafytyr\u00ebsi t\u00eb mashtrosh me raporte fallso! Ata prisnin e\u00a0 p\u00ebrcillnin vet\u00ebm miqt\u00eb q\u00eb mund t\u2019i b\u00ebnin me em\u00ebr, nd\u00ebrsa kur ishte puna t\u00eb prisnin, ose s\u00eb paku t\u00eb drekonin n\u00eb ndonj\u00eb Coney Island me shkrimtarin e njohur, fitues i \u00e7mimit t\u00eb par\u00eb n\u00eb proz\u00ebn e gjat\u00eb t\u00eb Konkursit Komb\u00ebtar , me juri shtetrore, Ramiz Gjini, nuk denjonin. Zgjodhen\u00a0 t\u2019u\u00a0 b\u00ebhen\u00a0 rrodhe vet\u00ebm\u00a0 shkrimtar\u00ebve\u00a0 q\u00eb kishin\u00a0 b\u00ebre em\u00ebr n\u00eb\u00a0 letrat e realizmit socialist. Ata i propozuan dhe kerkuan ftesat, por i priti me jav\u00eb e muaj Pjet\u00ebr Jaku dhe Elinda Marku. K\u00ebto as q\u00eb duam t\u2019i p\u00ebrmendim, por pafytyr\u00ebsia e tyre t\u00eb b\u00ebn t\u2019ua kujtosh. E \u201cndihmuan \u201c Albanian Exellenc\u201d , q\u00eb t\u00eb ishin vet\u00eb pjes\u00eb e atij libri, por jo se duhej paguar si vler\u00eb komb\u00ebtare, si\u00e7 e ndihmoi Pjet\u00ebr Jaku, i \u00a0cili\u00a0 e prezantoji Flora Nikollen me Shqiptaret exeliet\u00eb te\u00a0 komunitetit. (ndersa Elinda\u00a0 gati\u00a0 gati iu lut asaj ta\u00a0 p\u00ebrfshinte\u00a0 edhe bojaxhiun q\u00eb shtirej v\u00eblla) pa u shkruar asnj\u00eb rresht p\u00ebr asnj\u00eb rrjesht as p\u00ebrmendur asnj\u00ebrin prej\u00a0 ne t\u00eb\u00a0 dyve. Dhe pra, hartuesja dhe zbatuesja e k\u00ebti projekti bujti n\u00eb sht\u00ebpin\u00eb e Pjetrit dhe t\u00eb Elind\u00ebs si\u00a0 mikja jon\u00eb disa dit\u00eb. (Flores i \u00a0shprehim prap mir\u00ebnjohjen\u00a0 dhe\u00a0 mir\u00ebseardhjen\u00a0 e p\u00ebrhershme n\u00eb sht\u00ebpin\u00eb ton\u00eb)! Iliriana Sulkuqi, poetja e talentuar, nuk ishte aspak m\u00eb e padenj\u00eb se \u00a0ndonj\u00eb shkrimtar i regjimit, i cili filtroi krijimtarin\u00eb si ekspert i Komitetit Qendror t\u00eb PPSH-s\u00eb, duke ndikuar negativisht n\u00eb ndihm\u00ebn q\u00eb u duhej dh\u00ebn\u00eb krijuesve t\u00eb talentuar! Nd\u00ebrsa, patologjiken patriotike, q\u00eb fliste e fliste e fliste, ve\u00e7 p\u00ebr b\u00ebmat e saj e drekonin n\u00eb Andiamos, se i b\u00ebnte m\u00eb t\u00eb m\u00ebdhenj se Sk\u00ebnd\u00ebrbeun me levdata n\u00eb sy, p\u00ebr t\u00eb cilat mbaronin e jepnin dhe sht\u00ebpin\u00eb me gjith\u00eb \u00e7\u2019kishin.<br \/>\n<em>\u201cM\u00eb 14 N\u00ebntor 2012, Dega e Vatr\u00ebs n\u00eb Michigan ndihmoi Ambasad\u00ebn e Shqip\u00ebris\u00eb Washington p\u00ebr festimin e 100 vjetorit t\u00eb Pavar\u00ebsis\u00eb me shum\u00ebn 8,700.00 dollar\u00eb\u201d. \u00a0<\/em><\/p>\n<p>Jam i bindur se Ambasada e Shqip\u00ebris\u00eb n\u00eb Washington, edhe pse mund ta ket\u00eb k\u00ebrkuar ( un\u00eb, si n\u00ebnkryetar i k\u00ebsaj Deges s\u2019pash\u00eb ndonj\u00eb shkres\u00eb t\u00eb till\u00eb asnj\u00ebher\u00eb dhe nuk u b\u00eb asnj\u00eb takim\u00a0 p\u00ebr k\u00ebt\u00eb) nuk e ka pritur k\u00ebt\u00eb ndihm\u00eb nga kjo Deg\u00eb me as nj\u00ebzet an\u00ebtar\u00eb. Por, ndihma e kishte bishtin si dardha, e cila fatkeq\u00ebsisht\u00a0 d\u00ebshtoi!<\/p>\n<p>Dega e Vatres \u00ebsht\u00eb p\u00ebrpjekur q\u00eb n\u00eb fillim t\u2019i marr\u00eb p\u00ebr vete atributet e t\u00eb tjer\u00ebve, sidomos t\u00eb Kish\u00ebs \u00a0s\u00eb Sh\u00ebn Palit dhe t\u00eb Konsullit\u00a0 t\u00eb Nderit<br \/>\n<em>\u201cM\u00eb 25 Janar t\u00eb \u00a0vitit 2013 ,dega e Vatr\u00ebs ndihmoi me shum\u00ebn 4750 dollar\u00eb ,qytetarin shqiptar nga Kosova,Leonard Bardheci, qe ishte n\u00eb gjendje kritike p\u00ebr jet\u00ebn.\u201d<\/em><\/p>\n<p>Bardheci \u00a0u ndihmua nga Kisha e Sh\u00ebn Palit \u00a0dhe jo e parcelizuar, perndryshe e ka ndihmuar dhe Kafe Kuvendi, edhe shqiptar\u00eb t\u00eb\u00a0 tjer\u00eb n\u00eb\u00a0 komunitet, se s\u2019mund t\u2019ua\u00a0 humbim! Dega e Vatres nuk kishte asnj\u00eb rol n\u00eb ndihmen\u00a0 q\u00eb iu dha Bardhecit! Kjo Deg\u00eb ndihmoi si \u00e7do besimtar\u00eb tjet\u00ebr, ndryshe Shoqata Atdhetare \u201c Mal\u00ebsia e Madhe \u201c, t\u00eb cil\u00ebt jan\u00eb t\u00eb gjith\u00eb besimtar\u00eb dhe an\u00ebtar\u00eb aktiv t\u00eb Kish\u00ebs n\u00eb fjal\u00eb, do t\u00eb deklaronte se ka ndihmuar me 80 mij\u00eb dollar. A e b\u00ebri ajo k\u00ebt\u00eb? Jo!<br \/>\n<em>\u201cMe dat\u00ebn 12 Qershor t\u00eb vitit 2013 , dega n\u00eb bashkpunim me z.Ekrem Bardha, mblodhi shum\u00ebn prej 11,000 dollar\u00eb p\u00ebr nj\u00eb student n\u00eb NY\u201d.<\/em><\/p>\n<p>Lind vetvetiu pyetja: \u201c A ka em\u00ebr ky student dhe p\u00ebr \u00e7far\u00eb iu dhan\u00eb studentit k\u00ebto para?\u201d A ka\u00a0 dokumentacion p\u00ebr gjith\u00eb k\u00ebto veprime?<br \/>\n<em>\u201cMe dat\u00ebn 4 Korrik 2013, dega mblodhi shum\u00ebn prej 4500 dollar\u00eb ,p\u00ebr t\u00eb stimuluar Shkrimtaren e re nga Atalanta Ashley Wood ,q\u00eb me p\u00ebrkushtim po shkruan memuaret e Shqipatar\u00ebve\u2026\u201d<\/em><\/p>\n<p>Ku \u00ebsht\u00eb vepra e k\u00ebsaj shkrimtareje dhe a thua megjith\u00ebmend nuk kishte ndonj\u00eb shqiptar me t\u00eb zotin, ose kaq t\u00eb zotin sa Ashley, q\u00eb t\u00eb shkruante p\u00ebr komunitetin vital t\u00eb shqiptar\u00ebve n\u00eb Amerik\u00eb?<\/p>\n<p>Si paskan harruar sponsorizimin e\u00a0 Skender Blakaj e Ismail Ismail, apo mjaftonin p\u00ebr t\u00eb raportuar afro 90 mij\u00eb t\u00eb grumbulluara n\u00eb tri vjet!? Se mos u ka shkuar mendja t\u00eb sponsorizojn\u00eb, apo thjesht t\u00eb ndihmojn\u00eb sadopak Ilir Ikonomin p\u00ebr\u00a0 nj\u00eb lib\u00ebr model me an\u00ebt e panjohura t\u00eb Konices?! Kjo tem\u00eb meriton nj\u00eb shkrim t\u00eb ve\u00e7ant\u00eb, se n\u00eb t\u00eb v\u00ebrtet\u00eb \u00ebsht\u00eb shum\u00eb interesante.<\/p>\n<p><em>Dega luftarake <\/em>n\u00eb\u00a0 kroniken e editorit s\u2019ka asnj\u00eb arm\u00eb, as mjet p\u00ebr t\u2019u v\u00ebn\u00eb n\u00eb krye t\u00eb asnj\u00eb aksioni, edhe pse\u00a0 th\u00ebniet hiperbolike t\u00eb nj\u00eb darke \u201cmadh\u00ebshtore\u201d jan\u00eb par\u00eb nga t\u00eb gjith\u00eb, ku pjes\u00ebmarrja se kalonte shifren me dy numra (two digit). Sot ka mjete ku mund t\u2019i num\u00ebrsoh ekzakt\u00eb edhe nga fotot, shto kronikat televizive.<\/p>\n<p>Z\u00ebri i saj sot nuk d\u00ebgjohet askund! Revista Kuvendi do t\u00eb b\u00ebj\u00eb nj\u00eb sondazh me shqiptar\u00ebt n\u00eb Detroit, se sa p\u00ebrqind e njohin dhe vler\u00ebsojn\u00eb k\u00ebt\u00eb deg\u00eb, krahasuar me shoqatat e tjera.<br \/>\n<strong><span style=\"text-decoration: underline;\">Shenim:<\/span><\/strong> <strong>Ky shkrim analitik iu d\u00ebrgua Kryetarit t\u00eb Vatr\u00ebs n\u00eb Qend\u00ebr dhe\u00a0 Gazetes \u201cDielli\u201d , organ n\u00eb t\u00eb cilin ishte permendur emri im dhe media q\u00eb un\u00eb publikoi, q\u00eb nga viti 2001. Pasi prita m\u00eb shum\u00eb se nj\u00eb dit\u00eb, po e publikoj k\u00ebtu. Diellin \u00a0e dikursh\u00ebm q\u00eb publikonte edhe letrat m\u00eb t\u00eb r\u00ebndomta, jo m\u00eb nj\u00eb replik\u00eb t\u00eb\u00a0 detyruar, tani \u00a0e kan\u00eb \u00a0kthyer n\u00eb \u201c Z\u00ebrin e Popullit\u201d t\u00eb Vatr\u00ebs. As dy or\u00eb pas postimit t\u00eb k\u00ebtij\u00a0 shkrimi n\u00eb adresat e m\u00ebsip\u00ebrme, Dega e thyer e Michiganit e hoqi Revisten Kuvendi edhe nga facebook, q\u00eb tregon se qendra e ka informuar mvart\u00ebsin. Gj\u00ebm\u00eb e madhe p\u00ebr Kuvendin! Mjeran\u00ebt vet\u00ebm k\u00ebshtu din\u00eb t\u00eb b\u00ebjn\u00eb! Thua se nuk ka m\u00ebnyra t\u00eb tjera p\u00ebr t\u00eb gjetur aktivitetin e nj\u00eb shoqate. Zot na ruaj, se mos megjith\u00ebmend u paska shkuar mendja t\u00eb na mbyllin dhe Revisten, edhe kujtesen, se mos na sekuestrojn\u00eb edhe lapsat! Jan\u00eb fuqi madhore, njer\u00ebzit e vegj\u00ebl sot!<\/strong><\/p>\n<p><strong>Esht\u00eb koha p\u00ebr t\u00eb falenderuar gjith\u00eb ata q\u00eb e kan\u00eb ndjekur rastin tim, jan\u00eb shprehur n\u00ebp\u00ebr komente t\u00eb ndryshme me sakt\u00ebsi e dinjitet, duke b\u00ebr\u00eb nj\u00eb analiz\u00eb shum\u00eb\u00a0 m\u00eb t\u00eb mir\u00eb se K\u00ebshilli i t\u00eb \u201cUrt\u00ebve\u201d t\u00eb Vatr\u00ebs n\u00eb New York. Falenderoj \u00a0Konsullin e Nderit n\u00eb Michigan, Z. Ekrem Bardha, q\u00eb me dat\u00ebn 22 Prill 2015 m\u00eb sqaroi rreth \u00a0rastit q\u00eb un\u00eb kam p\u00ebrmendur n\u00eb shkrimin \u201c Shpifjet e Deg\u00ebs s\u00eb Vatr\u00ebs n\u00eb Detriot\u201d. Pas bisedes me\u00a0 k\u00ebrkoi\u00a0 ta b\u00ebj publik \u00a0mosmiratimin e tij p\u00ebr p\u00ebrjashtimin q\u00eb m\u00eb b\u00ebn\u00eb miqt\u00eb nga Vatra, teksa tha : \u201c\u2026nuk kam q\u00ebn\u00eb, as nuk jam dakort asnj\u00ebher\u00eb p\u00ebr largimin e askujt nga Vatra, aq m\u00eb tep\u00ebr\u00a0 p\u00ebr largimin tuaj, Pjet\u00ebr. Ndjehem mir\u00eb q\u00eb n\u00eb k\u00ebto muaj t\u00eb zhurmsh\u00ebm, kam pas\u00eb shum\u00eb mb\u00ebshtet\u00ebs, t\u00eb cil\u00ebt s\u00eb shpejti do t\u2019i p\u00ebrmend n\u00eb nj\u00eb botim t\u00eb ve\u00e7ant\u00eb.<\/strong><\/p>\n<p>&nbsp;<\/p>\n<p><strong>Shenimet me krosiv\u00eb jan\u00eb marr\u00eb\u00a0 ekzakt nga kronika e publikuar n\u00eb Gazeten <\/strong><\/p>\n<p><strong>Dielli, 22\u00a0 Prill 2015<\/strong><\/p>\n<p>&nbsp;<\/p>\n<p><em>Michigan, 24 Prill 2015<\/em><\/p>\n","protected":false},"excerpt":{"rendered":"<p>Pjet\u00ebr\u00a0 Jaku Pafytyr\u00ebsia e t\u00eb pafytyr\u00ebve, mesa duket \u00ebsht\u00eb moda e t\u00eb jetuarit dhe pun\u00ebs shoq\u00ebrore t\u00eb\u00a0 drejtuesve t\u00eb sot\u00ebm t\u00eb Deg\u00ebs s\u00eb Vatr\u00ebs n\u00eb Michigan.<\/p>\n","protected":false},"author":1,"featured_media":5013,"comment_status":"open","ping_status":"open","sticky":false,"template":"","format":"standard","meta":{"footnotes":""},"categories":[12],"tags":[],"class_list":["post-5088","post","type-post","status-publish","format-standard","has-post-thumbnail","hentry","category-jete-komuniteti"],"_links":{"self":[{"href":"https:\/\/revistakuvendi.org\/index.php?rest_route=\/wp\/v2\/posts\/5088","targetHints":{"allow":["GET"]}}],"collection":[{"href":"https:\/\/revistakuvendi.org\/index.php?rest_route=\/wp\/v2\/posts"}],"about":[{"href":"https:\/\/revistakuvendi.org\/index.php?rest_route=\/wp\/v2\/types\/post"}],"author":[{"embeddable":true,"href":"https:\/\/revistakuvendi.org\/index.php?rest_route=\/wp\/v2\/users\/1"}],"replies":[{"embeddable":true,"href":"https:\/\/revistakuvendi.org\/index.php?rest_route=%2Fwp%2Fv2%2Fcomments&post=5088"}],"version-history":[{"count":3,"href":"https:\/\/revistakuvendi.org\/index.php?rest_route=\/wp\/v2\/posts\/5088\/revisions"}],"predecessor-version":[{"id":5091,"href":"https:\/\/revistakuvendi.org\/index.php?rest_route=\/wp\/v2\/posts\/5088\/revisions\/5091"}],"wp:featuredmedia":[{"embeddable":true,"href":"https:\/\/revistakuvendi.org\/index.php?rest_route=\/wp\/v2\/media\/5013"}],"wp:attachment":[{"href":"https:\/\/revistakuvendi.org\/index.php?rest_route=%2Fwp%2Fv2%2Fmedia&parent=5088"}],"wp:term":[{"taxonomy":"category","embeddable":true,"href":"https:\/\/revistakuvendi.org\/index.php?rest_route=%2Fwp%2Fv2%2Fcategories&post=5088"},{"taxonomy":"post_tag","embeddable":true,"href":"https:\/\/revistakuvendi.org\/index.php?rest_route=%2Fwp%2Fv2%2Ftags&post=5088"}],"curies":[{"name":"wp","href":"https:\/\/api.w.org\/{rel}","templated":true}]}}