{"id":5064,"date":"2015-04-18T01:20:50","date_gmt":"2015-04-18T01:20:50","guid":{"rendered":"http:\/\/revistakuvendi.org\/?p=5064"},"modified":"2015-04-18T01:20:50","modified_gmt":"2015-04-18T01:20:50","slug":"disa-komente-per-shkrimin-kryesia-shpifese-e-deges-se-vatres-ne-detroit","status":"publish","type":"post","link":"https:\/\/revistakuvendi.org\/?p=5064","title":{"rendered":"Disa komente per shkrimin: Kryesia shpifese e Deges se Vatres ne Detroit"},"content":{"rendered":"<p>Nenet 9 dhe 59 sipas shkreses se perjashtimit qe eshte derguar nga Vatra ne NY<\/p>\n<p>Nyja 9 e Kanunores se Vatres, miratuar per here te fundit ne vitin 1926:<!--more--><\/p>\n<p>\u201cNje njeri sado i ndershem te jete, neq qofte se ka zakon te kundershtoje kurdohere, te grindet, te shaje zyrtaret e Federates, dhe me sjelljen dhe fjalet \u2026<em>(shkresa nuk e vazhdon PJ) \u00a0<\/em>nje njeri i ketille nuk pranohet si anetar, ose ne qofte se u pranua, do te shuhet nga lista e anetareve.\u201d<\/p>\n<p>Shkresa vazhdon me pjesen e\u00a0 fundit te Nyjes 59: \u201c Anetari mund te qahet te Komisioni dhe vendimi i Komisionit do te jete i funtme.<\/p>\n<p>Kanunoren e plote mund ta gjeni edhe me kerkime ne google.com<\/p>\n<p><a href=\"https:\/\/www.facebook.com\/zef.zefi.3?fref=ufi\"><strong>Zef Zefi<\/strong><\/a>\u00a0Jam kureshtar te di per nenin 9 e 59 te sipercituar ne Kanunorja. Gjithashtu duhej zgjidhur me par\u00eb (asnjehere nuk eshte von\u00eb) mospajtimi i ketyre neneve me frymen e Kanunores. <strong>Zgjidhesh nga dega, dhe shkarkohesh nga keshilli<\/strong>&#8211; anetaret e te cilit jane\u00a0njelloj te zgjedhur&#8230;ashtu si i shkarkuari&#8230;nonesens juridik. Kanunorja vet\u00eb duket se nuk mberrin as tek Kanuni Yne i shek. XIII-XV<br \/>\nTagren shkarkimit duhej ta kishte vetem ai qe Ju ka zgjedhur, keshilli a kryesia, mund vetem t&#8217;i propozoj\u00eb zgjedhesit,nese ka unanimitet per konstatimet e tyre, sidoqofte edhe kjo do duhej rregulluar me &#8220;statut&#8221; per llojet e shkeljeve etj.<\/p>\n<p>&nbsp;<\/p>\n<p><a href=\"https:\/\/www.facebook.com\/artur.vrekaj.5?fref=ufi\"><strong>Artur Vrekaj<\/strong><\/a>\u00a0Puna juaj i nderuar Pjet\u00ebr Jaku e ka b\u00ebr\u00eb me em\u00ebr at\u00eb komunitet. Nuk mundet asnj\u00eb Shqiptar t\u00eb hedh\u00eb balt\u00eb mbi pun\u00ebn tuaj. Ju i keni hapur der\u00ebn \u00e7do Shqiptari jo vet\u00ebm me Dit\u00ebt e Let\u00ebrsis\u00eb, por edhe me ambjentin tuaj miq\u00ebsor e shoq\u00ebror. Problemi \u00ebsht\u00eb se disa mendojn\u00eb se jan\u00eb t\u00eb p\u00ebrjetsh\u00ebm n\u00eb organizimet vullnetare e komunitare. Nuk vlen pozicioni i nj\u00eb kryetari t\u00eb nj\u00eb dege a shoqate me kontribut vullnetar n\u00eb komunitet pa vision p\u00ebr komunitetin. M\u00ebnyra se si kan\u00eb operuar tregon se u p\u00eblqen t\u00eb shkelin Statutin p\u00ebr interesa personale. Vet\u00ebm mbledhjet e p\u00ebrgjithshme me gjith\u00eb an\u00ebtar\u00ebsin\u00eb mund t\u00eb shkarkojn\u00eb nj\u00eb an\u00ebtar K\u00ebshilli apo p\u00ebrjashtojn\u00eb. Kjo \u00ebsht\u00eb demokracia e funksionimit. N\u00eb fakt, ata q\u00eb kan\u00eb ndihmuar k\u00ebt\u00eb gj\u00eb kan\u00eb hapur shum\u00eb telashe p\u00ebr vetveten . E v\u00ebrteta \u00ebsht\u00eb lakuriqe. Po kjo pun\u00eb i ka dob\u00ebsit\u00eb dhe nga lart! E k\u00ebta posht\u00eb fryhen kot sikur jan\u00eb koka e Diaspor\u00ebs! Le t\u00eb rrojn\u00eb me \u00ebndrra !<\/p>\n<p>&nbsp;<\/p>\n<p>&nbsp;<\/p>\n<ul>\n<li><a href=\"https:\/\/www.facebook.com\/Pjerinndreka56?fref=ufi\"><strong>Pjerin Ndreka<\/strong><\/a>Ti paske pshtue mire Pjeter.Mehmet Shehun e kane vra o detyrue me vra vedin.E t&#8217;birin me mohue babe,nane e vlla.Sekretari i Pare i Panvatres s&#8217;Puns s&#8217;Shqipnise,Enver Hoxha ka kene ma i rrepte se Kryetari i Deges Alfons Grishaj.Apo jo,Pjeter?<\/li>\n<\/ul>\n<p><a href=\"https:\/\/www.facebook.com\/notes\/elinda-marku\/kryesia-shpif%C3%ABse\/10153199812241031?comment_id=10153199896366031&amp;offset=0&amp;total_comments=14&amp;comment_tracking=%7B%22tn%22%3A%22R9%22%7D\">April 12 at 4:29pm<\/a>\u00a0\u00b7\u00a0<a href=\"https:\/\/www.facebook.com\/elinda.marku?fref=ts\">Like<\/a>\u00a0\u00b7\u00a0<a href=\"https:\/\/www.facebook.com\/browse\/likes?id=10153199896366031\">2<\/a><\/p>\n<p><a href=\"https:\/\/www.facebook.com\/adem.gashi.923?fref=ufi\"><strong>Adem Gashi<\/strong><\/a>\u00a0T\u00eb t\u00eb rroj\u00eb dinjiteti e puna jote, Pjet\u00ebr Jaku! Sprova t\u00eb k\u00ebtilla takojm\u00eb n\u00eb jet\u00eb, sekush m\u00eb shum\u00eb a m\u00eb pak. Mjafton nd\u00ebrgjegjja jote e qet\u00eb. Pa\u00e7 sh\u00ebndet e mbar\u00ebsi me t\u00ebt shoqe e Mar\u00ebn e mrekullueshme!<\/p>\n<p><a href=\"https:\/\/www.facebook.com\/notes\/elinda-marku\/kryesia-shpif%C3%ABse\/10153199812241031?comment_id=10153200005236031&amp;offset=0&amp;total_comments=14&amp;comment_tracking=%7B%22tn%22%3A%22R9%22%7D\">April 12 at 5:11pm<\/a>\u00a0\u00b7\u00a0<a href=\"https:\/\/www.facebook.com\/elinda.marku?fref=ts\">Like<\/a>\u00a0\u00b7\u00a0<a href=\"https:\/\/www.facebook.com\/browse\/likes?id=10153200005236031\">1<\/a><\/p>\n<p><a href=\"https:\/\/www.facebook.com\/gjeto?fref=ufi\"><strong>Gjeto Turmalaj<\/strong><\/a>\u00a0Z. Pjeter, e \u00e7uditshme kjo menyre krejt komuiste e perjashtimit nga kjo PANVATRA P=Parti V=Vetjake + me tralala nga te fryje era\u2026Eshte njesoj sikurse e pati quajtur njeni nga koleget tone shkrimtare, ne nje artikull te gazeta Iliria dhe citoj : Vatra\u00a0ka mbete organizata e disa Uturakve. E turpshme per ata \u201cVATRANE\u201d qe te kurdisin ty Pjeter pikrishte ne Ameriken e Demokracise, eh, ska me te poshter sesa Shqiptari per shqiptarin sikurse thote Konica.<br \/>\nJu Pjeter Jaku, jeni i mirenjohur per publikun Lezhjan, Mirdite e Kurbin mbasi keni punu vite e vite me rradhe Mesues , jeni botuesi i Revistes \u201cKuvendi\u201d mbi 10 vjet me rradhe, jeni Publi\u00e7ist,Shkrimtar Poet e Gazetar. Per ve\u00e7se ana humanitare tek Vatra asgje tjeter nuk ju bashkon me njerez poshte nivelit tuaj\u2026Po bahet tranziscion ose shplarje trush nga mbrapaskenave te kohes per turpin e te paditurve.<br \/>\nPjeter Urime e shendet ne punen tuaj fisnike ne udhen e Letersise.<\/p>\n<p><a href=\"https:\/\/www.facebook.com\/notes\/elinda-marku\/kryesia-shpif%C3%ABse\/10153199812241031?comment_id=10153200422031031&amp;offset=0&amp;total_comments=14&amp;comment_tracking=%7B%22tn%22%3A%22R9%22%7D\">April 12 at 8:54pm<\/a>\u00a0\u00b7\u00a0<a href=\"https:\/\/www.facebook.com\/elinda.marku?fref=ts\">Like<\/a>\u00a0\u00b7\u00a0<a href=\"https:\/\/www.facebook.com\/browse\/likes?id=10153200422031031\">1<\/a><\/p>\n<p><a href=\"https:\/\/www.facebook.com\/paul.palushi?fref=ufi\"><strong>Paul Palushi<\/strong><\/a>\u00a0Topik numer 1\u2026 Lotet me kane vuuuu si lum, kur lexova sentencen malengjyese &#8220;MIQESI MODEL&#8221; Wonderful \/ Beautiful \/ \u2026ful \/ \u2026ful \/ e \u2026fule te tjera<\/p>\n<p><a href=\"https:\/\/www.facebook.com\/notes\/elinda-marku\/kryesia-shpif%C3%ABse\/10153199812241031?comment_id=10153200444446031&amp;offset=0&amp;total_comments=14&amp;comment_tracking=%7B%22tn%22%3A%22R9%22%7D\">April 12 at 9:10pm<\/a>\u00a0\u00b7\u00a0<a href=\"https:\/\/www.facebook.com\/elinda.marku?fref=ts\">Like<\/a>\u00a0\u00b7\u00a0<a href=\"https:\/\/www.facebook.com\/browse\/likes?id=10153200444446031\">1<\/a><\/p>\n<p><a href=\"https:\/\/www.facebook.com\/paul.palushi?fref=ufi\"><strong>Paul Palushi<\/strong><\/a>\u00a0Topik numer 2\u2026 Turp per Pjetrin qe e akuzon Sekretarin se eshte ANALFABET\u2026. pu-pu-pu c&#8217;thote ki moj nene, c&#8217;thote. Ai pra Sekretari ka mbaruar (simbas Facebook-ut) Devenport University e qe ate dite Universiteti eshte mbillur se nuk ka q&#8217;i meson me askujt se jane thare trute e profesorave duke i mbushur trurin e thare te Sekretarit.<\/p>\n<p><a href=\"https:\/\/www.facebook.com\/notes\/elinda-marku\/kryesia-shpif%C3%ABse\/10153199812241031?comment_id=10153200457841031&amp;offset=0&amp;total_comments=14&amp;comment_tracking=%7B%22tn%22%3A%22R8%22%7D\">April 12 at 9:27pm<\/a>\u00a0\u00b7\u00a0<a href=\"https:\/\/www.facebook.com\/elinda.marku?fref=ts\">Edited<\/a>\u00a0\u00b7\u00a0<a href=\"https:\/\/www.facebook.com\/elinda.marku?fref=ts\">Like<\/a>\u00a0\u00b7\u00a0<a href=\"https:\/\/www.facebook.com\/browse\/likes?id=10153200457841031\">1<\/a><\/p>\n<p><a href=\"https:\/\/www.facebook.com\/paul.palushi?fref=ufi\"><strong>Paul Palushi<\/strong><\/a>\u00a0Topik number 3\u2026 Ti i quan Zyr..aret e Votres se Shuar. Meqenese ato nuk kane as Zyrhena e as nuk jane Zyrhantare, por takohen vetem ne Kafe per kafe e ne Restorant per te mbushur zhaben\u2026 duhet te nderrohet emri ne Kaf\u2026aret e Votres ose Rest\u2026aret e Votres.<\/p>\n<p><a href=\"https:\/\/www.facebook.com\/notes\/elinda-marku\/kryesia-shpif%C3%ABse\/10153199812241031?comment_id=10153200474621031&amp;offset=0&amp;total_comments=14&amp;comment_tracking=%7B%22tn%22%3A%22R7%22%7D\">April 12 at 9:26pm<\/a>\u00a0\u00b7\u00a0<a href=\"https:\/\/www.facebook.com\/elinda.marku?fref=ts\">Like<\/a>\u00a0\u00b7\u00a0<a href=\"https:\/\/www.facebook.com\/browse\/likes?id=10153200474621031\">1<\/a><\/p>\n<p><a href=\"https:\/\/www.facebook.com\/paul.palushi?fref=ufi\"><strong>Paul Palushi<\/strong><\/a>\u00a0Topik numer 4\u2026 Te gjithe e dine se Kanunorja e Votres mban daten 1926 e te cilen Piciruku me pamje te Napoleon Bolepartit donte ta nderonte me frazen mellengjonjese moderne LIGJ, sepse ishte vjeterosur. Por ama nese hyn ne pune do ta perdorim sesben. C&#8217;mejton Pjetri se u beme ne si kembet e dhise\u2026.<\/p>\n<p><a href=\"https:\/\/www.facebook.com\/notes\/elinda-marku\/kryesia-shpif%C3%ABse\/10153199812241031?comment_id=10153200484376031&amp;offset=0&amp;total_comments=14&amp;comment_tracking=%7B%22tn%22%3A%22R6%22%7D\">April 12 at 9:32pm<\/a>\u00a0\u00b7\u00a0<a href=\"https:\/\/www.facebook.com\/elinda.marku?fref=ts\">Like<\/a>\u00a0\u00b7\u00a0<a href=\"https:\/\/www.facebook.com\/browse\/likes?id=10153200484376031\">1<\/a><\/p>\n<p><a href=\"https:\/\/www.facebook.com\/paul.palushi?fref=ufi\"><strong>Paul Palushi<\/strong><\/a>\u00a0Topik number 5\u2026 Nuk te pieta Pjeter. Ai Gjo P. Kapedani, a ti tregoi gjate mblidhjes Viagrat qe mban ne xhep ne vend te kusurit ?<\/p>\n<p><a href=\"https:\/\/www.facebook.com\/notes\/elinda-marku\/kryesia-shpif%C3%ABse\/10153199812241031?comment_id=10153200489946031&amp;offset=0&amp;total_comments=14&amp;comment_tracking=%7B%22tn%22%3A%22R5%22%7D\">April 12 at 9:36pm<\/a>\u00a0\u00b7\u00a0<a href=\"https:\/\/www.facebook.com\/elinda.marku?fref=ts\">Like<\/a>\u00a0\u00b7\u00a0<a href=\"https:\/\/www.facebook.com\/browse\/likes?id=10153200489946031\">1<\/a><\/p>\n<p><a href=\"https:\/\/www.facebook.com\/paul.palushi?fref=ufi\"><strong>Paul Palushi<\/strong><\/a>\u00a0Topik numer 6\u2026 Ato Kaf..aret e Votres se Fikur nuk ti kane shkronjtur fierjet qe ti duhet ti kesh bere sepse jane llafe te pista. Pershembull &#8220;jeni te paafte&#8221; &#8220;jeni komunista&#8221; &#8220;jeni injorante dhe analfabete&#8221; &#8220;jeni fodulle&#8221; une do te shtoja &#8220;Jeni \u2026\u2026\u2026..&#8221;<\/p>\n<p><a href=\"https:\/\/www.facebook.com\/notes\/elinda-marku\/kryesia-shpif%C3%ABse\/10153199812241031?comment_id=10153200497591031&amp;offset=0&amp;total_comments=14&amp;comment_tracking=%7B%22tn%22%3A%22R4%22%7D\">April 12 at 9:41pm<\/a>\u00a0\u00b7\u00a0<a href=\"https:\/\/www.facebook.com\/elinda.marku?fref=ts\">Like<\/a>\u00a0\u00b7\u00a0<a href=\"https:\/\/www.facebook.com\/browse\/likes?id=10153200497591031\">1<\/a><\/p>\n<p><a href=\"https:\/\/www.facebook.com\/luigj.gjoka.9?fref=ufi\"><strong>Luigj Gjoka<\/strong><\/a>\u00a0Jeni pak atje per tu grindur me njeri-tjetrin.<br \/>\nNa e lini ne ketu ne Tirane grindjen, se ia kemi marr doren. Ne do te mireprisnim qortimet tuaja per t&#8217;i futur proceset ketu ne rruge te mbare. Ju atje, mund t&#8217;i gjeni mekanizmat demokratike per te zgjedhur ose ndryshuar lidershipin, mjafton te ekzistoje vullneti dhe shpirti i drejtesise.<\/p>\n<p><a href=\"https:\/\/www.facebook.com\/notes\/elinda-marku\/kryesia-shpif%C3%ABse\/10153199812241031?comment_id=10153203819131031&amp;offset=0&amp;total_comments=14&amp;comment_tracking=%7B%22tn%22%3A%22R3%22%7D\">April 14 at 8:57am<\/a>\u00a0\u00b7\u00a0<a href=\"https:\/\/www.facebook.com\/elinda.marku?fref=ts\">Like<\/a>\u00a0\u00b7\u00a0<a href=\"https:\/\/www.facebook.com\/browse\/likes?id=10153203819131031\">1<\/a><\/p>\n<p><a href=\"https:\/\/www.facebook.com\/elinda.marku?fref=ufi\"><strong>Elinda Marku<\/strong><\/a>\u00a0Kur iken e erdhen ketu atje lane vetem breket por veset dhe poshtersite I moren\u00a0me vete dhe sic e sheh I perdorin kunder secilit qe nuk ka te njejtat vese e ligesi!<\/p>\n<p><a href=\"https:\/\/www.facebook.com\/notes\/elinda-marku\/kryesia-shpif%C3%ABse\/10153199812241031?comment_id=10153203932666031&amp;offset=0&amp;total_comments=14&amp;comment_tracking=%7B%22tn%22%3A%22R2%22%7D\">April 14 at 9:57am<\/a>\u00a0\u00b7\u00a0<a href=\"https:\/\/www.facebook.com\/elinda.marku?fref=ts\">Like<\/a>\u00a0\u00b7\u00a0<a href=\"https:\/\/www.facebook.com\/browse\/likes?id=10153203932666031\">1<\/a><\/p>\n<p><a href=\"https:\/\/www.facebook.com\/luigj.gjoka.9?fref=ufi\"><strong>Luigj Gjoka<\/strong><\/a>\u00a0Pershendetje Elinda!<br \/>\nJe me fat qe je poete, sepse dhe ligesite dhe miresite e kesaj bote te frymezojne t&#8217;i shprehesh ne vargje. Poezia eshte mjeti filozofik, po aq edhe fisnik, kunder shpirterave te djajve. Take it easy!<\/p>\n<p><a href=\"https:\/\/www.facebook.com\/notes\/elinda-marku\/kryesia-shpif%C3%ABse\/10153199812241031?comment_id=10153203946176031&amp;offset=0&amp;total_comments=14&amp;comment_tracking=%7B%22tn%22%3A%22R1%22%7D\">April 14 at 2:37pm<\/a>\u00a0\u00b7\u00a0<a href=\"https:\/\/www.facebook.com\/elinda.marku?fref=ts\">Edited<\/a>\u00a0\u00b7\u00a0<a href=\"https:\/\/www.facebook.com\/elinda.marku?fref=ts\">Like<\/a>\u00a0\u00b7\u00a0<a href=\"https:\/\/www.facebook.com\/browse\/likes?id=10153203946176031\">1<\/a><\/p>\n<p><a href=\"https:\/\/www.facebook.com\/traboinistudio?fref=ufi\"><strong>Kolec Traboini<\/strong><\/a>\u00a0Histori me shqiptare. Keshtu e pata pesuar edhe une qe formova shoqaten e shkrimtareve Shqipo Amerikane me Gjek Marinen sipas lidhjes e rekomandimit qe me kishte bere i ndjeri Prenk Gruda. Por ndodhi qe pas jo me shume se 2 vjet u mblodh kryesia ( une\u00a0&#8230;<a href=\"https:\/\/www.facebook.com\/elinda.marku?fref=ts\">See More<\/a><\/p>\n<p><a href=\"https:\/\/www.facebook.com\/notes\/elinda-marku\/kryesia-shpif%C3%ABse\/10153199812241031?comment_id=10153203990651031&amp;offset=0&amp;total_comments=14&amp;comment_tracking=%7B%22tn%22%3A%22R0%22%7D\">April 14 at 10:29am<\/a>\u00a0\u00b7\u00a0<a href=\"https:\/\/www.facebook.com\/elinda.marku?fref=ts\">Edited<\/a>\u00a0\u00b7\u00a0<a href=\"https:\/\/www.facebook.com\/elinda.marku?fref=ts\">Like<\/a>\u00a0\u00b7\u00a0<a href=\"https:\/\/www.facebook.com\/browse\/likes?id=10153203990651031\">2<\/a><\/p>\n<p><a href=\"https:\/\/www.facebook.com\/paul.palushi?fref=ufi\"><strong>Paul Palushi<\/strong><\/a>\u00a0O\u00a0<a href=\"https:\/\/www.facebook.com\/luigj.gjoka.9?hc_location=ufi\">Luigj Gjoka<\/a>\u00a0i Shqipnis, edhe pse jena pak kena kaq shume ngatrrestar ktu sa edhe per ju qe jeni 2-3 Miljon ju dalin boll. Pershembull keni nji qe e ka emnin si tandin por me (j) ne fund (shyqyr qe se ke ilaka), qe ba me ju a nis atje ska paqe per 2 mije vjet ne ate vend\u00a0\u00a0\u00a0\u00a0apo jo\u00a0<a href=\"https:\/\/www.facebook.com\/elinda.marku?hc_location=ufi\">Elinda<\/a>\u2026 ka randesi cilesija jo sasija<\/p>\n","protected":false},"excerpt":{"rendered":"<p>Nenet 9 dhe 59 sipas shkreses se perjashtimit qe eshte derguar nga Vatra ne NY Nyja 9 e Kanunores se Vatres, miratuar per here te fundit ne vitin 1926:<\/p>\n","protected":false},"author":1,"featured_media":0,"comment_status":"open","ping_status":"open","sticky":false,"template":"","format":"standard","meta":{"footnotes":""},"categories":[12],"tags":[],"class_list":["post-5064","post","type-post","status-publish","format-standard","hentry","category-jete-komuniteti"],"_links":{"self":[{"href":"https:\/\/revistakuvendi.org\/index.php?rest_route=\/wp\/v2\/posts\/5064","targetHints":{"allow":["GET"]}}],"collection":[{"href":"https:\/\/revistakuvendi.org\/index.php?rest_route=\/wp\/v2\/posts"}],"about":[{"href":"https:\/\/revistakuvendi.org\/index.php?rest_route=\/wp\/v2\/types\/post"}],"author":[{"embeddable":true,"href":"https:\/\/revistakuvendi.org\/index.php?rest_route=\/wp\/v2\/users\/1"}],"replies":[{"embeddable":true,"href":"https:\/\/revistakuvendi.org\/index.php?rest_route=%2Fwp%2Fv2%2Fcomments&post=5064"}],"version-history":[{"count":1,"href":"https:\/\/revistakuvendi.org\/index.php?rest_route=\/wp\/v2\/posts\/5064\/revisions"}],"predecessor-version":[{"id":5066,"href":"https:\/\/revistakuvendi.org\/index.php?rest_route=\/wp\/v2\/posts\/5064\/revisions\/5066"}],"wp:attachment":[{"href":"https:\/\/revistakuvendi.org\/index.php?rest_route=%2Fwp%2Fv2%2Fmedia&parent=5064"}],"wp:term":[{"taxonomy":"category","embeddable":true,"href":"https:\/\/revistakuvendi.org\/index.php?rest_route=%2Fwp%2Fv2%2Fcategories&post=5064"},{"taxonomy":"post_tag","embeddable":true,"href":"https:\/\/revistakuvendi.org\/index.php?rest_route=%2Fwp%2Fv2%2Ftags&post=5064"}],"curies":[{"name":"wp","href":"https:\/\/api.w.org\/{rel}","templated":true}]}}