{"id":5060,"date":"2015-04-15T14:40:42","date_gmt":"2015-04-15T14:40:42","guid":{"rendered":"http:\/\/revistakuvendi.org\/?p=5060"},"modified":"2015-04-15T14:40:42","modified_gmt":"2015-04-15T14:40:42","slug":"leter-e-hapur-e-ish-ambasadorit-te-kosoves-dr-islam-lauka-per-ministrin-e-puneve-te-jashtme-ditmir-bushati","status":"publish","type":"post","link":"https:\/\/revistakuvendi.org\/?p=5060","title":{"rendered":"LET\u00cbR E HAPUR E ISH-AMBASADORIT T\u00cb KOSOV\u00cbS, DR. ISLAM LAUKA, P\u00cbR MINISTRIN E PUN\u00cbVE T\u00cb JASHTME, DITMIR BUSHATI"},"content":{"rendered":"<div class=\"\"><span class=\"\" lang=\"EN-GB\">Tiran\u00eb, me 14.04.2015<\/span><\/div>\n<div id=\"ecxyui_3_16_0_1_1429117885670_56061\" class=\"\"><span class=\"\" lang=\"EN-GB\">\u00a0<\/span><\/div>\n<div id=\"ecxyui_3_16_0_1_1429117885670_56158\" class=\"\"><span class=\"\" lang=\"EN-GB\">\u00a0<\/span><\/div>\n<div id=\"ecxyui_3_16_0_1_1429117885670_56159\" class=\"\"><span class=\"\" lang=\"EN-GB\">Zoti Minist\u00ebr,<\/span><\/div>\n<div class=\"\"><span class=\"\" lang=\"EN-GB\">\u00a0<\/span><\/div>\n<div id=\"ecxyui_3_16_0_1_1429117885670_56161\" class=\"\"><span id=\"ecxyui_3_16_0_1_1429117885670_56160\" class=\"\" lang=\"EN-GB\">Si shkas p\u00ebr t\u2019ju drejtuar k\u00ebt\u00eb let\u00ebr sh\u00ebrbeu komunikimi q\u00eb m`u b\u00eb, k\u00ebto dit\u00eb, nga vart\u00ebsit tuaj p\u00ebr largimin tim nga Ministria e Pun\u00ebve t\u00eb Jashtme, si dhe pamund\u00ebsia e nj\u00eb takimi me ju, me <\/span><span class=\"\" lang=\"EN-GB\">\u00e7<\/span><span id=\"ecxyui_3_16_0_1_1429117885670_56162\" class=\"\" lang=\"EN-GB\">\u2019rast <span class=\"\">\u00a0<\/span>do t`ua b\u00ebja t\u00eb njohura disa probleme, me t\u00eb cilat jam ndeshur n\u00eb karrier\u00ebn time diplomatike mbi 20-vje<\/span><span class=\"\" lang=\"EN-GB\">\u00e7<\/span><span class=\"\" lang=\"EN-GB\">are n\u00eb sistemin e MPJ-s\u00eb.<\/span><\/div>\n<p><!--more--><\/p>\n<div class=\"\"><span class=\"\" lang=\"EN-GB\">Midis tyre, kisha menduar t\u00eb ngrija shqet\u00ebsimin e diplomat\u00ebve t\u00eb karrier\u00ebs p\u00ebr vendin e pun\u00ebs; nevoj\u00ebn e mbrojtjes s\u00eb diplomat\u00ebve profesionist\u00eb nga nd\u00ebrhyrjet arbitrare t\u00eb politik\u00ebs; ruajtjen e raporteve t\u00eb drejta midis prurjeve t\u00eb reja dhe punonj\u00ebsve me p\u00ebrvoj\u00eb e karrier\u00eb t\u00eb gjat\u00eb diplomatike; rolin e diplomacis\u00eb n\u00eb send\u00ebrtimin e bashkimit komb\u00ebtar shqiptar.<\/span><\/div>\n<div class=\"\"><span class=\"\" lang=\"EN-GB\">Miratimi nga Kuvendi i Shqip\u00ebris\u00ebi\u201cLigjit t\u00ebri p\u00ebr sh\u00ebrbimin e jasht\u00ebm\u201d, me 19.03.2015, i cili, n\u00eb thelb, p\u00ebrb\u00ebn nj\u00eb goditje t\u00eb r\u00ebnd\u00eb p\u00ebr diplomacin\u00eb ton\u00eb n\u00eb p\u00ebrgjith\u00ebsi dhe, diplomat\u00ebt e karrier\u00ebs n\u00eb ve<\/span><span class=\"\" lang=\"EN-GB\">\u00e7<\/span><span class=\"\" lang=\"EN-GB\">anti, ishte nj\u00eb shtys\u00eb tjet\u00ebr q\u00eb m\u00eb b\u00ebri,jo vet\u00ebm t`ju drejtohem me k\u00ebt\u00eb let\u00ebr, por edhe ta b\u00ebj at\u00eb publike.<\/span><\/div>\n<div class=\"\"><span class=\"\" lang=\"EN-GB\">Me posht\u00eb, po ju paraqes problematik\u00ebn e takimit ton\u00eb t\u00eb munguar:<\/span><\/div>\n<div class=\"\"><span class=\"\" lang=\"EN-GB\">S\u00eb pari, shqet\u00ebsim kryesor p\u00ebr diplomat\u00ebt profesionist\u00eb ka qen\u00ebdhe mbetet pasiguria e p\u00ebrhershme p\u00ebr vendin e pun\u00ebs. N\u00eb rastin tim<span class=\"\">\u00a0 <\/span>konkret, pas em\u00ebrimit n\u00eb MPJ m\u00eb 1985, dy her\u00eb jam pushuar nga puna, nj\u00eb her\u00eb jam detyruar t\u00eb jap dor\u00ebheqje dhe nj\u00eb her\u00eb tjet\u00ebr, pa asnj\u00eb arsye,p\u00ebr nj\u00eb vit t\u00eb t\u00ebr\u00eb, \u00ebsht\u00eb bllokuar kandidatura ime p\u00ebr ambasador. Nuk \u00ebsht\u00eb i ndrysh\u00ebm asfati<span class=\"\">\u00a0 <\/span>i koleg\u00ebve t\u00eb tjer\u00eb. Si rregull, sa her\u00ebq\u00eb<span class=\"\">\u00a0 <\/span>ndodh ndryshimi i pushtetit politik, apo edhe i titullarit t\u00eb Ministris\u00eb,brenda t\u00eb nj\u00ebjtit mandat parlamentar, institucioni yn\u00eb kthehet n\u00eb \u201czon\u00eb krimi\u201d. Gjasht\u00eb muaj para zgjedhjeve parlamentare dhe po kaq pas tyre, diplomat\u00ebt presin me ankth, n\u00ebse do t`u ruhet vendi i pun\u00ebs n\u00eb Ministriapo do t\u00eb degdisen jasht\u00ebsaj, sit\u00eb pad\u00ebshiruar dhe t\u00eb pavlefsh\u00ebm.<\/span><\/div>\n<div class=\"\"><span class=\"\" lang=\"EN-GB\">Vala e par\u00eb e spastrimit p\u00ebrfshin ata q\u00eb nuk shfaqin ndonj\u00eb simpati p\u00ebr udh\u00ebheq\u00ebsit e rinj dhe fillon, menj\u00ebher\u00eb, pas nd\u00ebrrimit t\u00eb pushteteve.Diplomat\u00ebt e karrier\u00ebs kalojn\u00eb n\u00eb sit\u00ebn e \u201cristrukturimit\u201d, t\u00eb \u201cshkurtimit t\u00eb organik\u00ebs\u201d (q\u00eb n\u00eb p\u00ebrfundim t\u00ebmandatit rezulton t\u00eb jet\u00eb shum\u00eb m\u00eb e fryr\u00eb se n\u00eb fillim t\u00ebtij), t\u00ebrregulloreve dhe ligjeve \u201ct\u00eb reja\u201d.P\u00ebr m\u00eb t\u00eb \u201crrezikshmit\u201d hartohen dosje t\u00eb paqena dhe trillohen akuza q\u00eb kurr\u00eb nuk v\u00ebrtetohen, por q\u00eb realizojn\u00eb q\u00ebllimin e v\u00ebn\u00eb \u2013 spastrimin e dikasterit nga t\u00eb pad\u00ebshiruarit.<\/span><\/div>\n<div class=\"\"><span class=\"\" lang=\"EN-GB\">Ata q\u00ebi shp\u00ebtojn\u00eb val\u00ebs s\u00eb par\u00eb t\u00eb spastrimit i n\u00ebnshtrohen procesit t\u00eb denigrimit, n\u00ebp\u00ebrmjet em\u00ebrimeve n\u00eb postet m\u00eb t\u00eb ul\u00ebta,<span class=\"\">\u00a0 <\/span>apo n\u00eb sektor\u00eb jasht\u00eb profilit t\u00eb tyre. Kush ka mund\u00ebsi dhe vullnet, si rregull, jep dor\u00ebheqje.Ata q\u00eb nuk e kan\u00eb as nj\u00ebr\u00ebn, as tjetr\u00ebn, shtrijn\u00eb qaf\u00ebn dhe kurrizin, duke g\u00eblltitur n\u00eb heshtje fyerjet dhe posht\u00ebrimet e pronar\u00ebve t\u00eb rinj t\u00ebinstitucionit.<\/span><\/div>\n<div class=\"\"><span class=\"\" lang=\"EN-GB\">Megjithat\u00eb, ekziston nj\u00eb kontigjent i kufizuar diplomat\u00ebsh t\u00eb karrier\u00ebs q\u00eb,p\u00ebr ruajtjen e vendit t\u00eb pun\u00ebs, paguajn\u00eb nj\u00eb hara<\/span><span class=\"\" lang=\"EN-GB\">\u00e7<\/span><span class=\"\" lang=\"EN-GB\"> tep\u00ebr t\u00eb r\u00ebnd\u00eb \u2013 heqjen dor\u00eb nga mendimi i pavarur profesional dhe kthimin n\u00eb instrument\u00eb t\u00eb udh\u00ebheqjes politike t\u00ebMinistris\u00eb. Kjo specie butak\u00ebsh dhe butajkash profesioniste, fabrikojn\u00eb informacione q\u00ebi p\u00eblqejn\u00eb shefit, duka ia paraqitur faktet n\u00eb ngjyrat e porositura prej tij. Uriah Hip\u00eb t\u00eb shekullit t\u00eb 21-t\u00eb, symbol\u00eb t\u00eb dinjitetit t\u00eb n\u00ebp\u00ebrk\u00ebmbur profesional dhe integritetit t\u00eb p\u00ebrdhosur intelektual, ata l\u00ebvizin nga nj\u00eb drejtori n\u00eb tjetr\u00ebn dhe nga nj\u00eb kryeqytet n\u00eb tjetrin, t\u00eb imunizuar nga <\/span><span class=\"\" lang=\"EN-GB\">\u00e7<\/span><span class=\"\" lang=\"EN-GB\">do lloj ndryshimi politik. Kjo \u00ebsht\u00eb arsyeja q\u00eb n\u00eb Ministrin\u00eb ton\u00ebt\u00eb Pun\u00ebve t\u00eb Jashtme, raca e diplomat\u00ebve t\u00eb v\u00ebrtet\u00eb t\u00eb karrier\u00ebs po kthehet n\u00eb nj\u00ebrac\u00eb n\u00eb zhdukje. \u201cLigji iri p\u00ebr sh\u00ebrbimin e jasht\u00ebm\u201d, q\u00eb ju zoti Minist\u00ebr e mb\u00ebshtet\u00ebt me shum\u00ebpasion por pa asnj\u00eb argument, n\u00eb vend q\u00eb t\u00eb merrte n\u00eb mbrojtje k\u00ebt\u00eb soj t\u00eb rrezikuar, e hedh at\u00eb n\u00eb kthetrat e egra t\u00eb politik\u00ebs, duke legalizuar p\u00ebrjashtimin e diplomat\u00ebve profesionist\u00eb nga postet drejtuese dhe z\u00ebvend\u00ebsimin e tyre me persona q\u00eb nuk kan\u00eb asnj\u00eb lidhje me diplomacin\u00eb, por thjesht jan\u00eb pjes\u00eb e klientel\u00ebs q\u00eb merr hisen e vet t\u00eb p\u00ebrfitimit n\u00eb mekanizmin e ri t\u00eb shp\u00ebrndarjes s\u00eb t\u00eb mirave materiale, t\u00eb krijuar nga pushteti politik i radh\u00ebs.<\/span><\/div>\n<div class=\"\"><span class=\"\" lang=\"EN-GB\">Zoti Minist\u00ebr,<\/span><\/div>\n<div class=\"\"><span class=\"\" lang=\"EN-GB\">Un\u00eb jam p\u00ebrfshir\u00eb n\u00eb sistemin e Ministris\u00eb s\u00eb Pun\u00ebve t\u00eb Jashtme, n\u00eb gjysm\u00ebn e dyt\u00eb t\u00eb viteve `80-t\u00eb, t\u00eb shekullit t\u00eb kaluar. Ajo ka qen\u00eb nj\u00eb koh\u00eb shum\u00eb e v\u00ebshtir\u00eb p\u00ebr ne si diplomat\u00eb t\u00eb rinj, por edhe koh\u00eb\u00ebnd\u00ebrrash dhe shpresash. N\u00eb fundin e asaj periudhe, filloi pro<\/span><span class=\"\" lang=\"EN-GB\">\u00e7<\/span><span class=\"\" lang=\"EN-GB\">esi i depolitizimit dhe departizimit t\u00eb MPJ-s\u00eb, q\u00eb ne t\u00eb rinjve t\u00eb at\u00ebhersh\u00ebm nuk kish si t\u00eb mos na g\u00ebzonte.<\/span><\/div>\n<div class=\"\"><span class=\"\" lang=\"EN-GB\">Tridhjet\u00eb vjet\u00eb m\u00eb von\u00eb, tashm\u00ebi zbardhur nga thinjat, duke qen\u00eb n\u00eb list\u00eb pritjeje p\u00ebr nj\u00eb vend pune, p\u00ebrjetova t\u00eb kund\u00ebrt\u00ebn e atyre viteve t\u00eb shpres\u00ebs \u2013 politizimin e dikasterit t\u00eb jasht\u00ebm. Me ligjin e ri, hiqet kuota prej 20% q\u00eb kishte si q\u00ebllim kufizimin e em\u00ebrimeve politike. Nuk \u00ebsht\u00eb v\u00ebshtir\u00eb t\u00eb parashikohet se <\/span><span class=\"\" lang=\"EN-GB\">\u00e7<\/span><span class=\"\" lang=\"EN-GB\">far\u00eb pasojash do t\u00eb sillte hyrja n\u00eb fuqi e k\u00ebtij ligji : protagonizmi hipertrofik i titullar\u00ebve t\u00eb Ministris\u00eb, i nxitur nga nj\u00eberozion i pap\u00ebrmbajtur i vlerave kombtare q\u00eb fshihet pas nj\u00eb fasade false t\u00eb \u201cvlerave\u201d europiane, me gjas\u00eb, do t\u00eb<\/span><span class=\"\" lang=\"EN-GB\">\u00e7<\/span><span class=\"\" lang=\"EN-GB\">onte n\u00eb vdekjen e diplomat\u00ebve t\u00eb karrier\u00ebs, duke i z\u00ebvend\u00ebsuar ata me komisar\u00ebt e popullit p\u00ebr pun\u00ebt e jashtme. MPJ do t\u00eb vazhdonte t\u00eb mbetej \u201czon\u00eb krimi\u201d, por k\u00ebt\u00eb radh\u00eb, e mbrojtur me ligj.<\/span><\/div>\n<div class=\"\"><span class=\"\" lang=\"EN-GB\">\u00c7<\/span><span class=\"\" lang=\"EN-GB\">\u00ebshtja e dyt\u00eb q\u00eb d\u00ebshiroj t\u00eb trajtoj \u00ebsht\u00eb ajo e nevoj\u00ebs s\u00eb kuptimit t\u00eb diplomacis\u00eb si instrument dhe si art.\u00cbsht\u00eb krejt i njohur roli i saj si instrument p\u00ebr zbatimin e politik\u00ebs s\u00eb jashtme n\u00eb mbojtje t\u00eb interesave shtet\u00ebrore e komb\u00ebtare t\u00eb vendit.Por shpesh harrohet q\u00eb, n\u00eb vetvete, diplomacia \u00ebsht\u00eb art dhe duhet t\u00eb vihet n\u00eb jet\u00eb si e till\u00eb.N\u00eb t\u00eb kund\u00ebrt, ajo d\u00ebshton edhe si instrument. Mjeshtrit e t\u00eb artit diplomacis\u00eb nuk lindin t\u00eb gatsh\u00ebm, por formohen n\u00ebnj\u00eb procest\u00eb v\u00ebshtir\u00ebpune<span class=\"\">\u00a0 <\/span>t\u00eb gjat\u00eb e t\u00eb mundimshme, me pasion dhe p\u00ebrkushtim t\u00eb p\u00ebrhersh\u00ebm. \u00cbsht\u00eb mir\u00eb q\u00eb sillet gjak i ri, si kudo, edhe n\u00eb diplomaci, duke kombinuar energjin\u00eb rinore me p\u00ebrvoj\u00ebn e m\u00eb t\u00eb moshuarve.Por<span class=\"\">\u00a0 <\/span>neofit\u00ebt e ofruar, koh\u00ebt e fundit, n\u00eb kabinet apo n\u00eb sektor\u00eb t\u00eb tjer\u00eb t\u00eb diplomacis\u00eb, nuk japin ndonj\u00eb garanci p\u00ebr t\u00eb qen\u00eb optimist\u00eb se do t\u00eb ket\u00eb shtim t\u00eb numrit t\u00eb diplomat\u00ebve profesionist\u00eb. Diplomacia virtuale \u00ebsht\u00eb e paaft\u00eb p\u00ebr t\u00eb zgjidhur probleme madhore t\u00eb politik\u00ebs s\u00eb jashtme, apo p\u00ebr t\u00eb formuar diplomat\u00eb produktiv\u00eb. Aq m\u00eb tep\u00ebr q\u00eb rishtar\u00ebt e rekrutuar nga ju, n\u00eb mas\u00eb t\u00eb madhe, k\u00ebrkojn\u00eb q\u00eb, brenda nj\u00eb nate, t\u00eb gdhihen milioner\u00eb dhe diplomat\u00eb me p\u00ebrvoj\u00eb. N\u00ebse d\u00ebshira e par\u00eb, n\u00eb kushtet e munges\u00ebs s\u00eb shtetit ligjor, edhe mund t\u00eb realizohet, e dyta \u00ebsht\u00eb thjesht utopi.<\/span><\/div>\n<div class=\"\"><span class=\"\" lang=\"EN-GB\">S\u00eb treti, d\u00ebshiroj q\u00eb t\u2019ju b\u00ebj t\u00eb njohur mendimin dhe shqet\u00ebsimin tim mbi rolin e diplomacis\u00eb son\u00eb n\u00eb send\u00ebrtimin e strategjis\u00eb s\u00eb bashkimit komb\u00ebtar shqiptar.<\/span><\/div>\n<div class=\"\"><span class=\"\" lang=\"EN-GB\">Zoti Minist\u00ebr,<\/span><\/div>\n<div id=\"ecxyui_3_16_0_1_1429117885670_56164\" class=\"\"><span class=\"\" lang=\"EN-GB\">K\u00ebto dit\u00eb, kam ndjekur me v\u00ebmendje deklaratat e Kryeminstrit Rama p\u00ebr bashkimin komb\u00ebtar, si dhe reagimet e miqve dhe aleat\u00ebve tan\u00eb strategjik\u00eb rreth tyre. N\u00eb gjykimin tim, me pavar\u00ebsimin e Kosov\u00ebs, <\/span><span class=\"\" lang=\"EN-GB\">\u00e7<\/span><span id=\"ecxyui_3_16_0_1_1429117885670_56256\" class=\"\" lang=\"EN-GB\">\u00ebshtjes komb\u00ebtare shqiptare, t\u00eb lidhur nyje p\u00ebr mbi nj\u00eb shekull, i\u00ebsht\u00eb gjetur filli i zgjidhjes. Si e till\u00eb, ajo nuk ka nevoj\u00eb p\u00ebr deklarata t\u00eb \u201cforta\u201d politike, si ato t\u00eb Kryeministrit, q\u00eb kungjatin aleat\u00ebt tan\u00eb strategjik\u00eb, apo m\u00eb keq akoma,<span class=\"\">\u00a0 <\/span>tundin<span class=\"\">\u00a0 <\/span>para syve t\u00eb BE-s\u00ebgogolin e bashkimit komb\u00ebtar shqiptar, si alternativ\u00eb apokaliptike ndaj \u201cindiferenc\u00ebs\u201d s\u00eb Brukselit p\u00ebr integrimin europian t\u00eb Shqip\u00ebris\u00eb. Deklarata t\u00eb k\u00ebsaj natyre nuk e afrojn\u00eb, por e largojn\u00ebbashkimin komb\u00ebtar t\u00eb shqiptar\u00ebve.Ato jan\u00eb shprehje e munges\u00ebs s\u00eb nj\u00eb vizioni dhe politike t\u00eb qart\u00eb dhe afatgjat\u00eb, q\u00eb ngat\u00ebrron hapat taktik\u00eb me q\u00ebllimet strategjike dhe anasjelltas.Bashkimi komb\u00ebtar \u00ebsht\u00eb nj\u00eb<\/span><span class=\"\" lang=\"EN-GB\">\u00e7<\/span><span id=\"ecxyui_3_16_0_1_1429117885670_56163\" class=\"\" lang=\"EN-GB\">\u00ebshtje e shenjt\u00eb q\u00eb k\u00ebrkon shum\u00eb p\u00ebrgjegj\u00ebsi dhe q\u00eb nuk duron retorik\u00eb boshe apo veprime aventurore.Parimisht, ajo \u00ebsht\u00eb nj\u00eb<\/span><span class=\"\" lang=\"EN-GB\">\u00e7<\/span><span id=\"ecxyui_3_16_0_1_1429117885670_56167\" class=\"\" lang=\"EN-GB\">\u00ebshtje e drejt\u00eb dhe e ligjshme, historikisht, e pashmangshme. Por zgjidhja e saj nuk mund t\u00eb b\u00ebhet me goditje politike, me shantazhe t\u00eb tipit \u201cose\u2026ose\u201d, as<span class=\"\">\u00a0 <\/span>me djall\u00ebzi apo mistrecll\u00ebqe ballkanike, por me ndershm\u00ebri dhe pun\u00eb filigrani diplomatike q\u00eb mund t\u00eb vihet n\u00ebjet\u00eb nga diplomat\u00ebt atdhetar\u00eb t\u00eb karrier\u00ebs, t\u00eb cil\u00ebt duhet t\u00eb sigurojn\u00eb bashk\u00ebpunimin, ose, t\u00eb pakt\u00ebn, mir\u00ebkuptimin qoft\u00eb edhe n\u00eb heshtje t\u00eb aleat\u00ebve tan\u00eb strategjik\u00eb.<\/span><\/div>\n<div id=\"ecxyui_3_16_0_1_1429117885670_56169\" class=\"\"><span id=\"ecxyui_3_16_0_1_1429117885670_56168\" class=\"\" lang=\"EN-GB\">Duke p\u00ebrfunduar, zoti Minist\u00ebr, m\u00eb lejoni q\u00eb t\u2019ju sugjeroj q\u00eb, si hap i par\u00eb p\u00ebr k\u00ebndelljen e diplomacis\u00eb son\u00eb, duhet t\u00eb jet\u00eb rishqyrtimi i \u201cLigjit p\u00ebr sh\u00ebrbimin e jasht\u00ebm t\u00eb Republik\u00ebs s\u00eb Shqip\u00ebris\u00eb\u201d, gj\u00eb q\u00eb, me t\u00eb drejt\u00eb, <span class=\"\">\u00a0<\/span>u k\u00ebrkua k\u00ebto dit\u00eb, edhe nga Presidenti i Republik\u00ebs. T\u00eb rikthehen patjet\u00ebr kuotat ligjore q\u00eb vendosin kufij t\u00eb qart\u00eb p\u00ebr em\u00ebrimet politike n\u00eb diplomaci, si dhe t\u00ebfiksohen dispozita t\u00eb tilla ligjore q\u00eb do t\u00eb b\u00ebnin t\u00eb mundur kurimin e insuficiens\u00ebs institucionale aktuale midis Qeveris\u00eb dhe Institucionit t\u00eb Presidentit. Gjithashtu, sugjeroj t\u00eb shtohen dispozita t\u00eb reja ligjore p\u00ebr mbrojtjen dhe promovimin e kapaciteteve dhe vlerave m\u00eb t\u00eb mira t\u00eb diplomacis\u00eb shqiptare, si pjes\u00eb e pasuris\u00eb son\u00eb shtet\u00ebrore dhe komb\u00ebtare, p\u00ebr dh\u00ebnien e vendit q\u00eb i takon diplomacis\u00eb dhe atyre q\u00eb e kan\u00eb pranuar at\u00eb si profesion dhe mision jet\u00ebsor. Jam i bindur se Ministria jon\u00eb e Pun\u00ebve t\u00eb Jashtme ka nevoj\u00eb p\u00ebr shum\u00eb m\u00eb tep\u00ebr diplomaci dhe shum\u00eb m\u00eb pak politik\u00eb.<\/span><\/div>\n<div class=\"\"><span class=\"\" lang=\"EN-GB\">\u00a0<\/span><\/div>\n<div class=\"\"><span class=\"\" lang=\"EN-GB\">\u00a0<\/span><\/div>\n<div id=\"ecxyui_3_16_0_1_1429117885670_56171\" class=\"\"><span id=\"ecxyui_3_16_0_1_1429117885670_56170\" class=\"\" lang=\"EN-GB\">Me konsiderat\u00eb,<\/span><\/div>\n<div id=\"ecxyui_3_16_0_1_1429117885670_56173\" class=\"\"><span id=\"ecxyui_3_16_0_1_1429117885670_56172\" class=\"\" lang=\"EN-GB\">Dr. <a class=\"\" href=\"https:\" target=\"_blank\" name=\"_GoBack\"><\/a>Islam Lauka<\/span><\/div>\n<p>&nbsp;<\/p>\n","protected":false},"excerpt":{"rendered":"<p>Tiran\u00eb, me 14.04.2015 \u00a0 \u00a0 Zoti Minist\u00ebr, \u00a0 Si shkas p\u00ebr t\u2019ju drejtuar k\u00ebt\u00eb let\u00ebr sh\u00ebrbeu komunikimi q\u00eb m`u b\u00eb, k\u00ebto dit\u00eb, nga vart\u00ebsit tuaj p\u00ebr largimin tim nga Ministria e Pun\u00ebve t\u00eb Jashtme, si dhe pamund\u00ebsia e nj\u00eb takimi me ju, me \u00e7\u2019rast \u00a0do t`ua b\u00ebja t\u00eb njohura disa probleme, me t\u00eb cilat jam&hellip;<\/p>\n","protected":false},"author":1,"featured_media":5061,"comment_status":"open","ping_status":"open","sticky":false,"template":"","format":"standard","meta":{"footnotes":""},"categories":[3],"tags":[],"class_list":["post-5060","post","type-post","status-publish","format-standard","has-post-thumbnail","hentry","category-politike"],"_links":{"self":[{"href":"https:\/\/revistakuvendi.org\/index.php?rest_route=\/wp\/v2\/posts\/5060","targetHints":{"allow":["GET"]}}],"collection":[{"href":"https:\/\/revistakuvendi.org\/index.php?rest_route=\/wp\/v2\/posts"}],"about":[{"href":"https:\/\/revistakuvendi.org\/index.php?rest_route=\/wp\/v2\/types\/post"}],"author":[{"embeddable":true,"href":"https:\/\/revistakuvendi.org\/index.php?rest_route=\/wp\/v2\/users\/1"}],"replies":[{"embeddable":true,"href":"https:\/\/revistakuvendi.org\/index.php?rest_route=%2Fwp%2Fv2%2Fcomments&post=5060"}],"version-history":[{"count":1,"href":"https:\/\/revistakuvendi.org\/index.php?rest_route=\/wp\/v2\/posts\/5060\/revisions"}],"predecessor-version":[{"id":5062,"href":"https:\/\/revistakuvendi.org\/index.php?rest_route=\/wp\/v2\/posts\/5060\/revisions\/5062"}],"wp:featuredmedia":[{"embeddable":true,"href":"https:\/\/revistakuvendi.org\/index.php?rest_route=\/wp\/v2\/media\/5061"}],"wp:attachment":[{"href":"https:\/\/revistakuvendi.org\/index.php?rest_route=%2Fwp%2Fv2%2Fmedia&parent=5060"}],"wp:term":[{"taxonomy":"category","embeddable":true,"href":"https:\/\/revistakuvendi.org\/index.php?rest_route=%2Fwp%2Fv2%2Fcategories&post=5060"},{"taxonomy":"post_tag","embeddable":true,"href":"https:\/\/revistakuvendi.org\/index.php?rest_route=%2Fwp%2Fv2%2Ftags&post=5060"}],"curies":[{"name":"wp","href":"https:\/\/api.w.org\/{rel}","templated":true}]}}