{"id":5057,"date":"2015-04-15T13:02:33","date_gmt":"2015-04-15T13:02:33","guid":{"rendered":"http:\/\/revistakuvendi.org\/?p=5057"},"modified":"2015-04-15T13:02:33","modified_gmt":"2015-04-15T13:02:33","slug":"vdiq-ne-moshen-82-vjec-nazmi-derti","status":"publish","type":"post","link":"https:\/\/revistakuvendi.org\/?p=5057","title":{"rendered":"Vdiq n\u00eb mosh\u00ebn 82 vje\u00e7, Nazmi Derti"},"content":{"rendered":"<p><strong>\u00a0<\/strong><strong>Beqir SINA, New Jersey<\/strong><\/p>\n<p><strong>T\u00ebr\u00eb jet\u00ebn n\u00eb sh\u00ebrbim t\u00eb familjes tradit\u00ebs dhe t\u00eb kombit<\/strong>\u00a0\u00a0<strong>!<\/strong><\/p>\n<p><strong>PASAIC NEW JERSEY :<\/strong>\u00a0Familja Derti, dhe miq dhe dashamir\u00eb t\u00eb saj &#8211; qindra njer\u00ebz,\u00a0me t\u00eb gjitha nderimet e p\u00ebrcoll\u00ebn p\u00ebr n\u00eb jet\u00ebn e amnueshme, njeriun m\u00eb t\u00eb dashur t\u00eb tyre, Nazmi Derti.\u00a0I cili, lindi n\u00eb katundin Blliqe &#8211; Peshkopi n\u00eb 15Maj 1933 dhe vdiq t\u00eb premten (10 prill 2015) <!--more-->n\u00eb nj\u00eb spital n?7\u00a0kantonin Allentown &#8211; Pennsylvania &#8211; SHBA, i rrethuar nga bashk\u00ebshortja, f\u00ebmij\u00ebt, nipat e mbesat e tij.<\/p>\n<p>&nbsp;<\/p>\n<p>Ngushllimet, dhe sh\u00ebrbimet fetare, p\u00ebr dy dit\u00eb me radh\u00eb u mbajt\u00ebn n\u00eb Xhamin\u00eb &#8220;Qendr\u00ebs islame Shqiptare&#8221; n\u00eb Garfield, nga Imam Rifat Halili . Kurse,\u00a0ceremonia mortore\u00a0dhe varrimi u krye n\u00eb Laurel Grove Memorial Cemetery Totowa NJ, n\u00eb t\u00eb cil\u00ebn mor\u00ebn pjes\u00eb mbi 400 vet\u00eb. (vlen p\u00ebr t&#8217;u permendur me k\u00ebt\u00eb rast &#8211; ndihma e policis\u00eb &#8220;Passaic County Sheriff'&#8221; n\u00eb shoq\u00ebrimin e kortezhit &#8211; me makinat e tyre, nga oficeri i policis\u00eb Lirim Kaba)<\/p>\n<p>Nazmiu, u nda nga jeta duke u b\u00ebr\u00eb, i njohur si nj\u00eb veprimtar dhe intelektuali i shquar, sidomos\u00a0p\u00ebr pun\u00ebn e tij t\u00eb palodhshme, n\u00eb ruajtjen e familjes, tradit\u00ebs komb\u00ebtare,\u00a0dhe sedr\u00ebs dibrane, arsimimit dhe intelektualitetit t\u00eb tij shqiptar, n\u00eb Diaspor\u00eb.<\/p>\n<p>Ai, shkoll\u00ebn kat\u00ebrvje\u00e7are\u00a0 e kreu n\u00eb fshatin Blliqe, tet\u00ebvje\u00e7aren n\u00eb Kastriot, kurse t\u00eb mesmen n\u00eb Normalen n\u00eb Prishtin\u00eb, e cila m\u00eb von\u00eb u b\u00eb djepi i dituris\u00eb Universiteti i Prishtin\u00ebs.<\/p>\n<p>Nd\u00ebrkoh\u00eb, q\u00eb mbasi p\u00ebrfundoj\u00eb shkoll\u00ebn Normale n\u00eb Prishtin\u00eb, p\u00ebr disa vjet deri sa qendronte me familjen e tij n\u00eb Maqedoni &#8211; punoi si m\u00ebsues i gjuh\u00ebs shqipe n\u00eb rrethinat e Shkupit, dhe n\u00eb ve\u00e7anti n\u00eb fshatrat e Tetov\u00ebs, ku dha kontribut t\u00eb madh n\u00eb arsimimin e brezave t\u00eb rinj dhe m\u00ebsmin e gjuh\u00ebs shqipe.<\/p>\n<p>Shkollimin e lart\u00eb, Nazmiu,\u00a0e mori duke filluar me studimet e tij, n\u00eb Universitetin e Brukselit, dhe Parisit, duke i\u00a0p\u00ebrfundur n\u00eb Filozofi n\u00eb Universitetin &#8220;State University of New York at Geneseo&#8221;, ku Nazmi Derti, diplomua, aty\u00a0duke qen\u00eb nj\u00eb student i dalluar n\u00eb m\u00ebsime.<\/p>\n<p>Nazmiu, s\u00eb bashku me familjen n\u00eb vitin 1949, u arratis\u00ebn fillimisht, dhe\u00a0dol\u00ebn e qendruan p\u00ebr disa vjet n\u00eb Maqedoni, m\u00eb pas emigruan\u00a0n\u00eb Itali, Belgjik\u00eb, Franc\u00eb, dhe, m\u00eb von\u00eb n\u00eb SHBA, ku edhe e mbylli jet\u00ebn e tij, n\u00eb kantonin Allentown &#8211; Pennsylvania .<\/p>\n<p>Gjat\u00eb, gjith\u00eb jet\u00ebs s\u00eb tij, Nazmiu u dallua si nj\u00eb njeri me t\u00eb gjitha vyrtytet m\u00eb t\u00eb vyera burr\u00ebrore, komb\u00ebtare, dhe krahinore. Duke u shquar\u00a0si nj\u00eb prind\u00ebr shembullor, i dashur , fjal\u00eb \u00ebmb\u00ebl dhe human i madh. Veprimtar dhe intelektual, i palodhsh\u00ebm n\u00eb pun\u00ebn e tij, burr i tradit\u00ebs dhe sedr\u00ebs dibrane, arsimimit dhe intelektualitetit shqiptar n\u00eb Diaspor\u00eb. Ai\u00a0ishte nj\u00eb patriot i flak\u00ebt, i cili e donte shum\u00eb, Shqip\u00ebrin\u00eb, Kosov\u00ebn, dhe viset shqiptare, ashtu si donte edhe k\u00ebt\u00eb vend t\u00eb bekuar SHBA. Gjithashtu,\u00a0donte dhe e kujtonte me mall Dibr\u00ebn, vendlindjen e tij, &#8220;Dibr\u00ebn e lasht\u00eb, Dibr\u00ebn e men\u00e7uris\u00eb , trim\u00ebris\u00eb, Dibr\u00ebn e b\u00ebmave historike&#8221;, q\u00eb thoshte gjithmon\u00eb, ai.<\/p>\n<p>Duke qen\u00eb i lidhur familjerisht me familjet m\u00eb t\u00eb mira n\u00eb Dib\u00ebr (parin\u00eb e Dibr\u00ebs), e p\u00ebr rreth saj, i afruar rreth patrioteve t\u00eb njohur, figurave m\u00eb eminente t\u00eb diaspor\u00ebs n\u00eb emigrim, n\u00eb\u00a0Itali, Franc\u00eb, Beligjik\u00eb dhe\u00a0 SHBA, Nazmiu, u bashkua gjithmon\u00eb me ta, n\u00eb t\u00eb gjitha veprimtarit\u00eb e p\u00ebrpjekjet e tyre,\u00a0 p\u00ebr demokratizimin e Shqip\u00ebris\u00eb, lirin\u00eb, \u00e7lrimin dhe pavar\u00ebsin\u00eb e Kosov\u00ebs, p\u00ebr \u00c7am\u00ebrin\u00eb dhe t\u00eb drejtat e shqiptar\u00ebve n\u00eb trojet e tyre etnike. Ku n\u00eb k\u00ebt\u00eb aspekt nj\u00eb kontribut t\u00eb pa\u00e7muar, ka dh\u00ebn\u00eb ai dhe v\u00ebllai i tij, nj\u00eb veprimtar mjaft i njohur n\u00eb diaspor\u00eb, Din\u00eb Derti.<\/p>\n<p>N\u00eb kujtes\u00ebn e t\u00ebr\u00eb atyre q\u00eb e njoh\u00ebn t\u00eb ndjerin Nazmi Derti, natyrisht q\u00eb ai do t\u00eb mbetet nj\u00eb prind\u00ebr sh\u00ebmbullor, nj\u00eb familijar, mik dhe shok i mir\u00eb me t\u00eb gjith\u00eb shqiptar\u00ebt. Ai ishte nj\u00eb\u00a0 intelektual, dhe studiues i shkenc\u00ebs s\u00eb Filozifis\u00eb, njeri\u00a0i ndersh\u00ebm, patriot dhe publicist i dalluar n\u00eb shtypin shqiptar n\u00eb, diaspor\u00eb, Maqedoni dhe Shqip\u00ebri.<\/p>\n<p><strong>N\u00eb fjal\u00ebn e lamtumir\u00ebs, para arkivolit me trupin e tij &#8211; Faik Lita, do ta quante at\u00eb mentorin e tij .<\/strong><\/p>\n<p>Lita, duke e portretizuar at\u00eb n\u00eb mes emocionesh t\u00eb m\u00ebdha, tha se :&#8221;Nazmiu, mbi t\u00eb gjitha ka qen\u00eb nj\u00eb burr\u00eb i ndersh\u00ebm, i zgjuar, puntor, dhe serioz me tiparet m\u00eb t\u00eb larta njer\u00ebzore dhe shqiptare. Njeri i fjal\u00ebs, dhe i bes\u00ebs, mik i p\u00ebrjet\u00ebsh\u00ebm me t\u00eb gjith\u00eb&#8221;, tha ai.<\/p>\n<p>P\u00ebr, Nazmiun, duket se gjith\u00e7ka n\u00eb k\u00ebt\u00eb bot\u00eb fillonte, nga familja, t\u00eb cil\u00ebn n\u00eb \u00e7do aspekt t\u00eb saj, ai e nd\u00ebrtoj\u00eb n\u00eb m\u00ebnyr\u00ebn m\u00eb\u00a0sh\u00ebmbullore, tha Lita, duke shtuar\u00a0se Nazmiu, ishte bisnik deri n\u00eb vdekje ndaj bashk\u00ebshortes fisnike Lies, dhe nj\u00eb bab\u00eb i mrekullueshem i tre djem\u00ebve ; Bashkimit, G\u00ebzimit dhe Petritit, dhe nj\u00eb v\u00eblla i dashur dhe i respektuar i motr\u00ebs &#8211; Majunes, dhe i v\u00ebllait t\u00eb tij Din\u00ebs.<\/p>\n<p>Mir\u00ebpo, gjat\u00eb fjal\u00ebs s\u00eb lamtumir\u00ebs, Lita, &#8220;zbuloi&#8221; at\u00eb se p\u00ebrve\u00e7 familjes Nazmiu, kishte edhe disa pasione t\u00eb tjera t\u00eb ve\u00e7anta p\u00ebr jet\u00ebn e tij: si\u00e7 ishin :&#8221;\u00c7\u00ebshtja komb\u00ebtare, Filozofia p\u00ebr t\u00eb cil\u00ebn ai studioi, librat q\u00eb ai i donte aq shum\u00eb dhe sporti i Golfit, q\u00eb e luante me shum\u00eb pasion&#8221;<\/p>\n<p>Nazmiun , Faik Lita, e quajti &#8220;njeriun e dashuruar me librat&#8221;, dhe sidomos me ato t\u00eb veprave t\u00eb shkrimtar\u00ebve t\u00eb m\u00ebdhenj\u00eb, qofshin ata shqiptar\u00eb apo t\u00eb rangut bot\u00ebror\u00eb, si p\u00ebrshembull : Fan Noli, Faik Konica, Pat\u00ebr Gjergj Fishta, Tajar Zavalanin, e t\u00eb tjer\u00eb. &#8220;Ai, kishte lexuar m\u00eb shum\u00eb se 1000 vepra t\u00eb shkrimtar\u00ebve m\u00eb t\u00eb m\u00ebdhenj\u00eb bot\u00ebror, ku Lita ve\u00e7oj\u00eb, Spinot\u00eb, Montanin, Hygoin,Servatesin dhe Volterin e t\u00eb tjer\u00eb, kurse, ai kishte studiuar mir\u00eb Aristotelin dhe Platonin, t\u00eb cil\u00ebt ai thoshte se jan\u00eb shqiptar\u00eb&#8221; tha Lita n\u00eb fjal\u00ebn e lamtumir\u00ebs.<\/p>\n<p>Duke u ndar\u00eb me lot n\u00eb sy dhe me mir\u00ebnjohjen e thell\u00eb\u00a0shpirt\u00ebrore p\u00ebr t\u00ebr\u00eb at\u00eb q\u00eb ai ka b\u00ebre, \u00e7do njeri p\u00ebrshp\u00ebriti :T\u00eb qoft\u00eb e leht\u00eb toka k\u00ebtij vendi t\u00eb bekuar, q\u00eb ti e adhuroje\u00a0p\u00ebr t\u00ebr\u00eb jet\u00ebn\u201d.<\/p>\n<p>I ndjeri u varros\u00eb me t\u00eb gjitha nderimet, duke i hedhur nj\u00eb dor\u00eb dhe dhe dh\u00ebn\u00eb lamtumir\u00ebn e fundit, dhe lutur p\u00ebr shpirtin e tij &#8211; nga bashk\u00ebshortja fisnike Lija, f\u00ebmij\u00ebt me emrat e bukur G\u00ebzimi, Bashkimi dhe Petriti,( f\u00ebmij\u00eb t\u00eb cil\u00ebt ai i edukoj\u00eb dhe shkolloj\u00eb, n\u00eb universitet m\u00eb larta amerikane), v\u00ebllau dhe shoku i jet\u00ebs, veprimtari i dalluar i \u00e7\u00ebshtjes komb\u00ebtare Din\u00eb Derti, motra e dashur Majunia. Por, edhe n\u00eb pranin\u00eb e t\u00eb gjith\u00eb familjar\u00ebve, nipave e mbesave, farefisit dhe shok\u00ebve e miqve t\u00eb shumt\u00eb nga Dibra, Kosova, Shqip\u00ebria dhe shum\u00eb qytete t\u00eb Maqedonis\u00eb, Malit t\u00eb Zi, e viseve t\u00eb tjera.<\/p>\n","protected":false},"excerpt":{"rendered":"<p>\u00a0Beqir SINA, New Jersey T\u00ebr\u00eb jet\u00ebn n\u00eb sh\u00ebrbim t\u00eb familjes tradit\u00ebs dhe t\u00eb kombit\u00a0\u00a0! PASAIC NEW JERSEY :\u00a0Familja Derti, dhe miq dhe dashamir\u00eb t\u00eb saj &#8211; qindra njer\u00ebz,\u00a0me t\u00eb gjitha nderimet e p\u00ebrcoll\u00ebn p\u00ebr n\u00eb jet\u00ebn e amnueshme, njeriun m\u00eb t\u00eb dashur t\u00eb tyre, Nazmi Derti.\u00a0I cili, lindi n\u00eb katundin Blliqe &#8211; Peshkopi n\u00eb 15Maj&hellip;<\/p>\n","protected":false},"author":1,"featured_media":5058,"comment_status":"open","ping_status":"open","sticky":false,"template":"","format":"standard","meta":{"footnotes":""},"categories":[12],"tags":[],"class_list":["post-5057","post","type-post","status-publish","format-standard","has-post-thumbnail","hentry","category-jete-komuniteti"],"_links":{"self":[{"href":"https:\/\/revistakuvendi.org\/index.php?rest_route=\/wp\/v2\/posts\/5057","targetHints":{"allow":["GET"]}}],"collection":[{"href":"https:\/\/revistakuvendi.org\/index.php?rest_route=\/wp\/v2\/posts"}],"about":[{"href":"https:\/\/revistakuvendi.org\/index.php?rest_route=\/wp\/v2\/types\/post"}],"author":[{"embeddable":true,"href":"https:\/\/revistakuvendi.org\/index.php?rest_route=\/wp\/v2\/users\/1"}],"replies":[{"embeddable":true,"href":"https:\/\/revistakuvendi.org\/index.php?rest_route=%2Fwp%2Fv2%2Fcomments&post=5057"}],"version-history":[{"count":1,"href":"https:\/\/revistakuvendi.org\/index.php?rest_route=\/wp\/v2\/posts\/5057\/revisions"}],"predecessor-version":[{"id":5059,"href":"https:\/\/revistakuvendi.org\/index.php?rest_route=\/wp\/v2\/posts\/5057\/revisions\/5059"}],"wp:featuredmedia":[{"embeddable":true,"href":"https:\/\/revistakuvendi.org\/index.php?rest_route=\/wp\/v2\/media\/5058"}],"wp:attachment":[{"href":"https:\/\/revistakuvendi.org\/index.php?rest_route=%2Fwp%2Fv2%2Fmedia&parent=5057"}],"wp:term":[{"taxonomy":"category","embeddable":true,"href":"https:\/\/revistakuvendi.org\/index.php?rest_route=%2Fwp%2Fv2%2Fcategories&post=5057"},{"taxonomy":"post_tag","embeddable":true,"href":"https:\/\/revistakuvendi.org\/index.php?rest_route=%2Fwp%2Fv2%2Ftags&post=5057"}],"curies":[{"name":"wp","href":"https:\/\/api.w.org\/{rel}","templated":true}]}}