{"id":5045,"date":"2015-04-09T17:18:54","date_gmt":"2015-04-09T17:18:54","guid":{"rendered":"http:\/\/revistakuvendi.org\/?p=5045"},"modified":"2015-04-09T17:18:54","modified_gmt":"2015-04-09T17:18:54","slug":"kumbaret-e-haracit","status":"publish","type":"post","link":"https:\/\/revistakuvendi.org\/?p=5045","title":{"rendered":"Kumbar\u00ebt e hara\u00e7it"},"content":{"rendered":"<p>Arbana\u00a0 Xharra<\/p>\n<p>&nbsp;<\/p>\n<p>Hara\u00e7, definicion ky q\u00eb n\u00eb Kosov\u00eb \u00ebsht\u00eb shnd\u00ebrruar n\u00eb sinonim t\u00eb komandant\u00ebve matrapaz\u00eb t\u00eb luft\u00ebs, q\u00eb sot jan\u00eb pjes\u00eb t\u00eb institucioneve, drejtor\u00eb t\u00eb nd\u00ebrmarrjeve, pronar\u00eb t\u00eb aseteve t\u00eb Kosov\u00ebs.<!--more--><\/p>\n<p>P\u00ebr 16 vjet me radh\u00eb pla\u00e7kit\u00ebn, uzurpuan, grabit\u00ebn e \u00e7far\u00eb jo tjet\u00ebr n\u00eb em\u00ebr t\u00eb luft\u00ebs. Madje jo pak nga ata jan\u00eb edhe p\u00ebrfaq\u00ebsues t\u00eb diplomacis\u00eb s\u00eb Kosov\u00ebs, s\u2019prish pun\u00eb pse ata jan\u00eb thjesht analfabet\u00eb dhe pjes\u00eb e strukturave kriminale t\u00eb institucionalizuara t\u00eb Kosov\u00ebs.<\/p>\n<p>Var\u00ebsisht nga fuqia politika, k\u00ebta ish-komandant\u00eb, kan\u00eb evoluar edhe me pozicione t\u00eb tyre. Dikush nga uzurpimi e hara\u00e7i n\u00ebp\u00ebr kioska e dyqane kan\u00eb kaluar n\u00eb talle t\u00eb tender\u00ebve publik\u00eb milion\u00ebsh. T\u00eb tjer\u00eb b\u00ebjn\u00eb politik\u00eb p\u00ebr interesa t\u00eb biznesit, dikush merret me diplomaci. Kush s\u2019ka arritur t\u00eb marr\u00eb ul\u00ebsen e pushtetit, e ka gjetur vet\u00ebn me kazino e \u00a0aparate t\u00eb loj\u00ebrave t\u00eb fatit, duke i lakmuar shok\u00ebt e luft\u00ebs n\u00eb pushtet. T\u00eb gjith\u00eb k\u00ebta akter\u00eb t\u00eb pla\u00e7k\u00ebs nis\u00ebn shtrirjen n\u00eb em\u00ebr t\u00eb luft\u00ebs, q\u00eb gjoja e kan\u00eb b\u00ebr\u00eb p\u00ebr \u00e7lirimin e Kosov\u00ebs.<\/p>\n<p>Biznesmeni Eroll Vitaku \u00ebsht\u00eb vet\u00ebm nj\u00ebri nga shum\u00eb biznesmen\u00eb q\u00eb pati guximin t\u00eb rr\u00ebfej\u00eb rastin e tij nga halli i madh q\u00eb ka pasur prej bandit\u00ebve t\u00eb luft\u00ebs. Foli publikisht n\u00eb emisionin \u201cPuls\u201d, duke p\u00ebrmendur se kush ishin hara\u00e7k\u00ebrkuesit e tij. Gjendja e tij fizike, fasha n\u00eb hund\u00eb, vet\u00ebm sa t\u00eb jepnin nj\u00eb pasqyrim t\u00eb terrorit q\u00eb kan\u00eb ushtruar grupe bandit\u00ebsh mbi t\u00eb.<\/p>\n<p>Emrat e komandant\u00ebve, Rustem Mustafa (Remi) e Latif Gashi (Lata), nuk ishin befasi.<\/p>\n<p>Lajmi ishte guximi i k\u00ebtij qytetari t\u00eb Kosov\u00ebs, q\u00eb n\u00eb k\u00ebt\u00eb ambient gangster\u00ebsh, ku secili prej tyre ka nj\u00eb lidhje n\u00eb polici apo gjykat\u00eb, t\u00eb dal\u00eb e t\u00eb flas\u00eb publikisht.<\/p>\n<p>E pritshme \u00ebsht\u00eb q\u00eb t\u00eb dy k\u00ebta ish-luft\u00ebtar\u00eb t\u00eb U\u00c7K-s\u00eb ta mohojn\u00eb t\u00eb ken\u00eb k\u00ebrkuar hara\u00e7, nj\u00ebsoj sikurse edhe shum\u00eb ish-komandant\u00eb, shok\u00eb t\u00eb tyre t\u00eb luft\u00ebs, q\u00eb sot s\u2019ia din\u00eb skajin pasuris\u00eb q\u00eb kan\u00eb, ato sht\u00ebpi e prona milion\u00ebshe.<\/p>\n<p>Kur pyeten, ata tregojn\u00eb p\u00ebr \u201csakrificat\u201d gjat\u00eb luft\u00ebs, sesa shum\u00eb e kan\u00eb pritur dit\u00ebn kur Kosova t\u00eb shpallet shtet i pavarur. Jan\u00eb po k\u00ebta k\u00ebrc\u00ebnues e shatazhues, q\u00eb nj\u00ebmend po i g\u00ebzojn\u00eb dit\u00ebt n\u00eb liri.<\/p>\n<p>Jan\u00eb thirrur n\u00eb em\u00ebr t\u00eb luft\u00ebs p\u00ebr t\u00eb p\u00ebrfituar n\u00eb secilin rast q\u00eb u ka dal\u00eb p\u00ebrpara. Kan\u00eb besuar se euforia e pasluft\u00ebs do t\u00eb zgjas\u00eb pa mbarim.<\/p>\n<p>Por, Vitaku \u00ebsht\u00eb vet\u00ebm nj\u00eb shembull i nj\u00ebrit prej shum\u00eb qytetar\u00ebve t\u00eb tjer\u00eb t\u00eb Kosov\u00ebs q\u00eb ua kan\u00eb v\u00ebn\u00eb lakun n\u00eb fyt, komandant\u00ebt q\u00eb n\u00eb em\u00ebr t\u00eb luft\u00ebs prej 1999-s vazhdojn\u00eb t\u00eb pla\u00e7kitin \u00e7far\u00ebdo q\u00eb u del p\u00ebrpara.<\/p>\n<p>Ne t\u00eb gjith\u00eb jemi d\u00ebshmitar\u00eb se p\u00ebr gjith\u00eb k\u00ebto vite hara\u00e7i nuk filloi e mbaroi me pronar\u00ebt e dyqaneve t\u00eb Pallatin t\u00eb Rinis\u00eb n\u00eb Prishtin\u00eb. Vitaku e riaktualizoi nj\u00eb krim q\u00eb \u00ebsht\u00eb i shtrir\u00eb n\u00eb t\u00ebr\u00eb territorin e Kosov\u00ebs. Bos\u00ebt e hara\u00e7it kan\u00eb t\u00eb ndar\u00eb territoret, bizneset, menaxhimin e aseteve t\u00eb Kosov\u00ebs var\u00ebsisht nga cila zon\u00eb e luft\u00ebs vijn\u00eb.<\/p>\n<p>Normalisht, jo t\u00eb gjith\u00eb e shtrijn\u00eb k\u00ebt\u00eb terror mbi qytetar\u00ebt e k\u00ebtij vendi, duke k\u00ebrkuar hara\u00e7 n\u00eb m\u00ebnyr\u00eb klasike. Shantazhi p\u00ebr p\u00ebrfitim shtrihet n\u00eb forma dhe nivele t\u00eb ndryshme.<\/p>\n<p>Ata thon\u00eb se e filluan luft\u00ebn p\u00ebr ta b\u00ebr\u00eb Kosov\u00ebn e pavarur, me t\u00ebr\u00ebsin\u00eb e saj territoriale, e n\u00eb fakt sot jan\u00eb kap\u00ebsit dhe pla\u00e7kit\u00ebsit e shtetit.<\/p>\n<p>Remi e Lata nuk jan\u00eb emrat e vet\u00ebm q\u00eb kan\u00eb epitetin e hara\u00e7k\u00ebrkuesve. Shok\u00ebt e tyre t\u00eb luft\u00ebs, q\u00eb zot\u00ebrojn\u00eb fuqi financiare n\u00eb partit\u00eb e krahut t\u00eb luft\u00ebs, disa n\u00eb pushtet e disa n\u00eb opozit\u00eb, pa asnj\u00eb biznes jan\u00eb n\u00ebntoka e krimit.<\/p>\n<p>E kur krer\u00ebt e krahut t\u00eb luft\u00ebs flasin p\u00ebr korrupsion dhe elementet q\u00eb aludojn\u00eb n\u00eb t\u00eb, asnj\u00ebher\u00eb nuk deklarohen p\u00ebr luksin e tyre, bashk\u00eb me v\u00ebllaz\u00ebri\u2026 Partit\u00eb e krahut t\u00eb luft\u00ebs kan\u00eb d\u00ebshmuar elemente t\u00eb nj\u00ebjta t\u00eb ushtrimit t\u00eb terrorit mbi popullat\u00eb n\u00eb em\u00ebr t\u00eb luft\u00ebs. E gjith\u00eb k\u00ebt\u00eb pushtet e kan\u00eb arritur duke u thirrur n\u00eb em\u00ebr t\u00eb luft\u00ebs, derisa jan\u00eb pasuruar jasht\u00ebligjsh\u00ebm. Kurse, fatur\u00ebn e izolimit e denigrimit po e paguajn\u00eb qytetar\u00ebt p\u00ebr shkak t\u00eb veprimeve q\u00eb ka b\u00ebr\u00eb nj\u00eb grup kriminel\u00ebsh.<\/p>\n<p>Ata askush nuk ka guxuar t\u2019i luftoj\u00eb me mjete ligjore, q\u00eb nga mbarimi i luft\u00ebs. K\u00ebta \u201cpatriot\u00eb\u201d q\u00eb sot ankohen se \u201cGjykata Speciale do ta d\u00ebmtoj\u00eb imazhin e Kosov\u00ebs\u201d, e kan\u00eb fundosur imazhin duke p\u00ebrvet\u00ebsuar \u00e7far\u00ebdo q\u00eb u ka r\u00ebn\u00eb dor\u00eb.<\/p>\n<p>Cili prokuror apo gjykat\u00ebs vendor e ka guximin t\u00eb merret me k\u00ebta individ\u00eb q\u00eb e kan\u00eb shtrir\u00eb fuqin\u00eb n\u00eb secilin sektor, t\u00eb cil\u00ebt mbajn\u00eb peng njer\u00ebz me shantazhe e p\u00ebrgjime?<\/p>\n<p>\u00cbsht\u00eb e natyrshme q\u00eb k\u00ebta nuk e mb\u00ebshtesin themelimin e Gjykat\u00eb Speciale, sepse e duan Kosov\u00ebn t\u00eb till\u00eb si\u00e7 \u00ebsht\u00eb, pa drejt\u00ebsi dhe ligje q\u00eb nd\u00ebshkojn\u00eb. Ky \u00ebsht\u00eb ambienti m\u00eb i p\u00ebrshtatsh\u00ebm p\u00ebr t\u00eb ushtruar terror jo vet\u00ebm verbal.<\/p>\n<p>Kosov\u00ebs i ka ardhur koha t\u00eb pastrohet nga njollat, sepse barr\u00ebn p\u00ebr denigrimin e Kosov\u00ebs nuk kan\u00eb pse ta bartin dy milion\u00eb banor\u00eb t\u00eb saj.<\/p>\n<p>Nj\u00eb e mir\u00eb q\u00eb po i ndodh k\u00ebtij vendi, jan\u00eb z\u00ebrat q\u00eb s\u2019po kan\u00eb frik\u00eb t\u00eb flasin p\u00ebr ata q\u00eb s\u2019\u00ebsht\u00eb guxuar t\u2019u p\u00ebrmendet emri tash e 16 vjet!<\/p>\n<p>&nbsp;<\/p>\n<p>zeri,08 maj 2015<\/p>\n","protected":false},"excerpt":{"rendered":"<p>Arbana\u00a0 Xharra &nbsp; Hara\u00e7, definicion ky q\u00eb n\u00eb Kosov\u00eb \u00ebsht\u00eb shnd\u00ebrruar n\u00eb sinonim t\u00eb komandant\u00ebve matrapaz\u00eb t\u00eb luft\u00ebs, q\u00eb sot jan\u00eb pjes\u00eb t\u00eb institucioneve, drejtor\u00eb t\u00eb nd\u00ebrmarrjeve, pronar\u00eb t\u00eb aseteve t\u00eb Kosov\u00ebs.<\/p>\n","protected":false},"author":1,"featured_media":5046,"comment_status":"open","ping_status":"open","sticky":false,"template":"","format":"standard","meta":{"footnotes":""},"categories":[3],"tags":[],"class_list":["post-5045","post","type-post","status-publish","format-standard","has-post-thumbnail","hentry","category-politike"],"_links":{"self":[{"href":"https:\/\/revistakuvendi.org\/index.php?rest_route=\/wp\/v2\/posts\/5045","targetHints":{"allow":["GET"]}}],"collection":[{"href":"https:\/\/revistakuvendi.org\/index.php?rest_route=\/wp\/v2\/posts"}],"about":[{"href":"https:\/\/revistakuvendi.org\/index.php?rest_route=\/wp\/v2\/types\/post"}],"author":[{"embeddable":true,"href":"https:\/\/revistakuvendi.org\/index.php?rest_route=\/wp\/v2\/users\/1"}],"replies":[{"embeddable":true,"href":"https:\/\/revistakuvendi.org\/index.php?rest_route=%2Fwp%2Fv2%2Fcomments&post=5045"}],"version-history":[{"count":1,"href":"https:\/\/revistakuvendi.org\/index.php?rest_route=\/wp\/v2\/posts\/5045\/revisions"}],"predecessor-version":[{"id":5047,"href":"https:\/\/revistakuvendi.org\/index.php?rest_route=\/wp\/v2\/posts\/5045\/revisions\/5047"}],"wp:featuredmedia":[{"embeddable":true,"href":"https:\/\/revistakuvendi.org\/index.php?rest_route=\/wp\/v2\/media\/5046"}],"wp:attachment":[{"href":"https:\/\/revistakuvendi.org\/index.php?rest_route=%2Fwp%2Fv2%2Fmedia&parent=5045"}],"wp:term":[{"taxonomy":"category","embeddable":true,"href":"https:\/\/revistakuvendi.org\/index.php?rest_route=%2Fwp%2Fv2%2Fcategories&post=5045"},{"taxonomy":"post_tag","embeddable":true,"href":"https:\/\/revistakuvendi.org\/index.php?rest_route=%2Fwp%2Fv2%2Ftags&post=5045"}],"curies":[{"name":"wp","href":"https:\/\/api.w.org\/{rel}","templated":true}]}}