{"id":4801,"date":"2014-12-02T15:16:14","date_gmt":"2014-12-02T15:16:14","guid":{"rendered":"http:\/\/revistakuvendi.org\/?p=4801"},"modified":"2014-12-02T15:16:14","modified_gmt":"2014-12-02T15:16:14","slug":"mbyllen-festimet-e-102-vjetorit-te-pavresise-ne-michigan","status":"publish","type":"post","link":"https:\/\/revistakuvendi.org\/?p=4801","title":{"rendered":"Mbyllen festimet e 102 vjetorit te Pavr\u00ebsis\u00eb n\u00eb Michigan"},"content":{"rendered":"<p><strong><a href=\"http:\/\/revistakuvendi.org\/wp-content\/uploads\/2014\/12\/102-vjet-pavaresi-salla1.jpg\"><img loading=\"lazy\" decoding=\"async\" class=\"alignleft size-medium wp-image-4803\" src=\"http:\/\/revistakuvendi.org\/wp-content\/uploads\/2014\/12\/102-vjet-pavaresi-salla1-300x225.jpg\" alt=\"102 vjet pavaresi salla1\" width=\"300\" height=\"225\" srcset=\"https:\/\/revistakuvendi.org\/wp-content\/uploads\/2014\/12\/102-vjet-pavaresi-salla1-300x225.jpg 300w, https:\/\/revistakuvendi.org\/wp-content\/uploads\/2014\/12\/102-vjet-pavaresi-salla1.jpg 852w\" sizes=\"auto, (max-width: 300px) 100vw, 300px\" \/><\/a>Pjet\u00ebr\u00a0 Jaku<\/strong><\/p>\n<p>Me nj\u00eb dark\u00eb festive n\u00eb sall\u00ebn \u201cGjergj Kastrioti\u201d t\u00eb Qendr\u00ebs s\u00eb njohur t\u00eb Sh\u00ebn Palit \u00a0n\u00eb Detroit, p\u00ebrfundojn\u00eb \u00a0aktivitetet p\u00ebrkujtimore t\u00eb \u00a0102 vjetorit t\u00eb Pavarsis\u00eb n\u00eb\u00a0 Michigan.<!--more--><\/p>\n<p>Edhe pse nj\u00eb jave e ngjeshur me\u00a0 festime dhe koncerte, ku ne komunitetin shqiptar t\u00eb Detroitit ishin k\u00ebng\u00ebtar\u00ebt e njohur Eli Fara, Meda, Zef Beka dhe Elizabeta Marku, me dat\u00ebn 30 N\u00ebntor 2014, n\u00eb Sall\u00ebn \u201c Gjergj Kastrioti\u201d t\u00eb Qendres s\u00eb Sh\u00ebn Palit u p\u00ebrkujtua 102 vjetori i Pavar\u00ebsis\u00eb, n\u00eb nj\u00eb atmosfer\u00eb festive dhe organizim serioz, si n\u00eb t\u00eb gjitha rastet e m\u00ebparshme. Ishte pik\u00ebrisht kjo qender atdhetare dhe fetare q\u00eb e p\u00ebrkujtoi Pavar\u00ebsin\u00eb t\u00eb ndar\u00eb nga Flamuri\u00a0 me yll i periudh\u00ebs s\u00eb komunizmit, n\u00eb fillimin e viteve 80-t\u00eb me nj\u00eb rregullore t\u00eb ve\u00e7ant\u00eb\u00a0 organizative, ku p\u00ebrfshihej, pothuajse i gjith\u00eb komuniteti. Nj\u00eb model p\u00ebr t\u2019u marr\u00eb shembull edhe n\u00eb dit\u00ebt tona. N\u00eb k\u00ebt\u00eb manifestim, i cili vinte pas dy manifestimeve t\u00eb m\u00ebparshm\u00eb n\u00eb Imperial House dhe Kisha e Zoj\u00ebs Pajtore, merrnin pjes\u00eb klerik\u00eb t\u00eb komunitetit; Don Fran Kola, Dom Anton K\u00e7ira, Dom Ndue Gjergji, Konsulli i Nderit t\u00eb R Sh\u00a0 Ekrem Bardha, i ftuari kryesor Dr. Eduart \u00a0Grishaj, Dr. Martin Berishaj, ish ushtaraku i Ambasades shqiptare n\u00eb Washington, Everest Haxhi, dy TV-t\u00eb e komunitetit dhe shum\u00eb aktivist\u00eb q\u00eb q\u00eb kan\u00eb kontribuar n\u00eb vite p\u00ebr \u00e7eshtjen shqiptare. Moderator i mbr\u00ebmjes festive ishte Nik Ivanaj. E ftuara p\u00ebr arg\u00ebtimin e t\u00eb pranishmeve, k\u00ebng\u00ebtarja Elisabeta Marku. Pas hyrjes triumfale t\u00eb flamujve, t\u00eb cil\u00ebve u printe aktivisti i njohur, veterani vatran Vasel Ujkaj, u mbajt nje minut heshtje p\u00ebr te r\u00ebn\u00ebt, per t\u2019ia l\u00ebn vendin grupit te valleve t\u00eb k\u00ebsaj qendre, me nj\u00eb nga krijimet e fundit nga folklori tradicional i trevave t\u00eb Mal\u00ebsis\u00eb.<\/p>\n<p>Pas hymneve t\u00eb Amerik\u00ebs dhe Shqip\u00ebris\u00eb, Don Fran Kola bekoi aktivitetin me nj\u00eb tekst dometh\u00ebn\u00ebs t\u00eb N\u00ebn\u00eb Terezes, p\u00ebr dashurin\u00eb q\u00eb duhet t\u00eb tregojm\u00eb ndaj nj\u00ebri-tjetrit. Fjala kryesore e Dr. Eduart Grsihaj u p\u00ebrq\u00ebndrua n\u00eb disa fakte t\u00eb reja, q\u00eb u prin\u00eb aktiviteteve t\u00eb Pavar\u00ebsis\u00eb. Konciziteti dhe pjekuria historike, b\u00ebri q\u00eb fjala\u00a0 kryesore t\u00eb degjohej me shum\u00eb v\u00ebmendje nga t\u00eb pranishmit.<\/p>\n<p>Aktivitetin e p\u00ebrsh\u00ebndet\u00ebn ; Don Anton K\u00e7ira, Ekrem Bardha, Alfons Grishaj, Dr.Martin Berishaj, \u00a0dramaturgu i njohur Fadil Kraja, Nikoll\u00eb Sinishtaj, Everest Haxhi. Majori i qytetit Rochetsr Hills Bryan Barnett, pas p\u00ebrshendetjes s\u00eb komunitetit shqiptar t\u00eb Detroitit, k\u00ebrkoi edhe nj\u00ebher\u00eb t\u00eb merrte fjal\u00ebn p\u00ebr t\u00eb na kujtuar me nj\u00eb minut heshtje ish majorin e qytetit Streling HTS, i cili para pak dit\u00ebsh ndrroi jet\u00eb.<\/p>\n<p>Nw mbyllje, t\u00eb pranishmit u arg\u00ebtuan nga k\u00ebng\u00ebtarja Elisabeta Marku, ardhur enkas p\u00ebr k\u00ebt\u00eb aktivitet.<\/p>\n<p><a href=\"http:\/\/revistakuvendi.org\/wp-content\/uploads\/2014\/12\/102-vjet-pavaresi-don-frani.jpg\"><img loading=\"lazy\" decoding=\"async\" class=\"alignleft size-medium wp-image-4811\" src=\"http:\/\/revistakuvendi.org\/wp-content\/uploads\/2014\/12\/102-vjet-pavaresi-don-frani-258x300.jpg\" alt=\"102 vjet pavaresi don frani\" width=\"258\" height=\"300\" srcset=\"https:\/\/revistakuvendi.org\/wp-content\/uploads\/2014\/12\/102-vjet-pavaresi-don-frani-258x300.jpg 258w, https:\/\/revistakuvendi.org\/wp-content\/uploads\/2014\/12\/102-vjet-pavaresi-don-frani.jpg 481w\" sizes=\"auto, (max-width: 258px) 100vw, 258px\" \/><\/a><\/p>\n<p><a href=\"http:\/\/revistakuvendi.org\/wp-content\/uploads\/2014\/12\/102-vjet-pavaresi-e-grishaj1.jpg\"><img loading=\"lazy\" decoding=\"async\" class=\"alignleft size-medium wp-image-4810\" src=\"http:\/\/revistakuvendi.org\/wp-content\/uploads\/2014\/12\/102-vjet-pavaresi-e-grishaj1-216x300.jpg\" alt=\"102 vjet pavaresi e grishaj\" width=\"216\" height=\"300\" srcset=\"https:\/\/revistakuvendi.org\/wp-content\/uploads\/2014\/12\/102-vjet-pavaresi-e-grishaj1-216x300.jpg 216w, https:\/\/revistakuvendi.org\/wp-content\/uploads\/2014\/12\/102-vjet-pavaresi-e-grishaj1.jpg 384w\" sizes=\"auto, (max-width: 216px) 100vw, 216px\" \/><\/a><\/p>\n<p><a href=\"http:\/\/revistakuvendi.org\/wp-content\/uploads\/2014\/12\/102-vjet-pavaresi.jpg\"><img loading=\"lazy\" decoding=\"async\" class=\"alignleft size-medium wp-image-4809\" src=\"http:\/\/revistakuvendi.org\/wp-content\/uploads\/2014\/12\/102-vjet-pavaresi-232x300.jpg\" alt=\"102 vjet pavaresi\" width=\"232\" height=\"300\" srcset=\"https:\/\/revistakuvendi.org\/wp-content\/uploads\/2014\/12\/102-vjet-pavaresi-232x300.jpg 232w, https:\/\/revistakuvendi.org\/wp-content\/uploads\/2014\/12\/102-vjet-pavaresi.jpg 425w\" sizes=\"auto, (max-width: 232px) 100vw, 232px\" \/><\/a><\/p>\n<p><a href=\"http:\/\/revistakuvendi.org\/wp-content\/uploads\/2014\/12\/102-vjet-pavares-fonsi.jpg\"><img loading=\"lazy\" decoding=\"async\" class=\"alignleft size-medium wp-image-4808\" src=\"http:\/\/revistakuvendi.org\/wp-content\/uploads\/2014\/12\/102-vjet-pavares-fonsi-225x300.jpg\" alt=\"102 vjet pavares fonsi\" width=\"225\" height=\"300\" srcset=\"https:\/\/revistakuvendi.org\/wp-content\/uploads\/2014\/12\/102-vjet-pavares-fonsi-225x300.jpg 225w, https:\/\/revistakuvendi.org\/wp-content\/uploads\/2014\/12\/102-vjet-pavares-fonsi.jpg 378w\" sizes=\"auto, (max-width: 225px) 100vw, 225px\" \/><\/a><\/p>\n<p><a href=\"http:\/\/revistakuvendi.org\/wp-content\/uploads\/2014\/12\/102-vjet-pavaresi-salla.jpg\"><img loading=\"lazy\" decoding=\"async\" class=\"alignleft size-medium wp-image-4807\" src=\"http:\/\/revistakuvendi.org\/wp-content\/uploads\/2014\/12\/102-vjet-pavaresi-salla-300x225.jpg\" alt=\"102 vjet pavaresi salla\" width=\"300\" height=\"225\" srcset=\"https:\/\/revistakuvendi.org\/wp-content\/uploads\/2014\/12\/102-vjet-pavaresi-salla-300x225.jpg 300w, https:\/\/revistakuvendi.org\/wp-content\/uploads\/2014\/12\/102-vjet-pavaresi-salla.jpg 852w\" sizes=\"auto, (max-width: 300px) 100vw, 300px\" \/><\/a><\/p>\n<p><a href=\"http:\/\/revistakuvendi.org\/wp-content\/uploads\/2014\/12\/102-vjet-pavaresi2.jpg\"><img loading=\"lazy\" decoding=\"async\" class=\"alignleft size-medium wp-image-4806\" src=\"http:\/\/revistakuvendi.org\/wp-content\/uploads\/2014\/12\/102-vjet-pavaresi2-300x225.jpg\" alt=\"102 vjet pavaresi2\" width=\"300\" height=\"225\" srcset=\"https:\/\/revistakuvendi.org\/wp-content\/uploads\/2014\/12\/102-vjet-pavaresi2-300x225.jpg 300w, https:\/\/revistakuvendi.org\/wp-content\/uploads\/2014\/12\/102-vjet-pavaresi2.jpg 852w\" sizes=\"auto, (max-width: 300px) 100vw, 300px\" \/><\/a><\/p>\n<p><a href=\"http:\/\/revistakuvendi.org\/wp-content\/uploads\/2014\/12\/102-vjet-pavaresi6.jpg\"><img loading=\"lazy\" decoding=\"async\" class=\"alignleft size-medium wp-image-4805\" src=\"http:\/\/revistakuvendi.org\/wp-content\/uploads\/2014\/12\/102-vjet-pavaresi6-300x225.jpg\" alt=\"102 vjet pavaresi6\" width=\"300\" height=\"225\" srcset=\"https:\/\/revistakuvendi.org\/wp-content\/uploads\/2014\/12\/102-vjet-pavaresi6-300x225.jpg 300w, https:\/\/revistakuvendi.org\/wp-content\/uploads\/2014\/12\/102-vjet-pavaresi6.jpg 852w\" sizes=\"auto, (max-width: 300px) 100vw, 300px\" \/><\/a><\/p>\n","protected":false},"excerpt":{"rendered":"<p>Pjet\u00ebr\u00a0 Jaku Me nj\u00eb dark\u00eb festive n\u00eb sall\u00ebn \u201cGjergj Kastrioti\u201d t\u00eb Qendr\u00ebs s\u00eb njohur t\u00eb Sh\u00ebn Palit \u00a0n\u00eb Detroit, p\u00ebrfundojn\u00eb \u00a0aktivitetet p\u00ebrkujtimore t\u00eb \u00a0102 vjetorit t\u00eb Pavarsis\u00eb n\u00eb\u00a0 Michigan.<\/p>\n","protected":false},"author":1,"featured_media":4802,"comment_status":"open","ping_status":"open","sticky":false,"template":"","format":"standard","meta":{"footnotes":""},"categories":[12],"tags":[],"class_list":["post-4801","post","type-post","status-publish","format-standard","has-post-thumbnail","hentry","category-jete-komuniteti"],"_links":{"self":[{"href":"https:\/\/revistakuvendi.org\/index.php?rest_route=\/wp\/v2\/posts\/4801","targetHints":{"allow":["GET"]}}],"collection":[{"href":"https:\/\/revistakuvendi.org\/index.php?rest_route=\/wp\/v2\/posts"}],"about":[{"href":"https:\/\/revistakuvendi.org\/index.php?rest_route=\/wp\/v2\/types\/post"}],"author":[{"embeddable":true,"href":"https:\/\/revistakuvendi.org\/index.php?rest_route=\/wp\/v2\/users\/1"}],"replies":[{"embeddable":true,"href":"https:\/\/revistakuvendi.org\/index.php?rest_route=%2Fwp%2Fv2%2Fcomments&post=4801"}],"version-history":[{"count":1,"href":"https:\/\/revistakuvendi.org\/index.php?rest_route=\/wp\/v2\/posts\/4801\/revisions"}],"predecessor-version":[{"id":4812,"href":"https:\/\/revistakuvendi.org\/index.php?rest_route=\/wp\/v2\/posts\/4801\/revisions\/4812"}],"wp:featuredmedia":[{"embeddable":true,"href":"https:\/\/revistakuvendi.org\/index.php?rest_route=\/wp\/v2\/media\/4802"}],"wp:attachment":[{"href":"https:\/\/revistakuvendi.org\/index.php?rest_route=%2Fwp%2Fv2%2Fmedia&parent=4801"}],"wp:term":[{"taxonomy":"category","embeddable":true,"href":"https:\/\/revistakuvendi.org\/index.php?rest_route=%2Fwp%2Fv2%2Fcategories&post=4801"},{"taxonomy":"post_tag","embeddable":true,"href":"https:\/\/revistakuvendi.org\/index.php?rest_route=%2Fwp%2Fv2%2Ftags&post=4801"}],"curies":[{"name":"wp","href":"https:\/\/api.w.org\/{rel}","templated":true}]}}