{"id":4716,"date":"2014-10-20T13:45:14","date_gmt":"2014-10-20T13:45:14","guid":{"rendered":"http:\/\/revistakuvendi.org\/?p=4716"},"modified":"2014-10-20T16:54:05","modified_gmt":"2014-10-20T16:54:05","slug":"poezi-nga-bora-balaj","status":"publish","type":"post","link":"https:\/\/revistakuvendi.org\/?p=4716","title":{"rendered":"Poezi nga Bora Balaj"},"content":{"rendered":"<p><strong>Bora Balaj, Gjakove,<\/strong><\/p>\n<p><strong>\u00a0<\/strong><\/p>\n<p><strong><em>Poete, etnologe dhe hulumtuese e veshjeve te tradites do jete e pranishme ne Ditet e Letersise Shqipe ne Michigan<\/em><\/strong><\/p>\n<p>&nbsp;<\/p>\n<p><strong>\u00a0<\/strong><\/p>\n<p><strong>Sheshi N\u00ebn\u00eb Tereza n\u00eb Gjakov\u00eb<\/strong><\/p>\n<p>&nbsp;<\/p>\n<p>Mos lexo emra<br \/>\nN\u00ebp\u00ebr gur\u00ebt e qytetit<br \/>\nAty \u00ebsht\u00eb edhe emir im<!--more--><\/p>\n<p>Mos kalo sheshit N\u00ebn\u00ebTerez\u00eb<br \/>\nPa kthyer kok\u00ebn<br \/>\nT\u00eb shoh\u00ebsh lotin tim<br \/>\nAty\u00a0 pushojme te gjithe se bashku<br \/>\nEmrat n\u00eb gur\u00eb si n\u00eb err\u00ebsir\u00eb<br \/>\nT\u00eb vrar\u00eb e t\u00eb zhdukur<\/p>\n<p>Nuk di \u00e7\u2019mbiem\u00ebr t\u2019u v\u00ebj<br \/>\npos Martir\u00eb Lirie<\/p>\n<p>Aty p\u00ebr \u00e7do dit\u00eb kalon shpresa<\/p>\n<p>Dheu me duar t\u00eb lutura N\u00ebne<\/p>\n<p>Veten mos e harro kur t\u00eb kalosh<br \/>\nN\u00eb sheshin N\u00ebn\u00ebTereza n\u00eb Gjakov\u00eb\u2026<\/p>\n<p>&nbsp;<\/p>\n<p><strong>Balad\u00eb p\u00ebr t\u00eb zhdukurit<br \/>\n<\/strong><br \/>\nBraktisur nga ajo dit\u00eb<br \/>\nPrej dor\u00ebs s\u00eb dashuris\u00eb<br \/>\nN\u00eb zjarrin e tiranis\u00eb<br \/>\nSa vite ora u ndal<br \/>\nAsnj\u00eb lajm p\u00ebr ju<br \/>\nVet\u00ebm pik\u00ebllimi n\u00eb rritje<br \/>\nAsnj\u00eb fjal\u00eb p\u00ebr ju<br \/>\nVet\u00ebm shpresa n\u00eb pritje<br \/>\nLulja pa u thar\u00eb<br \/>\nTek priste pranver\u00ebn<br \/>\nOh \u00e7ast i vrar\u00eb<br \/>\nShko bashk\u00eb me sk\u00ebterr\u00ebn<br \/>\nK\u00ebshtu kjo tok\u00eb<br \/>\nK\u00ebshtu kjo bot\u00eb.<\/p>\n<p><strong>Dashuri e N\u00ebn\u00ebs<\/strong><\/p>\n<p>&nbsp;<\/p>\n<p>Duart e rrit\u00ebs sime<br \/>\nTreten bashk\u00eb me dheun<br \/>\nKujtes\u00eb \u00ebmb\u00eblsia e fjal\u00ebs<br \/>\nAs \u00ebnd\u00ebrr as vdekje<br \/>\nVet\u00ebm trupi \u00ebsht\u00eb tretur<br \/>\nDhe ka mbetur dashuri e n\u00ebn\u00ebs<br \/>\nDashuri e n\u00ebn\u00ebs<br \/>\nEmb\u00eblsi e fjal\u00ebs kur luteshe p\u00ebr mua<br \/>\nPara Sh\u00ebn Maris\u00eb<br \/>\nP\u00ebr t\u00eb sh\u00ebndetshme p\u00ebr rrit\u00ebn time<br \/>\nNgroht\u00ebsi e k\u00ebsaj bote<br \/>\nLul\u00ebzon e vet\u00ebm lul\u00ebon<br \/>\nDashuri e n\u00ebn\u00ebs<\/p>\n<p>&nbsp;<\/p>\n<p><strong>D\u00ebbimet<\/strong><\/p>\n<p>&nbsp;<\/p>\n<p>Endrrat trembeshin<br \/>\nN\u00eb nat\u00ebn e kobit<br \/>\nDrejt kufirit vall\u00ebzonte vdekja<br \/>\nAs nuk vijn\u00eb as nuk shkojn\u00eb<br \/>\nNjer\u00ebzit \u2013 hije<br \/>\nE shpirtin e kafshonte heshtja<\/p>\n<p>Kur vriteshin \u00ebndrrat<br \/>\nN\u00eb sheshin e dhembjes<br \/>\nCili shpirt p\u00ebgjakej<br \/>\nBashk\u00eb me kujtes\u00ebn<\/p>\n<p>&nbsp;<\/p>\n<p>&nbsp;<\/p>\n<p><strong>Kosov\u00eb<\/strong><\/p>\n<p>&nbsp;<\/p>\n<p>Edhe un\u00eb e kam sht\u00ebpin\u00eb time<br \/>\nLlamba as q\u00eb l\u00ebkundet<br \/>\nEra as q\u00eb fryn m\u00eb<br \/>\nStatujat e vogla p\u00ebrplasen<br \/>\nN\u00eb dritaren e mbyllur<br \/>\nAtdheu zgjohet nga \u00ebndrra<br \/>\nEdhe un\u00eb e kam dhembjen time<br \/>\nZjarrin e dashuris\u00eb<br \/>\nKosov\u00eb<\/p>\n<p>&nbsp;<\/p>\n","protected":false},"excerpt":{"rendered":"<p>Bora Balaj, Gjakove, \u00a0 Poete, etnologe dhe hulumtuese e veshjeve te tradites do jete e pranishme ne Ditet e Letersise Shqipe ne Michigan &nbsp; \u00a0 Sheshi N\u00ebn\u00eb Tereza n\u00eb Gjakov\u00eb &nbsp; Mos lexo emra N\u00ebp\u00ebr gur\u00ebt e qytetit Aty \u00ebsht\u00eb edhe emir im<\/p>\n","protected":false},"author":1,"featured_media":4719,"comment_status":"open","ping_status":"open","sticky":false,"template":"","format":"standard","meta":{"footnotes":""},"categories":[7],"tags":[],"class_list":["post-4716","post","type-post","status-publish","format-standard","has-post-thumbnail","hentry","category-poezi"],"_links":{"self":[{"href":"https:\/\/revistakuvendi.org\/index.php?rest_route=\/wp\/v2\/posts\/4716","targetHints":{"allow":["GET"]}}],"collection":[{"href":"https:\/\/revistakuvendi.org\/index.php?rest_route=\/wp\/v2\/posts"}],"about":[{"href":"https:\/\/revistakuvendi.org\/index.php?rest_route=\/wp\/v2\/types\/post"}],"author":[{"embeddable":true,"href":"https:\/\/revistakuvendi.org\/index.php?rest_route=\/wp\/v2\/users\/1"}],"replies":[{"embeddable":true,"href":"https:\/\/revistakuvendi.org\/index.php?rest_route=%2Fwp%2Fv2%2Fcomments&post=4716"}],"version-history":[{"count":4,"href":"https:\/\/revistakuvendi.org\/index.php?rest_route=\/wp\/v2\/posts\/4716\/revisions"}],"predecessor-version":[{"id":4724,"href":"https:\/\/revistakuvendi.org\/index.php?rest_route=\/wp\/v2\/posts\/4716\/revisions\/4724"}],"wp:featuredmedia":[{"embeddable":true,"href":"https:\/\/revistakuvendi.org\/index.php?rest_route=\/wp\/v2\/media\/4719"}],"wp:attachment":[{"href":"https:\/\/revistakuvendi.org\/index.php?rest_route=%2Fwp%2Fv2%2Fmedia&parent=4716"}],"wp:term":[{"taxonomy":"category","embeddable":true,"href":"https:\/\/revistakuvendi.org\/index.php?rest_route=%2Fwp%2Fv2%2Fcategories&post=4716"},{"taxonomy":"post_tag","embeddable":true,"href":"https:\/\/revistakuvendi.org\/index.php?rest_route=%2Fwp%2Fv2%2Ftags&post=4716"}],"curies":[{"name":"wp","href":"https:\/\/api.w.org\/{rel}","templated":true}]}}