{"id":4328,"date":"2014-04-28T01:32:38","date_gmt":"2014-04-28T01:32:38","guid":{"rendered":"http:\/\/revistakuvendi.org\/?p=4328"},"modified":"2014-04-28T01:32:38","modified_gmt":"2014-04-28T01:32:38","slug":"njoftim-i-kryetarit-te-vatres","status":"publish","type":"post","link":"https:\/\/revistakuvendi.org\/?p=4328","title":{"rendered":"Njoftim i Kryetarit te Vatres"},"content":{"rendered":"<div align=\"center\"><img loading=\"lazy\" decoding=\"async\" src=\"http:\/\/gazetadielli.com\/wp-content\/uploads\/2013\/09\/3-gjon-Bucaj-600x397.jpg\" alt=\"3 gjon Bucaj\" width=\"600\" height=\"397\" \/><\/div>\n<div>\n<p>Ka mb\u00ebrrijt\u00eb \u00e7ertifikata e riaktivizimit t\u00eb regjistrimit origjinal t\u00eb Vatr\u00ebs, \u201cREVIVAL CERTIFICATE\u201d dhe mban dat\u00ebn 23 prill 2014. Si\u00e7 dihet, p\u00ebr ar\u00ebsye historike kemi insistue q\u00eb t\u00eb mos bajm\u00eb regjistrim t\u00eb ri, <!--more-->por t\u00eb riaktivizojm\u00eb regjistrimin e vitit 1912, q\u00eb k\u00ebshtu t\u00eb pasqyrohet jeta pa nd\u00ebrpremje e k\u00ebsaj organizate fam\u00ebmadhe, prej lindjes deri n\u00eb dit\u00ebt tona dhe, pa nd\u00ebrpremje, t\u00eb eci drejt s\u00eb ardhmes.<\/p>\n<p>Riaktivizimi asht ba me efekt si t\u00eb mos ishte nderpre kurr\u00eb veprimtaia e saj: \u201c\u2026.said corporation is revived for all purposes and without limitation of timewith the sam powers, duties and obligations as if the corporationhad not been revoked or disolved.\u201d<\/p>\n<\/div>\n<p>&#8211; See more at: http:\/\/gazetadielli.com\/njoftim-i-kryetarit-te-vatres-3\/#sthash.O7gi5VSH.dpuf<\/p>\n","protected":false},"excerpt":{"rendered":"<p>Ka mb\u00ebrrijt\u00eb \u00e7ertifikata e riaktivizimit t\u00eb regjistrimit origjinal t\u00eb Vatr\u00ebs, \u201cREVIVAL CERTIFICATE\u201d dhe mban dat\u00ebn 23 prill 2014. Si\u00e7 dihet, p\u00ebr ar\u00ebsye historike kemi insistue q\u00eb t\u00eb mos bajm\u00eb regjistrim t\u00eb ri,<\/p>\n","protected":false},"author":1,"featured_media":0,"comment_status":"open","ping_status":"open","sticky":false,"template":"","format":"standard","meta":{"footnotes":""},"categories":[12],"tags":[],"class_list":["post-4328","post","type-post","status-publish","format-standard","hentry","category-jete-komuniteti"],"_links":{"self":[{"href":"https:\/\/revistakuvendi.org\/index.php?rest_route=\/wp\/v2\/posts\/4328","targetHints":{"allow":["GET"]}}],"collection":[{"href":"https:\/\/revistakuvendi.org\/index.php?rest_route=\/wp\/v2\/posts"}],"about":[{"href":"https:\/\/revistakuvendi.org\/index.php?rest_route=\/wp\/v2\/types\/post"}],"author":[{"embeddable":true,"href":"https:\/\/revistakuvendi.org\/index.php?rest_route=\/wp\/v2\/users\/1"}],"replies":[{"embeddable":true,"href":"https:\/\/revistakuvendi.org\/index.php?rest_route=%2Fwp%2Fv2%2Fcomments&post=4328"}],"version-history":[{"count":1,"href":"https:\/\/revistakuvendi.org\/index.php?rest_route=\/wp\/v2\/posts\/4328\/revisions"}],"predecessor-version":[{"id":4329,"href":"https:\/\/revistakuvendi.org\/index.php?rest_route=\/wp\/v2\/posts\/4328\/revisions\/4329"}],"wp:attachment":[{"href":"https:\/\/revistakuvendi.org\/index.php?rest_route=%2Fwp%2Fv2%2Fmedia&parent=4328"}],"wp:term":[{"taxonomy":"category","embeddable":true,"href":"https:\/\/revistakuvendi.org\/index.php?rest_route=%2Fwp%2Fv2%2Fcategories&post=4328"},{"taxonomy":"post_tag","embeddable":true,"href":"https:\/\/revistakuvendi.org\/index.php?rest_route=%2Fwp%2Fv2%2Ftags&post=4328"}],"curies":[{"name":"wp","href":"https:\/\/api.w.org\/{rel}","templated":true}]}}